{"id":2066101,"date":"2026-07-28T18:47:58","date_gmt":"2026-07-28T15:47:58","guid":{"rendered":"https:\/\/analyse.optim.biz\/?p=2066101"},"modified":"2026-07-28T18:47:58","modified_gmt":"2026-07-28T15:47:58","slug":"sofer-depistat-la-volan-cu-o-alcoolemie-uriasa-stiri-suceava","status":"publish","type":"post","link":"https:\/\/analyse.optim.biz\/?p=2066101","title":{"rendered":"\u0218ofer depistat la volan cu o alcoolemie uria\u0219\u0103 &#8211; Stiri Suceava"},"content":{"rendered":"<p>[analyse_image type=&#8221;featured&#8221; src=&#8221;https:\/\/www.informatiata.ro\/wp-content\/uploads\/2026\/07\/adus-audiei-1024&#215;721.jpg&#8221;]<\/p>\n<div class=\"td-post-content tagdiv-type\">\n<div class=\"td-post-featured-image\"><a href=\"https:\/\/www.informatiata.ro\/wp-content\/uploads\/2026\/07\/adus-audiei-scaled.jpg\" data-caption><img loading=\"lazy\" decoding=\"async\" width=\"696\" height=\"490\" class=\"entry-thumb td-modal-image\" src=\"https:\/\/www.informatiata.ro\/wp-content\/uploads\/2026\/07\/adus-audiei-696x490.jpg\" alt title=\"adus audiei\"><img loading=\"lazy\" decoding=\"async\" width=\"696\" height=\"490\" class=\"entry-thumb td-modal-image\" src=\"https:\/\/www.informatiata.ro\/wp-content\/uploads\/2026\/07\/adus-audiei-696x490.jpg\" alt title=\"adus audiei\"><\/a><\/div>\n<p>\u0218ofer depistat la volan cu o alcoolemie uria\u0219\u0103, la Vicovu de Sus.<\/p>\n<p>Un b\u0103rbat \u00een v\u00e2rst\u0103 de 32 de ani a fost re\u021binut pentru 24 de ore, la data de 27 iulie, fiind cercetat pentru infrac\u021biunea de conducerea unui vehicul sub influen\u021ba alcoolului.<\/p>\n<div class=\"td-a-rec td-a-rec-id-content_inlineright  tdi_7 td_block_template_1\"><img loading=\"lazy\" decoding=\"async\" class=\"aligncenter size-full wp-image-65686\" src=\"https:\/\/www.informatiata.ro\/wp-content\/uploads\/2026\/07\/SAVCOM-20.gif\" alt width=\"299\" height=\"250\"><img loading=\"lazy\" decoding=\"async\" class=\"aligncenter size-full wp-image-65686\" src=\"https:\/\/www.informatiata.ro\/wp-content\/uploads\/2026\/07\/SAVCOM-20.gif\" alt width=\"299\" height=\"250\"><img loading=\"lazy\" decoding=\"async\" class=\"aligncenter size-full wp-image-65687\" src=\"https:\/\/www.informatiata.ro\/wp-content\/uploads\/2026\/07\/FACOS-17.gif\" alt width=\"300\" height=\"250\"><img loading=\"lazy\" decoding=\"async\" class=\"aligncenter size-full wp-image-65687\" src=\"https:\/\/www.informatiata.ro\/wp-content\/uploads\/2026\/07\/FACOS-17.gif\" alt width=\"300\" height=\"250\"><\/div>\n<p>Potrivit anchetatorilor, fapta a avut loc \u00een 20 iulie, \u00een jurul orei 17.30, pe strada Calea Cern\u0103u\u021bi din Vicovu de Sus.<\/p>\n<p>B\u0103rbatul conducea o autoutilitar\u0103, \u00eenmatriculat\u0103 \u00een Germania, c\u00e2nd a fost oprit pentru control de un echipaj de poli\u021bie care desf\u0103\u0219ura activit\u0103\u021bi de supraveghere a traficului rutier.<\/p>\n<p>Poli\u021bi\u0219tii au observat c\u0103 \u0219oferul mirosea a alcool \u0219i l-au testat cu aparatul etilotest, rezultatul indic\u00e2nd 1,20 mg\/l alcool pur \u00een aerul expirat. Acesta a fost transportat ulterior la spital pentru recoltarea probelor biologice.<\/p>\n<p>Conform buletinului de analiz\u0103 toxicologic\u0103, alcoolemia a fost de 2,28 g\/l alcool pur \u00een s\u00e2nge la prima prob\u0103 \u0219i 2,01 g\/l alcool pur \u00een s\u00e2nge la cea de-a doua determinare.<\/p>\n<p>\u0218oferul le-a declarat poli\u021bi\u0219tilor c\u0103 a consumat aproximativ 500 ml de coniac \u00een noaptea precedent\u0103.<\/p>\n<p>\u00cen urma administr\u0103rii probatoriului, poli\u021bi\u0219tii au dispus re\u021binerea acestuia pentru 24 de ore.<\/p>\n<div class=\"td-a-rec td-a-rec-id-content_bottom  td-rec-hide-on-m tdi_8 td_block_template_1\"><img loading=\"lazy\" decoding=\"async\" class=\"aligncenter size-full wp-image-65603\" src=\"https:\/\/www.informatiata.ro\/wp-content\/uploads\/2026\/07\/SAVCOM-19.gif\" alt width=\"299\" height=\"250\"><img loading=\"lazy\" decoding=\"async\" class=\"aligncenter size-full wp-image-65603\" src=\"https:\/\/www.informatiata.ro\/wp-content\/uploads\/2026\/07\/SAVCOM-19.gif\" alt width=\"299\" height=\"250\"><img loading=\"lazy\" decoding=\"async\" class=\"aligncenter size-full wp-image-65604\" src=\"https:\/\/www.informatiata.ro\/wp-content\/uploads\/2026\/07\/FACOS-16.gif\" alt width=\"300\" height=\"250\"><img loading=\"lazy\" decoding=\"async\" class=\"aligncenter size-full wp-image-65604\" src=\"https:\/\/www.informatiata.ro\/wp-content\/uploads\/2026\/07\/FACOS-16.gif\" alt width=\"300\" height=\"250\"><\/div>\n<\/div>\n<p>[analyse_source url=&#8221;https:\/\/www.informatiata.ro\/sofer-depistat-la-volan-cu-alcoolemie-urioasa\/&#8221;]<\/p>\n","protected":false},"excerpt":{"rendered":"<p>[analyse_image type=&#8221;featured&#8221; src=&#8221;https:\/\/www.informatiata.ro\/wp-content\/uploads\/2026\/07\/adus-audiei-1024&#215;721.jpg&#8221;] \u0218ofer depistat la volan cu o alcoolemie uria\u0219\u0103, la Vicovu de Sus. Un b\u0103rbat \u00een v\u00e2rst\u0103 de 32 de ani a fost re\u021binut pentru 24 de ore, la data de 27 iulie, fiind cercetat pentru infrac\u021biunea de conducerea unui vehicul sub influen\u021ba alcoolului. Potrivit anchetatorilor, fapta a avut loc \u00een 20 iulie, [&hellip;]<\/p>\n","protected":false},"author":1,"featured_media":0,"comment_status":"open","ping_status":"","sticky":false,"template":"","format":"standard","meta":{"footnotes":""},"categories":[89],"tags":[226,167],"class_list":["post-2066101","post","type-post","status-publish","format-standard","hentry","category-romania","tag-crawlmanager","tag-informatiata-ro"],"_links":{"self":[{"href":"https:\/\/analyse.optim.biz\/index.php?rest_route=\/wp\/v2\/posts\/2066101","targetHints":{"allow":["GET"]}}],"collection":[{"href":"https:\/\/analyse.optim.biz\/index.php?rest_route=\/wp\/v2\/posts"}],"about":[{"href":"https:\/\/analyse.optim.biz\/index.php?rest_route=\/wp\/v2\/types\/post"}],"author":[{"embeddable":true,"href":"https:\/\/analyse.optim.biz\/index.php?rest_route=\/wp\/v2\/users\/1"}],"replies":[{"embeddable":true,"href":"https:\/\/analyse.optim.biz\/index.php?rest_route=%2Fwp%2Fv2%2Fcomments&post=2066101"}],"version-history":[{"count":0,"href":"https:\/\/analyse.optim.biz\/index.php?rest_route=\/wp\/v2\/posts\/2066101\/revisions"}],"wp:attachment":[{"href":"https:\/\/analyse.optim.biz\/index.php?rest_route=%2Fwp%2Fv2%2Fmedia&parent=2066101"}],"wp:term":[{"taxonomy":"category","embeddable":true,"href":"https:\/\/analyse.optim.biz\/index.php?rest_route=%2Fwp%2Fv2%2Fcategories&post=2066101"},{"taxonomy":"post_tag","embeddable":true,"href":"https:\/\/analyse.optim.biz\/index.php?rest_route=%2Fwp%2Fv2%2Ftags&post=2066101"}],"curies":[{"name":"wp","href":"https:\/\/api.w.org\/{rel}","templated":true}]}}