{"id":2065849,"date":"2026-07-28T14:39:06","date_gmt":"2026-07-28T11:39:06","guid":{"rendered":"https:\/\/analyse.optim.biz\/?p=2065849"},"modified":"2026-07-28T14:39:06","modified_gmt":"2026-07-28T11:39:06","slug":"ministra-diana-buzoianu-a-fost-depus-in-parlament-un-proiect-de-lege-cu-strategia-privind-conservarea-biodiversitatii","status":"publish","type":"post","link":"https:\/\/analyse.optim.biz\/?p=2065849","title":{"rendered":"Ministra Diana Buzoianu: A fost depus \u00een Parlament un proiect de lege cu strategia privind conservarea biodiversit\u0103\u021bii"},"content":{"rendered":"<p>[analyse_image type=&#8221;featured&#8221; src=&#8221;https:\/\/infotulcea.ro\/wp-content\/uploads\/2026\/07\/Diana-Buzoianu-2026-07-28-at-16.24.46.jpeghttps:\/\/infotulcea.ro\/wp-content\/uploads\/2026\/07\/Diana-Buzoianu-2026-07-28-at-16.24.46.jpeg&#8221;]<\/p>\n<div id=\"content\" class=\"site-content container\">\n<div id=\"main-content-row\" class=\"tie-row main-content-row\">\n<div class=\"main-content tie-col-md-8 tie-col-xs-12\" role=\"main\">\n<article id=\"the-post\" class=\"container-wrapper post-content tie-standard\">\n<header class=\"entry-header-outer\">\n<nav id=\"breadcrumb\"><a href=\"https:\/\/infotulcea.ro\/\"> Home<\/a><em class=\"delimiter\">\/<\/em><a href=\"https:\/\/infotulcea.ro\/categorie\/stirea-zilei\/\">\u015etirea zilei<\/a><em class=\"delimiter\">\/<\/em><span class=\"current\">Ministra Diana Buzoianu: A fost depus \u00een Parlament un proiect de lege cu strategia privind conservarea biodiversit\u0103\u021bii<\/span><\/nav>\n<div class=\"entry-header\"><span class=\"post-cat-wrap\"><a class=\"post-cat tie-cat-29\" href=\"https:\/\/infotulcea.ro\/categorie\/stirea-zilei\/\">\u015etirea zilei<\/a><a class=\"post-cat tie-cat-248\" href=\"https:\/\/infotulcea.ro\/categorie\/politica\/usr\/\">USR<\/a><\/span><\/p>\n<h1 class=\"post-title entry-title\">\n\t\t\tMinistra Diana Buzoianu: A fost depus \u00een Parlament un proiect de lege cu strategia privind conservarea biodiversit\u0103\u021bii\t\t<\/h1>\n<h2 class=\"entry-sub-title\">Ministra Diana Buzoianu: A fost depus \u00een Parlament un proiect de lege cu strategia privind conservarea biodiversit\u0103\u021bii, ca s\u0103 nu poat\u0103 nimeni bloca un jalon asumat de patru guverne consecutive prin procese fabricate<\/h2>\n<div class=\"single-post-meta post-meta clearfix\"><span class=\"author-meta single-author no-avatars\"><span class=\"meta-item meta-author-wrapper meta-author-9\"><span class=\"meta-author\"><a href=\"https:\/\/infotulcea.ro\/author\/redactia-2\/\" class=\"author-name tie-icon\" title=\"Redactia\">Redactia<\/a><\/span><\/span><\/span><span class=\"date meta-item tie-icon\">28 iulie 2026<\/span><\/p>\n<div class=\"tie-alignright\"><span class=\"meta-comment tie-icon meta-item fa-before\">0<\/span><span class=\"meta-views meta-item \"> 226 <\/span><span class=\"meta-reading-time meta-item\"> 1 minute read<\/span><\/div>\n<\/div>\n<\/div>\n<\/header>\n<div class=\"entry-content entry clearfix\">\n<p><strong>Diana Buzoianu:<\/strong> Formalit\u0103\u021bile nu pot pierde 1 miliard de euro pentru Rom\u00e2nia.Dorin\u021ba PSD de a ataca orice jalon din PNRR nu poate pierde un miliard de euro pentru Rom\u00e2nia.Am zis de la bun \u00eenceput, inclusiv oficial \u00een \u0219edin\u021bele de Guvern, c\u0103 \u00eemi e indiferent dac\u0103 strategia privind biodiversitatea e adoptat\u0103 prin Hot\u0103r\u00e2re de Guvern sau prin lege.Am cerut o analiz\u0103 de la juri\u0219ti. Opinia juridic\u0103 primit\u0103 a fost c\u0103 strategia nu e politic\u0103 public\u0103 nou\u0103, ci doar opera\u021bionealizeaz\u0103 obiective deja asumate prin zeci de tratate \u0219i legi deja aflate \u00een vigoare de ani de zile. Inclusiv cele 11 obiective principale asumate prin strategie sunt obiective existente pentru Rom\u00e2nia de ani de zile. Dar pentru PSD totul e un comunicat de pres\u0103. Totul e un scandal. Totul e o lupt\u0103 pentru distrugere, o lupt\u0103 din care \u021bara noastr\u0103 poate pierde 1 miliard de euro.Pe fond, juri\u0219tii ne spun clar c\u0103 nu e vorba de o politic\u0103 public\u0103 nou\u0103 \u0219i strategia se poate adopta de un Guvern interimar. Dac\u0103 PSD va cere, \u00eens\u0103, din dorin\u021ba doar de distrugere, suspendarea hot\u0103r\u00e2rii la Curtea de Apel Bucure\u0219ti, chiar dac\u0103 Guvernul ar c\u00e2\u0219tiga, 3 ani mai t\u00e2rziu, definitiv pe fond, banii din PNRR ar putea fi pierdu\u021bi din cauza unor procese distructive pornite de PSD. Adic\u0103, mai pe scurt, cu dreptatea \u00een bra\u021be, Rom\u00e2nia risc\u0103 s\u0103 piard\u0103 un miliard de euro.A\u0219a c\u0103 azi este depus un proiect de lege cu strategia privind conservarea biodiversit\u0103\u021bii \u00een Parlament, ca s\u0103 nu poat\u0103 nimeni bloca un jalon asumat de 4 guverne consecutive prin procese fabricate.Dar sper c\u0103 e clar pentru to\u021bi: cei care urlau c\u0103 USR blocheaz\u0103 proiecte de infrastructur\u0103, c\u0103 nu vrem binele \u021b\u0103rii, tocmai se preg\u0103teau s\u0103 blocheze un miliard de euro pentru \u021bara asta, doar pentru a scoate c\u00e2teva comunicate de pres\u0103. Arat\u0103 asta a sabotaj na\u021bional?<source sizes=\"(max-width: 500px) 100vw, 500px\" type=\"image\/webp\" data-srcset=\"https:\/\/infotulcea.ro\/wp-content\/uploads\/2026\/07\/Diana-Buzoianu-2026-07-28-at-16.24.46-500x341.jpeg.webp 500w, https:\/\/infotulcea.ro\/wp-content\/uploads\/2026\/07\/Diana-Buzoianu-2026-07-28-at-16.24.46-768x524.jpeg.webp 768w, https:\/\/infotulcea.ro\/wp-content\/uploads\/2026\/07\/Diana-Buzoianu-2026-07-28-at-16.24.46-220x150.jpeg.webp 220w, https:\/\/infotulcea.ro\/wp-content\/uploads\/2026\/07\/Diana-Buzoianu-2026-07-28-at-16.24.46.jpeg.webp 791w\" \/><\/p>\n<p><img loading=\"lazy\" decoding=\"async\" class=\"alignnone size-medium wp-image-40257\" src=\"https:\/\/infotulcea.ro\/wp-content\/uploads\/2026\/07\/Diana-Buzoianu-2026-07-28-at-16.24.46-500x341.jpeg\" alt width=\"500\" height=\"341\"><\/div>\n<div id=\"post-extra-info\">\n<div class=\"theiaStickySidebar\">\n<div class=\"single-post-meta post-meta clearfix\"><span class=\"author-meta single-author no-avatars\"><span class=\"meta-item meta-author-wrapper meta-author-9\"><span class=\"meta-author\"><a href=\"https:\/\/infotulcea.ro\/author\/redactia-2\/\" class=\"author-name tie-icon\" title=\"Redactia\">Redactia<\/a><\/span><\/span><\/span><span class=\"date meta-item tie-icon\">28 iulie 2026<\/span><\/p>\n<div class=\"tie-alignright\"><span class=\"meta-comment tie-icon meta-item fa-before\">0<\/span><span class=\"meta-views meta-item \"> 226 <\/span><span class=\"meta-reading-time meta-item\"> 1 minute read<\/span><\/div>\n<\/div>\n<\/div>\n<\/div>\n<div id=\"share-buttons-bottom\" class=\"share-buttons share-buttons-bottom\">\n<div class=\"share-links  icons-only\">\n<div class=\"share-title\"><span> Share<\/span><\/div>\n<p><a href=\"https:\/\/www.facebook.com\/sharer.php?u=https:\/\/infotulcea.ro\/ministra-diana-buzoianu-a-fost-depus-in-parlament-un-proiect-de-lege-cu-strategia-privind-conservarea-biodiversitatii\/\" rel=\"external noopener nofollow\" title=\"Facebook\" target=\"_blank\" class=\"facebook-share-btn \" data-raw=\"https:\/\/www.facebook.com\/sharer.php?u={post_link}\"><span class=\"screen-reader-text\">Facebook<\/span><\/a><a href=\"https:\/\/twitter.com\/intent\/tweet?text=Ministra%20Diana%20Buzoianu%3A%20A%20fost%20depus%20%C3%AEn%20Parlament%20un%20proiect%20de%20lege%20cu%20strategia%20privind%20conservarea%20biodiversit%C4%83%C8%9Bii&amp;url=https:\/\/infotulcea.ro\/ministra-diana-buzoianu-a-fost-depus-in-parlament-un-proiect-de-lege-cu-strategia-privind-conservarea-biodiversitatii\/\" rel=\"external noopener nofollow\" title=\"X\" target=\"_blank\" class=\"twitter-share-btn \" data-raw=\"https:\/\/twitter.com\/intent\/tweet?text={post_title}&amp;url={post_link}\"><span class=\"screen-reader-text\">X<\/span><\/a><a href=\"https:\/\/api.whatsapp.com\/send?text=Ministra%20Diana%20Buzoianu%3A%20A%20fost%20depus%20%C3%AEn%20Parlament%20un%20proiect%20de%20lege%20cu%20strategia%20privind%20conservarea%20biodiversit%C4%83%C8%9Bii%20https:\/\/infotulcea.ro\/ministra-diana-buzoianu-a-fost-depus-in-parlament-un-proiect-de-lege-cu-strategia-privind-conservarea-biodiversitatii\/\" rel=\"external noopener nofollow\" title=\"WhatsApp\" target=\"_blank\" class=\"whatsapp-share-btn \" data-raw=\"https:\/\/api.whatsapp.com\/send?text={post_title}%20{post_link}\"><span class=\"screen-reader-text\">WhatsApp<\/span><\/a><a href=\"https:\/\/telegram.me\/share\/url?url=https:\/\/infotulcea.ro\/ministra-diana-buzoianu-a-fost-depus-in-parlament-un-proiect-de-lege-cu-strategia-privind-conservarea-biodiversitatii\/&amp;text=Ministra%20Diana%20Buzoianu%3A%20A%20fost%20depus%20%C3%AEn%20Parlament%20un%20proiect%20de%20lege%20cu%20strategia%20privind%20conservarea%20biodiversit%C4%83%C8%9Bii\" rel=\"external noopener nofollow\" title=\"Telegram\" target=\"_blank\" class=\"telegram-share-btn \" data-raw=\"https:\/\/telegram.me\/share\/url?url={post_link}&amp;text={post_title}\"><span class=\"screen-reader-text\">Telegram<\/span><\/a><a href=\"mailto:?subject=Ministra%20Diana%20Buzoianu%3A%20A%20fost%20depus%20%C3%AEn%20Parlament%20un%20proiect%20de%20lege%20cu%20strategia%20privind%20conservarea%20biodiversit%C4%83%C8%9Bii&amp;body=https:\/\/infotulcea.ro\/ministra-diana-buzoianu-a-fost-depus-in-parlament-un-proiect-de-lege-cu-strategia-privind-conservarea-biodiversitatii\/\" rel=\"external noopener nofollow\" title=\"Share via Email\" target=\"_blank\" class=\"email-share-btn \" data-raw=\"mailto:?subject={post_title}&amp;body={post_link}\"><span class=\"screen-reader-text\">Share via Email<\/span><\/a><a href=\"https:\/\/infotulcea.ro\/ministra-diana-buzoianu-a-fost-depus-in-parlament-un-proiect-de-lege-cu-strategia-privind-conservarea-biodiversitatii\/\" rel=\"external noopener nofollow\" title=\"Print\" target=\"_blank\" class=\"print-share-btn \" data-raw=\"#\"><span class=\"screen-reader-text\">Print<\/span><\/a><\/div>\n<\/div>\n<\/article>\n<div class=\"post-components\">\n<div id=\"related-posts\" class=\"container-wrapper has-extra-post\">\n<div class=\"mag-box-title the-global-title\">\n<h3>Related Articles<\/h3>\n<\/div>\n<div class=\"related-posts-list\">\n<div class=\"related-item tie-standard\"><a aria-label=\"Puncte de colectare GRATUIT\u0102 a de\u015feurilor de tip moloz \u015fi mobilier\" href=\"https:\/\/infotulcea.ro\/puncte-de-colectare-gratuita-a-deseurilor-de-tip-moloz-si-mobilier\/\" class=\"post-thumb\"><img loading=\"lazy\" decoding=\"async\" width=\"390\" height=\"220\" src=\"https:\/\/infotulcea.ro\/wp-content\/uploads\/2021\/08\/moloz1-390x220.jpg\" class=\"attachment-jannah-image-large size-jannah-image-large wp-post-image lazyload\" alt><img loading=\"lazy\" decoding=\"async\" width=\"390\" height=\"220\" src=\"https:\/\/infotulcea.ro\/wp-content\/uploads\/2021\/08\/moloz1-390x220.jpg\" class=\"attachment-jannah-image-large size-jannah-image-large wp-post-image\" alt><\/a><\/p>\n<h3 class=\"post-title\"><a href=\"https:\/\/infotulcea.ro\/puncte-de-colectare-gratuita-a-deseurilor-de-tip-moloz-si-mobilier\/\">Puncte de colectare GRATUIT\u0102 a de\u015feurilor de tip moloz \u015fi mobilier<\/a><\/h3>\n<div class=\"post-meta clearfix\"><span class=\"date meta-item tie-icon\">25 august 2021<\/span><\/div>\n<\/div>\n<div class=\"related-item tie-standard\"><a aria-label=\"Protestul agen\u021bilor de poli\u021bie \u00een fa\u021ba Prefecturii!\" href=\"https:\/\/infotulcea.ro\/protestul-agentilor-de-politie-in-fata-prefecturii\/\" class=\"post-thumb\"><img loading=\"lazy\" decoding=\"async\" width=\"390\" height=\"220\" src=\"https:\/\/infotulcea.ro\/wp-content\/uploads\/2021\/01\/IMG_20210129_094242-390x220.jpg\" class=\"attachment-jannah-image-large size-jannah-image-large wp-post-image lazyload\" alt><img loading=\"lazy\" decoding=\"async\" width=\"390\" height=\"220\" src=\"https:\/\/infotulcea.ro\/wp-content\/uploads\/2021\/01\/IMG_20210129_094242-390x220.jpg\" class=\"attachment-jannah-image-large size-jannah-image-large wp-post-image\" alt><\/a><\/p>\n<h3 class=\"post-title\"><a href=\"https:\/\/infotulcea.ro\/protestul-agentilor-de-politie-in-fata-prefecturii\/\">Protestul agen\u021bilor de poli\u021bie \u00een fa\u021ba Prefecturii!<\/a><\/h3>\n<div class=\"post-meta clearfix\"><span class=\"date meta-item tie-icon\">29 ianuarie 2021<\/span><\/div>\n<\/div>\n<div class=\"related-item tie-standard\"><a aria-label=\"Oficial, mai bine de 12 ore conducta de gaz Isaccea 1 \u2013 Orlovka a fost \u00eenchis\u0103\" href=\"https:\/\/infotulcea.ro\/oficial-mai-bine-de-12-ore-conducta-de-gaz-isaccea-1-orlovka-a-fost-inchisa\/\" class=\"post-thumb\"><source type=\"image\/webp\" data-srcset=\"https:\/\/infotulcea.ro\/wp-content\/uploads\/2025\/08\/isaccea-390x220.jpg.webp\" \/><img loading=\"lazy\" decoding=\"async\" width=\"390\" height=\"220\" src=\"https:\/\/infotulcea.ro\/wp-content\/uploads\/2025\/08\/isaccea-390x220.jpg\" class=\"attachment-jannah-image-large size-jannah-image-large wp-post-image\" alt><\/a><\/p>\n<h3 class=\"post-title\"><a href=\"https:\/\/infotulcea.ro\/oficial-mai-bine-de-12-ore-conducta-de-gaz-isaccea-1-orlovka-a-fost-inchisa\/\">Oficial, mai bine de 12 ore conducta de gaz Isaccea 1 \u2013 Orlovka a fost \u00eenchis\u0103<\/a><\/h3>\n<div class=\"post-meta clearfix\"><span class=\"date meta-item tie-icon\">8 august 2025<\/span><\/div>\n<\/div>\n<div class=\"related-item tie-standard\"><a aria-label=\"Surpriz\u0103 nepl\u0103cut\u0103 pentru tulcenii care folosesc autobuzele STP!\" href=\"https:\/\/infotulcea.ro\/surpriza-neplacuta-pentru-tulcenii-care-folosesc-autobuzele-stp\/\" class=\"post-thumb\"><source type=\"image\/webp\" data-srcset=\"https:\/\/infotulcea.ro\/wp-content\/uploads\/2024\/09\/stp-bilet-390x220.jpg.webp\" \/><img loading=\"lazy\" decoding=\"async\" width=\"390\" height=\"220\" src=\"https:\/\/infotulcea.ro\/wp-content\/uploads\/2024\/09\/stp-bilet-390x220.jpg\" class=\"attachment-jannah-image-large size-jannah-image-large wp-post-image\" alt><\/a><\/p>\n<h3 class=\"post-title\"><a href=\"https:\/\/infotulcea.ro\/surpriza-neplacuta-pentru-tulcenii-care-folosesc-autobuzele-stp\/\">Surpriz\u0103 nepl\u0103cut\u0103 pentru tulcenii care folosesc autobuzele STP!<\/a><\/h3>\n<div class=\"post-meta clearfix\"><span class=\"date meta-item tie-icon\">26 septembrie 2024<\/span><\/div>\n<\/div>\n<\/div>\n<\/div>\n<div id=\"comments\" class=\"comments-area\">\n<div id=\"add-comment-block\" class=\"container-wrapper\">\n<div id=\"respond\" class=\"comment-respond\">\n<h3 id=\"reply-title\" class=\"comment-reply-title the-global-title\">Las\u0103 un r\u0103spuns <small><a rel=\"nofollow\" id=\"cancel-comment-reply-link\" href=\"https:\/\/infotulcea.ro\/ministra-diana-buzoianu-a-fost-depus-in-parlament-un-proiect-de-lege-cu-strategia-privind-conservarea-biodiversitatii\/#respond\">Anuleaz\u0103 r\u0103spunsul<\/a><\/small><\/h3>\n<p class=\"comment-notes\"><span id=\"email-notes\">Adresa ta de email nu va fi publicat\u0103.<\/span><span class=\"required-field-message\">C\u00e2mpurile obligatorii sunt marcate cu <span class=\"required\">*<\/span><\/span><\/p>\n<\/div>\n<\/div>\n<\/div>\n<\/div>\n<\/div>\n<div id=\"check-also-box\" class=\"container-wrapper check-also-right\">\n<div class=\"widget-title the-global-title\">\n<div class=\"the-subtitle\">Check Also<\/div>\n<p><a href=\"https:\/\/infotulcea.ro\/ministra-diana-buzoianu-a-fost-depus-in-parlament-un-proiect-de-lege-cu-strategia-privind-conservarea-biodiversitatii\/\" id=\"check-also-close\" class=\"remove\"><span class=\"screen-reader-text\">Close<\/span><\/a><\/div>\n<div class=\"widget posts-list-big-first has-first-big-post\">\n<ul class=\"posts-list-items\">\n<li class=\"widget-single-post-item widget-post-list tie-standard\">\n<div class=\"post-widget-thumbnail\"><a aria-label=\"Subprefectul Carmen Caloianu conduce, de m\u00e2ine, Prefectura!\" href=\"https:\/\/infotulcea.ro\/subprefectul-carmen-caloianu-conduce-de-maine-prefectura\/\" class=\"post-thumb\"><span class=\"post-cat-wrap\"><span class=\"post-cat tie-cat-29\">\u015etirea zilei<\/span><\/span><img loading=\"lazy\" decoding=\"async\" width=\"390\" height=\"220\" src=\"https:\/\/infotulcea.ro\/wp-content\/uploads\/2021\/03\/carmen-caloianu-390x220.jpg\" class=\"attachment-jannah-image-large size-jannah-image-large wp-post-image lazyload\" alt><img loading=\"lazy\" decoding=\"async\" width=\"390\" height=\"220\" src=\"https:\/\/infotulcea.ro\/wp-content\/uploads\/2021\/03\/carmen-caloianu-390x220.jpg\" class=\"attachment-jannah-image-large size-jannah-image-large wp-post-image\" alt><\/a><\/div>\n<div class=\"post-widget-body \"><a class=\"post-title the-subtitle\" href=\"https:\/\/infotulcea.ro\/subprefectul-carmen-caloianu-conduce-de-maine-prefectura\/\">Subprefectul Carmen Caloianu conduce, de m\u00e2ine, Prefectura!<\/a><\/p>\n<div class=\"post-meta\"><span class=\"date meta-item tie-icon\">3 martie 2021<\/span><\/div>\n<\/div>\n<\/li>\n<\/ul>\n<\/div>\n<\/div>\n<aside class=\"sidebar tie-col-md-4 tie-col-xs-12 normal-side is-sticky\" aria-label=\"Primary Sidebar\">\n<div class=\"theiaStickySidebar\">\n<div id=\"media_image-19\" class=\"container-wrapper widget widget_media_image\"><a href=\"https:\/\/infotulcea.ro\/delta-dunarii-mai-accesibila-navrom-delta-creste-numarul-curselor-regulate-de-la-1-mai-2025\/\"><source sizes=\"(max-width: 500px) 100vw, 500px\" type=\"image\/webp\" data-srcset=\"https:\/\/infotulcea.ro\/wp-content\/uploads\/2025\/04\/navrom-delta-500x271.jpg.webp 500w, https:\/\/infotulcea.ro\/wp-content\/uploads\/2025\/04\/navrom-delta-1024x555.jpg.webp 1024w, https:\/\/infotulcea.ro\/wp-content\/uploads\/2025\/04\/navrom-delta-768x416.jpg.webp 768w, https:\/\/infotulcea.ro\/wp-content\/uploads\/2025\/04\/navrom-delta.jpg.webp 1080w\" \/><img loading=\"lazy\" decoding=\"async\" width=\"500\" height=\"271\" src=\"https:\/\/infotulcea.ro\/wp-content\/uploads\/2025\/04\/navrom-delta-500x271.jpg\" class=\"image wp-image-34487  attachment-medium size-medium\" alt><\/a><\/div>\n<div id=\"media_image-17\" class=\"container-wrapper widget widget_media_image\"><a href=\"https:\/\/www.facebook.com\/share\/p\/1DGAD1tLWN\/?mibextid=wwXIfr\" target=\"_blank\"><source sizes=\"(max-width: 500px) 100vw, 500px\" type=\"image\/webp\" data-srcset=\"https:\/\/infotulcea.ro\/wp-content\/uploads\/2026\/01\/IMG_1563-500x500.jpeg.webp 500w, https:\/\/infotulcea.ro\/wp-content\/uploads\/2026\/01\/IMG_1563-1024x1024.jpeg.webp 1024w, https:\/\/infotulcea.ro\/wp-content\/uploads\/2026\/01\/IMG_1563-250x250.jpeg.webp 250w, https:\/\/infotulcea.ro\/wp-content\/uploads\/2026\/01\/IMG_1563-768x768.jpeg.webp 768w, https:\/\/infotulcea.ro\/wp-content\/uploads\/2026\/01\/IMG_1563.jpeg.webp 1080w\" \/><img loading=\"lazy\" decoding=\"async\" width=\"500\" height=\"500\" src=\"https:\/\/infotulcea.ro\/wp-content\/uploads\/2026\/01\/IMG_1563-500x500.jpeg\" class=\"image wp-image-37932  attachment-medium size-medium\" alt title=\"Centrale pe lemne\"><\/a><\/div>\n<div id=\"media_image-18\" class=\"container-wrapper widget widget_media_image\"><a href=\"https:\/\/www.licitatia.ro\/site\/index-guest\"><img loading=\"lazy\" decoding=\"async\" width=\"500\" height=\"262\" src=\"https:\/\/infotulcea.ro\/wp-content\/uploads\/2025\/09\/licitatia-500x262.png\" class=\"image wp-image-36670  attachment-medium size-medium lazyload\" alt><img loading=\"lazy\" decoding=\"async\" width=\"500\" height=\"262\" src=\"https:\/\/infotulcea.ro\/wp-content\/uploads\/2025\/09\/licitatia-500x262.png\" class=\"image wp-image-36670  attachment-medium size-medium\" alt><\/a><\/div>\n<div id=\"media_image-27\" class=\"container-wrapper widget widget_media_image\"><a href=\"https:\/\/www.centrale-lemne-liepsnele.ro\/\"><img loading=\"lazy\" decoding=\"async\" width=\"500\" height=\"500\" src=\"https:\/\/infotulcea.ro\/wp-content\/uploads\/2025\/09\/Centrale-pe-Lemne-Liepsnele-500x500.png\" class=\"image wp-image-36541  attachment-medium size-medium lazyload\" alt=\"Centrala pe lemne\"><img loading=\"lazy\" decoding=\"async\" width=\"500\" height=\"500\" src=\"https:\/\/infotulcea.ro\/wp-content\/uploads\/2025\/09\/Centrale-pe-Lemne-Liepsnele-500x500.png\" class=\"image wp-image-36541  attachment-medium size-medium\" alt=\"Centrala pe lemne\"><\/a><\/div>\n<div id=\"media_image-28\" class=\"container-wrapper widget widget_media_image\"><a href=\"https:\/\/infotulcea.ro\/angajeaza-te-ro-platforma-ta-online-de-angajari-si-forta-de-munca\/\"><source sizes=\"(max-width: 500px) 100vw, 500px\" type=\"image\/webp\" data-srcset=\"https:\/\/infotulcea.ro\/wp-content\/uploads\/2025\/04\/banner-angajazate-1-500x305.jpg.webp 500w, https:\/\/infotulcea.ro\/wp-content\/uploads\/2025\/04\/banner-angajazate-1-1024x625.jpg.webp 1024w, https:\/\/infotulcea.ro\/wp-content\/uploads\/2025\/04\/banner-angajazate-1-768x469.jpg.webp 768w, https:\/\/infotulcea.ro\/wp-content\/uploads\/2025\/04\/banner-angajazate-1.jpg.webp 1080w\" \/><img loading=\"lazy\" decoding=\"async\" width=\"500\" height=\"305\" src=\"https:\/\/infotulcea.ro\/wp-content\/uploads\/2025\/04\/banner-angajazate-1-500x305.jpg\" class=\"image wp-image-34317  attachment-medium size-medium\" alt><\/a><\/div>\n<\/div>\n<\/aside>\n<\/div>\n<\/div>\n<div class=\"entry-content entry clearfix\">\n<p><strong>Diana Buzoianu:<\/strong> Formalit\u0103\u021bile nu pot pierde 1 miliard de euro pentru Rom\u00e2nia.Dorin\u021ba PSD de a ataca orice jalon din PNRR nu poate pierde un miliard de euro pentru Rom\u00e2nia.Am zis de la bun \u00eenceput, inclusiv oficial \u00een \u0219edin\u021bele de Guvern, c\u0103 \u00eemi e indiferent dac\u0103 strategia privind biodiversitatea e adoptat\u0103 prin Hot\u0103r\u00e2re de Guvern sau prin lege.Am cerut o analiz\u0103 de la juri\u0219ti. Opinia juridic\u0103 primit\u0103 a fost c\u0103 strategia nu e politic\u0103 public\u0103 nou\u0103, ci doar opera\u021bionealizeaz\u0103 obiective deja asumate prin zeci de tratate \u0219i legi deja aflate \u00een vigoare de ani de zile. Inclusiv cele 11 obiective principale asumate prin strategie sunt obiective existente pentru Rom\u00e2nia de ani de zile. Dar pentru PSD totul e un comunicat de pres\u0103. Totul e un scandal. Totul e o lupt\u0103 pentru distrugere, o lupt\u0103 din care \u021bara noastr\u0103 poate pierde 1 miliard de euro.Pe fond, juri\u0219tii ne spun clar c\u0103 nu e vorba de o politic\u0103 public\u0103 nou\u0103 \u0219i strategia se poate adopta de un Guvern interimar. Dac\u0103 PSD va cere, \u00eens\u0103, din dorin\u021ba doar de distrugere, suspendarea hot\u0103r\u00e2rii la Curtea de Apel Bucure\u0219ti, chiar dac\u0103 Guvernul ar c\u00e2\u0219tiga, 3 ani mai t\u00e2rziu, definitiv pe fond, banii din PNRR ar putea fi pierdu\u021bi din cauza unor procese distructive pornite de PSD. Adic\u0103, mai pe scurt, cu dreptatea \u00een bra\u021be, Rom\u00e2nia risc\u0103 s\u0103 piard\u0103 un miliard de euro.A\u0219a c\u0103 azi este depus un proiect de lege cu strategia privind conservarea biodiversit\u0103\u021bii \u00een Parlament, ca s\u0103 nu poat\u0103 nimeni bloca un jalon asumat de 4 guverne consecutive prin procese fabricate.Dar sper c\u0103 e clar pentru to\u021bi: cei care urlau c\u0103 USR blocheaz\u0103 proiecte de infrastructur\u0103, c\u0103 nu vrem binele \u021b\u0103rii, tocmai se preg\u0103teau s\u0103 blocheze un miliard de euro pentru \u021bara asta, doar pentru a scoate c\u00e2teva comunicate de pres\u0103. Arat\u0103 asta a sabotaj na\u021bional?<source sizes=\"(max-width: 500px) 100vw, 500px\" type=\"image\/webp\" data-srcset=\"https:\/\/infotulcea.ro\/wp-content\/uploads\/2026\/07\/Diana-Buzoianu-2026-07-28-at-16.24.46-500x341.jpeg.webp 500w, https:\/\/infotulcea.ro\/wp-content\/uploads\/2026\/07\/Diana-Buzoianu-2026-07-28-at-16.24.46-768x524.jpeg.webp 768w, https:\/\/infotulcea.ro\/wp-content\/uploads\/2026\/07\/Diana-Buzoianu-2026-07-28-at-16.24.46-220x150.jpeg.webp 220w, https:\/\/infotulcea.ro\/wp-content\/uploads\/2026\/07\/Diana-Buzoianu-2026-07-28-at-16.24.46.jpeg.webp 791w\" \/><\/p>\n<p><img loading=\"lazy\" decoding=\"async\" class=\"alignnone size-medium wp-image-40257\" src=\"https:\/\/infotulcea.ro\/wp-content\/uploads\/2026\/07\/Diana-Buzoianu-2026-07-28-at-16.24.46-500x341.jpeg\" alt width=\"500\" height=\"341\"><\/div>\n<div class=\"articleBody\" data-key=\"articleBody\">Diana Buzoianu: Formalit\u0103\u021bile nu pot pierde 1 miliard de euro pentru Rom\u00e2nia.Dorin\u021ba PSD de a ataca orice jalon din PNRR nu poate pierde un miliard de euro pentru Rom\u00e2nia.Am zis de la bun \u00eenceput, inclusiv oficial \u00een \u0219edin\u021bele de Guvern, c\u0103 \u00eemi e indiferent dac\u0103 strategia privind biodiversitatea e adoptat\u0103 prin Hot\u0103r\u00e2re de Guvern sau prin lege.Am cerut o analiz\u0103 de la juri\u0219ti. Opinia juridic\u0103 primit\u0103 a fost c\u0103 strategia nu e politic\u0103 public\u0103 nou\u0103, ci doar opera\u021bionealizeaz\u0103 obiective deja asumate prin zeci de tratate \u0219i legi deja aflate \u00een vigoare de ani de zile. Inclusiv cele 11 obiective principale asumate prin strategie sunt obiective existente pentru Rom\u00e2nia de ani de zile. Dar pentru PSD totul e un comunicat de pres\u0103. Totul e un scandal. Totul e o lupt\u0103 pentru distrugere, o lupt\u0103 din care \u021bara noastr\u0103 poate pierde 1 miliard de euro.Pe fond, juri\u0219tii ne spun clar c\u0103 nu e vorba de o politic\u0103 public\u0103 nou\u0103 \u0219i strategia se poate adopta de un Guvern interimar. Dac\u0103 PSD va cere, \u00eens\u0103, din dorin\u021ba doar de distrugere, suspendarea hot\u0103r\u00e2rii la Curtea de Apel Bucure\u0219ti, chiar dac\u0103 Guvernul ar c\u00e2\u0219tiga, 3 ani mai t\u00e2rziu, definitiv pe fond, banii din PNRR ar putea fi pierdu\u021bi din cauza unor procese distructive pornite de PSD. Adic\u0103, mai pe scurt, cu dreptatea \u00een bra\u021be, Rom\u00e2nia risc\u0103 s\u0103 piard\u0103 un miliard de euro.A\u0219a c\u0103 azi este depus un proiect de lege cu strategia privind conservarea biodiversit\u0103\u021bii \u00een Parlament, ca s\u0103 nu poat\u0103 nimeni bloca un jalon asumat de 4 guverne consecutive prin procese fabricate.Dar sper c\u0103 e clar pentru to\u021bi: cei care urlau c\u0103 USR blocheaz\u0103 proiecte de infrastructur\u0103, c\u0103 nu vrem binele \u021b\u0103rii, tocmai se preg\u0103teau s\u0103 blocheze un miliard de euro pentru \u021bara asta, doar pentru a scoate c\u00e2teva comunicate de pres\u0103. Arat\u0103 asta a sabotaj na\u021bional?<\/div>\n<p>[analyse_source url=&#8221;https:\/\/infotulcea.ro\/ministra-diana-buzoianu-a-fost-depus-in-parlament-un-proiect-de-lege-cu-strategia-privind-conservarea-biodiversitatii\/&#8221;]<\/p>\n","protected":false},"excerpt":{"rendered":"<p>[analyse_image type=&#8221;featured&#8221; src=&#8221;https:\/\/infotulcea.ro\/wp-content\/uploads\/2026\/07\/Diana-Buzoianu-2026-07-28-at-16.24.46.jpeghttps:\/\/infotulcea.ro\/wp-content\/uploads\/2026\/07\/Diana-Buzoianu-2026-07-28-at-16.24.46.jpeg&#8221;] Home\/\u015etirea zilei\/Ministra Diana Buzoianu: A fost depus \u00een Parlament un proiect de lege cu strategia privind conservarea biodiversit\u0103\u021bii \u015etirea zileiUSR Ministra Diana Buzoianu: A fost depus \u00een Parlament un proiect de lege cu strategia privind conservarea biodiversit\u0103\u021bii Ministra Diana Buzoianu: A fost depus \u00een Parlament un proiect de lege cu strategia privind [&hellip;]<\/p>\n","protected":false},"author":1,"featured_media":0,"comment_status":"open","ping_status":"","sticky":false,"template":"","format":"standard","meta":{"footnotes":""},"categories":[89],"tags":[226,221],"class_list":["post-2065849","post","type-post","status-publish","format-standard","hentry","category-romania","tag-crawlmanager","tag-infotulcea-ro"],"_links":{"self":[{"href":"https:\/\/analyse.optim.biz\/index.php?rest_route=\/wp\/v2\/posts\/2065849","targetHints":{"allow":["GET"]}}],"collection":[{"href":"https:\/\/analyse.optim.biz\/index.php?rest_route=\/wp\/v2\/posts"}],"about":[{"href":"https:\/\/analyse.optim.biz\/index.php?rest_route=\/wp\/v2\/types\/post"}],"author":[{"embeddable":true,"href":"https:\/\/analyse.optim.biz\/index.php?rest_route=\/wp\/v2\/users\/1"}],"replies":[{"embeddable":true,"href":"https:\/\/analyse.optim.biz\/index.php?rest_route=%2Fwp%2Fv2%2Fcomments&post=2065849"}],"version-history":[{"count":0,"href":"https:\/\/analyse.optim.biz\/index.php?rest_route=\/wp\/v2\/posts\/2065849\/revisions"}],"wp:attachment":[{"href":"https:\/\/analyse.optim.biz\/index.php?rest_route=%2Fwp%2Fv2%2Fmedia&parent=2065849"}],"wp:term":[{"taxonomy":"category","embeddable":true,"href":"https:\/\/analyse.optim.biz\/index.php?rest_route=%2Fwp%2Fv2%2Fcategories&post=2065849"},{"taxonomy":"post_tag","embeddable":true,"href":"https:\/\/analyse.optim.biz\/index.php?rest_route=%2Fwp%2Fv2%2Ftags&post=2065849"}],"curies":[{"name":"wp","href":"https:\/\/api.w.org\/{rel}","templated":true}]}}