{"id":2065847,"date":"2026-07-26T14:22:14","date_gmt":"2026-07-26T11:22:14","guid":{"rendered":"https:\/\/analyse.optim.biz\/?p=2065847"},"modified":"2026-07-26T14:22:14","modified_gmt":"2026-07-26T11:22:14","slug":"misiune-de-cautare-si-salvare-pe-marea-neagra","status":"publish","type":"post","link":"https:\/\/analyse.optim.biz\/?p=2065847","title":{"rendered":"Misiune de c\u0103utare \u0219i salvare pe Marea Neagr\u0103"},"content":{"rendered":"<p>[analyse_image type=&#8221;featured&#8221; src=&#8221;https:\/\/infotulcea.ro\/wp-content\/uploads\/2026\/07\/cautare.jpeghttps:\/\/infotulcea.ro\/wp-content\/uploads\/2026\/07\/cautare.jpeg&#8221;]<\/p>\n<div id=\"content\" class=\"site-content container\">\n<div id=\"main-content-row\" class=\"tie-row main-content-row\">\n<div class=\"main-content tie-col-md-8 tie-col-xs-12\" role=\"main\">\n<article id=\"the-post\" class=\"container-wrapper post-content tie-standard\">\n<header class=\"entry-header-outer\">\n<nav id=\"breadcrumb\"><a href=\"https:\/\/infotulcea.ro\/\"> Home<\/a><em class=\"delimiter\">\/<\/em><a href=\"https:\/\/infotulcea.ro\/categorie\/stirea-zilei\/\">\u015etirea zilei<\/a><em class=\"delimiter\">\/<\/em><span class=\"current\">Misiune de c\u0103utare \u0219i salvare pe Marea Neagr\u0103<\/span><\/nav>\n<div class=\"entry-header\"><span class=\"post-cat-wrap\"><a class=\"post-cat tie-cat-29\" href=\"https:\/\/infotulcea.ro\/categorie\/stirea-zilei\/\">\u015etirea zilei<\/a><\/span><\/p>\n<h1 class=\"post-title entry-title\">\n\t\t\tMisiune de c\u0103utare \u0219i salvare pe Marea Neagr\u0103\t\t<\/h1>\n<div class=\"single-post-meta post-meta clearfix\"><span class=\"author-meta single-author no-avatars\"><span class=\"meta-item meta-author-wrapper meta-author-9\"><span class=\"meta-author\"><a href=\"https:\/\/infotulcea.ro\/author\/redactia-2\/\" class=\"author-name tie-icon\" title=\"Redactia\">Redactia<\/a><\/span><\/span><\/span><span class=\"date meta-item tie-icon\">26 iulie 2026<\/span><\/p>\n<div class=\"tie-alignright\"><span class=\"meta-comment tie-icon meta-item fa-before\">0<\/span><span class=\"meta-views meta-item \"> 317 <\/span><span class=\"meta-reading-time meta-item\"> Less than a minute<\/span><\/div>\n<\/div>\n<\/div>\n<\/header>\n<div class=\"entry-content entry clearfix\">\n<p><strong>Un elicopter Black Hawk al Inspectoratului General de Avia\u021bie al M.A.I. a decolat la ora 11:26 pentru a participa la o misiune de c\u0103utare \u0219i salvare desf\u0103\u0219urat\u0103 \u00een zona localit\u0103\u021bii Sf\u00e2ntu Gheorghe, la solicitarea Centrului Maritim de Coordonare pentru C\u0103utare \u0219i Salvare de Vie\u021bi Omene\u0219ti pe Mare (MRCC) din cadrul<source sizes=\"(max-width: 413px) 100vw, 413px\" type=\"image\/webp\" data-srcset=\"https:\/\/infotulcea.ro\/wp-content\/uploads\/2026\/07\/cautare-500x375.jpeg.webp 500w, https:\/\/infotulcea.ro\/wp-content\/uploads\/2026\/07\/cautare-1024x768.jpeg.webp 1024w, https:\/\/infotulcea.ro\/wp-content\/uploads\/2026\/07\/cautare-768x576.jpeg.webp 768w, https:\/\/infotulcea.ro\/wp-content\/uploads\/2026\/07\/cautare.jpeg.webp 1080w\" \/><\/strong><\/p>\n<p><img loading=\"lazy\" decoding=\"async\" class=\" wp-image-40228 alignright\" src=\"https:\/\/infotulcea.ro\/wp-content\/uploads\/2026\/07\/cautare-500x375.jpeg\" alt width=\"413\" height=\"310\"> Autorit\u0103\u021bii Navale Rom\u00e2ne.<\/p>\n<p>Echipajul aerian ac\u021bioneaz\u0103 \u00een cooperare cu celelalte structuri cu atribu\u021bii \u00een gestionarea situa\u021biilor de urgen\u021b\u0103 \u00een zona maritim\u0103, al\u0103turi de for\u021be care intervin cu mijloace navale, pentru c\u0103utarea a dou\u0103 persoane care au c\u0103zut de la bordul unei nave aflate \u00een apele teritoriale ale Ucrainei.<\/p>\n<p>Misiunea este \u00een dinamic\u0103, iar toate for\u021bele implicate continu\u0103 opera\u021biunile de c\u0103utare \u00een zona de responsabilitate.<\/p>\n<\/div>\n<div id=\"post-extra-info\">\n<div class=\"theiaStickySidebar\">\n<div class=\"single-post-meta post-meta clearfix\"><span class=\"author-meta single-author no-avatars\"><span class=\"meta-item meta-author-wrapper meta-author-9\"><span class=\"meta-author\"><a href=\"https:\/\/infotulcea.ro\/author\/redactia-2\/\" class=\"author-name tie-icon\" title=\"Redactia\">Redactia<\/a><\/span><\/span><\/span><span class=\"date meta-item tie-icon\">26 iulie 2026<\/span><\/p>\n<div class=\"tie-alignright\"><span class=\"meta-comment tie-icon meta-item fa-before\">0<\/span><span class=\"meta-views meta-item \"> 317 <\/span><span class=\"meta-reading-time meta-item\"> Less than a minute<\/span><\/div>\n<\/div>\n<\/div>\n<\/div>\n<div id=\"share-buttons-bottom\" class=\"share-buttons share-buttons-bottom\">\n<div class=\"share-links  icons-only\">\n<div class=\"share-title\"><span> Share<\/span><\/div>\n<p><a href=\"https:\/\/www.facebook.com\/sharer.php?u=https:\/\/infotulcea.ro\/misiune-de-cautare-si-salvare-pe-marea-neagra\/\" rel=\"external noopener nofollow\" title=\"Facebook\" target=\"_blank\" class=\"facebook-share-btn \" data-raw=\"https:\/\/www.facebook.com\/sharer.php?u={post_link}\"><span class=\"screen-reader-text\">Facebook<\/span><\/a><a href=\"https:\/\/twitter.com\/intent\/tweet?text=Misiune%20de%20c%C4%83utare%20%C8%99i%20salvare%20pe%20Marea%20Neagr%C4%83&amp;url=https:\/\/infotulcea.ro\/misiune-de-cautare-si-salvare-pe-marea-neagra\/\" rel=\"external noopener nofollow\" title=\"X\" target=\"_blank\" class=\"twitter-share-btn \" data-raw=\"https:\/\/twitter.com\/intent\/tweet?text={post_title}&amp;url={post_link}\"><span class=\"screen-reader-text\">X<\/span><\/a><a href=\"https:\/\/api.whatsapp.com\/send?text=Misiune%20de%20c%C4%83utare%20%C8%99i%20salvare%20pe%20Marea%20Neagr%C4%83%20https:\/\/infotulcea.ro\/misiune-de-cautare-si-salvare-pe-marea-neagra\/\" rel=\"external noopener nofollow\" title=\"WhatsApp\" target=\"_blank\" class=\"whatsapp-share-btn \" data-raw=\"https:\/\/api.whatsapp.com\/send?text={post_title}%20{post_link}\"><span class=\"screen-reader-text\">WhatsApp<\/span><\/a><a href=\"https:\/\/telegram.me\/share\/url?url=https:\/\/infotulcea.ro\/misiune-de-cautare-si-salvare-pe-marea-neagra\/&amp;text=Misiune%20de%20c%C4%83utare%20%C8%99i%20salvare%20pe%20Marea%20Neagr%C4%83\" rel=\"external noopener nofollow\" title=\"Telegram\" target=\"_blank\" class=\"telegram-share-btn \" data-raw=\"https:\/\/telegram.me\/share\/url?url={post_link}&amp;text={post_title}\"><span class=\"screen-reader-text\">Telegram<\/span><\/a><a href=\"mailto:?subject=Misiune%20de%20c%C4%83utare%20%C8%99i%20salvare%20pe%20Marea%20Neagr%C4%83&amp;body=https:\/\/infotulcea.ro\/misiune-de-cautare-si-salvare-pe-marea-neagra\/\" rel=\"external noopener nofollow\" title=\"Share via Email\" target=\"_blank\" class=\"email-share-btn \" data-raw=\"mailto:?subject={post_title}&amp;body={post_link}\"><span class=\"screen-reader-text\">Share via Email<\/span><\/a><a href=\"https:\/\/infotulcea.ro\/misiune-de-cautare-si-salvare-pe-marea-neagra\/\" rel=\"external noopener nofollow\" title=\"Print\" target=\"_blank\" class=\"print-share-btn \" data-raw=\"#\"><span class=\"screen-reader-text\">Print<\/span><\/a><\/div>\n<\/div>\n<\/article>\n<div class=\"post-components\">\n<div id=\"related-posts\" class=\"container-wrapper has-extra-post\">\n<div class=\"mag-box-title the-global-title\">\n<h3>Related Articles<\/h3>\n<\/div>\n<div class=\"related-posts-list\">\n<div class=\"related-item tie-standard\"><a aria-label=\"Dosare penale pentru violen\u0163\u0103 \u00een familie \u015fi amenin\u0163are!\" href=\"https:\/\/infotulcea.ro\/dosare-penale-pentru-violenta-in-familie-si-amenintare\/\" class=\"post-thumb\"><img loading=\"lazy\" decoding=\"async\" width=\"390\" height=\"220\" src=\"https:\/\/infotulcea.ro\/wp-content\/uploads\/2021\/01\/IJJ-Tulcea-390x220.jpg\" class=\"attachment-jannah-image-large size-jannah-image-large wp-post-image lazyload\" alt><img loading=\"lazy\" decoding=\"async\" width=\"390\" height=\"220\" src=\"https:\/\/infotulcea.ro\/wp-content\/uploads\/2021\/01\/IJJ-Tulcea-390x220.jpg\" class=\"attachment-jannah-image-large size-jannah-image-large wp-post-image\" alt><\/a><\/p>\n<h3 class=\"post-title\"><a href=\"https:\/\/infotulcea.ro\/dosare-penale-pentru-violenta-in-familie-si-amenintare\/\">Dosare penale pentru violen\u0163\u0103 \u00een familie \u015fi amenin\u0163are!<\/a><\/h3>\n<div class=\"post-meta clearfix\"><span class=\"date meta-item tie-icon\">25 ianuarie 2021<\/span><\/div>\n<\/div>\n<div class=\"related-item tie-standard\"><a aria-label=\"Manifest\u0103rile religioase, sportive \u0219i cultural-artistice, \u00een aten\u021bia jandarmilor tulceni\" href=\"https:\/\/infotulcea.ro\/manifestarile-religioase-sportive-si-cultural-artistice-in-atentia-jandarmilor-tulceni\/\" class=\"post-thumb\"><img loading=\"lazy\" decoding=\"async\" width=\"390\" height=\"220\" src=\"https:\/\/infotulcea.ro\/wp-content\/uploads\/2022\/07\/1-390x220.jpg\" class=\"attachment-jannah-image-large size-jannah-image-large wp-post-image lazyload\" alt><img loading=\"lazy\" decoding=\"async\" width=\"390\" height=\"220\" src=\"https:\/\/infotulcea.ro\/wp-content\/uploads\/2022\/07\/1-390x220.jpg\" class=\"attachment-jannah-image-large size-jannah-image-large wp-post-image\" alt><\/a><\/p>\n<h3 class=\"post-title\"><a href=\"https:\/\/infotulcea.ro\/manifestarile-religioase-sportive-si-cultural-artistice-in-atentia-jandarmilor-tulceni\/\">Manifest\u0103rile religioase, sportive \u0219i cultural-artistice, \u00een aten\u021bia jandarmilor tulceni<\/a><\/h3>\n<div class=\"post-meta clearfix\"><span class=\"date meta-item tie-icon\">8 iulie 2022<\/span><\/div>\n<\/div>\n<div class=\"related-item tie-standard\"><a aria-label=\"Dosar penal pentru conducerea unui vehicul sub influen\u021ba alcoolului \u0219i conducerea unui vehicul f\u0103r\u0103 permis!\" href=\"https:\/\/infotulcea.ro\/dosar-penal-pentru-conducerea-unui-vehicul-sub-influenta-alcoolului-si-conducerea-unui-vehicul-fara-permis\/\" class=\"post-thumb\"><source type=\"image\/webp\" data-srcset=\"https:\/\/infotulcea.ro\/wp-content\/uploads\/2025\/12\/alcooltest-390x220.jpg.webp\" \/><img loading=\"lazy\" decoding=\"async\" width=\"390\" height=\"220\" src=\"https:\/\/infotulcea.ro\/wp-content\/uploads\/2025\/12\/alcooltest-390x220.jpg\" class=\"attachment-jannah-image-large size-jannah-image-large wp-post-image\" alt><\/a><\/p>\n<h3 class=\"post-title\"><a href=\"https:\/\/infotulcea.ro\/dosar-penal-pentru-conducerea-unui-vehicul-sub-influenta-alcoolului-si-conducerea-unui-vehicul-fara-permis\/\">Dosar penal pentru conducerea unui vehicul sub influen\u021ba alcoolului \u0219i conducerea unui vehicul f\u0103r\u0103 permis!<\/a><\/h3>\n<div class=\"post-meta clearfix\"><span class=\"date meta-item tie-icon\">1 decembrie 2025<\/span><\/div>\n<\/div>\n<div class=\"related-item tie-standard\"><a aria-label=\"\u015etia\u0163i c\u0103 \u2026 purtarea m\u0103\u015ftii a devenit obligatorie \u00een municipiul Tulcea!\" href=\"https:\/\/infotulcea.ro\/stiati-ca-purtarea-mastii-a-devenit-obligatorie-in-municipiul-tulcea\/\" class=\"post-thumb\"><img loading=\"lazy\" decoding=\"async\" width=\"390\" height=\"220\" src=\"https:\/\/infotulcea.ro\/wp-content\/uploads\/2021\/10\/IMG_20211015_105833-390x220.jpg\" class=\"attachment-jannah-image-large size-jannah-image-large wp-post-image lazyload\" alt><img loading=\"lazy\" decoding=\"async\" width=\"390\" height=\"220\" src=\"https:\/\/infotulcea.ro\/wp-content\/uploads\/2021\/10\/IMG_20211015_105833-390x220.jpg\" class=\"attachment-jannah-image-large size-jannah-image-large wp-post-image\" alt><\/a><\/p>\n<h3 class=\"post-title\"><a href=\"https:\/\/infotulcea.ro\/stiati-ca-purtarea-mastii-a-devenit-obligatorie-in-municipiul-tulcea\/\">\u015etia\u0163i c\u0103 \u2026 purtarea m\u0103\u015ftii a devenit obligatorie \u00een municipiul Tulcea!<\/a><\/h3>\n<div class=\"post-meta clearfix\"><span class=\"date meta-item tie-icon\">15 octombrie 2021<\/span><\/div>\n<\/div>\n<\/div>\n<\/div>\n<div id=\"comments\" class=\"comments-area\">\n<div id=\"add-comment-block\" class=\"container-wrapper\">\n<div id=\"respond\" class=\"comment-respond\">\n<h3 id=\"reply-title\" class=\"comment-reply-title the-global-title\">Las\u0103 un r\u0103spuns <small><a rel=\"nofollow\" id=\"cancel-comment-reply-link\" href=\"https:\/\/infotulcea.ro\/misiune-de-cautare-si-salvare-pe-marea-neagra\/#respond\">Anuleaz\u0103 r\u0103spunsul<\/a><\/small><\/h3>\n<p class=\"comment-notes\"><span id=\"email-notes\">Adresa ta de email nu va fi publicat\u0103.<\/span><span class=\"required-field-message\">C\u00e2mpurile obligatorii sunt marcate cu <span class=\"required\">*<\/span><\/span><\/p>\n<\/div>\n<\/div>\n<\/div>\n<\/div>\n<\/div>\n<div id=\"check-also-box\" class=\"container-wrapper check-also-right\">\n<div class=\"widget-title the-global-title\">\n<div class=\"the-subtitle\">Check Also<\/div>\n<p><a href=\"https:\/\/infotulcea.ro\/misiune-de-cautare-si-salvare-pe-marea-neagra\/\" id=\"check-also-close\" class=\"remove\"><span class=\"screen-reader-text\">Close<\/span><\/a><\/div>\n<div class=\"widget posts-list-big-first has-first-big-post\">\n<ul class=\"posts-list-items\">\n<li class=\"widget-single-post-item widget-post-list tie-standard\">\n<div class=\"post-widget-thumbnail\"><a aria-label=\"Gr\u0103dina de Var\u0103 DACIA s-a \u00eentors la Municipiul Tulcea!\" href=\"https:\/\/infotulcea.ro\/gradina-de-vara-dacia-s-a-intors-la-municipiul-tulcea\/\" class=\"post-thumb\"><span class=\"post-cat-wrap\"><span class=\"post-cat tie-cat-29\">\u015etirea zilei<\/span><\/span><img loading=\"lazy\" decoding=\"async\" width=\"390\" height=\"220\" src=\"https:\/\/infotulcea.ro\/wp-content\/uploads\/2020\/11\/dacia-390x220.jpg\" class=\"attachment-jannah-image-large size-jannah-image-large wp-post-image lazyload\" alt><img loading=\"lazy\" decoding=\"async\" width=\"390\" height=\"220\" src=\"https:\/\/infotulcea.ro\/wp-content\/uploads\/2020\/11\/dacia-390x220.jpg\" class=\"attachment-jannah-image-large size-jannah-image-large wp-post-image\" alt><\/a><\/div>\n<div class=\"post-widget-body \"><a class=\"post-title the-subtitle\" href=\"https:\/\/infotulcea.ro\/gradina-de-vara-dacia-s-a-intors-la-municipiul-tulcea\/\">Gr\u0103dina de Var\u0103 DACIA s-a \u00eentors la Municipiul Tulcea!<\/a><\/p>\n<div class=\"post-meta\"><span class=\"date meta-item tie-icon\">5 noiembrie 2020<\/span><\/div>\n<\/div>\n<\/li>\n<\/ul>\n<\/div>\n<\/div>\n<aside class=\"sidebar tie-col-md-4 tie-col-xs-12 normal-side is-sticky\" aria-label=\"Primary Sidebar\">\n<div class=\"theiaStickySidebar\">\n<div id=\"media_image-19\" class=\"container-wrapper widget widget_media_image\"><a href=\"https:\/\/infotulcea.ro\/delta-dunarii-mai-accesibila-navrom-delta-creste-numarul-curselor-regulate-de-la-1-mai-2025\/\"><source sizes=\"(max-width: 500px) 100vw, 500px\" type=\"image\/webp\" data-srcset=\"https:\/\/infotulcea.ro\/wp-content\/uploads\/2025\/04\/navrom-delta-500x271.jpg.webp 500w, https:\/\/infotulcea.ro\/wp-content\/uploads\/2025\/04\/navrom-delta-1024x555.jpg.webp 1024w, https:\/\/infotulcea.ro\/wp-content\/uploads\/2025\/04\/navrom-delta-768x416.jpg.webp 768w, https:\/\/infotulcea.ro\/wp-content\/uploads\/2025\/04\/navrom-delta.jpg.webp 1080w\" \/><img loading=\"lazy\" decoding=\"async\" width=\"500\" height=\"271\" src=\"https:\/\/infotulcea.ro\/wp-content\/uploads\/2025\/04\/navrom-delta-500x271.jpg\" class=\"image wp-image-34487  attachment-medium size-medium\" alt><\/a><\/div>\n<div id=\"media_image-17\" class=\"container-wrapper widget widget_media_image\"><a href=\"https:\/\/www.facebook.com\/share\/p\/1DGAD1tLWN\/?mibextid=wwXIfr\" target=\"_blank\"><source sizes=\"(max-width: 500px) 100vw, 500px\" type=\"image\/webp\" data-srcset=\"https:\/\/infotulcea.ro\/wp-content\/uploads\/2026\/01\/IMG_1563-500x500.jpeg.webp 500w, https:\/\/infotulcea.ro\/wp-content\/uploads\/2026\/01\/IMG_1563-1024x1024.jpeg.webp 1024w, https:\/\/infotulcea.ro\/wp-content\/uploads\/2026\/01\/IMG_1563-250x250.jpeg.webp 250w, https:\/\/infotulcea.ro\/wp-content\/uploads\/2026\/01\/IMG_1563-768x768.jpeg.webp 768w, https:\/\/infotulcea.ro\/wp-content\/uploads\/2026\/01\/IMG_1563.jpeg.webp 1080w\" \/><img loading=\"lazy\" decoding=\"async\" width=\"500\" height=\"500\" src=\"https:\/\/infotulcea.ro\/wp-content\/uploads\/2026\/01\/IMG_1563-500x500.jpeg\" class=\"image wp-image-37932  attachment-medium size-medium\" alt title=\"Centrale pe lemne\"><\/a><\/div>\n<div id=\"media_image-18\" class=\"container-wrapper widget widget_media_image\"><a href=\"https:\/\/www.licitatia.ro\/site\/index-guest\"><img loading=\"lazy\" decoding=\"async\" width=\"500\" height=\"262\" src=\"https:\/\/infotulcea.ro\/wp-content\/uploads\/2025\/09\/licitatia-500x262.png\" class=\"image wp-image-36670  attachment-medium size-medium lazyload\" alt><img loading=\"lazy\" decoding=\"async\" width=\"500\" height=\"262\" src=\"https:\/\/infotulcea.ro\/wp-content\/uploads\/2025\/09\/licitatia-500x262.png\" class=\"image wp-image-36670  attachment-medium size-medium\" alt><\/a><\/div>\n<div id=\"media_image-27\" class=\"container-wrapper widget widget_media_image\"><a href=\"https:\/\/www.centrale-lemne-liepsnele.ro\/\"><img loading=\"lazy\" decoding=\"async\" width=\"500\" height=\"500\" src=\"https:\/\/infotulcea.ro\/wp-content\/uploads\/2025\/09\/Centrale-pe-Lemne-Liepsnele-500x500.png\" class=\"image wp-image-36541  attachment-medium size-medium lazyload\" alt=\"Centrala pe lemne\"><img loading=\"lazy\" decoding=\"async\" width=\"500\" height=\"500\" src=\"https:\/\/infotulcea.ro\/wp-content\/uploads\/2025\/09\/Centrale-pe-Lemne-Liepsnele-500x500.png\" class=\"image wp-image-36541  attachment-medium size-medium\" alt=\"Centrala pe lemne\"><\/a><\/div>\n<div id=\"media_image-28\" class=\"container-wrapper widget widget_media_image\"><a href=\"https:\/\/infotulcea.ro\/angajeaza-te-ro-platforma-ta-online-de-angajari-si-forta-de-munca\/\"><source sizes=\"(max-width: 500px) 100vw, 500px\" type=\"image\/webp\" data-srcset=\"https:\/\/infotulcea.ro\/wp-content\/uploads\/2025\/04\/banner-angajazate-1-500x305.jpg.webp 500w, https:\/\/infotulcea.ro\/wp-content\/uploads\/2025\/04\/banner-angajazate-1-1024x625.jpg.webp 1024w, https:\/\/infotulcea.ro\/wp-content\/uploads\/2025\/04\/banner-angajazate-1-768x469.jpg.webp 768w, https:\/\/infotulcea.ro\/wp-content\/uploads\/2025\/04\/banner-angajazate-1.jpg.webp 1080w\" \/><img loading=\"lazy\" decoding=\"async\" width=\"500\" height=\"305\" src=\"https:\/\/infotulcea.ro\/wp-content\/uploads\/2025\/04\/banner-angajazate-1-500x305.jpg\" class=\"image wp-image-34317  attachment-medium size-medium\" alt><\/a><\/div>\n<\/div>\n<\/aside>\n<\/div>\n<\/div>\n<div class=\"entry-content entry clearfix\">\n<p><strong>Un elicopter Black Hawk al Inspectoratului General de Avia\u021bie al M.A.I. a decolat la ora 11:26 pentru a participa la o misiune de c\u0103utare \u0219i salvare desf\u0103\u0219urat\u0103 \u00een zona localit\u0103\u021bii Sf\u00e2ntu Gheorghe, la solicitarea Centrului Maritim de Coordonare pentru C\u0103utare \u0219i Salvare de Vie\u021bi Omene\u0219ti pe Mare (MRCC) din cadrul<source sizes=\"(max-width: 413px) 100vw, 413px\" type=\"image\/webp\" data-srcset=\"https:\/\/infotulcea.ro\/wp-content\/uploads\/2026\/07\/cautare-500x375.jpeg.webp 500w, https:\/\/infotulcea.ro\/wp-content\/uploads\/2026\/07\/cautare-1024x768.jpeg.webp 1024w, https:\/\/infotulcea.ro\/wp-content\/uploads\/2026\/07\/cautare-768x576.jpeg.webp 768w, https:\/\/infotulcea.ro\/wp-content\/uploads\/2026\/07\/cautare.jpeg.webp 1080w\" \/><\/strong><\/p>\n<p><img loading=\"lazy\" decoding=\"async\" class=\" wp-image-40228 alignright\" src=\"https:\/\/infotulcea.ro\/wp-content\/uploads\/2026\/07\/cautare-500x375.jpeg\" alt width=\"413\" height=\"310\"> Autorit\u0103\u021bii Navale Rom\u00e2ne.<\/p>\n<p>Echipajul aerian ac\u021bioneaz\u0103 \u00een cooperare cu celelalte structuri cu atribu\u021bii \u00een gestionarea situa\u021biilor de urgen\u021b\u0103 \u00een zona maritim\u0103, al\u0103turi de for\u021be care intervin cu mijloace navale, pentru c\u0103utarea a dou\u0103 persoane care au c\u0103zut de la bordul unei nave aflate \u00een apele teritoriale ale Ucrainei.<\/p>\n<p>Misiunea este \u00een dinamic\u0103, iar toate for\u021bele implicate continu\u0103 opera\u021biunile de c\u0103utare \u00een zona de responsabilitate.<\/p>\n<\/div>\n<div class=\"articleBody\" data-key=\"articleBody\">Un elicopter Black Hawk al Inspectoratului General de Avia\u021bie al M.A.I. a decolat la ora 11:26 pentru a participa la o misiune de c\u0103utare \u0219i salvare desf\u0103\u0219urat\u0103 \u00een zona localit\u0103\u021bii Sf\u00e2ntu Gheorghe, la solicitarea Centrului Maritim de Coordonare pentru C\u0103utare \u0219i Salvare de Vie\u021bi Omene\u0219ti pe Mare (MRCC) din cadrul Autorit\u0103\u021bii Navale Rom\u00e2ne.<\/p>\n<p>Echipajul aerian ac\u021bioneaz\u0103 \u00een cooperare cu celelalte structuri cu atribu\u021bii \u00een gestionarea situa\u021biilor de urgen\u021b\u0103 \u00een zona maritim\u0103, al\u0103turi de for\u021be care intervin cu mijloace navale, pentru c\u0103utarea a dou\u0103 persoane care au c\u0103zut de la bordul unei nave aflate \u00een apele teritoriale ale Ucrainei.<\/p>\n<p>Misiunea este \u00een dinamic\u0103, iar toate for\u021bele implicate continu\u0103 opera\u021biunile de c\u0103utare \u00een zona de responsabilitate.<\/p><\/div>\n<p>[analyse_source url=&#8221;https:\/\/infotulcea.ro\/misiune-de-cautare-si-salvare-pe-marea-neagra\/&#8221;]<\/p>\n","protected":false},"excerpt":{"rendered":"<p>[analyse_image type=&#8221;featured&#8221; src=&#8221;https:\/\/infotulcea.ro\/wp-content\/uploads\/2026\/07\/cautare.jpeghttps:\/\/infotulcea.ro\/wp-content\/uploads\/2026\/07\/cautare.jpeg&#8221;] Home\/\u015etirea zilei\/Misiune de c\u0103utare \u0219i salvare pe Marea Neagr\u0103 \u015etirea zilei Misiune de c\u0103utare \u0219i salvare pe Marea Neagr\u0103 Redactia26 iulie 2026 0 317 Less than a minute Un elicopter Black Hawk al Inspectoratului General de Avia\u021bie al M.A.I. a decolat la ora 11:26 pentru a participa la o misiune de c\u0103utare [&hellip;]<\/p>\n","protected":false},"author":1,"featured_media":0,"comment_status":"open","ping_status":"","sticky":false,"template":"","format":"standard","meta":{"footnotes":""},"categories":[89],"tags":[226,221],"class_list":["post-2065847","post","type-post","status-publish","format-standard","hentry","category-romania","tag-crawlmanager","tag-infotulcea-ro"],"_links":{"self":[{"href":"https:\/\/analyse.optim.biz\/index.php?rest_route=\/wp\/v2\/posts\/2065847","targetHints":{"allow":["GET"]}}],"collection":[{"href":"https:\/\/analyse.optim.biz\/index.php?rest_route=\/wp\/v2\/posts"}],"about":[{"href":"https:\/\/analyse.optim.biz\/index.php?rest_route=\/wp\/v2\/types\/post"}],"author":[{"embeddable":true,"href":"https:\/\/analyse.optim.biz\/index.php?rest_route=\/wp\/v2\/users\/1"}],"replies":[{"embeddable":true,"href":"https:\/\/analyse.optim.biz\/index.php?rest_route=%2Fwp%2Fv2%2Fcomments&post=2065847"}],"version-history":[{"count":0,"href":"https:\/\/analyse.optim.biz\/index.php?rest_route=\/wp\/v2\/posts\/2065847\/revisions"}],"wp:attachment":[{"href":"https:\/\/analyse.optim.biz\/index.php?rest_route=%2Fwp%2Fv2%2Fmedia&parent=2065847"}],"wp:term":[{"taxonomy":"category","embeddable":true,"href":"https:\/\/analyse.optim.biz\/index.php?rest_route=%2Fwp%2Fv2%2Fcategories&post=2065847"},{"taxonomy":"post_tag","embeddable":true,"href":"https:\/\/analyse.optim.biz\/index.php?rest_route=%2Fwp%2Fv2%2Ftags&post=2065847"}],"curies":[{"name":"wp","href":"https:\/\/api.w.org\/{rel}","templated":true}]}}