{"id":2065845,"date":"2026-07-26T14:20:29","date_gmt":"2026-07-26T11:20:29","guid":{"rendered":"https:\/\/analyse.optim.biz\/?p=2065845"},"modified":"2026-07-26T14:20:29","modified_gmt":"2026-07-26T11:20:29","slug":"ro-alert-in-tulcea-dupa-detectarea-unei-tinte-aeriene-nu-au-fost-inregistrate-apeluri-la-112","status":"publish","type":"post","link":"https:\/\/analyse.optim.biz\/?p=2065845","title":{"rendered":"Ro-Alert \u00een Tulcea dup\u0103 detectarea unei \u021binte aeriene. Nu au fost \u00eenregistrate apeluri la 112"},"content":{"rendered":"<p>[analyse_image type=&#8221;featured&#8221; src=&#8221;https:\/\/infotulcea.ro\/wp-content\/uploads\/2026\/07\/ro-alert.jpghttps:\/\/infotulcea.ro\/wp-content\/uploads\/2026\/07\/ro-alert.jpg&#8221;]<\/p>\n<div id=\"content\" class=\"site-content container\">\n<div id=\"main-content-row\" class=\"tie-row main-content-row\">\n<div class=\"main-content tie-col-md-8 tie-col-xs-12\" role=\"main\">\n<article id=\"the-post\" class=\"container-wrapper post-content tie-standard\">\n<header class=\"entry-header-outer\">\n<nav id=\"breadcrumb\"><a href=\"https:\/\/infotulcea.ro\/\"> Home<\/a><em class=\"delimiter\">\/<\/em><a href=\"https:\/\/infotulcea.ro\/categorie\/stirea-zilei\/\">\u015etirea zilei<\/a><em class=\"delimiter\">\/<\/em><span class=\"current\">Ro-Alert \u00een Tulcea dup\u0103 detectarea unei \u021binte aeriene. Nu au fost \u00eenregistrate apeluri la 112<\/span><\/nav>\n<div class=\"entry-header\"><span class=\"post-cat-wrap\"><a class=\"post-cat tie-cat-29\" href=\"https:\/\/infotulcea.ro\/categorie\/stirea-zilei\/\">\u015etirea zilei<\/a><\/span><\/p>\n<h1 class=\"post-title entry-title\">\n\t\t\tRo-Alert \u00een Tulcea dup\u0103 detectarea unei \u021binte aeriene. Nu au fost \u00eenregistrate apeluri la 112\t\t<\/h1>\n<div class=\"single-post-meta post-meta clearfix\"><span class=\"author-meta single-author no-avatars\"><span class=\"meta-item meta-author-wrapper meta-author-9\"><span class=\"meta-author\"><a href=\"https:\/\/infotulcea.ro\/author\/redactia-2\/\" class=\"author-name tie-icon\" title=\"Redactia\">Redactia<\/a><\/span><\/span><\/span><span class=\"date meta-item tie-icon\">26 iulie 2026<\/span><\/p>\n<div class=\"tie-alignright\"><span class=\"meta-comment tie-icon meta-item fa-before\">0<\/span><span class=\"meta-views meta-item \"> 414 <\/span><span class=\"meta-reading-time meta-item\"> 1 minute read<\/span><\/div>\n<\/div>\n<\/div>\n<\/header>\n<div class=\"entry-content entry clearfix\">\n<p class=\"isSelectedEnd\"><strong>Locuitorii din mai multe localit\u0103\u021bi din nordul \u0219i estul jude\u021bului Tulcea au primit, \u00een jurul orei 10:00, un mesaj de avertizare de tip Ro-Alert, privind posibilitatea c\u0103derii unor obiecte din spa\u021biul aerian.<\/strong><\/p>\n<p class=\"isSelectedEnd\">Avertizarea a fost transmis\u0103 dup\u0103 ce structurile cu atribu\u021bii \u00een monitorizarea \u0219i ap\u0103rarea spa\u021biului aerian al Rom\u00e2niei au identificat o \u021bint\u0103 care se \u00eendrepta spre teritoriul na\u021bional. Mesajul a fost emis de <strong>Inspectoratul General pentru Situa\u021bii de Urgen\u021b\u0103 (IGSU)<\/strong>, la informarea primit\u0103 din partea <strong>Statului Major al For\u021belor Aeriene<\/strong>.<source sizes=\"(max-width: 456px) 100vw, 456px\" type=\"image\/webp\" data-srcset=\"https:\/\/infotulcea.ro\/wp-content\/uploads\/2026\/07\/ro-alert-500x333.jpg.webp 500w, https:\/\/infotulcea.ro\/wp-content\/uploads\/2026\/07\/ro-alert-1024x683.jpg.webp 1024w, https:\/\/infotulcea.ro\/wp-content\/uploads\/2026\/07\/ro-alert-768x512.jpg.webp 768w, https:\/\/infotulcea.ro\/wp-content\/uploads\/2026\/07\/ro-alert.jpg.webp 1080w\" \/><\/p>\n<p><img loading=\"lazy\" decoding=\"async\" class=\" wp-image-40225 alignright\" src=\"https:\/\/infotulcea.ro\/wp-content\/uploads\/2026\/07\/ro-alert-500x333.jpg\" alt width=\"456\" height=\"304\"><\/p>\n<p class=\"isSelectedEnd\">Printre localit\u0103\u021bile vizate de avertizare s-au num\u0103rat: <strong>Grindu, Luncavi\u021ba, V\u0103c\u0103reni, Isaccea, Niculi\u021bel, Hamcearca, Valea Teilor, Frec\u0103\u021bei, Somova, municipiul Tulcea, Ceatalchioi, Pardina, Maliuc, Chilia Veche, C.A. Rosetti \u0219i Sulina<\/strong>.<\/p>\n<p class=\"isSelectedEnd\">Potrivit <strong>Inspectoratului pentru Situa\u021bii de Urgen\u021b\u0103 \u201eDelta\u201d Tulcea<\/strong>, dup\u0103 transmiterea mesajului Ro-Alert, \u00een dispeceratul institu\u021biei <strong>nu au fost \u00eenregistrate apeluri la num\u0103rul unic de urgen\u021b\u0103 112<\/strong>.<\/p>\n<p class=\"isSelectedEnd\">Autorit\u0103\u021bile reamintesc c\u0103 mesajele Ro-Alert sunt transmise cu scop preventiv, pentru informarea popula\u021biei \u0219i pentru ca aceasta s\u0103 poat\u0103 adopta m\u0103suri de autoprotec\u021bie atunci c\u00e2nd situa\u021bia o impune.<\/p>\n<p>Totodat\u0103, cet\u0103\u021benii sunt \u00eendemna\u021bi s\u0103 apeleze <strong>112<\/strong> \u0219i s\u0103 anun\u021be orice eveniment sau posibil\u0103 situa\u021bie de risc care le-ar putea pune \u00een pericol siguran\u021ba \u0219i integritatea.<\/p>\n<\/div>\n<div id=\"post-extra-info\">\n<div class=\"theiaStickySidebar\">\n<div class=\"single-post-meta post-meta clearfix\"><span class=\"author-meta single-author no-avatars\"><span class=\"meta-item meta-author-wrapper meta-author-9\"><span class=\"meta-author\"><a href=\"https:\/\/infotulcea.ro\/author\/redactia-2\/\" class=\"author-name tie-icon\" title=\"Redactia\">Redactia<\/a><\/span><\/span><\/span><span class=\"date meta-item tie-icon\">26 iulie 2026<\/span><\/p>\n<div class=\"tie-alignright\"><span class=\"meta-comment tie-icon meta-item fa-before\">0<\/span><span class=\"meta-views meta-item \"> 414 <\/span><span class=\"meta-reading-time meta-item\"> 1 minute read<\/span><\/div>\n<\/div>\n<\/div>\n<\/div>\n<div id=\"share-buttons-bottom\" class=\"share-buttons share-buttons-bottom\">\n<div class=\"share-links  icons-only\">\n<div class=\"share-title\"><span> Share<\/span><\/div>\n<p><a href=\"https:\/\/www.facebook.com\/sharer.php?u=https:\/\/infotulcea.ro\/ro-alert-in-tulcea-dupa-detectarea-unei-tinte-aeriene-nu-au-fost-inregistrate-apeluri-la-112\/\" rel=\"external noopener nofollow\" title=\"Facebook\" target=\"_blank\" class=\"facebook-share-btn \" data-raw=\"https:\/\/www.facebook.com\/sharer.php?u={post_link}\"><span class=\"screen-reader-text\">Facebook<\/span><\/a><a href=\"https:\/\/twitter.com\/intent\/tweet?text=Ro-Alert%20%C3%AEn%20Tulcea%20dup%C4%83%20detectarea%20unei%20%C8%9Binte%20aeriene.%20Nu%20au%20fost%20%C3%AEnregistrate%20apeluri%20la%20112&amp;url=https:\/\/infotulcea.ro\/ro-alert-in-tulcea-dupa-detectarea-unei-tinte-aeriene-nu-au-fost-inregistrate-apeluri-la-112\/\" rel=\"external noopener nofollow\" title=\"X\" target=\"_blank\" class=\"twitter-share-btn \" data-raw=\"https:\/\/twitter.com\/intent\/tweet?text={post_title}&amp;url={post_link}\"><span class=\"screen-reader-text\">X<\/span><\/a><a href=\"https:\/\/api.whatsapp.com\/send?text=Ro-Alert%20%C3%AEn%20Tulcea%20dup%C4%83%20detectarea%20unei%20%C8%9Binte%20aeriene.%20Nu%20au%20fost%20%C3%AEnregistrate%20apeluri%20la%20112%20https:\/\/infotulcea.ro\/ro-alert-in-tulcea-dupa-detectarea-unei-tinte-aeriene-nu-au-fost-inregistrate-apeluri-la-112\/\" rel=\"external noopener nofollow\" title=\"WhatsApp\" target=\"_blank\" class=\"whatsapp-share-btn \" data-raw=\"https:\/\/api.whatsapp.com\/send?text={post_title}%20{post_link}\"><span class=\"screen-reader-text\">WhatsApp<\/span><\/a><a href=\"https:\/\/telegram.me\/share\/url?url=https:\/\/infotulcea.ro\/ro-alert-in-tulcea-dupa-detectarea-unei-tinte-aeriene-nu-au-fost-inregistrate-apeluri-la-112\/&amp;text=Ro-Alert%20%C3%AEn%20Tulcea%20dup%C4%83%20detectarea%20unei%20%C8%9Binte%20aeriene.%20Nu%20au%20fost%20%C3%AEnregistrate%20apeluri%20la%20112\" rel=\"external noopener nofollow\" title=\"Telegram\" target=\"_blank\" class=\"telegram-share-btn \" data-raw=\"https:\/\/telegram.me\/share\/url?url={post_link}&amp;text={post_title}\"><span class=\"screen-reader-text\">Telegram<\/span><\/a><a href=\"mailto:?subject=Ro-Alert%20%C3%AEn%20Tulcea%20dup%C4%83%20detectarea%20unei%20%C8%9Binte%20aeriene.%20Nu%20au%20fost%20%C3%AEnregistrate%20apeluri%20la%20112&amp;body=https:\/\/infotulcea.ro\/ro-alert-in-tulcea-dupa-detectarea-unei-tinte-aeriene-nu-au-fost-inregistrate-apeluri-la-112\/\" rel=\"external noopener nofollow\" title=\"Share via Email\" target=\"_blank\" class=\"email-share-btn \" data-raw=\"mailto:?subject={post_title}&amp;body={post_link}\"><span class=\"screen-reader-text\">Share via Email<\/span><\/a><a href=\"https:\/\/infotulcea.ro\/ro-alert-in-tulcea-dupa-detectarea-unei-tinte-aeriene-nu-au-fost-inregistrate-apeluri-la-112\/\" rel=\"external noopener nofollow\" title=\"Print\" target=\"_blank\" class=\"print-share-btn \" data-raw=\"#\"><span class=\"screen-reader-text\">Print<\/span><\/a><\/div>\n<\/div>\n<\/article>\n<div class=\"post-components\">\n<div id=\"related-posts\" class=\"container-wrapper has-extra-post\">\n<div class=\"mag-box-title the-global-title\">\n<h3>Related Articles<\/h3>\n<\/div>\n<div class=\"related-posts-list\">\n<div class=\"related-item tie-standard\"><a aria-label=\"Primarul Comunei Sarichioi v\u0103 ureaz\u0103 clipe magice al\u0103turi de cei dragi. Hristos a \u00eenviat!\" href=\"https:\/\/infotulcea.ro\/primarul-comunei-sarichioi-va-ureaza-clipe-magice-alaturi-de-cei-dragi-hristos-a-inviat\/\" class=\"post-thumb\"><img loading=\"lazy\" decoding=\"async\" width=\"390\" height=\"220\" src=\"https:\/\/infotulcea.ro\/wp-content\/uploads\/2021\/05\/sarichioi-390x220.jpg\" class=\"attachment-jannah-image-large size-jannah-image-large wp-post-image lazyload\" alt><img loading=\"lazy\" decoding=\"async\" width=\"390\" height=\"220\" src=\"https:\/\/infotulcea.ro\/wp-content\/uploads\/2021\/05\/sarichioi-390x220.jpg\" class=\"attachment-jannah-image-large size-jannah-image-large wp-post-image\" alt><\/a><\/p>\n<h3 class=\"post-title\"><a href=\"https:\/\/infotulcea.ro\/primarul-comunei-sarichioi-va-ureaza-clipe-magice-alaturi-de-cei-dragi-hristos-a-inviat\/\">Primarul Comunei Sarichioi v\u0103 ureaz\u0103 clipe magice al\u0103turi de cei dragi. Hristos a \u00eenviat!<\/a><\/h3>\n<div class=\"post-meta clearfix\"><span class=\"date meta-item tie-icon\">2 mai 2021<\/span><\/div>\n<\/div>\n<div class=\"related-item tie-standard\"><a aria-label=\"Din comuna Sarichioi: \u201eLa mul\u021bi ani, dobrogeni!\u201d\" href=\"https:\/\/infotulcea.ro\/din-comuna-sarichioi-la-multi-ani-dobrogeni\/\" class=\"post-thumb\"><img loading=\"lazy\" decoding=\"async\" width=\"390\" height=\"220\" src=\"https:\/\/infotulcea.ro\/wp-content\/uploads\/2020\/11\/monumentu-390x220.jpg\" class=\"attachment-jannah-image-large size-jannah-image-large wp-post-image lazyload\" alt><img loading=\"lazy\" decoding=\"async\" width=\"390\" height=\"220\" src=\"https:\/\/infotulcea.ro\/wp-content\/uploads\/2020\/11\/monumentu-390x220.jpg\" class=\"attachment-jannah-image-large size-jannah-image-large wp-post-image\" alt><\/a><\/p>\n<h3 class=\"post-title\"><a href=\"https:\/\/infotulcea.ro\/din-comuna-sarichioi-la-multi-ani-dobrogeni\/\">Din comuna Sarichioi: \u201eLa mul\u021bi ani, dobrogeni!\u201d<\/a><\/h3>\n<div class=\"post-meta clearfix\"><span class=\"date meta-item tie-icon\">14 noiembrie 2020<\/span><\/div>\n<\/div>\n<div class=\"related-item tie-standard\"><a aria-label=\"Comunicat: Scopul for\u021belor de ordine nu este aplicarea de sanc\u021biuni!\" href=\"https:\/\/infotulcea.ro\/comunicat-scopul-fortelor-de-ordine-nu-este-aplicarea-de-sanctiuni\/\" class=\"post-thumb\"><source type=\"image\/webp\" data-srcset=\"https:\/\/infotulcea.ro\/wp-content\/uploads\/2020\/10\/IMG-20201025-WA0008-390x220.jpg.webp\" \/><img loading=\"lazy\" decoding=\"async\" width=\"390\" height=\"220\" src=\"https:\/\/infotulcea.ro\/wp-content\/uploads\/2020\/10\/IMG-20201025-WA0008-390x220.jpg\" class=\"attachment-jannah-image-large size-jannah-image-large wp-post-image\" alt><\/a><\/p>\n<h3 class=\"post-title\"><a href=\"https:\/\/infotulcea.ro\/comunicat-scopul-fortelor-de-ordine-nu-este-aplicarea-de-sanctiuni\/\">Comunicat: Scopul for\u021belor de ordine nu este aplicarea de sanc\u021biuni!<\/a><\/h3>\n<div class=\"post-meta clearfix\"><span class=\"date meta-item tie-icon\">25 octombrie 2020<\/span><\/div>\n<\/div>\n<div class=\"related-item tie-standard\"><a aria-label=\"Mesaj RO-Alert emis \u00een aceast\u0103 diminea\u021b\u0103 pentru nordul jude\u021bului\" href=\"https:\/\/infotulcea.ro\/mesaj-ro-alert-emis-in-aceasta-dimineata-pentru-nordul-judetului\/\" class=\"post-thumb\"><source type=\"image\/webp\" data-srcset=\"https:\/\/infotulcea.ro\/wp-content\/uploads\/2026\/05\/WhatsApp-Image-2026-05-23-at-09.36.40-390x220.jpeg.webp\" \/><img loading=\"lazy\" decoding=\"async\" width=\"390\" height=\"220\" src=\"https:\/\/infotulcea.ro\/wp-content\/uploads\/2026\/05\/WhatsApp-Image-2026-05-23-at-09.36.40-390x220.jpeg\" class=\"attachment-jannah-image-large size-jannah-image-large wp-post-image\" alt><\/a><\/p>\n<h3 class=\"post-title\"><a href=\"https:\/\/infotulcea.ro\/mesaj-ro-alert-emis-in-aceasta-dimineata-pentru-nordul-judetului\/\">Mesaj RO-Alert emis \u00een aceast\u0103 diminea\u021b\u0103 pentru nordul jude\u021bului<\/a><\/h3>\n<div class=\"post-meta clearfix\"><span class=\"date meta-item tie-icon\">23 mai 2026<\/span><\/div>\n<\/div>\n<\/div>\n<\/div>\n<div id=\"comments\" class=\"comments-area\">\n<div id=\"add-comment-block\" class=\"container-wrapper\">\n<div id=\"respond\" class=\"comment-respond\">\n<h3 id=\"reply-title\" class=\"comment-reply-title the-global-title\">Las\u0103 un r\u0103spuns <small><a rel=\"nofollow\" id=\"cancel-comment-reply-link\" href=\"https:\/\/infotulcea.ro\/ro-alert-in-tulcea-dupa-detectarea-unei-tinte-aeriene-nu-au-fost-inregistrate-apeluri-la-112\/#respond\">Anuleaz\u0103 r\u0103spunsul<\/a><\/small><\/h3>\n<p class=\"comment-notes\"><span id=\"email-notes\">Adresa ta de email nu va fi publicat\u0103.<\/span><span class=\"required-field-message\">C\u00e2mpurile obligatorii sunt marcate cu <span class=\"required\">*<\/span><\/span><\/p>\n<\/div>\n<\/div>\n<\/div>\n<\/div>\n<\/div>\n<div id=\"check-also-box\" class=\"container-wrapper check-also-right\">\n<div class=\"widget-title the-global-title\">\n<div class=\"the-subtitle\">Check Also<\/div>\n<p><a href=\"https:\/\/infotulcea.ro\/ro-alert-in-tulcea-dupa-detectarea-unei-tinte-aeriene-nu-au-fost-inregistrate-apeluri-la-112\/\" id=\"check-also-close\" class=\"remove\"><span class=\"screen-reader-text\">Close<\/span><\/a><\/div>\n<div class=\"widget posts-list-big-first has-first-big-post\">\n<ul class=\"posts-list-items\">\n<li class=\"widget-single-post-item widget-post-list tie-standard\">\n<div class=\"post-widget-thumbnail\"><a aria-label=\"Concursul \u201ePoveste de Pa\u0219te\u201c \u0219i-a desemnat c\u00e2\u0219tig\u0103torii\" href=\"https:\/\/infotulcea.ro\/concursul-poveste-de-paste-si-a-desemnat-castigatorii\/\" class=\"post-thumb\"><span class=\"post-cat-wrap\"><span class=\"post-cat tie-cat-29\">\u015etirea zilei<\/span><\/span><img loading=\"lazy\" decoding=\"async\" width=\"390\" height=\"220\" src=\"https:\/\/infotulcea.ro\/wp-content\/uploads\/2021\/04\/Untitled-390x220.jpg\" class=\"attachment-jannah-image-large size-jannah-image-large wp-post-image lazyload\" alt><img loading=\"lazy\" decoding=\"async\" width=\"390\" height=\"220\" src=\"https:\/\/infotulcea.ro\/wp-content\/uploads\/2021\/04\/Untitled-390x220.jpg\" class=\"attachment-jannah-image-large size-jannah-image-large wp-post-image\" alt><\/a><\/div>\n<div class=\"post-widget-body \"><a class=\"post-title the-subtitle\" href=\"https:\/\/infotulcea.ro\/concursul-poveste-de-paste-si-a-desemnat-castigatorii\/\">Concursul \u201ePoveste de Pa\u0219te\u201c \u0219i-a desemnat c\u00e2\u0219tig\u0103torii<\/a><\/p>\n<div class=\"post-meta\"><span class=\"date meta-item tie-icon\">22 aprilie 2021<\/span><\/div>\n<\/div>\n<\/li>\n<\/ul>\n<\/div>\n<\/div>\n<aside class=\"sidebar tie-col-md-4 tie-col-xs-12 normal-side is-sticky\" aria-label=\"Primary Sidebar\">\n<div class=\"theiaStickySidebar\">\n<div id=\"media_image-19\" class=\"container-wrapper widget widget_media_image\"><a href=\"https:\/\/infotulcea.ro\/delta-dunarii-mai-accesibila-navrom-delta-creste-numarul-curselor-regulate-de-la-1-mai-2025\/\"><source sizes=\"(max-width: 500px) 100vw, 500px\" type=\"image\/webp\" data-srcset=\"https:\/\/infotulcea.ro\/wp-content\/uploads\/2025\/04\/navrom-delta-500x271.jpg.webp 500w, https:\/\/infotulcea.ro\/wp-content\/uploads\/2025\/04\/navrom-delta-1024x555.jpg.webp 1024w, https:\/\/infotulcea.ro\/wp-content\/uploads\/2025\/04\/navrom-delta-768x416.jpg.webp 768w, https:\/\/infotulcea.ro\/wp-content\/uploads\/2025\/04\/navrom-delta.jpg.webp 1080w\" \/><img loading=\"lazy\" decoding=\"async\" width=\"500\" height=\"271\" src=\"https:\/\/infotulcea.ro\/wp-content\/uploads\/2025\/04\/navrom-delta-500x271.jpg\" class=\"image wp-image-34487  attachment-medium size-medium\" alt><\/a><\/div>\n<div id=\"media_image-17\" class=\"container-wrapper widget widget_media_image\"><a href=\"https:\/\/www.facebook.com\/share\/p\/1DGAD1tLWN\/?mibextid=wwXIfr\" target=\"_blank\"><source sizes=\"(max-width: 500px) 100vw, 500px\" type=\"image\/webp\" data-srcset=\"https:\/\/infotulcea.ro\/wp-content\/uploads\/2026\/01\/IMG_1563-500x500.jpeg.webp 500w, https:\/\/infotulcea.ro\/wp-content\/uploads\/2026\/01\/IMG_1563-1024x1024.jpeg.webp 1024w, https:\/\/infotulcea.ro\/wp-content\/uploads\/2026\/01\/IMG_1563-250x250.jpeg.webp 250w, https:\/\/infotulcea.ro\/wp-content\/uploads\/2026\/01\/IMG_1563-768x768.jpeg.webp 768w, https:\/\/infotulcea.ro\/wp-content\/uploads\/2026\/01\/IMG_1563.jpeg.webp 1080w\" \/><img loading=\"lazy\" decoding=\"async\" width=\"500\" height=\"500\" src=\"https:\/\/infotulcea.ro\/wp-content\/uploads\/2026\/01\/IMG_1563-500x500.jpeg\" class=\"image wp-image-37932  attachment-medium size-medium\" alt title=\"Centrale pe lemne\"><\/a><\/div>\n<div id=\"media_image-18\" class=\"container-wrapper widget widget_media_image\"><a href=\"https:\/\/www.licitatia.ro\/site\/index-guest\"><img loading=\"lazy\" decoding=\"async\" width=\"500\" height=\"262\" src=\"https:\/\/infotulcea.ro\/wp-content\/uploads\/2025\/09\/licitatia-500x262.png\" class=\"image wp-image-36670  attachment-medium size-medium lazyload\" alt><img loading=\"lazy\" decoding=\"async\" width=\"500\" height=\"262\" src=\"https:\/\/infotulcea.ro\/wp-content\/uploads\/2025\/09\/licitatia-500x262.png\" class=\"image wp-image-36670  attachment-medium size-medium\" alt><\/a><\/div>\n<div id=\"media_image-27\" class=\"container-wrapper widget widget_media_image\"><a href=\"https:\/\/www.centrale-lemne-liepsnele.ro\/\"><img loading=\"lazy\" decoding=\"async\" width=\"500\" height=\"500\" src=\"https:\/\/infotulcea.ro\/wp-content\/uploads\/2025\/09\/Centrale-pe-Lemne-Liepsnele-500x500.png\" class=\"image wp-image-36541  attachment-medium size-medium lazyload\" alt=\"Centrala pe lemne\"><img loading=\"lazy\" decoding=\"async\" width=\"500\" height=\"500\" src=\"https:\/\/infotulcea.ro\/wp-content\/uploads\/2025\/09\/Centrale-pe-Lemne-Liepsnele-500x500.png\" class=\"image wp-image-36541  attachment-medium size-medium\" alt=\"Centrala pe lemne\"><\/a><\/div>\n<div id=\"media_image-28\" class=\"container-wrapper widget widget_media_image\"><a href=\"https:\/\/infotulcea.ro\/angajeaza-te-ro-platforma-ta-online-de-angajari-si-forta-de-munca\/\"><source sizes=\"(max-width: 500px) 100vw, 500px\" type=\"image\/webp\" data-srcset=\"https:\/\/infotulcea.ro\/wp-content\/uploads\/2025\/04\/banner-angajazate-1-500x305.jpg.webp 500w, https:\/\/infotulcea.ro\/wp-content\/uploads\/2025\/04\/banner-angajazate-1-1024x625.jpg.webp 1024w, https:\/\/infotulcea.ro\/wp-content\/uploads\/2025\/04\/banner-angajazate-1-768x469.jpg.webp 768w, https:\/\/infotulcea.ro\/wp-content\/uploads\/2025\/04\/banner-angajazate-1.jpg.webp 1080w\" \/><img loading=\"lazy\" decoding=\"async\" width=\"500\" height=\"305\" src=\"https:\/\/infotulcea.ro\/wp-content\/uploads\/2025\/04\/banner-angajazate-1-500x305.jpg\" class=\"image wp-image-34317  attachment-medium size-medium\" alt><\/a><\/div>\n<\/div>\n<\/aside>\n<\/div>\n<\/div>\n<div class=\"entry-content entry clearfix\">\n<p class=\"isSelectedEnd\"><strong>Locuitorii din mai multe localit\u0103\u021bi din nordul \u0219i estul jude\u021bului Tulcea au primit, \u00een jurul orei 10:00, un mesaj de avertizare de tip Ro-Alert, privind posibilitatea c\u0103derii unor obiecte din spa\u021biul aerian.<\/strong><\/p>\n<p class=\"isSelectedEnd\">Avertizarea a fost transmis\u0103 dup\u0103 ce structurile cu atribu\u021bii \u00een monitorizarea \u0219i ap\u0103rarea spa\u021biului aerian al Rom\u00e2niei au identificat o \u021bint\u0103 care se \u00eendrepta spre teritoriul na\u021bional. Mesajul a fost emis de <strong>Inspectoratul General pentru Situa\u021bii de Urgen\u021b\u0103 (IGSU)<\/strong>, la informarea primit\u0103 din partea <strong>Statului Major al For\u021belor Aeriene<\/strong>.<source sizes=\"(max-width: 456px) 100vw, 456px\" type=\"image\/webp\" data-srcset=\"https:\/\/infotulcea.ro\/wp-content\/uploads\/2026\/07\/ro-alert-500x333.jpg.webp 500w, https:\/\/infotulcea.ro\/wp-content\/uploads\/2026\/07\/ro-alert-1024x683.jpg.webp 1024w, https:\/\/infotulcea.ro\/wp-content\/uploads\/2026\/07\/ro-alert-768x512.jpg.webp 768w, https:\/\/infotulcea.ro\/wp-content\/uploads\/2026\/07\/ro-alert.jpg.webp 1080w\" \/><\/p>\n<p><img loading=\"lazy\" decoding=\"async\" class=\" wp-image-40225 alignright\" src=\"https:\/\/infotulcea.ro\/wp-content\/uploads\/2026\/07\/ro-alert-500x333.jpg\" alt width=\"456\" height=\"304\"><\/p>\n<p class=\"isSelectedEnd\">Printre localit\u0103\u021bile vizate de avertizare s-au num\u0103rat: <strong>Grindu, Luncavi\u021ba, V\u0103c\u0103reni, Isaccea, Niculi\u021bel, Hamcearca, Valea Teilor, Frec\u0103\u021bei, Somova, municipiul Tulcea, Ceatalchioi, Pardina, Maliuc, Chilia Veche, C.A. Rosetti \u0219i Sulina<\/strong>.<\/p>\n<p class=\"isSelectedEnd\">Potrivit <strong>Inspectoratului pentru Situa\u021bii de Urgen\u021b\u0103 \u201eDelta\u201d Tulcea<\/strong>, dup\u0103 transmiterea mesajului Ro-Alert, \u00een dispeceratul institu\u021biei <strong>nu au fost \u00eenregistrate apeluri la num\u0103rul unic de urgen\u021b\u0103 112<\/strong>.<\/p>\n<p class=\"isSelectedEnd\">Autorit\u0103\u021bile reamintesc c\u0103 mesajele Ro-Alert sunt transmise cu scop preventiv, pentru informarea popula\u021biei \u0219i pentru ca aceasta s\u0103 poat\u0103 adopta m\u0103suri de autoprotec\u021bie atunci c\u00e2nd situa\u021bia o impune.<\/p>\n<p>Totodat\u0103, cet\u0103\u021benii sunt \u00eendemna\u021bi s\u0103 apeleze <strong>112<\/strong> \u0219i s\u0103 anun\u021be orice eveniment sau posibil\u0103 situa\u021bie de risc care le-ar putea pune \u00een pericol siguran\u021ba \u0219i integritatea.<\/p>\n<\/div>\n<div class=\"articleBody\" data-key=\"articleBody\">Locuitorii din mai multe localit\u0103\u021bi din nordul \u0219i estul jude\u021bului Tulcea au primit, \u00een jurul orei 10:00, un mesaj de avertizare de tip Ro-Alert, privind posibilitatea c\u0103derii unor obiecte din spa\u021biul aerian.<br \/>\nAvertizarea a fost transmis\u0103 dup\u0103 ce structurile cu atribu\u021bii \u00een monitorizarea \u0219i ap\u0103rarea spa\u021biului aerian al Rom\u00e2niei au identificat o \u021bint\u0103 care se \u00eendrepta spre teritoriul na\u021bional. Mesajul a fost emis de Inspectoratul General pentru Situa\u021bii de Urgen\u021b\u0103 (IGSU), la informarea primit\u0103 din partea Statului Major al For\u021belor Aeriene.<br \/>\nPrintre localit\u0103\u021bile vizate de avertizare s-au num\u0103rat: Grindu, Luncavi\u021ba, V\u0103c\u0103reni, Isaccea, Niculi\u021bel, Hamcearca, Valea Teilor, Frec\u0103\u021bei, Somova, municipiul Tulcea, Ceatalchioi, Pardina, Maliuc, Chilia Veche, C.A. Rosetti \u0219i Sulina.<br \/>\nPotrivit Inspectoratului pentru Situa\u021bii de Urgen\u021b\u0103 \u201eDelta\u201d Tulcea, dup\u0103 transmiterea mesajului Ro-Alert, \u00een dispeceratul institu\u021biei nu au fost \u00eenregistrate apeluri la num\u0103rul unic de urgen\u021b\u0103 112.<br \/>\nAutorit\u0103\u021bile reamintesc c\u0103 mesajele Ro-Alert sunt transmise cu scop preventiv, pentru informarea popula\u021biei \u0219i pentru ca aceasta s\u0103 poat\u0103 adopta m\u0103suri de autoprotec\u021bie atunci c\u00e2nd situa\u021bia o impune.<br \/>\nTotodat\u0103, cet\u0103\u021benii sunt \u00eendemna\u021bi s\u0103 apeleze 112 \u0219i s\u0103 anun\u021be orice eveniment sau posibil\u0103 situa\u021bie de risc care le-ar putea pune \u00een pericol siguran\u021ba \u0219i integritatea.<\/div>\n<p>[analyse_source url=&#8221;https:\/\/infotulcea.ro\/ro-alert-in-tulcea-dupa-detectarea-unei-tinte-aeriene-nu-au-fost-inregistrate-apeluri-la-112\/&#8221;]<\/p>\n","protected":false},"excerpt":{"rendered":"<p>[analyse_image type=&#8221;featured&#8221; src=&#8221;https:\/\/infotulcea.ro\/wp-content\/uploads\/2026\/07\/ro-alert.jpghttps:\/\/infotulcea.ro\/wp-content\/uploads\/2026\/07\/ro-alert.jpg&#8221;] Home\/\u015etirea zilei\/Ro-Alert \u00een Tulcea dup\u0103 detectarea unei \u021binte aeriene. Nu au fost \u00eenregistrate apeluri la 112 \u015etirea zilei Ro-Alert \u00een Tulcea dup\u0103 detectarea unei \u021binte aeriene. Nu au fost \u00eenregistrate apeluri la 112 Redactia26 iulie 2026 0 414 1 minute read Locuitorii din mai multe localit\u0103\u021bi din nordul \u0219i estul jude\u021bului Tulcea [&hellip;]<\/p>\n","protected":false},"author":1,"featured_media":0,"comment_status":"open","ping_status":"","sticky":false,"template":"","format":"standard","meta":{"footnotes":""},"categories":[89],"tags":[226,221],"class_list":["post-2065845","post","type-post","status-publish","format-standard","hentry","category-romania","tag-crawlmanager","tag-infotulcea-ro"],"_links":{"self":[{"href":"https:\/\/analyse.optim.biz\/index.php?rest_route=\/wp\/v2\/posts\/2065845","targetHints":{"allow":["GET"]}}],"collection":[{"href":"https:\/\/analyse.optim.biz\/index.php?rest_route=\/wp\/v2\/posts"}],"about":[{"href":"https:\/\/analyse.optim.biz\/index.php?rest_route=\/wp\/v2\/types\/post"}],"author":[{"embeddable":true,"href":"https:\/\/analyse.optim.biz\/index.php?rest_route=\/wp\/v2\/users\/1"}],"replies":[{"embeddable":true,"href":"https:\/\/analyse.optim.biz\/index.php?rest_route=%2Fwp%2Fv2%2Fcomments&post=2065845"}],"version-history":[{"count":0,"href":"https:\/\/analyse.optim.biz\/index.php?rest_route=\/wp\/v2\/posts\/2065845\/revisions"}],"wp:attachment":[{"href":"https:\/\/analyse.optim.biz\/index.php?rest_route=%2Fwp%2Fv2%2Fmedia&parent=2065845"}],"wp:term":[{"taxonomy":"category","embeddable":true,"href":"https:\/\/analyse.optim.biz\/index.php?rest_route=%2Fwp%2Fv2%2Fcategories&post=2065845"},{"taxonomy":"post_tag","embeddable":true,"href":"https:\/\/analyse.optim.biz\/index.php?rest_route=%2Fwp%2Fv2%2Ftags&post=2065845"}],"curies":[{"name":"wp","href":"https:\/\/api.w.org\/{rel}","templated":true}]}}