{"id":2065844,"date":"2026-07-25T18:40:33","date_gmt":"2026-07-25T15:40:33","guid":{"rendered":"https:\/\/analyse.optim.biz\/?p=2065844"},"modified":"2026-07-25T18:40:33","modified_gmt":"2026-07-25T15:40:33","slug":"a-doua-drona-doborata-de-o-aeronava-f-16-fighting-falcon-din-fortele-aeriene-romane","status":"publish","type":"post","link":"https:\/\/analyse.optim.biz\/?p=2065844","title":{"rendered":"A doua dron\u0103 dobor\u00e2t\u0103 de o aeronav\u0103 F-16 Fighting Falcon din For\u021bele Aeriene Rom\u00e2ne"},"content":{"rendered":"<p>[analyse_image type=&#8221;featured&#8221; src=&#8221;https:\/\/infotulcea.ro\/wp-content\/uploads\/2026\/07\/stirea-zilei.jpghttps:\/\/infotulcea.ro\/wp-content\/uploads\/2026\/07\/stirea-zilei.jpg&#8221;]<\/p>\n<div id=\"content\" class=\"site-content container\">\n<div id=\"main-content-row\" class=\"tie-row main-content-row\">\n<div class=\"main-content tie-col-md-8 tie-col-xs-12\" role=\"main\">\n<article id=\"the-post\" class=\"container-wrapper post-content tie-standard\">\n<header class=\"entry-header-outer\">\n<nav id=\"breadcrumb\"><a href=\"https:\/\/infotulcea.ro\/\"> Home<\/a><em class=\"delimiter\">\/<\/em><a href=\"https:\/\/infotulcea.ro\/categorie\/administratie\/\">Administra\u0163ie<\/a><em class=\"delimiter\">\/<\/em><span class=\"current\">A doua dron\u0103 dobor\u00e2t\u0103 de o aeronav\u0103 F-16 Fighting Falcon din For\u021bele Aeriene Rom\u00e2ne<\/span><\/nav>\n<div class=\"entry-header\"><span class=\"post-cat-wrap\"><a class=\"post-cat tie-cat-30\" href=\"https:\/\/infotulcea.ro\/categorie\/administratie\/\">Administra\u0163ie<\/a><a class=\"post-cat tie-cat-29\" href=\"https:\/\/infotulcea.ro\/categorie\/stirea-zilei\/\">\u015etirea zilei<\/a><\/span><\/p>\n<h1 class=\"post-title entry-title\">\n\t\t\tA doua dron\u0103 dobor\u00e2t\u0103 de o aeronav\u0103 F-16 Fighting Falcon din For\u021bele Aeriene Rom\u00e2ne\t\t<\/h1>\n<div class=\"single-post-meta post-meta clearfix\"><span class=\"author-meta single-author no-avatars\"><span class=\"meta-item meta-author-wrapper meta-author-9\"><span class=\"meta-author\"><a href=\"https:\/\/infotulcea.ro\/author\/redactia-2\/\" class=\"author-name tie-icon\" title=\"Redactia\">Redactia<\/a><\/span><\/span><\/span><span class=\"date meta-item tie-icon\">25 iulie 2026<\/span><\/p>\n<div class=\"tie-alignright\"><span class=\"meta-comment tie-icon meta-item fa-before\">0<\/span><span class=\"meta-views meta-item \"> 236 <\/span><span class=\"meta-reading-time meta-item\"> Less than a minute<\/span><\/div>\n<\/div>\n<\/div>\n<\/header>\n<div class=\"entry-content entry clearfix\">\n<p><strong>S\u00e2mb\u0103t\u0103, 25 iulie, la ora 08:22, sistemele de supraveghere radar ale Ministerului Ap\u0103r\u0103rii Na\u021bionale au detectat o nou\u0103 p\u0103trundere neautorizat\u0103 \u00een spa\u021biul aerian na\u021bional a unei drone care evolua \u00een zona de frontier\u0103 cu Ucraina.<\/strong><\/p>\n<div>\n<div>Dou\u0103 aeronave F-16 Fighting Falcon ale For\u021belor Aeriene Rom\u00e2ne, aflate \u00een serviciul de lupt\u0103 Poli\u021bie Aerian\u0103, au interceptat \u021binta aerian\u0103 \u0219i au executat procedurile standard de identificare \u0219i neutralizare.<source sizes=\"(max-width: 441px) 100vw, 441px\" type=\"image\/webp\" data-srcset=\"https:\/\/infotulcea.ro\/wp-content\/uploads\/2026\/07\/stirea-zilei-500x333.jpg.webp 500w, https:\/\/infotulcea.ro\/wp-content\/uploads\/2026\/07\/stirea-zilei-1024x683.jpg.webp 1024w, https:\/\/infotulcea.ro\/wp-content\/uploads\/2026\/07\/stirea-zilei-768x512.jpg.webp 768w, https:\/\/infotulcea.ro\/wp-content\/uploads\/2026\/07\/stirea-zilei.jpg.webp 1080w\" \/><img loading=\"lazy\" decoding=\"async\" class=\" wp-image-40222 alignright\" src=\"https:\/\/infotulcea.ro\/wp-content\/uploads\/2026\/07\/stirea-zilei-500x333.jpg\" alt width=\"441\" height=\"294\"><\/div>\n<div>Drona a fost dobor\u00e2t\u0103 \u00een condi\u021bii de siguran\u021b\u0103 \u00eentr-o zon\u0103 nepopulat\u0103 din proximitatea frontierei.<\/div>\n<div>Echipe ale MApN urmeaz\u0103 s\u0103 se deplaseze \u00een zona de impact pentru verific\u0103ri.<\/div>\n<div>Ministerul Ap\u0103r\u0103rii Na\u021bionale monitorizeaz\u0103 \u00een permanen\u021b\u0103 situa\u021bia din spa\u021biul aerian \u0219i este \u00een contact str\u00e2ns cu structurile aliate.<\/div>\n<div>Informa\u021bii suplimentare vor fi puse la dispozi\u021bie pe m\u0103sur\u0103 ce vor fi disponibile.<\/div>\n<\/div>\n<\/div>\n<div id=\"post-extra-info\">\n<div class=\"theiaStickySidebar\">\n<div class=\"single-post-meta post-meta clearfix\"><span class=\"author-meta single-author no-avatars\"><span class=\"meta-item meta-author-wrapper meta-author-9\"><span class=\"meta-author\"><a href=\"https:\/\/infotulcea.ro\/author\/redactia-2\/\" class=\"author-name tie-icon\" title=\"Redactia\">Redactia<\/a><\/span><\/span><\/span><span class=\"date meta-item tie-icon\">25 iulie 2026<\/span><\/p>\n<div class=\"tie-alignright\"><span class=\"meta-comment tie-icon meta-item fa-before\">0<\/span><span class=\"meta-views meta-item \"> 236 <\/span><span class=\"meta-reading-time meta-item\"> Less than a minute<\/span><\/div>\n<\/div>\n<\/div>\n<\/div>\n<div id=\"share-buttons-bottom\" class=\"share-buttons share-buttons-bottom\">\n<div class=\"share-links  icons-only\">\n<div class=\"share-title\"><span> Share<\/span><\/div>\n<p><a href=\"https:\/\/www.facebook.com\/sharer.php?u=https:\/\/infotulcea.ro\/a-doua-drona-doborata-de-o-aeronava-f-16-fighting-falcon-din-fortele-aeriene-romane\/\" rel=\"external noopener nofollow\" title=\"Facebook\" target=\"_blank\" class=\"facebook-share-btn \" data-raw=\"https:\/\/www.facebook.com\/sharer.php?u={post_link}\"><span class=\"screen-reader-text\">Facebook<\/span><\/a><a href=\"https:\/\/twitter.com\/intent\/tweet?text=A%20doua%20dron%C4%83%20dobor%C3%A2t%C4%83%20de%20o%20aeronav%C4%83%20F-16%20Fighting%20Falcon%20din%20For%C8%9Bele%20Aeriene%20Rom%C3%A2ne&amp;url=https:\/\/infotulcea.ro\/a-doua-drona-doborata-de-o-aeronava-f-16-fighting-falcon-din-fortele-aeriene-romane\/\" rel=\"external noopener nofollow\" title=\"X\" target=\"_blank\" class=\"twitter-share-btn \" data-raw=\"https:\/\/twitter.com\/intent\/tweet?text={post_title}&amp;url={post_link}\"><span class=\"screen-reader-text\">X<\/span><\/a><a href=\"https:\/\/api.whatsapp.com\/send?text=A%20doua%20dron%C4%83%20dobor%C3%A2t%C4%83%20de%20o%20aeronav%C4%83%20F-16%20Fighting%20Falcon%20din%20For%C8%9Bele%20Aeriene%20Rom%C3%A2ne%20https:\/\/infotulcea.ro\/a-doua-drona-doborata-de-o-aeronava-f-16-fighting-falcon-din-fortele-aeriene-romane\/\" rel=\"external noopener nofollow\" title=\"WhatsApp\" target=\"_blank\" class=\"whatsapp-share-btn \" data-raw=\"https:\/\/api.whatsapp.com\/send?text={post_title}%20{post_link}\"><span class=\"screen-reader-text\">WhatsApp<\/span><\/a><a href=\"https:\/\/telegram.me\/share\/url?url=https:\/\/infotulcea.ro\/a-doua-drona-doborata-de-o-aeronava-f-16-fighting-falcon-din-fortele-aeriene-romane\/&amp;text=A%20doua%20dron%C4%83%20dobor%C3%A2t%C4%83%20de%20o%20aeronav%C4%83%20F-16%20Fighting%20Falcon%20din%20For%C8%9Bele%20Aeriene%20Rom%C3%A2ne\" rel=\"external noopener nofollow\" title=\"Telegram\" target=\"_blank\" class=\"telegram-share-btn \" data-raw=\"https:\/\/telegram.me\/share\/url?url={post_link}&amp;text={post_title}\"><span class=\"screen-reader-text\">Telegram<\/span><\/a><a href=\"mailto:?subject=A%20doua%20dron%C4%83%20dobor%C3%A2t%C4%83%20de%20o%20aeronav%C4%83%20F-16%20Fighting%20Falcon%20din%20For%C8%9Bele%20Aeriene%20Rom%C3%A2ne&amp;body=https:\/\/infotulcea.ro\/a-doua-drona-doborata-de-o-aeronava-f-16-fighting-falcon-din-fortele-aeriene-romane\/\" rel=\"external noopener nofollow\" title=\"Share via Email\" target=\"_blank\" class=\"email-share-btn \" data-raw=\"mailto:?subject={post_title}&amp;body={post_link}\"><span class=\"screen-reader-text\">Share via Email<\/span><\/a><a href=\"https:\/\/infotulcea.ro\/a-doua-drona-doborata-de-o-aeronava-f-16-fighting-falcon-din-fortele-aeriene-romane\/\" rel=\"external noopener nofollow\" title=\"Print\" target=\"_blank\" class=\"print-share-btn \" data-raw=\"#\"><span class=\"screen-reader-text\">Print<\/span><\/a><\/div>\n<\/div>\n<\/article>\n<div class=\"post-components\">\n<div id=\"related-posts\" class=\"container-wrapper has-extra-post\">\n<div class=\"mag-box-title the-global-title\">\n<h3>Related Articles<\/h3>\n<\/div>\n<div class=\"related-posts-list\">\n<div class=\"related-item tie-standard\"><a aria-label=\"Salva\u021bi Copiii anun\u021b\u0103: Tulcea nu mai este pe primul loc la mortalitate infantil\u0103!\" href=\"https:\/\/infotulcea.ro\/salvati-copiii-anunta-tulcea-nu-mai-este-pe-primul-loc-la-mortalitate-infantila\/\" class=\"post-thumb\"><source type=\"image\/webp\" data-srcset=\"https:\/\/infotulcea.ro\/wp-content\/uploads\/2022\/12\/Foto-Salvati-Copiii-2-390x220.jpg.webp\" \/><img loading=\"lazy\" decoding=\"async\" width=\"390\" height=\"220\" src=\"https:\/\/infotulcea.ro\/wp-content\/uploads\/2022\/12\/Foto-Salvati-Copiii-2-390x220.jpg\" class=\"attachment-jannah-image-large size-jannah-image-large wp-post-image\" alt><\/a><\/p>\n<h3 class=\"post-title\"><a href=\"https:\/\/infotulcea.ro\/salvati-copiii-anunta-tulcea-nu-mai-este-pe-primul-loc-la-mortalitate-infantila\/\">Salva\u021bi Copiii anun\u021b\u0103: Tulcea nu mai este pe primul loc la mortalitate infantil\u0103!<\/a><\/h3>\n<div class=\"post-meta clearfix\"><span class=\"date meta-item tie-icon\">14 decembrie 2022<\/span><\/div>\n<\/div>\n<div class=\"related-item tie-standard\"><a aria-label=\"Emo\u021bii de azi pentru 1536 de absolven\u021bi de gimnaziu. A \u00eenceput Evaluarea Na\u021bional\u0103\" href=\"https:\/\/infotulcea.ro\/emotii-de-azi-pentru-1536-de-absolventi-de-gimnaziu-a-inceput-evaluarea-nationala\/\" class=\"post-thumb\"><source sizes=\"(max-width: 390px) 100vw, 390px\" type=\"image\/webp\" data-srcset=\"https:\/\/infotulcea.ro\/wp-content\/uploads\/2025\/06\/NDE2MDMwYjgwMzQzMTEyYWRhMzRjYmM4YjE0Y2Q.thumb_-390x220.jpg.webp 390w, https:\/\/infotulcea.ro\/wp-content\/uploads\/2025\/06\/NDE2MDMwYjgwMzQzMTEyYWRhMzRjYmM4YjE0Y2Q.thumb_-500x282.jpg.webp 500w, https:\/\/infotulcea.ro\/wp-content\/uploads\/2025\/06\/NDE2MDMwYjgwMzQzMTEyYWRhMzRjYmM4YjE0Y2Q.thumb_-768x433.jpg.webp 768w, https:\/\/infotulcea.ro\/wp-content\/uploads\/2025\/06\/NDE2MDMwYjgwMzQzMTEyYWRhMzRjYmM4YjE0Y2Q.thumb_.jpg.webp 780w\" \/><img loading=\"lazy\" decoding=\"async\" width=\"390\" height=\"220\" src=\"https:\/\/infotulcea.ro\/wp-content\/uploads\/2025\/06\/NDE2MDMwYjgwMzQzMTEyYWRhMzRjYmM4YjE0Y2Q.thumb_-390x220.jpg\" class=\"attachment-jannah-image-large size-jannah-image-large wp-post-image\" alt><\/a><\/p>\n<h3 class=\"post-title\"><a href=\"https:\/\/infotulcea.ro\/emotii-de-azi-pentru-1536-de-absolventi-de-gimnaziu-a-inceput-evaluarea-nationala\/\">Emo\u021bii de azi pentru 1536 de absolven\u021bi de gimnaziu. A \u00eenceput Evaluarea Na\u021bional\u0103<\/a><\/h3>\n<div class=\"post-meta clearfix\"><span class=\"date meta-item tie-icon\">23 iunie 2025<\/span><\/div>\n<\/div>\n<div class=\"related-item tie-standard\"><a aria-label=\"(VIDEO) Accident naval \u00een Delta Dun\u0103rii! A fost activat PLANUL RO\u015eU DE INTERVEN\u0162IE!\" href=\"https:\/\/infotulcea.ro\/accident-naval-in-delta-dunarii-a-fost-activat-planul-rosu-de-interventie\/\" class=\"post-thumb\"><source type=\"image\/webp\" data-srcset=\"https:\/\/infotulcea.ro\/wp-content\/uploads\/2020\/07\/lica-390x220.jpg.webp\" \/><img loading=\"lazy\" decoding=\"async\" width=\"390\" height=\"220\" src=\"https:\/\/infotulcea.ro\/wp-content\/uploads\/2020\/07\/lica-390x220.jpg\" class=\"attachment-jannah-image-large size-jannah-image-large wp-post-image\" alt><\/a><\/p>\n<h3 class=\"post-title\"><a href=\"https:\/\/infotulcea.ro\/accident-naval-in-delta-dunarii-a-fost-activat-planul-rosu-de-interventie\/\">(VIDEO) Accident naval \u00een Delta Dun\u0103rii! A fost activat PLANUL RO\u015eU DE INTERVEN\u0162IE!<\/a><\/h3>\n<div class=\"post-meta clearfix\"><span class=\"date meta-item tie-icon\">28 iulie 2020<\/span><\/div>\n<\/div>\n<div class=\"related-item tie-standard\"><a aria-label=\"Accident cu un r\u0103nit pe drumul jude\u021bean dintre Babadag \u0219i Slava Rus\u0103!\" href=\"https:\/\/infotulcea.ro\/accident-cu-un-ranit-pe-drumul-judetean-dintre-babadag-si-slava-rusa\/\" class=\"post-thumb\"><img loading=\"lazy\" decoding=\"async\" width=\"390\" height=\"220\" src=\"https:\/\/infotulcea.ro\/wp-content\/uploads\/2021\/09\/IMG-20210915-WA0015-390x220.jpg\" class=\"attachment-jannah-image-large size-jannah-image-large wp-post-image lazyload\" alt><img loading=\"lazy\" decoding=\"async\" width=\"390\" height=\"220\" src=\"https:\/\/infotulcea.ro\/wp-content\/uploads\/2021\/09\/IMG-20210915-WA0015-390x220.jpg\" class=\"attachment-jannah-image-large size-jannah-image-large wp-post-image\" alt><\/a><\/p>\n<h3 class=\"post-title\"><a href=\"https:\/\/infotulcea.ro\/accident-cu-un-ranit-pe-drumul-judetean-dintre-babadag-si-slava-rusa\/\">Accident cu un r\u0103nit pe drumul jude\u021bean dintre Babadag \u0219i Slava Rus\u0103!<\/a><\/h3>\n<div class=\"post-meta clearfix\"><span class=\"date meta-item tie-icon\">15 septembrie 2021<\/span><\/div>\n<\/div>\n<\/div>\n<\/div>\n<div id=\"comments\" class=\"comments-area\">\n<div id=\"add-comment-block\" class=\"container-wrapper\">\n<div id=\"respond\" class=\"comment-respond\">\n<h3 id=\"reply-title\" class=\"comment-reply-title the-global-title\">Las\u0103 un r\u0103spuns <small><a rel=\"nofollow\" id=\"cancel-comment-reply-link\" href=\"https:\/\/infotulcea.ro\/a-doua-drona-doborata-de-o-aeronava-f-16-fighting-falcon-din-fortele-aeriene-romane\/#respond\">Anuleaz\u0103 r\u0103spunsul<\/a><\/small><\/h3>\n<p class=\"comment-notes\"><span id=\"email-notes\">Adresa ta de email nu va fi publicat\u0103.<\/span><span class=\"required-field-message\">C\u00e2mpurile obligatorii sunt marcate cu <span class=\"required\">*<\/span><\/span><\/p>\n<\/div>\n<\/div>\n<\/div>\n<\/div>\n<\/div>\n<div id=\"check-also-box\" class=\"container-wrapper check-also-right\">\n<div class=\"widget-title the-global-title\">\n<div class=\"the-subtitle\">Check Also<\/div>\n<p><a href=\"https:\/\/infotulcea.ro\/a-doua-drona-doborata-de-o-aeronava-f-16-fighting-falcon-din-fortele-aeriene-romane\/\" id=\"check-also-close\" class=\"remove\"><span class=\"screen-reader-text\">Close<\/span><\/a><\/div>\n<div class=\"widget posts-list-big-first has-first-big-post\">\n<ul class=\"posts-list-items\">\n<li class=\"widget-single-post-item widget-post-list tie-standard\">\n<div class=\"post-widget-thumbnail\"><a aria-label=\"Testul COVID negativ a devenit condi\u0163ie pentru prezen\u0163a \u00een cantonamentul lotului na\u0163ional de fotbal\" href=\"https:\/\/infotulcea.ro\/testul-covid-negativ-a-devenit-conditie-pentru-prezenta-in-cantonamentul-lotului-national-de-fotbal\/\" class=\"post-thumb\"><span class=\"post-cat-wrap\"><span class=\"post-cat tie-cat-29\">\u015etirea zilei<\/span><\/span><img loading=\"lazy\" decoding=\"async\" width=\"390\" height=\"220\" src=\"https:\/\/infotulcea.ro\/wp-content\/uploads\/2020\/10\/WhatsApp-Image-2020-09-30-at-10.09.22-390x220.jpeg\" class=\"attachment-jannah-image-large size-jannah-image-large wp-post-image lazyload\" alt><img loading=\"lazy\" decoding=\"async\" width=\"390\" height=\"220\" src=\"https:\/\/infotulcea.ro\/wp-content\/uploads\/2020\/10\/WhatsApp-Image-2020-09-30-at-10.09.22-390x220.jpeg\" class=\"attachment-jannah-image-large size-jannah-image-large wp-post-image\" alt><\/a><\/div>\n<div class=\"post-widget-body \"><a class=\"post-title the-subtitle\" href=\"https:\/\/infotulcea.ro\/testul-covid-negativ-a-devenit-conditie-pentru-prezenta-in-cantonamentul-lotului-national-de-fotbal\/\">Testul COVID negativ a devenit condi\u0163ie pentru prezen\u0163a \u00een cantonamentul lotului na\u0163ional de fotbal<\/a><\/p>\n<div class=\"post-meta\"><span class=\"date meta-item tie-icon\">2 octombrie 2020<\/span><\/div>\n<\/div>\n<\/li>\n<\/ul>\n<\/div>\n<\/div>\n<aside class=\"sidebar tie-col-md-4 tie-col-xs-12 normal-side is-sticky\" aria-label=\"Primary Sidebar\">\n<div class=\"theiaStickySidebar\">\n<div id=\"media_image-19\" class=\"container-wrapper widget widget_media_image\"><a href=\"https:\/\/infotulcea.ro\/delta-dunarii-mai-accesibila-navrom-delta-creste-numarul-curselor-regulate-de-la-1-mai-2025\/\"><source sizes=\"(max-width: 500px) 100vw, 500px\" type=\"image\/webp\" data-srcset=\"https:\/\/infotulcea.ro\/wp-content\/uploads\/2025\/04\/navrom-delta-500x271.jpg.webp 500w, https:\/\/infotulcea.ro\/wp-content\/uploads\/2025\/04\/navrom-delta-1024x555.jpg.webp 1024w, https:\/\/infotulcea.ro\/wp-content\/uploads\/2025\/04\/navrom-delta-768x416.jpg.webp 768w, https:\/\/infotulcea.ro\/wp-content\/uploads\/2025\/04\/navrom-delta.jpg.webp 1080w\" \/><img loading=\"lazy\" decoding=\"async\" width=\"500\" height=\"271\" src=\"https:\/\/infotulcea.ro\/wp-content\/uploads\/2025\/04\/navrom-delta-500x271.jpg\" class=\"image wp-image-34487  attachment-medium size-medium\" alt><\/a><\/div>\n<div id=\"media_image-17\" class=\"container-wrapper widget widget_media_image\"><a href=\"https:\/\/www.facebook.com\/share\/p\/1DGAD1tLWN\/?mibextid=wwXIfr\" target=\"_blank\"><source sizes=\"(max-width: 500px) 100vw, 500px\" type=\"image\/webp\" data-srcset=\"https:\/\/infotulcea.ro\/wp-content\/uploads\/2026\/01\/IMG_1563-500x500.jpeg.webp 500w, https:\/\/infotulcea.ro\/wp-content\/uploads\/2026\/01\/IMG_1563-1024x1024.jpeg.webp 1024w, https:\/\/infotulcea.ro\/wp-content\/uploads\/2026\/01\/IMG_1563-250x250.jpeg.webp 250w, https:\/\/infotulcea.ro\/wp-content\/uploads\/2026\/01\/IMG_1563-768x768.jpeg.webp 768w, https:\/\/infotulcea.ro\/wp-content\/uploads\/2026\/01\/IMG_1563.jpeg.webp 1080w\" \/><img loading=\"lazy\" decoding=\"async\" width=\"500\" height=\"500\" src=\"https:\/\/infotulcea.ro\/wp-content\/uploads\/2026\/01\/IMG_1563-500x500.jpeg\" class=\"image wp-image-37932  attachment-medium size-medium\" alt title=\"Centrale pe lemne\"><\/a><\/div>\n<div id=\"media_image-18\" class=\"container-wrapper widget widget_media_image\"><a href=\"https:\/\/www.licitatia.ro\/site\/index-guest\"><img loading=\"lazy\" decoding=\"async\" width=\"500\" height=\"262\" src=\"https:\/\/infotulcea.ro\/wp-content\/uploads\/2025\/09\/licitatia-500x262.png\" class=\"image wp-image-36670  attachment-medium size-medium lazyload\" alt><img loading=\"lazy\" decoding=\"async\" width=\"500\" height=\"262\" src=\"https:\/\/infotulcea.ro\/wp-content\/uploads\/2025\/09\/licitatia-500x262.png\" class=\"image wp-image-36670  attachment-medium size-medium\" alt><\/a><\/div>\n<div id=\"media_image-27\" class=\"container-wrapper widget widget_media_image\"><a href=\"https:\/\/www.centrale-lemne-liepsnele.ro\/\"><img loading=\"lazy\" decoding=\"async\" width=\"500\" height=\"500\" src=\"https:\/\/infotulcea.ro\/wp-content\/uploads\/2025\/09\/Centrale-pe-Lemne-Liepsnele-500x500.png\" class=\"image wp-image-36541  attachment-medium size-medium lazyload\" alt=\"Centrala pe lemne\"><img loading=\"lazy\" decoding=\"async\" width=\"500\" height=\"500\" src=\"https:\/\/infotulcea.ro\/wp-content\/uploads\/2025\/09\/Centrale-pe-Lemne-Liepsnele-500x500.png\" class=\"image wp-image-36541  attachment-medium size-medium\" alt=\"Centrala pe lemne\"><\/a><\/div>\n<div id=\"media_image-28\" class=\"container-wrapper widget widget_media_image\"><a href=\"https:\/\/infotulcea.ro\/angajeaza-te-ro-platforma-ta-online-de-angajari-si-forta-de-munca\/\"><source sizes=\"(max-width: 500px) 100vw, 500px\" type=\"image\/webp\" data-srcset=\"https:\/\/infotulcea.ro\/wp-content\/uploads\/2025\/04\/banner-angajazate-1-500x305.jpg.webp 500w, https:\/\/infotulcea.ro\/wp-content\/uploads\/2025\/04\/banner-angajazate-1-1024x625.jpg.webp 1024w, https:\/\/infotulcea.ro\/wp-content\/uploads\/2025\/04\/banner-angajazate-1-768x469.jpg.webp 768w, https:\/\/infotulcea.ro\/wp-content\/uploads\/2025\/04\/banner-angajazate-1.jpg.webp 1080w\" \/><img loading=\"lazy\" decoding=\"async\" width=\"500\" height=\"305\" src=\"https:\/\/infotulcea.ro\/wp-content\/uploads\/2025\/04\/banner-angajazate-1-500x305.jpg\" class=\"image wp-image-34317  attachment-medium size-medium\" alt><\/a><\/div>\n<\/div>\n<\/aside>\n<\/div>\n<\/div>\n<div class=\"entry-content entry clearfix\">\n<p><strong>S\u00e2mb\u0103t\u0103, 25 iulie, la ora 08:22, sistemele de supraveghere radar ale Ministerului Ap\u0103r\u0103rii Na\u021bionale au detectat o nou\u0103 p\u0103trundere neautorizat\u0103 \u00een spa\u021biul aerian na\u021bional a unei drone care evolua \u00een zona de frontier\u0103 cu Ucraina.<\/strong><\/p>\n<div>\n<div>Dou\u0103 aeronave F-16 Fighting Falcon ale For\u021belor Aeriene Rom\u00e2ne, aflate \u00een serviciul de lupt\u0103 Poli\u021bie Aerian\u0103, au interceptat \u021binta aerian\u0103 \u0219i au executat procedurile standard de identificare \u0219i neutralizare.<source sizes=\"(max-width: 441px) 100vw, 441px\" type=\"image\/webp\" data-srcset=\"https:\/\/infotulcea.ro\/wp-content\/uploads\/2026\/07\/stirea-zilei-500x333.jpg.webp 500w, https:\/\/infotulcea.ro\/wp-content\/uploads\/2026\/07\/stirea-zilei-1024x683.jpg.webp 1024w, https:\/\/infotulcea.ro\/wp-content\/uploads\/2026\/07\/stirea-zilei-768x512.jpg.webp 768w, https:\/\/infotulcea.ro\/wp-content\/uploads\/2026\/07\/stirea-zilei.jpg.webp 1080w\" \/><img loading=\"lazy\" decoding=\"async\" class=\" wp-image-40222 alignright\" src=\"https:\/\/infotulcea.ro\/wp-content\/uploads\/2026\/07\/stirea-zilei-500x333.jpg\" alt width=\"441\" height=\"294\"><\/div>\n<div>Drona a fost dobor\u00e2t\u0103 \u00een condi\u021bii de siguran\u021b\u0103 \u00eentr-o zon\u0103 nepopulat\u0103 din proximitatea frontierei.<\/div>\n<div>Echipe ale MApN urmeaz\u0103 s\u0103 se deplaseze \u00een zona de impact pentru verific\u0103ri.<\/div>\n<div>Ministerul Ap\u0103r\u0103rii Na\u021bionale monitorizeaz\u0103 \u00een permanen\u021b\u0103 situa\u021bia din spa\u021biul aerian \u0219i este \u00een contact str\u00e2ns cu structurile aliate.<\/div>\n<div>Informa\u021bii suplimentare vor fi puse la dispozi\u021bie pe m\u0103sur\u0103 ce vor fi disponibile.<\/div>\n<\/div>\n<\/div>\n<div class=\"articleBody\" data-key=\"articleBody\">S\u00e2mb\u0103t\u0103, 25 iulie, la ora 08:22, sistemele de supraveghere radar ale Ministerului Ap\u0103r\u0103rii Na\u021bionale au detectat o nou\u0103 p\u0103trundere neautorizat\u0103 \u00een spa\u021biul aerian na\u021bional a unei drone care evolua \u00een zona de frontier\u0103 cu Ucraina.<\/p>\n<p>Dou\u0103 aeronave F-16 Fighting Falcon ale For\u021belor Aeriene Rom\u00e2ne, aflate \u00een serviciul de lupt\u0103 Poli\u021bie Aerian\u0103, au interceptat \u021binta aerian\u0103 \u0219i au executat procedurile standard de identificare \u0219i neutralizare.<\/p>\n<p>Drona a fost dobor\u00e2t\u0103 \u00een condi\u021bii de siguran\u021b\u0103 \u00eentr-o zon\u0103 nepopulat\u0103 din proximitatea frontierei.<\/p>\n<p>Echipe ale MApN urmeaz\u0103 s\u0103 se deplaseze \u00een zona de impact pentru verific\u0103ri.<\/p>\n<p>Ministerul Ap\u0103r\u0103rii Na\u021bionale monitorizeaz\u0103 \u00een permanen\u021b\u0103 situa\u021bia din spa\u021biul aerian \u0219i este \u00een contact str\u00e2ns cu structurile aliate.<\/p>\n<p>Informa\u021bii suplimentare vor fi puse la dispozi\u021bie pe m\u0103sur\u0103 ce vor fi disponibile.\n<\/p><\/div>\n<p>[analyse_source url=&#8221;https:\/\/infotulcea.ro\/a-doua-drona-doborata-de-o-aeronava-f-16-fighting-falcon-din-fortele-aeriene-romane\/&#8221;]<\/p>\n","protected":false},"excerpt":{"rendered":"<p>[analyse_image type=&#8221;featured&#8221; src=&#8221;https:\/\/infotulcea.ro\/wp-content\/uploads\/2026\/07\/stirea-zilei.jpghttps:\/\/infotulcea.ro\/wp-content\/uploads\/2026\/07\/stirea-zilei.jpg&#8221;] Home\/Administra\u0163ie\/A doua dron\u0103 dobor\u00e2t\u0103 de o aeronav\u0103 F-16 Fighting Falcon din For\u021bele Aeriene Rom\u00e2ne Administra\u0163ie\u015etirea zilei A doua dron\u0103 dobor\u00e2t\u0103 de o aeronav\u0103 F-16 Fighting Falcon din For\u021bele Aeriene Rom\u00e2ne Redactia25 iulie 2026 0 236 Less than a minute S\u00e2mb\u0103t\u0103, 25 iulie, la ora 08:22, sistemele de supraveghere radar ale Ministerului Ap\u0103r\u0103rii [&hellip;]<\/p>\n","protected":false},"author":1,"featured_media":0,"comment_status":"open","ping_status":"","sticky":false,"template":"","format":"standard","meta":{"footnotes":""},"categories":[89],"tags":[226,221],"class_list":["post-2065844","post","type-post","status-publish","format-standard","hentry","category-romania","tag-crawlmanager","tag-infotulcea-ro"],"_links":{"self":[{"href":"https:\/\/analyse.optim.biz\/index.php?rest_route=\/wp\/v2\/posts\/2065844","targetHints":{"allow":["GET"]}}],"collection":[{"href":"https:\/\/analyse.optim.biz\/index.php?rest_route=\/wp\/v2\/posts"}],"about":[{"href":"https:\/\/analyse.optim.biz\/index.php?rest_route=\/wp\/v2\/types\/post"}],"author":[{"embeddable":true,"href":"https:\/\/analyse.optim.biz\/index.php?rest_route=\/wp\/v2\/users\/1"}],"replies":[{"embeddable":true,"href":"https:\/\/analyse.optim.biz\/index.php?rest_route=%2Fwp%2Fv2%2Fcomments&post=2065844"}],"version-history":[{"count":0,"href":"https:\/\/analyse.optim.biz\/index.php?rest_route=\/wp\/v2\/posts\/2065844\/revisions"}],"wp:attachment":[{"href":"https:\/\/analyse.optim.biz\/index.php?rest_route=%2Fwp%2Fv2%2Fmedia&parent=2065844"}],"wp:term":[{"taxonomy":"category","embeddable":true,"href":"https:\/\/analyse.optim.biz\/index.php?rest_route=%2Fwp%2Fv2%2Fcategories&post=2065844"},{"taxonomy":"post_tag","embeddable":true,"href":"https:\/\/analyse.optim.biz\/index.php?rest_route=%2Fwp%2Fv2%2Ftags&post=2065844"}],"curies":[{"name":"wp","href":"https:\/\/api.w.org\/{rel}","templated":true}]}}