{"id":2065817,"date":"2026-07-28T16:27:40","date_gmt":"2026-07-28T13:27:40","guid":{"rendered":"https:\/\/analyse.optim.biz\/?p=2065817"},"modified":"2026-07-28T16:27:40","modified_gmt":"2026-07-28T13:27:40","slug":"concertele-de-la-ziua-timisoarei-accesibile-si-pentru-persoanele-cu-dizabilitati","status":"publish","type":"post","link":"https:\/\/analyse.optim.biz\/?p=2065817","title":{"rendered":"Concertele de la Ziua Timi\u015foarei, accesibile \u015fi pentru persoanele cu dizabilit\u0103\u0163i"},"content":{"rendered":"<p>[analyse_image type=&#8221;featured&#8221; src=&#8221;http:\/\/www.banatulmeu.ro\/wp-content\/uploads\/2026\/07\/Denis-Blidariu.jpeg&#8221;]<\/p>\n<div class=\"post-content-bd\">\n<p>Ziua Timi\u0219oarei | Timi\u0219oara City Celebration 2026 continu\u0103 demersul de accesibilizare ini\u021biat de Centrul de Proiecte al Municipiului Timi\u0219oara \u00een anul 2023, \u00een contextul Programului Timi\u0219oara \u2013 Capital\u0103 European\u0103 a Culturii. A\u015fadar, dup\u0103 ce concertele de deschidere \u0219i \u00eenchidere din anul Capitalei Europene a Culturii au beneficiat de interpretare \u00een Limba Semnelor Rom\u00e2ne (LSR), iar aceast\u0103 practic\u0103 a fost continuat\u0103 \u0219i la edi\u021biile Ziua Timi\u0219oarei 2024 \u0219i 2025, organizatorii duc mai departe acest angajament \u0219i \u00een edi\u021bia din 2026.<\/p>\n<p>Astfel, concertele sus\u021binute de Beth Hart, The Script, Irina Rimes \u0219i Alexandra C\u0103pit\u0103nescu vor fi interpretate \u00een Limba Semnelor Rom\u00e2ne, oferind persoanelor cu deficien\u021be de auz posibilitatea de a participa c\u00e2t mai deplin la experien\u021ba artistic\u0103.<\/p>\n<p>\u201e<em>Accesul la cultur\u0103 este un drept, iar responsabilitatea noastr\u0103, ca organizatori ai unor evenimente publice, este s\u0103 reducem c\u00e2t mai mult barierele care \u00eei pot \u00eempiedica pe unii oameni s\u0103 participe. Din 2023 construim, pas cu pas, un model de accesibilizare care nu se rezum\u0103 la m\u0103suri punctuale, ci face parte din modul \u00een care \u00een\u021belegem s\u0103 organiz\u0103m evenimentele culturale. Ne dorim ca Ziua Timi\u0219oarei s\u0103 fie un eveniment \u00een care fiecare persoan\u0103 s\u0103 se simt\u0103 binevenit\u0103 \u0219i s\u0103 \u00ee\u0219i poat\u0103 tr\u0103i propria experien\u021b\u0103 de festival, indiferent de particularit\u0103\u021bile sau nevoile pe care le are. Incluziunea nu \u00eenseamn\u0103 doar acces, ci \u0219i sentimentul c\u0103 apar\u021bii unui spa\u021biu cultural care te vede, te respect\u0103 \u0219i te include\u201d,<\/em> a afirmat Ramona Laczko David, directoarea Centrului de Proiecte al Municipiului Timi\u0219oara.<\/p>\n<p>Interpretarea va fi realizat\u0103 de Denis Blidariu, interpret \u00een Limba Semnelor Rom\u00e2ne \u0219i promotor al drepturilor omului. \u00cen zona scenei principale va fi amenajat\u0103 o platform\u0103 de vizibilitate dedicat\u0103 persoanelor neurodiverse, un spa\u021biu care ofer\u0103 condi\u021bii mai confortabile pentru participarea la concerte \u0219i o perspectiv\u0103 bun\u0103 asupra scenei. De asemenea, va fi disponibil\u0103 o zon\u0103 dedicat\u0103 persoanelor hipoacuzice, conceput\u0103 pentru a facilita o experien\u021b\u0103 c\u00e2t mai bun\u0103 \u00een timpul concertelor.<\/p>\n<\/div>\n<p>[analyse_source url=&#8221;https:\/\/www.banatulmeu.ro\/concertele-de-la-ziua-timisoarei-accesibile-si-pentru-persoanele-cu-dizabilitati\/&#8221;]<\/p>\n","protected":false},"excerpt":{"rendered":"<p>[analyse_image type=&#8221;featured&#8221; src=&#8221;http:\/\/www.banatulmeu.ro\/wp-content\/uploads\/2026\/07\/Denis-Blidariu.jpeg&#8221;] Ziua Timi\u0219oarei | Timi\u0219oara City Celebration 2026 continu\u0103 demersul de accesibilizare ini\u021biat de Centrul de Proiecte al Municipiului Timi\u0219oara \u00een anul 2023, \u00een contextul Programului Timi\u0219oara \u2013 Capital\u0103 European\u0103 a Culturii. A\u015fadar, dup\u0103 ce concertele de deschidere \u0219i \u00eenchidere din anul Capitalei Europene a Culturii au beneficiat de interpretare \u00een Limba Semnelor [&hellip;]<\/p>\n","protected":false},"author":1,"featured_media":0,"comment_status":"open","ping_status":"","sticky":false,"template":"","format":"standard","meta":{"footnotes":""},"categories":[89],"tags":[204,226],"class_list":["post-2065817","post","type-post","status-publish","format-standard","hentry","category-romania","tag-banatulmeu-ro","tag-crawlmanager"],"_links":{"self":[{"href":"https:\/\/analyse.optim.biz\/index.php?rest_route=\/wp\/v2\/posts\/2065817","targetHints":{"allow":["GET"]}}],"collection":[{"href":"https:\/\/analyse.optim.biz\/index.php?rest_route=\/wp\/v2\/posts"}],"about":[{"href":"https:\/\/analyse.optim.biz\/index.php?rest_route=\/wp\/v2\/types\/post"}],"author":[{"embeddable":true,"href":"https:\/\/analyse.optim.biz\/index.php?rest_route=\/wp\/v2\/users\/1"}],"replies":[{"embeddable":true,"href":"https:\/\/analyse.optim.biz\/index.php?rest_route=%2Fwp%2Fv2%2Fcomments&post=2065817"}],"version-history":[{"count":0,"href":"https:\/\/analyse.optim.biz\/index.php?rest_route=\/wp\/v2\/posts\/2065817\/revisions"}],"wp:attachment":[{"href":"https:\/\/analyse.optim.biz\/index.php?rest_route=%2Fwp%2Fv2%2Fmedia&parent=2065817"}],"wp:term":[{"taxonomy":"category","embeddable":true,"href":"https:\/\/analyse.optim.biz\/index.php?rest_route=%2Fwp%2Fv2%2Fcategories&post=2065817"},{"taxonomy":"post_tag","embeddable":true,"href":"https:\/\/analyse.optim.biz\/index.php?rest_route=%2Fwp%2Fv2%2Ftags&post=2065817"}],"curies":[{"name":"wp","href":"https:\/\/api.w.org\/{rel}","templated":true}]}}