{"id":2065753,"date":"2026-07-28T16:41:00","date_gmt":"2026-07-28T13:41:00","guid":{"rendered":"https:\/\/analyse.optim.biz\/?p=2065753"},"modified":"2026-07-28T16:41:00","modified_gmt":"2026-07-28T13:41:00","slug":"expozitie-de-tabara-magura-art-2026-la-galeriile-ion-andreescu","status":"publish","type":"post","link":"https:\/\/analyse.optim.biz\/?p=2065753","title":{"rendered":"Expozi\u021bie de Tab\u0103r\u0103. \u201eM\u0103gura Art 2026\u201d la Galeriile \u201eIon Andreescu\u201d."},"content":{"rendered":"<p>[analyse_image type=&#8221;featured&#8221; src=&#8221;https:\/\/www.campusbuzau.ro\/wp-content\/uploads\/2026\/07\/LUCRARI-TABARA-MAGURA-ART-2026.jpghttps:\/\/www.campusbuzau.ro\/wp-content\/uploads\/2026\/07\/LUCRARI-TABARA-MAGURA-ART-2026.jpg&#8221;]<\/p>\n<div class=\"entry-content\">\n<p><strong><em>O nou\u0103 edi\u021bie a Taberei Na\u021bionale de Documentare \u0219i Crea\u021bie \u201eM\u0103gura Art\u201d s-a \u00eencheiat \u0219i a fost deschis\u0103 o expozi\u021bie cu lucr\u0103ri inspirate din c\u0103l\u0103toriile arti\u0219tilor prin jude\u021b. Peste 150 de arti\u0219ti profesioni\u0219ti au participat la cale 14 edi\u021bii ale Taberei de-a lungul timpului. Urmeaz\u0103 s\u0103 fie lansat \u0219i catalogul \u201eM\u0103gura Art 2026\u201d.<\/em><\/strong><\/p>\n<p>Ca de obicei, \u00een fiecare an, dup\u0103 \u00eenchiderea Taberei Na\u021bionale de Documentare \u0219i Crea\u021bie \u201eM\u0103gura Art\u201d, la Galeriile de Art\u0103 \u201eIon Andreescu\u201d se va finisa o expozi\u021bie colectiv\u0103 cu lucr\u0103ri realizate de arti\u0219tii participan\u021bi \u00een cele 7 zile de documentare \u0219i crea\u021bie.<\/p>\n<p>Dup\u0103 o perioad\u0103 de documentare au ap\u0103rut \u0219i lucr\u0103rile de art\u0103 inspirate din prospectarea unora dintre cele mai spirituale \u0219i frumoase locuri din jude\u021b.<\/p>\n<p>Anul acesta a fost prezent \u00een Tab\u0103r\u0103 \u0219i Victor Eugen Mihai (VEM), un artist multimedia foarte cunoscut \u0219i apreciat.<\/p>\n<p>La cele 14 edi\u021bii anuale ale Taberei \u201eM\u0103gura Art\u201d au participat peste 150 de arti\u0219ti profesioni\u0219ti care \u0219i-au ad\u0103ugat \u00een CV \u0219i jude\u021bul Buz\u0103u.<\/p>\n<figure class=\"wp-block-image size-full\"><img loading=\"lazy\" decoding=\"async\" width=\"900\" height=\"506\" src=\"https:\/\/www.campusbuzau.ro\/wp-content\/uploads\/2026\/07\/vlcsnap-2026-07-28-10h23m22s908.jpg\" alt class=\"wp-image-155893\"><\/figure>\n<p>Lucr\u0103rile expuse \u00een sala Parter a Galeriilor de Art\u0103 \u201eIon Andreescu\u201d vor r\u0103mne definitiv la Buz\u0103u deoareced arti\u0219tii au donat c\u00e2te o lucrare pentru pinacoteca Consiliului Jude\u021bean.<\/p>\n<p>\u00centre 17 \u0219i 23 august 2026 se va desf\u0103\u0219ura \u0219i tab\u0103ra \u201eBuz\u0103u deschis artei\u201d, proiect ini\u021biat \u0219i coordonsat tot de artistul Valeriu \u0218u\u0219nea.<\/p>\n<p>Pentru c\u0103 anul acesta este cu so\u021b, filiala Buz\u0103u a Uniunii Arti\u0219tilor Plastici din Rom\u00e2nia va organiza o nou\u0103 edi\u021bie a Bienalei Interna\u021bionale de Art\u0103 \u201eIon Andreescu\u201d.<\/p>\n<figure class=\"wp-block-embed is-type-video is-provider-youtube wp-block-embed-youtube wp-embed-aspect-16-9 wp-has-aspect-ratio\">\n<div class=\"wp-block-embed__wrapper\">\n<iframe loading=\"lazy\" title=\"EXPOZI\u0162IE CU LUCR\u0102RI DIN TAB\u0102RA M\u0102GURA ART 2026\" width=\"500\" height=\"281\" src=\"https:\/\/www.youtube.com\/embed\/Z_quxtJdkLM?feature=oembed\" frameborder allow=\"accelerometer; autoplay; clipboard-write; encrypted-media; gyroscope; picture-in-picture; web-share\" referrerpolicy=\"strict-origin-when-cross-origin\" allowfullscreen><\/iframe>\n<\/div>\n<\/figure>\n<\/div>\n<p>[analyse_source url=&#8221;https:\/\/www.campusbuzau.ro\/expozitie-de-tabara-magura-art-2026-la-galeriile-ion-andreescu\/&#8221;]<\/p>\n","protected":false},"excerpt":{"rendered":"<p>[analyse_image type=&#8221;featured&#8221; src=&#8221;https:\/\/www.campusbuzau.ro\/wp-content\/uploads\/2026\/07\/LUCRARI-TABARA-MAGURA-ART-2026.jpghttps:\/\/www.campusbuzau.ro\/wp-content\/uploads\/2026\/07\/LUCRARI-TABARA-MAGURA-ART-2026.jpg&#8221;] O nou\u0103 edi\u021bie a Taberei Na\u021bionale de Documentare \u0219i Crea\u021bie \u201eM\u0103gura Art\u201d s-a \u00eencheiat \u0219i a fost deschis\u0103 o expozi\u021bie cu lucr\u0103ri inspirate din c\u0103l\u0103toriile arti\u0219tilor prin jude\u021b. Peste 150 de arti\u0219ti profesioni\u0219ti au participat la cale 14 edi\u021bii ale Taberei de-a lungul timpului. Urmeaz\u0103 s\u0103 fie lansat \u0219i catalogul \u201eM\u0103gura Art [&hellip;]<\/p>\n","protected":false},"author":1,"featured_media":0,"comment_status":"open","ping_status":"","sticky":false,"template":"","format":"standard","meta":{"footnotes":""},"categories":[2],"tags":[118,226],"class_list":["post-2065753","post","type-post","status-publish","format-standard","hentry","category-politics","tag-campusbuzau-ro","tag-crawlmanager"],"_links":{"self":[{"href":"https:\/\/analyse.optim.biz\/index.php?rest_route=\/wp\/v2\/posts\/2065753","targetHints":{"allow":["GET"]}}],"collection":[{"href":"https:\/\/analyse.optim.biz\/index.php?rest_route=\/wp\/v2\/posts"}],"about":[{"href":"https:\/\/analyse.optim.biz\/index.php?rest_route=\/wp\/v2\/types\/post"}],"author":[{"embeddable":true,"href":"https:\/\/analyse.optim.biz\/index.php?rest_route=\/wp\/v2\/users\/1"}],"replies":[{"embeddable":true,"href":"https:\/\/analyse.optim.biz\/index.php?rest_route=%2Fwp%2Fv2%2Fcomments&post=2065753"}],"version-history":[{"count":0,"href":"https:\/\/analyse.optim.biz\/index.php?rest_route=\/wp\/v2\/posts\/2065753\/revisions"}],"wp:attachment":[{"href":"https:\/\/analyse.optim.biz\/index.php?rest_route=%2Fwp%2Fv2%2Fmedia&parent=2065753"}],"wp:term":[{"taxonomy":"category","embeddable":true,"href":"https:\/\/analyse.optim.biz\/index.php?rest_route=%2Fwp%2Fv2%2Fcategories&post=2065753"},{"taxonomy":"post_tag","embeddable":true,"href":"https:\/\/analyse.optim.biz\/index.php?rest_route=%2Fwp%2Fv2%2Ftags&post=2065753"}],"curies":[{"name":"wp","href":"https:\/\/api.w.org\/{rel}","templated":true}]}}