{"id":206564,"date":"2014-05-03T13:49:07","date_gmt":"2014-05-03T10:49:07","guid":{"rendered":"https:\/\/analyse.optim.biz\/?p=206564"},"modified":"2014-05-03T13:49:07","modified_gmt":"2014-05-03T10:49:07","slug":"v-ponta-despre-fotografiile-cu-t-basescu-la-mare-mi-a-fost-mila-de-el-coscovit-in-alb-langa-o-doamna-care-il-tragea-de-mana","status":"publish","type":"post","link":"https:\/\/analyse.optim.biz\/?p=206564","title":{"rendered":"V. Ponta, despre fotografiile cu T. B\u0103sescu la mare: Mi-a fost mil\u0103 de el, co\u015fcovit, \u00een alb, l\u00e2ng\u0103 o doamn\u0103 care \u00eel tr\u0103gea de m\u00e2n\u0103\u00a0"},"content":{"rendered":"<div class=\"entry data-app-meta data-app-meta-article\" data-embed-base-url-canonical=\"https:\/\/www.digi24.ro\/embed\/stiri\/actualitate\/politica\/v-ponta-despre-fotografiile-cu-t-basescu-la-mare-mi-a-fost-mila-de-el-coscovit-in-alb-langa-o-doamna-care-il-tragea-de-mana-238019\">\n<p data-index=\"1\">\u00a0<img decoding=\"async\" src=\"https:\/\/analyse.optim.biz\/wp-content\/uploads\/2024\/09\/mczoyxnopwrhndnmzwm2zjq1n2ezoguxymvmntc3mtkxytk3njfk-thumb_.jpg\" data-skip-htmlfix=\"1\" title=\"mczoyxnopwrhndnmzwm2zjq1n2ezoguxymvmntc3mtkxytk3njfk-thumb_\"><\/p>\n<p data-index=\"2\">\u201eCred c\u0103 pre\u015fedintele \u015fi-a pierdut orice sim\u0163 al m\u0103surii \u015fi al bunului sim\u0163, pentru c\u0103, altfel, s\u0103 te \u00eembraci \u00een alb, a\u015fa ca cine \u015ftie ce adolescent t\u00e2rziu, \u015fi s\u0103 \u00ee\u0163i faci poze cu o doamn\u0103 adolescent\u0103 t\u00e2rzie, tu, c\u00e2nd e\u015fti pre\u015fedintele \u0163\u0103rii&#8230; realmente cred c\u0103 \u015fi-a pierdut orice sim\u0163 al realit\u0103\u0163ii \u015fi al m\u0103surii \u015fi mie ieri (vineri &#8211; n.r.) mi-a fost mil\u0103 de el c\u00e2nd l-am v\u0103zut a\u015fa, co\u015fcovit, \u00een alb, l\u00e2ng\u0103 o doamn\u0103 care \u00eel tr\u0103gea de m\u00e2n\u0103 \u015fi \u00eel punea s\u0103 fac\u0103 poze cu ea. De obicei, c\u00e2nd \u00eel v\u0103d pe domnul B\u0103sescu am alte sentimente, dar ieri a fost mil\u0103\u201d, a declarat Ponta.<\/p>\n<p data-index=\"3\"><strong><a href=\"https:\/\/www.digi24.ro\/Stiri\/Digi24\/Actualitate\/Politica\/FOTO+Elena+Udrea+si+Traian+Basescu+la+mare\" target=\"_blank\" data-skip-linkfix=\"1\" rel=\"noopener\">Elena Udrea<\/a><\/strong> a postat, vineri dup\u0103-amiaz\u0103, pe contul s\u0103u de Facebook o serie de fotografii realizate la malul m\u0103rii, pe plaj\u0103.<\/p>\n<\/div>\n<p> Source URL: https:\/\/www.digi24.ro\/stiri\/actualitate\/politica\/v-ponta-despre-fotografiile-cu-t-basescu-la-mare-mi-a-fost-mila-de-el-coscovit-in-alb-langa-o-doamna-care-il-tragea-de-mana-238019<\/p>\n","protected":false},"excerpt":{"rendered":"<p>\u00a0 \u201eCred c\u0103 pre\u015fedintele \u015fi-a pierdut orice sim\u0163 al m\u0103surii \u015fi al bunului sim\u0163, pentru c\u0103, altfel, s\u0103 te \u00eembraci \u00een alb, a\u015fa ca cine \u015ftie ce adolescent t\u00e2rziu, \u015fi s\u0103 \u00ee\u0163i faci poze cu o doamn\u0103 adolescent\u0103 t\u00e2rzie, tu, c\u00e2nd e\u015fti pre\u015fedintele \u0163\u0103rii&#8230; realmente cred c\u0103 \u015fi-a pierdut orice sim\u0163 al realit\u0103\u0163ii \u015fi al [&hellip;]<\/p>\n","protected":false},"author":1,"featured_media":206565,"comment_status":"open","ping_status":"","sticky":false,"template":"","format":"standard","meta":{"footnotes":""},"categories":[2],"tags":[11],"class_list":["post-206564","post","type-post","status-publish","format-standard","has-post-thumbnail","hentry","category-politics","tag-digi24"],"_links":{"self":[{"href":"https:\/\/analyse.optim.biz\/index.php?rest_route=\/wp\/v2\/posts\/206564","targetHints":{"allow":["GET"]}}],"collection":[{"href":"https:\/\/analyse.optim.biz\/index.php?rest_route=\/wp\/v2\/posts"}],"about":[{"href":"https:\/\/analyse.optim.biz\/index.php?rest_route=\/wp\/v2\/types\/post"}],"author":[{"embeddable":true,"href":"https:\/\/analyse.optim.biz\/index.php?rest_route=\/wp\/v2\/users\/1"}],"replies":[{"embeddable":true,"href":"https:\/\/analyse.optim.biz\/index.php?rest_route=%2Fwp%2Fv2%2Fcomments&post=206564"}],"version-history":[{"count":0,"href":"https:\/\/analyse.optim.biz\/index.php?rest_route=\/wp\/v2\/posts\/206564\/revisions"}],"wp:featuredmedia":[{"embeddable":true,"href":"https:\/\/analyse.optim.biz\/index.php?rest_route=\/wp\/v2\/media\/206565"}],"wp:attachment":[{"href":"https:\/\/analyse.optim.biz\/index.php?rest_route=%2Fwp%2Fv2%2Fmedia&parent=206564"}],"wp:term":[{"taxonomy":"category","embeddable":true,"href":"https:\/\/analyse.optim.biz\/index.php?rest_route=%2Fwp%2Fv2%2Fcategories&post=206564"},{"taxonomy":"post_tag","embeddable":true,"href":"https:\/\/analyse.optim.biz\/index.php?rest_route=%2Fwp%2Fv2%2Ftags&post=206564"}],"curies":[{"name":"wp","href":"https:\/\/api.w.org\/{rel}","templated":true}]}}