{"id":2065608,"date":"2026-07-28T06:00:01","date_gmt":"2026-07-28T03:00:01","guid":{"rendered":"https:\/\/analyse.optim.biz\/?p=2065608"},"modified":"2026-07-28T06:00:01","modified_gmt":"2026-07-28T03:00:01","slug":"consiliul-judetean-tulcea-vrea-sa-cumpere-doua-autovehicule-hibrid-prin-programul-rabla-ziarul-delta-tulcea","status":"publish","type":"post","link":"https:\/\/analyse.optim.biz\/?p=2065608","title":{"rendered":"Consiliul Jude\u0163ean Tulcea vrea s\u0103 cumpere dou\u0103 autovehicule hibrid prin Programul Rabla &#8211; Ziarul Delta Tulcea"},"content":{"rendered":"<p>[analyse_image type=&#8221;featured&#8221; src=&#8221;https:\/\/ziaruldelta.ro\/wp-content\/uploads\/2026\/07\/Consiliul-Judetean-4.jpg&#8221;]<\/p>\n<article id=\"post-37683\" class=\"module single-post-module post-37683 post type-post status-publish format-standard has-post-thumbnail hentry category-stirea-zilei et-has-post-format-content et_post_format-et-post-format-standard\">\n<div class=\"post-header\">\n<h1 class=\"entry-title\">Consiliul Jude\u0163ean Tulcea vrea s\u0103 cumpere dou\u0103 autovehicule hibrid prin Programul Rabla<\/h1>\n<div class=\"post-meta vcard\">\n<p>Posted by <a href=\"https:\/\/ziaruldelta.ro\/author\/nicoleta-urmuz\/\" class=\"url fn\" title=\"Posts by Nicoleta URMUZ\" rel=\"author\">Nicoleta URMUZ<\/a> | <span class=\"updated\">Jul 28, 2026<\/span> | <a href=\"https:\/\/ziaruldelta.ro\/category\/stirea-zilei\/\" rel=\"tag\">Stirea Zilei<\/a> | <\/p>\n<\/div>\n<\/div>\n<div class=\"post-thumbnail header\"><img decoding=\"async\" src=\"https:\/\/ziaruldelta.ro\/wp-content\/uploads\/2026\/07\/Consiliul-Judetean-4.jpg\" alt=\"Consiliul Jude\u0163ean Tulcea vrea s\u0103 cumpere dou\u0103 autovehicule hibrid prin Programul Rabla\"><\/div>\n<div class=\"post-wrap\">\n<div class=\"post-content entry-content\">\n<p><strong>Consiliul Jude\u0163ean Tulcea vrea s\u0103 achizi\u0163ioneze dou\u0103 autovehicule noi hibrid plug-in (PHEV) prin Programul Administra\u0163iei Fondului pentru Mediu (AFM) privind reducerea emisiilor de gaze cu efect de ser\u0103 pentru parcul auto al institu\u0163iei, aferent anului 2026.<\/strong><\/p>\n<p>\u00cen acest sens, ale\u015fii jude\u0163eni vor vota vineri un proiect de hot\u0103r\u00e2re care prevede participarea Unit\u0103\u0163ii Administrativ Teritoriale Jude\u0163ul Tulcea la \u201eProgramul privind reducerea emisiilor de gaze cu efect de ser\u0103 \u00een transporturi, prin promovarea vehiculelor de transport rutier nepoluante \u015fi eficiente din punct de vedere energetic 2025 \u2013 2030\u2033.<\/p>\n<p>Potrivit documentului, valoarea ecotichetului acordat de AFM este de 120.000 de lei pentru fiecare autoturism hibrid plug-in sau pur electric destinat institu\u0163iilor publice \u015fi unit\u0103\u0163ilor administrativ-teritoriale. Diferen\u0163a necesar\u0103 achizi\u0163iei va fi suportat\u0103 din bugetul propriu al jude\u0163ului.<\/p>\n<p>\u00cen referatul de aprobare se arat\u0103 c\u0103 institu\u0163ia de\u0163ine \u00een prezent autovehicule cu un grad avansat de uzur\u0103 fizic\u0103 \u015fi moral\u0103, care genereaz\u0103 costuri ridicate de \u00eentre\u0163inere \u015fi emisii crescute de noxe, iar participarea la program reprezint\u0103 o oportunitate pentru modernizarea parcului auto \u015fi optimizarea utiliz\u0103rii banilor publici.<\/p>\n<p>Citi\u0163i continuarea \u00een edi\u0163ia tip\u0103rit\u0103 a Ziarului DELTA.<\/p>\n<\/div>\n<\/div>\n<div class=\"post-footer\">\n<div class=\"social-icons ed-social-share-icons\">\n<p class=\"share-title\">Share:<\/p>\n<\/div>\n<div class=\"rating-stars\">\n<p id=\"rate-title\" class=\"rate-title\">Rate:<\/p>\n<\/div>\n<\/div>\n<\/article>\n<div class=\"post-content entry-content\">\n<p><strong>Consiliul Jude\u0163ean Tulcea vrea s\u0103 achizi\u0163ioneze dou\u0103 autovehicule noi hibrid plug-in (PHEV) prin Programul Administra\u0163iei Fondului pentru Mediu (AFM) privind reducerea emisiilor de gaze cu efect de ser\u0103 pentru parcul auto al institu\u0163iei, aferent anului 2026.<\/strong><\/p>\n<p>\u00cen acest sens, ale\u015fii jude\u0163eni vor vota vineri un proiect de hot\u0103r\u00e2re care prevede participarea Unit\u0103\u0163ii Administrativ Teritoriale Jude\u0163ul Tulcea la \u201eProgramul privind reducerea emisiilor de gaze cu efect de ser\u0103 \u00een transporturi, prin promovarea vehiculelor de transport rutier nepoluante \u015fi eficiente din punct de vedere energetic 2025 \u2013 2030\u2033.<\/p>\n<p>Potrivit documentului, valoarea ecotichetului acordat de AFM este de 120.000 de lei pentru fiecare autoturism hibrid plug-in sau pur electric destinat institu\u0163iilor publice \u015fi unit\u0103\u0163ilor administrativ-teritoriale. Diferen\u0163a necesar\u0103 achizi\u0163iei va fi suportat\u0103 din bugetul propriu al jude\u0163ului.<\/p>\n<p>\u00cen referatul de aprobare se arat\u0103 c\u0103 institu\u0163ia de\u0163ine \u00een prezent autovehicule cu un grad avansat de uzur\u0103 fizic\u0103 \u015fi moral\u0103, care genereaz\u0103 costuri ridicate de \u00eentre\u0163inere \u015fi emisii crescute de noxe, iar participarea la program reprezint\u0103 o oportunitate pentru modernizarea parcului auto \u015fi optimizarea utiliz\u0103rii banilor publici.<\/p>\n<p>Citi\u0163i continuarea \u00een edi\u0163ia tip\u0103rit\u0103 a Ziarului DELTA.<\/p>\n<\/div>\n<div class=\"post-content entry-content\">\n<p><strong>Consiliul Jude\u0163ean Tulcea vrea s\u0103 achizi\u0163ioneze dou\u0103 autovehicule noi hibrid plug-in (PHEV) prin Programul Administra\u0163iei Fondului pentru Mediu (AFM) privind reducerea emisiilor de gaze cu efect de ser\u0103 pentru parcul auto al institu\u0163iei, aferent anului 2026.<\/strong><\/p>\n<p>\u00cen acest sens, ale\u015fii jude\u0163eni vor vota vineri un proiect de hot\u0103r\u00e2re care prevede participarea Unit\u0103\u0163ii Administrativ Teritoriale Jude\u0163ul Tulcea la \u201eProgramul privind reducerea emisiilor de gaze cu efect de ser\u0103 \u00een transporturi, prin promovarea vehiculelor de transport rutier nepoluante \u015fi eficiente din punct de vedere energetic 2025 \u2013 2030\u2033.<\/p>\n<p>Potrivit documentului, valoarea ecotichetului acordat de AFM este de 120.000 de lei pentru fiecare autoturism hibrid plug-in sau pur electric destinat institu\u0163iilor publice \u015fi unit\u0103\u0163ilor administrativ-teritoriale. Diferen\u0163a necesar\u0103 achizi\u0163iei va fi suportat\u0103 din bugetul propriu al jude\u0163ului.<\/p>\n<p>\u00cen referatul de aprobare se arat\u0103 c\u0103 institu\u0163ia de\u0163ine \u00een prezent autovehicule cu un grad avansat de uzur\u0103 fizic\u0103 \u015fi moral\u0103, care genereaz\u0103 costuri ridicate de \u00eentre\u0163inere \u015fi emisii crescute de noxe, iar participarea la program reprezint\u0103 o oportunitate pentru modernizarea parcului auto \u015fi optimizarea utiliz\u0103rii banilor publici.<\/p>\n<p>Citi\u0163i continuarea \u00een edi\u0163ia tip\u0103rit\u0103 a Ziarului DELTA.<\/p>\n<\/div>\n<p>[analyse_source url=&#8221;https:\/\/ziaruldelta.ro\/2026\/07\/28\/consiliul-judetean-tulcea-vrea-sa-cumpere-doua-autovehicule-hibrid-prin-programul-rabla\/&#8221;]<\/p>\n","protected":false},"excerpt":{"rendered":"<p>[analyse_image type=&#8221;featured&#8221; src=&#8221;https:\/\/ziaruldelta.ro\/wp-content\/uploads\/2026\/07\/Consiliul-Judetean-4.jpg&#8221;] Consiliul Jude\u0163ean Tulcea vrea s\u0103 cumpere dou\u0103 autovehicule hibrid prin Programul Rabla Posted by Nicoleta URMUZ | Jul 28, 2026 | Stirea Zilei | Consiliul Jude\u0163ean Tulcea vrea s\u0103 achizi\u0163ioneze dou\u0103 autovehicule noi hibrid plug-in (PHEV) prin Programul Administra\u0163iei Fondului pentru Mediu (AFM) privind reducerea emisiilor de gaze cu efect de ser\u0103 [&hellip;]<\/p>\n","protected":false},"author":1,"featured_media":0,"comment_status":"open","ping_status":"","sticky":false,"template":"","format":"standard","meta":{"footnotes":""},"categories":[89],"tags":[226,206],"class_list":["post-2065608","post","type-post","status-publish","format-standard","hentry","category-romania","tag-crawlmanager","tag-ziaruldelta-ro"],"_links":{"self":[{"href":"https:\/\/analyse.optim.biz\/index.php?rest_route=\/wp\/v2\/posts\/2065608","targetHints":{"allow":["GET"]}}],"collection":[{"href":"https:\/\/analyse.optim.biz\/index.php?rest_route=\/wp\/v2\/posts"}],"about":[{"href":"https:\/\/analyse.optim.biz\/index.php?rest_route=\/wp\/v2\/types\/post"}],"author":[{"embeddable":true,"href":"https:\/\/analyse.optim.biz\/index.php?rest_route=\/wp\/v2\/users\/1"}],"replies":[{"embeddable":true,"href":"https:\/\/analyse.optim.biz\/index.php?rest_route=%2Fwp%2Fv2%2Fcomments&post=2065608"}],"version-history":[{"count":0,"href":"https:\/\/analyse.optim.biz\/index.php?rest_route=\/wp\/v2\/posts\/2065608\/revisions"}],"wp:attachment":[{"href":"https:\/\/analyse.optim.biz\/index.php?rest_route=%2Fwp%2Fv2%2Fmedia&parent=2065608"}],"wp:term":[{"taxonomy":"category","embeddable":true,"href":"https:\/\/analyse.optim.biz\/index.php?rest_route=%2Fwp%2Fv2%2Fcategories&post=2065608"},{"taxonomy":"post_tag","embeddable":true,"href":"https:\/\/analyse.optim.biz\/index.php?rest_route=%2Fwp%2Fv2%2Ftags&post=2065608"}],"curies":[{"name":"wp","href":"https:\/\/api.w.org\/{rel}","templated":true}]}}