{"id":2065596,"date":"2026-07-28T07:29:14","date_gmt":"2026-07-28T04:29:14","guid":{"rendered":"https:\/\/analyse.optim.biz\/?p=2065596"},"modified":"2026-07-28T07:29:14","modified_gmt":"2026-07-28T04:29:14","slug":"primariile-care-nu-dau-o-treime-din-banii-de-sport-catre-copii-si-juniori-vor-fi-sanctionate","status":"publish","type":"post","link":"https:\/\/analyse.optim.biz\/?p=2065596","title":{"rendered":"Prim\u0103riile care nu dau o treime din banii de sport c\u0103tre copii \u0219i juniori vor fi sanc\u021bionate!"},"content":{"rendered":"<p>[analyse_image type=&#8221;featured&#8221; src=&#8221;https:\/\/infotulcea.ro\/wp-content\/uploads\/2026\/07\/foto-2.jpghttps:\/\/infotulcea.ro\/wp-content\/uploads\/2026\/07\/foto-2.jpg&#8221;]<\/p>\n<div id=\"content\" class=\"site-content container\">\n<div id=\"main-content-row\" class=\"tie-row main-content-row\">\n<div class=\"main-content tie-col-md-8 tie-col-xs-12\" role=\"main\">\n<article id=\"the-post\" class=\"container-wrapper post-content tie-standard\">\n<header class=\"entry-header-outer\">\n<nav id=\"breadcrumb\"><a href=\"https:\/\/infotulcea.ro\/\"> Home<\/a><em class=\"delimiter\">\/<\/em><a href=\"https:\/\/infotulcea.ro\/categorie\/politica\/\">Politic\u0103<\/a><em class=\"delimiter\">\/<\/em><a href=\"https:\/\/infotulcea.ro\/categorie\/politica\/usr\/\">USR<\/a><em class=\"delimiter\">\/<\/em><span class=\"current\">Prim\u0103riile care nu dau o treime din banii de sport c\u0103tre copii \u0219i juniori vor fi  sanc\u021bionate!<\/span><\/nav>\n<div class=\"entry-header\"><span class=\"post-cat-wrap\"><a class=\"post-cat tie-cat-248\" href=\"https:\/\/infotulcea.ro\/categorie\/politica\/usr\/\">USR<\/a><\/span><\/p>\n<h1 class=\"post-title entry-title\">\n\t\t\tPrim\u0103riile care nu dau o treime din banii de sport c\u0103tre copii \u0219i juniori vor fi  sanc\u021bionate!\t\t<\/h1>\n<div class=\"single-post-meta post-meta clearfix\"><span class=\"author-meta single-author no-avatars\"><span class=\"meta-item meta-author-wrapper meta-author-9\"><span class=\"meta-author\"><a href=\"https:\/\/infotulcea.ro\/author\/redactia-2\/\" class=\"author-name tie-icon\" title=\"Redactia\">Redactia<\/a><\/span><\/span><\/span><span class=\"date meta-item tie-icon\">28 iulie 2026<\/span><\/p>\n<div class=\"tie-alignright\"><span class=\"meta-comment tie-icon meta-item fa-before\">0<\/span><span class=\"meta-views meta-item \"> 627 <\/span><span class=\"meta-reading-time meta-item\"> 2 minutes read<\/span><\/div>\n<\/div>\n<\/div>\n<\/header>\n<div class=\"entry-content entry clearfix\">\n<p><strong>\u00cenc\u0103 o ini\u021biativ\u0103 depus\u0103 de deputatul Brian Cristian: prim\u0103riile care nu dau o treime<\/strong><br \/><strong>din banii de sport c\u0103tre copii \u0219i juniori vor fi sanc\u021bionate!<\/strong><br \/><strong>Datorit\u0103 unei legi ini\u021biate de USR, exist\u0103 obliga\u021bia legal\u0103 privind alocarea a minimum 30% din<\/strong><br \/><strong>finan\u021barea public\u0103 local\u0103 pentru programele sportive dedicate copiilor \u0219i juniorilor. De\u0219i legea<\/strong><br \/><strong>e \u00een vigoare de la sf\u00e2r\u0219itul anului 2022, \u00een practic\u0103 acest procent nu se respect\u0103, iar<\/strong><br \/><strong>activit\u0103\u021bile sportive pentru copii \u0219i juniori sunt \u00een continuare subfinan\u021bate.<\/strong><\/p>\n<p>La finalul sesiunii parlamentare, deputatul USR Brian Cristian, vicepre\u0219edinte al Comisiei<br \/>\npentru Tineret \u0219i Sport, a depus o nou\u0103 ini\u021biativ\u0103 care introduce p\u00e2rghiile legale pentru<br \/>\nrespectarea acestui prag.<\/p>\n<p>Am admirat cu to\u021bii adolescen\u021bii geniali ai Spaniei la Campionatul Mondial, forma\u021bi \u00een<source sizes=\"(max-width: 471px) 100vw, 471px\" type=\"image\/webp\" data-srcset=\"https:\/\/infotulcea.ro\/wp-content\/uploads\/2026\/07\/foto-2-500x333.jpg.webp 500w, https:\/\/infotulcea.ro\/wp-content\/uploads\/2026\/07\/foto-2-1024x682.jpg.webp 1024w, https:\/\/infotulcea.ro\/wp-content\/uploads\/2026\/07\/foto-2-768x512.jpg.webp 768w, https:\/\/infotulcea.ro\/wp-content\/uploads\/2026\/07\/foto-2.jpg.webp 1280w\" \/><\/p>\n<p><img loading=\"lazy\" decoding=\"async\" class=\" wp-image-40241 alignright\" src=\"https:\/\/infotulcea.ro\/wp-content\/uploads\/2026\/07\/foto-2-500x333.jpg\" alt width=\"471\" height=\"314\"><br \/>\n\u201efabricile lor de campioni\u201d \u0219i ne-am \u00eentrebat retoric: \u201eLa noi de ce nu se poate?\u201d.<br \/>\nSe poate, dar nu se vrea. Avem copii \u0219i juniori talenta\u021bi \u00een toate ramurile sportive, dar facem<br \/>\nprea pu\u021bin ca s\u0103 \u00eei cre\u0219tem \u0219i s\u0103 \u00eei dezvolt\u0103m. De multe ori sportul de copii \u0219i juniori se<br \/>\nbazeaz\u0103 doar pe pe banii \u0219i sprijinul p\u0103rin\u021bilor. Nu e corect \u0219i nu mai merge a\u0219a.<br \/>\nUSR a ini\u021biat \u00eenc\u0103 din mandatul trecut o lege prin care 30% din banii aloca\u021bi pentru sport de<br \/>\nautorit\u0103\u021bile locale s\u0103 mearg\u0103 c\u0103tre copii \u0219i juniori. Legea exist\u0103, dar nu e respectat\u0103. De<br \/>\naceea, la finalul sesiunii parlamentare am depus o ini\u021biativ\u0103 legislativ\u0103 care modific\u0103 Legea<br \/>\nSportului \u0219i impune sanc\u021biuni pentru cei care nu respect\u0103 acest prag de finan\u021bare, inclusiv<br \/>\namenzi pentru ordonatorii de credite&quot;, a explicat deputatul Brian Cristian.<\/p>\n<p>Proiectul instituie un mecanism de remediere a situa\u021biilor de subfinan\u021bare, prin obligarea<br \/>\nautorit\u0103\u021bilor publice s\u0103 reconstituie \u00een bugetul anului urm\u0103tor diferen\u021ba nealocat\u0103 \u0219i s\u0103 o<br \/>\nutilizeze exclusiv pentru programele sportive dedicate copiilor \u0219i juniorilor. Astfel, sumele<br \/>\nnealocate \u00eentr-un exerci\u021biu bugetar se adaug\u0103 obliga\u021biei de finan\u021bare aferente anului urm\u0103tor<br \/>\n\u0219i nu pot fi compensate prin alte categorii de cheltuieli sportive, pentru a garanta<br \/>\nrecuperarea integral\u0103 a deficitului de finan\u021bare. De asemenea, pentru a asigura respectarea<br \/>\nobliga\u021biei de reconstituire, proiectul prevede imposibilitatea finan\u021b\u0103rii din fonduri publice a<br \/>\nstructurilor sportive aflate \u00een subordinea autorit\u0103\u021bii publice care nu \u00ee\u0219i \u00eendepline\u0219te obliga\u021biile<br \/>\nlegale.<br \/>\nTotodat\u0103, proiectul introduce o r\u0103spundere contraven\u021bional\u0103 pentru nerespectarea cotei<br \/>\nminime de 30%, sanc\u021biunea fiind aplicabil\u0103 ordonatorului principal de credite, persoana<br \/>\nresponsabil\u0103 de gestionarea \u0219i execu\u021bia bugetului public. Amenzile sunt cuprinse \u00eentre<br \/>\n10.000 \u0219i 50.000 lei \u0219i vizeaz\u0103 responsabilizarea factorilor decizionali implica\u021bi \u00een finan\u021barea<br \/>\nactivit\u0103\u021bii sportive<\/p>\n<p>Nu e vorba doar despre performan\u021b\u0103, ci \u0219i despre s\u0103n\u0103tatea \u0219i dezvoltarea armonioas\u0103 a<br \/>\ncopiilor.<br \/>\nDac\u0103 argumentele nu sunt suficiente pentru primari, poate \u00eei conving sanc\u021biunile. Sprijinul<br \/>\npentru copii \u0219i tineri e esen\u021bial \u0219i trebuie s\u0103 treac\u0103 din etapa declarativ\u0103 \u00een cea practic\u0103.<br \/>\nAltfel, st\u0103m pe margine \u0219i ne uit\u0103m la al\u021bii&quot;, a concluzionat deputatul USR.<\/p>\n<\/div>\n<div id=\"post-extra-info\">\n<div class=\"theiaStickySidebar\">\n<div class=\"single-post-meta post-meta clearfix\"><span class=\"author-meta single-author no-avatars\"><span class=\"meta-item meta-author-wrapper meta-author-9\"><span class=\"meta-author\"><a href=\"https:\/\/infotulcea.ro\/author\/redactia-2\/\" class=\"author-name tie-icon\" title=\"Redactia\">Redactia<\/a><\/span><\/span><\/span><span class=\"date meta-item tie-icon\">28 iulie 2026<\/span><\/p>\n<div class=\"tie-alignright\"><span class=\"meta-comment tie-icon meta-item fa-before\">0<\/span><span class=\"meta-views meta-item \"> 627 <\/span><span class=\"meta-reading-time meta-item\"> 2 minutes read<\/span><\/div>\n<\/div>\n<\/div>\n<\/div>\n<div id=\"share-buttons-bottom\" class=\"share-buttons share-buttons-bottom\">\n<div class=\"share-links  icons-only\">\n<div class=\"share-title\"><span> Share<\/span><\/div>\n<p><a href=\"https:\/\/www.facebook.com\/sharer.php?u=https:\/\/infotulcea.ro\/primariile-care-nu-dau-o-treime-din-banii-de-sport-catre-copii-si-juniori-vor-fi-sanctionate\/\" rel=\"external noopener nofollow\" title=\"Facebook\" target=\"_blank\" class=\"facebook-share-btn \" data-raw=\"https:\/\/www.facebook.com\/sharer.php?u={post_link}\"><span class=\"screen-reader-text\">Facebook<\/span><\/a><a href=\"https:\/\/twitter.com\/intent\/tweet?text=Prim%C4%83riile%20care%20nu%20dau%20o%20treime%20din%20banii%20de%20sport%20c%C4%83tre%20copii%20%C8%99i%20juniori%20vor%20fi%20%20sanc%C8%9Bionate%21&amp;url=https:\/\/infotulcea.ro\/primariile-care-nu-dau-o-treime-din-banii-de-sport-catre-copii-si-juniori-vor-fi-sanctionate\/\" rel=\"external noopener nofollow\" title=\"X\" target=\"_blank\" class=\"twitter-share-btn \" data-raw=\"https:\/\/twitter.com\/intent\/tweet?text={post_title}&amp;url={post_link}\"><span class=\"screen-reader-text\">X<\/span><\/a><a href=\"https:\/\/api.whatsapp.com\/send?text=Prim%C4%83riile%20care%20nu%20dau%20o%20treime%20din%20banii%20de%20sport%20c%C4%83tre%20copii%20%C8%99i%20juniori%20vor%20fi%20%20sanc%C8%9Bionate%21%20https:\/\/infotulcea.ro\/primariile-care-nu-dau-o-treime-din-banii-de-sport-catre-copii-si-juniori-vor-fi-sanctionate\/\" rel=\"external noopener nofollow\" title=\"WhatsApp\" target=\"_blank\" class=\"whatsapp-share-btn \" data-raw=\"https:\/\/api.whatsapp.com\/send?text={post_title}%20{post_link}\"><span class=\"screen-reader-text\">WhatsApp<\/span><\/a><a href=\"https:\/\/telegram.me\/share\/url?url=https:\/\/infotulcea.ro\/primariile-care-nu-dau-o-treime-din-banii-de-sport-catre-copii-si-juniori-vor-fi-sanctionate\/&amp;text=Prim%C4%83riile%20care%20nu%20dau%20o%20treime%20din%20banii%20de%20sport%20c%C4%83tre%20copii%20%C8%99i%20juniori%20vor%20fi%20%20sanc%C8%9Bionate%21\" rel=\"external noopener nofollow\" title=\"Telegram\" target=\"_blank\" class=\"telegram-share-btn \" data-raw=\"https:\/\/telegram.me\/share\/url?url={post_link}&amp;text={post_title}\"><span class=\"screen-reader-text\">Telegram<\/span><\/a><a href=\"mailto:?subject=Prim%C4%83riile%20care%20nu%20dau%20o%20treime%20din%20banii%20de%20sport%20c%C4%83tre%20copii%20%C8%99i%20juniori%20vor%20fi%20%20sanc%C8%9Bionate%21&amp;body=https:\/\/infotulcea.ro\/primariile-care-nu-dau-o-treime-din-banii-de-sport-catre-copii-si-juniori-vor-fi-sanctionate\/\" rel=\"external noopener nofollow\" title=\"Share via Email\" target=\"_blank\" class=\"email-share-btn \" data-raw=\"mailto:?subject={post_title}&amp;body={post_link}\"><span class=\"screen-reader-text\">Share via Email<\/span><\/a><a href=\"https:\/\/infotulcea.ro\/primariile-care-nu-dau-o-treime-din-banii-de-sport-catre-copii-si-juniori-vor-fi-sanctionate\/\" rel=\"external noopener nofollow\" title=\"Print\" target=\"_blank\" class=\"print-share-btn \" data-raw=\"#\"><span class=\"screen-reader-text\">Print<\/span><\/a><\/div>\n<\/div>\n<\/article>\n<div class=\"post-components\">\n<div id=\"related-posts\" class=\"container-wrapper has-extra-post\">\n<div class=\"mag-box-title the-global-title\">\n<h3>Related Articles<\/h3>\n<\/div>\n<div class=\"related-posts-list\">\n<div class=\"related-item tie-standard\"><a aria-label=\"Scandal la ICR: Noua \u0219ef\u0103 a Institutului Cultural Rom\u00e2n, votat\u0103 \u00een Senat\" href=\"https:\/\/infotulcea.ro\/scandal-la-icr-noua-sefa-a-institutului-cultural-roman-votata-in-senat\/\" class=\"post-thumb\"><source sizes=\"(max-width: 390px) 100vw, 390px\" type=\"image\/webp\" data-srcset=\"https:\/\/infotulcea.ro\/wp-content\/uploads\/2026\/06\/usr-1-390x220.jpeg.webp 390w, https:\/\/infotulcea.ro\/wp-content\/uploads\/2026\/06\/usr-1-500x281.jpeg.webp 500w, https:\/\/infotulcea.ro\/wp-content\/uploads\/2026\/06\/usr-1-1024x576.jpeg.webp 1024w, https:\/\/infotulcea.ro\/wp-content\/uploads\/2026\/06\/usr-1-768x432.jpeg.webp 768w, https:\/\/infotulcea.ro\/wp-content\/uploads\/2026\/06\/usr-1.jpeg.webp 1080w\" \/><img loading=\"lazy\" decoding=\"async\" width=\"390\" height=\"220\" src=\"https:\/\/infotulcea.ro\/wp-content\/uploads\/2026\/06\/usr-1-390x220.jpeg\" class=\"attachment-jannah-image-large size-jannah-image-large wp-post-image\" alt><\/a><\/p>\n<h3 class=\"post-title\"><a href=\"https:\/\/infotulcea.ro\/scandal-la-icr-noua-sefa-a-institutului-cultural-roman-votata-in-senat\/\">Scandal la ICR: Noua \u0219ef\u0103 a Institutului Cultural Rom\u00e2n, votat\u0103 \u00een Senat<\/a><\/h3>\n<div class=\"post-meta clearfix\"><span class=\"date meta-item tie-icon\">3 iunie 2026<\/span><\/div>\n<\/div>\n<div class=\"related-item tie-standard\"><a aria-label=\"Tatiana Hali\u021b, consilier USR Tulcea: \u201dSus\u021bin \u00een continuare desfiin\u021barea etapizat\u0103 a societ\u0103\u021bii Energoterm!\u201d\" href=\"https:\/\/infotulcea.ro\/tatiana-halit-consilier-usr-tulcea-sustin-in-continuare-desfiintarea-etapizata-a-societatii-energoterm\/\" class=\"post-thumb\"><source type=\"image\/webp\" data-srcset=\"https:\/\/infotulcea.ro\/wp-content\/uploads\/2024\/08\/tatiana-halit-390x220.jpg.webp\" \/><img loading=\"lazy\" decoding=\"async\" width=\"390\" height=\"220\" src=\"https:\/\/infotulcea.ro\/wp-content\/uploads\/2024\/08\/tatiana-halit-390x220.jpg\" class=\"attachment-jannah-image-large size-jannah-image-large wp-post-image\" alt><\/a><\/p>\n<h3 class=\"post-title\"><a href=\"https:\/\/infotulcea.ro\/tatiana-halit-consilier-usr-tulcea-sustin-in-continuare-desfiintarea-etapizata-a-societatii-energoterm\/\">Tatiana Hali\u021b, consilier USR Tulcea: \u201dSus\u021bin \u00een continuare desfiin\u021barea etapizat\u0103 a societ\u0103\u021bii Energoterm!\u201d<\/a><\/h3>\n<div class=\"post-meta clearfix\"><span class=\"date meta-item tie-icon\">16 iulie 2025<\/span><\/div>\n<\/div>\n<div class=\"related-item tie-standard\">\n<h3 class=\"post-title\"><a href=\"https:\/\/infotulcea.ro\/eveniment-privind-masurile-luate-mmap\/\">Eveniment privind m\u0103surile luate MMAP<\/a><\/h3>\n<div class=\"post-meta clearfix\"><span class=\"date meta-item tie-icon\">8 iunie 2026<\/span><\/div>\n<\/div>\n<div class=\"related-item tie-standard\"><a aria-label=\"Proiect USR pentru ca judec\u0103torii ICCJ s\u0103 nu mai fie privilegia\u021bi la intrarea \u00een avocatur\u0103 sau notariat\" href=\"https:\/\/infotulcea.ro\/proiect-usr-pentru-ca-judecatorii-iccj-sa-nu-mai-fie-privilegiati-la-intrarea-in-avocatura-sau-notariat\/\" class=\"post-thumb\"><source type=\"image\/webp\" data-srcset=\"https:\/\/infotulcea.ro\/wp-content\/uploads\/2025\/12\/a7c968a6-74fd-4ed8-874d-47b3a0c39c04-390x220.jpeg.webp\" \/><img loading=\"lazy\" decoding=\"async\" width=\"390\" height=\"220\" src=\"https:\/\/infotulcea.ro\/wp-content\/uploads\/2025\/12\/a7c968a6-74fd-4ed8-874d-47b3a0c39c04-390x220.jpeg\" class=\"attachment-jannah-image-large size-jannah-image-large wp-post-image\" alt><\/a><\/p>\n<h3 class=\"post-title\"><a href=\"https:\/\/infotulcea.ro\/proiect-usr-pentru-ca-judecatorii-iccj-sa-nu-mai-fie-privilegiati-la-intrarea-in-avocatura-sau-notariat\/\">Proiect USR pentru ca judec\u0103torii ICCJ s\u0103 nu mai fie privilegia\u021bi la intrarea \u00een avocatur\u0103 sau notariat<\/a><\/h3>\n<div class=\"post-meta clearfix\"><span class=\"date meta-item tie-icon\">19 decembrie 2025<\/span><\/div>\n<\/div>\n<\/div>\n<\/div>\n<div id=\"comments\" class=\"comments-area\">\n<div id=\"add-comment-block\" class=\"container-wrapper\">\n<div id=\"respond\" class=\"comment-respond\">\n<h3 id=\"reply-title\" class=\"comment-reply-title the-global-title\">Las\u0103 un r\u0103spuns <small><a rel=\"nofollow\" id=\"cancel-comment-reply-link\" href=\"https:\/\/infotulcea.ro\/primariile-care-nu-dau-o-treime-din-banii-de-sport-catre-copii-si-juniori-vor-fi-sanctionate\/#respond\">Anuleaz\u0103 r\u0103spunsul<\/a><\/small><\/h3>\n<p class=\"comment-notes\"><span id=\"email-notes\">Adresa ta de email nu va fi publicat\u0103.<\/span><span class=\"required-field-message\">C\u00e2mpurile obligatorii sunt marcate cu <span class=\"required\">*<\/span><\/span><\/p>\n<\/div>\n<\/div>\n<\/div>\n<\/div>\n<\/div>\n<div id=\"check-also-box\" class=\"container-wrapper check-also-right\">\n<div class=\"widget-title the-global-title\">\n<div class=\"the-subtitle\">Check Also<\/div>\n<p><a href=\"https:\/\/infotulcea.ro\/primariile-care-nu-dau-o-treime-din-banii-de-sport-catre-copii-si-juniori-vor-fi-sanctionate\/\" id=\"check-also-close\" class=\"remove\"><span class=\"screen-reader-text\">Close<\/span><\/a><\/div>\n<div class=\"widget posts-list-big-first has-first-big-post\">\n<ul class=\"posts-list-items\">\n<li class=\"widget-single-post-item widget-post-list tie-standard\">\n<div class=\"post-widget-thumbnail\"><a aria-label=\"USR: Pentru persoanele cu dizabilit\u0103\u021bi, PSD \u0219i PNL nu au nici timp, nici solu\u021bii. Pentru Iohannis, fac proceduri speciale \u00een Parlament\" href=\"https:\/\/infotulcea.ro\/usr-pentru-persoanele-cu-dizabilitati-psd-si-pnl-nu-au-nici-timp-nici-solutii-pentru-iohannis-fac-proceduri-speciale-in-parlament\/\" class=\"post-thumb\"><span class=\"post-cat-wrap\"><span class=\"post-cat tie-cat-248\">USR<\/span><\/span><source type=\"image\/webp\" data-srcset=\"https:\/\/infotulcea.ro\/wp-content\/uploads\/2024\/09\/klaus-390x220.jpg.webp\" \/><img loading=\"lazy\" decoding=\"async\" width=\"390\" height=\"220\" src=\"https:\/\/infotulcea.ro\/wp-content\/uploads\/2024\/09\/klaus-390x220.jpg\" class=\"attachment-jannah-image-large size-jannah-image-large wp-post-image\" alt><\/a><\/div>\n<div class=\"post-widget-body \"><a class=\"post-title the-subtitle\" href=\"https:\/\/infotulcea.ro\/usr-pentru-persoanele-cu-dizabilitati-psd-si-pnl-nu-au-nici-timp-nici-solutii-pentru-iohannis-fac-proceduri-speciale-in-parlament\/\">USR: Pentru persoanele cu dizabilit\u0103\u021bi, PSD \u0219i PNL nu au nici timp, nici solu\u021bii. Pentru Iohannis, fac proceduri speciale \u00een Parlament<\/a><\/p>\n<div class=\"post-meta\"><span class=\"date meta-item tie-icon\">19 septembrie 2024<\/span><\/div>\n<\/div>\n<\/li>\n<\/ul>\n<\/div>\n<\/div>\n<aside class=\"sidebar tie-col-md-4 tie-col-xs-12 normal-side is-sticky\" aria-label=\"Primary Sidebar\">\n<div class=\"theiaStickySidebar\">\n<div id=\"media_image-19\" class=\"container-wrapper widget widget_media_image\"><a href=\"https:\/\/infotulcea.ro\/delta-dunarii-mai-accesibila-navrom-delta-creste-numarul-curselor-regulate-de-la-1-mai-2025\/\"><source sizes=\"(max-width: 500px) 100vw, 500px\" type=\"image\/webp\" data-srcset=\"https:\/\/infotulcea.ro\/wp-content\/uploads\/2025\/04\/navrom-delta-500x271.jpg.webp 500w, https:\/\/infotulcea.ro\/wp-content\/uploads\/2025\/04\/navrom-delta-1024x555.jpg.webp 1024w, https:\/\/infotulcea.ro\/wp-content\/uploads\/2025\/04\/navrom-delta-768x416.jpg.webp 768w, https:\/\/infotulcea.ro\/wp-content\/uploads\/2025\/04\/navrom-delta.jpg.webp 1080w\" \/><img loading=\"lazy\" decoding=\"async\" width=\"500\" height=\"271\" src=\"https:\/\/infotulcea.ro\/wp-content\/uploads\/2025\/04\/navrom-delta-500x271.jpg\" class=\"image wp-image-34487  attachment-medium size-medium\" alt><\/a><\/div>\n<div id=\"media_image-17\" class=\"container-wrapper widget widget_media_image\"><a href=\"https:\/\/www.facebook.com\/share\/p\/1DGAD1tLWN\/?mibextid=wwXIfr\" target=\"_blank\"><source sizes=\"(max-width: 500px) 100vw, 500px\" type=\"image\/webp\" data-srcset=\"https:\/\/infotulcea.ro\/wp-content\/uploads\/2026\/01\/IMG_1563-500x500.jpeg.webp 500w, https:\/\/infotulcea.ro\/wp-content\/uploads\/2026\/01\/IMG_1563-1024x1024.jpeg.webp 1024w, https:\/\/infotulcea.ro\/wp-content\/uploads\/2026\/01\/IMG_1563-250x250.jpeg.webp 250w, https:\/\/infotulcea.ro\/wp-content\/uploads\/2026\/01\/IMG_1563-768x768.jpeg.webp 768w, https:\/\/infotulcea.ro\/wp-content\/uploads\/2026\/01\/IMG_1563.jpeg.webp 1080w\" \/><img loading=\"lazy\" decoding=\"async\" width=\"500\" height=\"500\" src=\"https:\/\/infotulcea.ro\/wp-content\/uploads\/2026\/01\/IMG_1563-500x500.jpeg\" class=\"image wp-image-37932  attachment-medium size-medium\" alt title=\"Centrale pe lemne\"><\/a><\/div>\n<div id=\"media_image-18\" class=\"container-wrapper widget widget_media_image\"><a href=\"https:\/\/www.licitatia.ro\/site\/index-guest\"><img loading=\"lazy\" decoding=\"async\" width=\"500\" height=\"262\" src=\"https:\/\/infotulcea.ro\/wp-content\/uploads\/2025\/09\/licitatia-500x262.png\" class=\"image wp-image-36670  attachment-medium size-medium lazyload\" alt><img loading=\"lazy\" decoding=\"async\" width=\"500\" height=\"262\" src=\"https:\/\/infotulcea.ro\/wp-content\/uploads\/2025\/09\/licitatia-500x262.png\" class=\"image wp-image-36670  attachment-medium size-medium\" alt><\/a><\/div>\n<div id=\"media_image-27\" class=\"container-wrapper widget widget_media_image\"><a href=\"https:\/\/www.centrale-lemne-liepsnele.ro\/\"><img loading=\"lazy\" decoding=\"async\" width=\"500\" height=\"500\" src=\"https:\/\/infotulcea.ro\/wp-content\/uploads\/2025\/09\/Centrale-pe-Lemne-Liepsnele-500x500.png\" class=\"image wp-image-36541  attachment-medium size-medium lazyload\" alt=\"Centrala pe lemne\"><img loading=\"lazy\" decoding=\"async\" width=\"500\" height=\"500\" src=\"https:\/\/infotulcea.ro\/wp-content\/uploads\/2025\/09\/Centrale-pe-Lemne-Liepsnele-500x500.png\" class=\"image wp-image-36541  attachment-medium size-medium\" alt=\"Centrala pe lemne\"><\/a><\/div>\n<div id=\"media_image-28\" class=\"container-wrapper widget widget_media_image\"><a href=\"https:\/\/infotulcea.ro\/angajeaza-te-ro-platforma-ta-online-de-angajari-si-forta-de-munca\/\"><source sizes=\"(max-width: 500px) 100vw, 500px\" type=\"image\/webp\" data-srcset=\"https:\/\/infotulcea.ro\/wp-content\/uploads\/2025\/04\/banner-angajazate-1-500x305.jpg.webp 500w, https:\/\/infotulcea.ro\/wp-content\/uploads\/2025\/04\/banner-angajazate-1-1024x625.jpg.webp 1024w, https:\/\/infotulcea.ro\/wp-content\/uploads\/2025\/04\/banner-angajazate-1-768x469.jpg.webp 768w, https:\/\/infotulcea.ro\/wp-content\/uploads\/2025\/04\/banner-angajazate-1.jpg.webp 1080w\" \/><img loading=\"lazy\" decoding=\"async\" width=\"500\" height=\"305\" src=\"https:\/\/infotulcea.ro\/wp-content\/uploads\/2025\/04\/banner-angajazate-1-500x305.jpg\" class=\"image wp-image-34317  attachment-medium size-medium\" alt><\/a><\/div>\n<\/div>\n<\/aside>\n<\/div>\n<\/div>\n<div class=\"entry-content entry clearfix\">\n<p><strong>\u00cenc\u0103 o ini\u021biativ\u0103 depus\u0103 de deputatul Brian Cristian: prim\u0103riile care nu dau o treime<\/strong><br \/><strong>din banii de sport c\u0103tre copii \u0219i juniori vor fi sanc\u021bionate!<\/strong><br \/><strong>Datorit\u0103 unei legi ini\u021biate de USR, exist\u0103 obliga\u021bia legal\u0103 privind alocarea a minimum 30% din<\/strong><br \/><strong>finan\u021barea public\u0103 local\u0103 pentru programele sportive dedicate copiilor \u0219i juniorilor. De\u0219i legea<\/strong><br \/><strong>e \u00een vigoare de la sf\u00e2r\u0219itul anului 2022, \u00een practic\u0103 acest procent nu se respect\u0103, iar<\/strong><br \/><strong>activit\u0103\u021bile sportive pentru copii \u0219i juniori sunt \u00een continuare subfinan\u021bate.<\/strong><\/p>\n<p>La finalul sesiunii parlamentare, deputatul USR Brian Cristian, vicepre\u0219edinte al Comisiei<br \/>\npentru Tineret \u0219i Sport, a depus o nou\u0103 ini\u021biativ\u0103 care introduce p\u00e2rghiile legale pentru<br \/>\nrespectarea acestui prag.<\/p>\n<p>Am admirat cu to\u021bii adolescen\u021bii geniali ai Spaniei la Campionatul Mondial, forma\u021bi \u00een<source sizes=\"(max-width: 471px) 100vw, 471px\" type=\"image\/webp\" data-srcset=\"https:\/\/infotulcea.ro\/wp-content\/uploads\/2026\/07\/foto-2-500x333.jpg.webp 500w, https:\/\/infotulcea.ro\/wp-content\/uploads\/2026\/07\/foto-2-1024x682.jpg.webp 1024w, https:\/\/infotulcea.ro\/wp-content\/uploads\/2026\/07\/foto-2-768x512.jpg.webp 768w, https:\/\/infotulcea.ro\/wp-content\/uploads\/2026\/07\/foto-2.jpg.webp 1280w\" \/><\/p>\n<p><img loading=\"lazy\" decoding=\"async\" class=\" wp-image-40241 alignright\" src=\"https:\/\/infotulcea.ro\/wp-content\/uploads\/2026\/07\/foto-2-500x333.jpg\" alt width=\"471\" height=\"314\"><br \/>\n\u201efabricile lor de campioni\u201d \u0219i ne-am \u00eentrebat retoric: \u201eLa noi de ce nu se poate?\u201d.<br \/>\nSe poate, dar nu se vrea. Avem copii \u0219i juniori talenta\u021bi \u00een toate ramurile sportive, dar facem<br \/>\nprea pu\u021bin ca s\u0103 \u00eei cre\u0219tem \u0219i s\u0103 \u00eei dezvolt\u0103m. De multe ori sportul de copii \u0219i juniori se<br \/>\nbazeaz\u0103 doar pe pe banii \u0219i sprijinul p\u0103rin\u021bilor. Nu e corect \u0219i nu mai merge a\u0219a.<br \/>\nUSR a ini\u021biat \u00eenc\u0103 din mandatul trecut o lege prin care 30% din banii aloca\u021bi pentru sport de<br \/>\nautorit\u0103\u021bile locale s\u0103 mearg\u0103 c\u0103tre copii \u0219i juniori. Legea exist\u0103, dar nu e respectat\u0103. De<br \/>\naceea, la finalul sesiunii parlamentare am depus o ini\u021biativ\u0103 legislativ\u0103 care modific\u0103 Legea<br \/>\nSportului \u0219i impune sanc\u021biuni pentru cei care nu respect\u0103 acest prag de finan\u021bare, inclusiv<br \/>\namenzi pentru ordonatorii de credite&quot;, a explicat deputatul Brian Cristian.<\/p>\n<p>Proiectul instituie un mecanism de remediere a situa\u021biilor de subfinan\u021bare, prin obligarea<br \/>\nautorit\u0103\u021bilor publice s\u0103 reconstituie \u00een bugetul anului urm\u0103tor diferen\u021ba nealocat\u0103 \u0219i s\u0103 o<br \/>\nutilizeze exclusiv pentru programele sportive dedicate copiilor \u0219i juniorilor. Astfel, sumele<br \/>\nnealocate \u00eentr-un exerci\u021biu bugetar se adaug\u0103 obliga\u021biei de finan\u021bare aferente anului urm\u0103tor<br \/>\n\u0219i nu pot fi compensate prin alte categorii de cheltuieli sportive, pentru a garanta<br \/>\nrecuperarea integral\u0103 a deficitului de finan\u021bare. De asemenea, pentru a asigura respectarea<br \/>\nobliga\u021biei de reconstituire, proiectul prevede imposibilitatea finan\u021b\u0103rii din fonduri publice a<br \/>\nstructurilor sportive aflate \u00een subordinea autorit\u0103\u021bii publice care nu \u00ee\u0219i \u00eendepline\u0219te obliga\u021biile<br \/>\nlegale.<br \/>\nTotodat\u0103, proiectul introduce o r\u0103spundere contraven\u021bional\u0103 pentru nerespectarea cotei<br \/>\nminime de 30%, sanc\u021biunea fiind aplicabil\u0103 ordonatorului principal de credite, persoana<br \/>\nresponsabil\u0103 de gestionarea \u0219i execu\u021bia bugetului public. Amenzile sunt cuprinse \u00eentre<br \/>\n10.000 \u0219i 50.000 lei \u0219i vizeaz\u0103 responsabilizarea factorilor decizionali implica\u021bi \u00een finan\u021barea<br \/>\nactivit\u0103\u021bii sportive<\/p>\n<p>Nu e vorba doar despre performan\u021b\u0103, ci \u0219i despre s\u0103n\u0103tatea \u0219i dezvoltarea armonioas\u0103 a<br \/>\ncopiilor.<br \/>\nDac\u0103 argumentele nu sunt suficiente pentru primari, poate \u00eei conving sanc\u021biunile. Sprijinul<br \/>\npentru copii \u0219i tineri e esen\u021bial \u0219i trebuie s\u0103 treac\u0103 din etapa declarativ\u0103 \u00een cea practic\u0103.<br \/>\nAltfel, st\u0103m pe margine \u0219i ne uit\u0103m la al\u021bii&quot;, a concluzionat deputatul USR.<\/p>\n<\/div>\n<div class=\"articleBody\" data-key=\"articleBody\">\u00cenc\u0103 o ini\u021biativ\u0103 depus\u0103 de deputatul Brian Cristian: prim\u0103riile care nu dau o treime<br \/>\ndin banii de sport c\u0103tre copii \u0219i juniori vor fi sanc\u021bionate!<br \/>\nDatorit\u0103 unei legi ini\u021biate de USR, exist\u0103 obliga\u021bia legal\u0103 privind alocarea a minimum 30% din<br \/>\nfinan\u021barea public\u0103 local\u0103 pentru programele sportive dedicate copiilor \u0219i juniorilor. De\u0219i legea<br \/>\ne \u00een vigoare de la sf\u00e2r\u0219itul anului 2022, \u00een practic\u0103 acest procent nu se respect\u0103, iar<br \/>\nactivit\u0103\u021bile sportive pentru copii \u0219i juniori sunt \u00een continuare subfinan\u021bate.<\/p>\n<p>La finalul sesiunii parlamentare, deputatul USR Brian Cristian, vicepre\u0219edinte al Comisiei<br \/>\npentru Tineret \u0219i Sport, a depus o nou\u0103 ini\u021biativ\u0103 care introduce p\u00e2rghiile legale pentru<br \/>\nrespectarea acestui prag.<\/p>\n<p>Am admirat cu to\u021bii adolescen\u021bii geniali ai Spaniei la Campionatul Mondial, forma\u021bi \u00een<br \/>\n\u201efabricile lor de campioni\u201d \u0219i ne-am \u00eentrebat retoric: \u201eLa noi de ce nu se poate?\u201d.<br \/>\nSe poate, dar nu se vrea. Avem copii \u0219i juniori talenta\u021bi \u00een toate ramurile sportive, dar facem<br \/>\nprea pu\u021bin ca s\u0103 \u00eei cre\u0219tem \u0219i s\u0103 \u00eei dezvolt\u0103m. De multe ori sportul de copii \u0219i juniori se<br \/>\nbazeaz\u0103 doar pe pe banii \u0219i sprijinul p\u0103rin\u021bilor. Nu e corect \u0219i nu mai merge a\u0219a.<br \/>\nUSR a ini\u021biat \u00eenc\u0103 din mandatul trecut o lege prin care 30% din banii aloca\u021bi pentru sport de<br \/>\nautorit\u0103\u021bile locale s\u0103 mearg\u0103 c\u0103tre copii \u0219i juniori. Legea exist\u0103, dar nu e respectat\u0103. De<br \/>\naceea, la finalul sesiunii parlamentare am depus o ini\u021biativ\u0103 legislativ\u0103 care modific\u0103 Legea<br \/>\nSportului \u0219i impune sanc\u021biuni pentru cei care nu respect\u0103 acest prag de finan\u021bare, inclusiv<br \/>\namenzi pentru ordonatorii de credite&quot;, a explicat deputatul Brian Cristian.<\/p>\n<p>Proiectul instituie un mecanism de remediere a situa\u021biilor de subfinan\u021bare, prin obligarea<br \/>\nautorit\u0103\u021bilor publice s\u0103 reconstituie \u00een bugetul anului urm\u0103tor diferen\u021ba nealocat\u0103 \u0219i s\u0103 o<br \/>\nutilizeze exclusiv pentru programele sportive dedicate copiilor \u0219i juniorilor. Astfel, sumele<br \/>\nnealocate \u00eentr-un exerci\u021biu bugetar se adaug\u0103 obliga\u021biei de finan\u021bare aferente anului urm\u0103tor<br \/>\n\u0219i nu pot fi compensate prin alte categorii de cheltuieli sportive, pentru a garanta<br \/>\nrecuperarea integral\u0103 a deficitului de finan\u021bare. De asemenea, pentru a asigura respectarea<br \/>\nobliga\u021biei de reconstituire, proiectul prevede imposibilitatea finan\u021b\u0103rii din fonduri publice a<br \/>\nstructurilor sportive aflate \u00een subordinea autorit\u0103\u021bii publice care nu \u00ee\u0219i \u00eendepline\u0219te obliga\u021biile<br \/>\nlegale.<br \/>\nTotodat\u0103, proiectul introduce o r\u0103spundere contraven\u021bional\u0103 pentru nerespectarea cotei<br \/>\nminime de 30%, sanc\u021biunea fiind aplicabil\u0103 ordonatorului principal de credite, persoana<br \/>\nresponsabil\u0103 de gestionarea \u0219i execu\u021bia bugetului public. Amenzile sunt cuprinse \u00eentre<br \/>\n10.000 \u0219i 50.000 lei \u0219i vizeaz\u0103 responsabilizarea factorilor decizionali implica\u021bi \u00een finan\u021barea<br \/>\nactivit\u0103\u021bii sportive<\/p>\n<p>Nu e vorba doar despre performan\u021b\u0103, ci \u0219i despre s\u0103n\u0103tatea \u0219i dezvoltarea armonioas\u0103 a<br \/>\ncopiilor.<br \/>\nDac\u0103 argumentele nu sunt suficiente pentru primari, poate \u00eei conving sanc\u021biunile. Sprijinul<br \/>\npentru copii \u0219i tineri e esen\u021bial \u0219i trebuie s\u0103 treac\u0103 din etapa declarativ\u0103 \u00een cea practic\u0103.<br \/>\nAltfel, st\u0103m pe margine \u0219i ne uit\u0103m la al\u021bii&quot;, a concluzionat deputatul USR.<\/p><\/div>\n<p>[analyse_source url=&#8221;https:\/\/infotulcea.ro\/primariile-care-nu-dau-o-treime-din-banii-de-sport-catre-copii-si-juniori-vor-fi-sanctionate\/&#8221;]<\/p>\n","protected":false},"excerpt":{"rendered":"<p>[analyse_image type=&#8221;featured&#8221; src=&#8221;https:\/\/infotulcea.ro\/wp-content\/uploads\/2026\/07\/foto-2.jpghttps:\/\/infotulcea.ro\/wp-content\/uploads\/2026\/07\/foto-2.jpg&#8221;] Home\/Politic\u0103\/USR\/Prim\u0103riile care nu dau o treime din banii de sport c\u0103tre copii \u0219i juniori vor fi sanc\u021bionate! USR Prim\u0103riile care nu dau o treime din banii de sport c\u0103tre copii \u0219i juniori vor fi sanc\u021bionate! Redactia28 iulie 2026 0 627 2 minutes read \u00cenc\u0103 o ini\u021biativ\u0103 depus\u0103 de deputatul Brian Cristian: prim\u0103riile [&hellip;]<\/p>\n","protected":false},"author":1,"featured_media":0,"comment_status":"open","ping_status":"","sticky":false,"template":"","format":"standard","meta":{"footnotes":""},"categories":[89],"tags":[226,221],"class_list":["post-2065596","post","type-post","status-publish","format-standard","hentry","category-romania","tag-crawlmanager","tag-infotulcea-ro"],"_links":{"self":[{"href":"https:\/\/analyse.optim.biz\/index.php?rest_route=\/wp\/v2\/posts\/2065596","targetHints":{"allow":["GET"]}}],"collection":[{"href":"https:\/\/analyse.optim.biz\/index.php?rest_route=\/wp\/v2\/posts"}],"about":[{"href":"https:\/\/analyse.optim.biz\/index.php?rest_route=\/wp\/v2\/types\/post"}],"author":[{"embeddable":true,"href":"https:\/\/analyse.optim.biz\/index.php?rest_route=\/wp\/v2\/users\/1"}],"replies":[{"embeddable":true,"href":"https:\/\/analyse.optim.biz\/index.php?rest_route=%2Fwp%2Fv2%2Fcomments&post=2065596"}],"version-history":[{"count":0,"href":"https:\/\/analyse.optim.biz\/index.php?rest_route=\/wp\/v2\/posts\/2065596\/revisions"}],"wp:attachment":[{"href":"https:\/\/analyse.optim.biz\/index.php?rest_route=%2Fwp%2Fv2%2Fmedia&parent=2065596"}],"wp:term":[{"taxonomy":"category","embeddable":true,"href":"https:\/\/analyse.optim.biz\/index.php?rest_route=%2Fwp%2Fv2%2Fcategories&post=2065596"},{"taxonomy":"post_tag","embeddable":true,"href":"https:\/\/analyse.optim.biz\/index.php?rest_route=%2Fwp%2Fv2%2Ftags&post=2065596"}],"curies":[{"name":"wp","href":"https:\/\/api.w.org\/{rel}","templated":true}]}}