{"id":2065595,"date":"2026-07-28T06:00:16","date_gmt":"2026-07-28T03:00:16","guid":{"rendered":"https:\/\/analyse.optim.biz\/?p=2065595"},"modified":"2026-07-28T06:00:16","modified_gmt":"2026-07-28T03:00:16","slug":"greva-sanitas-la-tulcea-stinsa-de-criza-de-personal-ziarul-delta-tulcea","status":"publish","type":"post","link":"https:\/\/analyse.optim.biz\/?p=2065595","title":{"rendered":"Greva Sanitas la Tulcea, \u201estins\u0103&#8221; de criza de personal &#8211; Ziarul Delta Tulcea"},"content":{"rendered":"<p>[analyse_image type=&#8221;featured&#8221; src=&#8221;https:\/\/ziaruldelta.ro\/wp-content\/uploads\/2026\/07\/greva-1.jpg&#8221;]<\/p>\n<article id=\"post-37689\" class=\"module single-post-module post-37689 post type-post status-publish format-standard has-post-thumbnail hentry category-social et-has-post-format-content et_post_format-et-post-format-standard\">\n<div class=\"post-header\">\n<h1 class=\"entry-title\">Greva Sanitas la Tulcea, \u201estins\u0103\u201d de criza de personal<\/h1>\n<div class=\"post-meta vcard\">\n<p>Posted by <a href=\"https:\/\/ziaruldelta.ro\/author\/claudia-ionescu\/\" class=\"url fn\" title=\"Posts by Claudia Ionescu\" rel=\"author\">Claudia Ionescu<\/a> | <span class=\"updated\">Jul 28, 2026<\/span> | <a href=\"https:\/\/ziaruldelta.ro\/category\/social\/\" rel=\"tag\">Social<\/a> | <\/p>\n<\/div>\n<\/div>\n<div class=\"post-thumbnail header\"><img decoding=\"async\" src=\"https:\/\/ziaruldelta.ro\/wp-content\/uploads\/2026\/07\/greva-1.jpg\" alt=\"Greva Sanitas la Tulcea, \u201estins\u0103\u201d de criza de personal\"><\/div>\n<div class=\"post-wrap\">\n<div class=\"post-content entry-content\">\n<p><strong>Sindicali\u015ftii din s\u0103n\u0103tate, membri ai Federa\u0163iei Sanitas, intr\u0103 de ast\u0103zi \u00een grev\u0103 general\u0103, pe termen nelimitat, \u00eens\u0103 la Tulcea activitatea \u00een Spitalul Jude\u0163ean de Urgen\u0163\u0103 se va desf\u0103\u015fura \u201eaproape normal\u201d, spune pre\u015fedintele organiza\u0163iei, Neculai Negrea. <\/strong><\/p>\n<blockquote>\n<p>\u201eLa Tulcea oricum suntem ca \u015fi \u00een grev\u0103 general\u0103, pentru c\u0103 abia reu\u015fim s\u0103 asigur\u0103m serviciile medicale din cauza deficitului de personal, care este 26,5 % per total. La noi, m\u00e2ine nu vor fi \u00eentrerupte serviciile de urgen\u0163\u0103, legisla\u0163ia nu ne permite, iar cei care sunt deja interna\u0163i vor beneficia de \u00eengrijiri medicale. Sunt c\u00e2teva cazuri unde exist\u0103 mai mul\u0163i colegi, iar atunci, din trei, unul va intra \u00een grev\u0103, dar listele \u00eenc\u0103 sunt deschise, nu sunt definitivate \u015fi activitatea va fi aproape de normal. Suntem dispu\u015fi s\u0103 \u00eentrerupem greva pentru a asigura urgen\u0163ele \u015fi ce este necesar pentru c\u0103, trec\u00e2nd peste lipsa de personal \u015fi peste proiectul acesta prost al legii salariale, noi trebuie s\u0103 avem grij\u0103 de pacien\u0163i. Nu ne permitem s\u0103 nu le acord\u0103m \u00eengrijirile medicale de care au nevoie. Dac\u0103 eram mai mul\u0163i, probabil am fi putut face o grev\u0103 mai &lt;&lt;ca la carte&gt;&gt;. Oricum suntem foarte pu\u0163ini, a\u015fa c\u0103 suntem cumva ca \u00een grev\u0103 tot timpul. Abia suntem minimul necesar \u015fi nu putem s\u0103 fim \u00een grev\u0103 ca \u00een alte spitale. Nu cred c\u0103 vor fi cazuri care nu vor fi luate, pentru c\u0103 nu avem cum. Doar la ambulatoriu ar fi posibil, dar \u00eenc\u0103 nu sunt hot\u0103r\u00e2te colegele de-acolo. De exemplu, la Constan\u0163a \u00ee\u015fi permit s\u0103 \u00eenchid\u0103 ambulatoriul de specialitate, fiindc\u0103\u00a0 este personal un pic mai mult dec\u00e2t la noi \u015fi altfel se pot desf\u0103\u015fura activit\u0103\u0163ile specifice\u201d, ne-a declarat, ieri, Neculai Negrea.<\/p>\n<\/blockquote>\n<p>Conform legii, pe durata protestului va fi asigurat\u0103 o treime din activitatea normal\u0103 a fiec\u0103rei unit\u0103\u0163i medicale.<\/p>\n<p>Citi\u0163i continuarea \u00een edi\u0163ia tip\u0103rit\u0103 a Ziarului DELTA.<\/p>\n<\/div>\n<\/div>\n<div class=\"post-footer\">\n<div class=\"social-icons ed-social-share-icons\">\n<p class=\"share-title\">Share:<\/p>\n<\/div>\n<div class=\"rating-stars\">\n<p id=\"rate-title\" class=\"rate-title\">Rate:<\/p>\n<\/div>\n<\/div>\n<\/article>\n<div class=\"post-content entry-content\">\n<p><strong>Sindicali\u015ftii din s\u0103n\u0103tate, membri ai Federa\u0163iei Sanitas, intr\u0103 de ast\u0103zi \u00een grev\u0103 general\u0103, pe termen nelimitat, \u00eens\u0103 la Tulcea activitatea \u00een Spitalul Jude\u0163ean de Urgen\u0163\u0103 se va desf\u0103\u015fura \u201eaproape normal\u201d, spune pre\u015fedintele organiza\u0163iei, Neculai Negrea. <\/strong><\/p>\n<blockquote>\n<p>\u201eLa Tulcea oricum suntem ca \u015fi \u00een grev\u0103 general\u0103, pentru c\u0103 abia reu\u015fim s\u0103 asigur\u0103m serviciile medicale din cauza deficitului de personal, care este 26,5 % per total. La noi, m\u00e2ine nu vor fi \u00eentrerupte serviciile de urgen\u0163\u0103, legisla\u0163ia nu ne permite, iar cei care sunt deja interna\u0163i vor beneficia de \u00eengrijiri medicale. Sunt c\u00e2teva cazuri unde exist\u0103 mai mul\u0163i colegi, iar atunci, din trei, unul va intra \u00een grev\u0103, dar listele \u00eenc\u0103 sunt deschise, nu sunt definitivate \u015fi activitatea va fi aproape de normal. Suntem dispu\u015fi s\u0103 \u00eentrerupem greva pentru a asigura urgen\u0163ele \u015fi ce este necesar pentru c\u0103, trec\u00e2nd peste lipsa de personal \u015fi peste proiectul acesta prost al legii salariale, noi trebuie s\u0103 avem grij\u0103 de pacien\u0163i. Nu ne permitem s\u0103 nu le acord\u0103m \u00eengrijirile medicale de care au nevoie. Dac\u0103 eram mai mul\u0163i, probabil am fi putut face o grev\u0103 mai &lt;&lt;ca la carte&gt;&gt;. Oricum suntem foarte pu\u0163ini, a\u015fa c\u0103 suntem cumva ca \u00een grev\u0103 tot timpul. Abia suntem minimul necesar \u015fi nu putem s\u0103 fim \u00een grev\u0103 ca \u00een alte spitale. Nu cred c\u0103 vor fi cazuri care nu vor fi luate, pentru c\u0103 nu avem cum. Doar la ambulatoriu ar fi posibil, dar \u00eenc\u0103 nu sunt hot\u0103r\u00e2te colegele de-acolo. De exemplu, la Constan\u0163a \u00ee\u015fi permit s\u0103 \u00eenchid\u0103 ambulatoriul de specialitate, fiindc\u0103\u00a0 este personal un pic mai mult dec\u00e2t la noi \u015fi altfel se pot desf\u0103\u015fura activit\u0103\u0163ile specifice\u201d, ne-a declarat, ieri, Neculai Negrea.<\/p>\n<\/blockquote>\n<p>Conform legii, pe durata protestului va fi asigurat\u0103 o treime din activitatea normal\u0103 a fiec\u0103rei unit\u0103\u0163i medicale.<\/p>\n<p>Citi\u0163i continuarea \u00een edi\u0163ia tip\u0103rit\u0103 a Ziarului DELTA.<\/p>\n<\/div>\n<div class=\"post-content entry-content\">\n<p><strong>Sindicali\u015ftii din s\u0103n\u0103tate, membri ai Federa\u0163iei Sanitas, intr\u0103 de ast\u0103zi \u00een grev\u0103 general\u0103, pe termen nelimitat, \u00eens\u0103 la Tulcea activitatea \u00een Spitalul Jude\u0163ean de Urgen\u0163\u0103 se va desf\u0103\u015fura \u201eaproape normal\u201d, spune pre\u015fedintele organiza\u0163iei, Neculai Negrea. <\/strong><\/p>\n<blockquote>\n<p>\u201eLa Tulcea oricum suntem ca \u015fi \u00een grev\u0103 general\u0103, pentru c\u0103 abia reu\u015fim s\u0103 asigur\u0103m serviciile medicale din cauza deficitului de personal, care este 26,5 % per total. La noi, m\u00e2ine nu vor fi \u00eentrerupte serviciile de urgen\u0163\u0103, legisla\u0163ia nu ne permite, iar cei care sunt deja interna\u0163i vor beneficia de \u00eengrijiri medicale. Sunt c\u00e2teva cazuri unde exist\u0103 mai mul\u0163i colegi, iar atunci, din trei, unul va intra \u00een grev\u0103, dar listele \u00eenc\u0103 sunt deschise, nu sunt definitivate \u015fi activitatea va fi aproape de normal. Suntem dispu\u015fi s\u0103 \u00eentrerupem greva pentru a asigura urgen\u0163ele \u015fi ce este necesar pentru c\u0103, trec\u00e2nd peste lipsa de personal \u015fi peste proiectul acesta prost al legii salariale, noi trebuie s\u0103 avem grij\u0103 de pacien\u0163i. Nu ne permitem s\u0103 nu le acord\u0103m \u00eengrijirile medicale de care au nevoie. Dac\u0103 eram mai mul\u0163i, probabil am fi putut face o grev\u0103 mai &lt;&lt;ca la carte&gt;&gt;. Oricum suntem foarte pu\u0163ini, a\u015fa c\u0103 suntem cumva ca \u00een grev\u0103 tot timpul. Abia suntem minimul necesar \u015fi nu putem s\u0103 fim \u00een grev\u0103 ca \u00een alte spitale. Nu cred c\u0103 vor fi cazuri care nu vor fi luate, pentru c\u0103 nu avem cum. Doar la ambulatoriu ar fi posibil, dar \u00eenc\u0103 nu sunt hot\u0103r\u00e2te colegele de-acolo. De exemplu, la Constan\u0163a \u00ee\u015fi permit s\u0103 \u00eenchid\u0103 ambulatoriul de specialitate, fiindc\u0103\u00a0 este personal un pic mai mult dec\u00e2t la noi \u015fi altfel se pot desf\u0103\u015fura activit\u0103\u0163ile specifice\u201d, ne-a declarat, ieri, Neculai Negrea.<\/p>\n<\/blockquote>\n<p>Conform legii, pe durata protestului va fi asigurat\u0103 o treime din activitatea normal\u0103 a fiec\u0103rei unit\u0103\u0163i medicale.<\/p>\n<p>Citi\u0163i continuarea \u00een edi\u0163ia tip\u0103rit\u0103 a Ziarului DELTA.<\/p>\n<\/div>\n<p>[analyse_source url=&#8221;https:\/\/ziaruldelta.ro\/2026\/07\/28\/greva-sanitas-la-tulcea-stinsa-de-criza-de-personal\/&#8221;]<\/p>\n","protected":false},"excerpt":{"rendered":"<p>[analyse_image type=&#8221;featured&#8221; src=&#8221;https:\/\/ziaruldelta.ro\/wp-content\/uploads\/2026\/07\/greva-1.jpg&#8221;] Greva Sanitas la Tulcea, \u201estins\u0103\u201d de criza de personal Posted by Claudia Ionescu | Jul 28, 2026 | Social | Sindicali\u015ftii din s\u0103n\u0103tate, membri ai Federa\u0163iei Sanitas, intr\u0103 de ast\u0103zi \u00een grev\u0103 general\u0103, pe termen nelimitat, \u00eens\u0103 la Tulcea activitatea \u00een Spitalul Jude\u0163ean de Urgen\u0163\u0103 se va desf\u0103\u015fura \u201eaproape normal\u201d, spune pre\u015fedintele [&hellip;]<\/p>\n","protected":false},"author":1,"featured_media":0,"comment_status":"open","ping_status":"","sticky":false,"template":"","format":"standard","meta":{"footnotes":""},"categories":[89],"tags":[226,206],"class_list":["post-2065595","post","type-post","status-publish","format-standard","hentry","category-romania","tag-crawlmanager","tag-ziaruldelta-ro"],"_links":{"self":[{"href":"https:\/\/analyse.optim.biz\/index.php?rest_route=\/wp\/v2\/posts\/2065595","targetHints":{"allow":["GET"]}}],"collection":[{"href":"https:\/\/analyse.optim.biz\/index.php?rest_route=\/wp\/v2\/posts"}],"about":[{"href":"https:\/\/analyse.optim.biz\/index.php?rest_route=\/wp\/v2\/types\/post"}],"author":[{"embeddable":true,"href":"https:\/\/analyse.optim.biz\/index.php?rest_route=\/wp\/v2\/users\/1"}],"replies":[{"embeddable":true,"href":"https:\/\/analyse.optim.biz\/index.php?rest_route=%2Fwp%2Fv2%2Fcomments&post=2065595"}],"version-history":[{"count":0,"href":"https:\/\/analyse.optim.biz\/index.php?rest_route=\/wp\/v2\/posts\/2065595\/revisions"}],"wp:attachment":[{"href":"https:\/\/analyse.optim.biz\/index.php?rest_route=%2Fwp%2Fv2%2Fmedia&parent=2065595"}],"wp:term":[{"taxonomy":"category","embeddable":true,"href":"https:\/\/analyse.optim.biz\/index.php?rest_route=%2Fwp%2Fv2%2Fcategories&post=2065595"},{"taxonomy":"post_tag","embeddable":true,"href":"https:\/\/analyse.optim.biz\/index.php?rest_route=%2Fwp%2Fv2%2Ftags&post=2065595"}],"curies":[{"name":"wp","href":"https:\/\/api.w.org\/{rel}","templated":true}]}}