{"id":2065594,"date":"2026-07-28T07:24:56","date_gmt":"2026-07-28T04:24:56","guid":{"rendered":"https:\/\/analyse.optim.biz\/?p=2065594"},"modified":"2026-07-28T07:24:56","modified_gmt":"2026-07-28T04:24:56","slug":"somajul-a-crescut-usor-in-tulcea-rata-a-ajuns-la-397","status":"publish","type":"post","link":"https:\/\/analyse.optim.biz\/?p=2065594","title":{"rendered":"\u0218omajul a crescut u\u0219or \u00een Tulcea: rata a ajuns la 3,97%"},"content":{"rendered":"<p>[analyse_image type=&#8221;featured&#8221; src=&#8221;https:\/\/infotulcea.ro\/wp-content\/uploads\/2026\/07\/somaj.jpghttps:\/\/infotulcea.ro\/wp-content\/uploads\/2026\/07\/somaj.jpg&#8221;]<\/p>\n<div id=\"content\" class=\"site-content container\">\n<div id=\"main-content-row\" class=\"tie-row main-content-row\">\n<div class=\"main-content tie-col-md-8 tie-col-xs-12\" role=\"main\">\n<article id=\"the-post\" class=\"container-wrapper post-content tie-standard\">\n<header class=\"entry-header-outer\">\n<nav id=\"breadcrumb\"><a href=\"https:\/\/infotulcea.ro\/\"> Home<\/a><em class=\"delimiter\">\/<\/em><a href=\"https:\/\/infotulcea.ro\/categorie\/administratie\/\">Administra\u0163ie<\/a><em class=\"delimiter\">\/<\/em><span class=\"current\">\u0218omajul a crescut u\u0219or \u00een Tulcea: rata a ajuns la 3,97%<\/span><\/nav>\n<div class=\"entry-header\"><span class=\"post-cat-wrap\"><a class=\"post-cat tie-cat-30\" href=\"https:\/\/infotulcea.ro\/categorie\/administratie\/\">Administra\u0163ie<\/a><\/span><\/p>\n<h1 class=\"post-title entry-title\">\n\t\t\t\u0218omajul a crescut u\u0219or \u00een Tulcea: rata a ajuns la 3,97%\t\t<\/h1>\n<div class=\"single-post-meta post-meta clearfix\"><span class=\"author-meta single-author no-avatars\"><span class=\"meta-item meta-author-wrapper meta-author-9\"><span class=\"meta-author\"><a href=\"https:\/\/infotulcea.ro\/author\/redactia-2\/\" class=\"author-name tie-icon\" title=\"Redactia\">Redactia<\/a><\/span><\/span><\/span><span class=\"date meta-item tie-icon\">28 iulie 2026<\/span><\/p>\n<div class=\"tie-alignright\"><span class=\"meta-comment tie-icon meta-item fa-before\">0<\/span><span class=\"meta-views meta-item \"> 132 <\/span><span class=\"meta-reading-time meta-item\"> 1 minute read<\/span><\/div>\n<\/div>\n<\/div>\n<\/header>\n<div class=\"entry-content entry clearfix\">\n<p><strong>La sf\u00e2r\u0219itul lunii iunie, \u00een eviden\u021bele Agen\u021biei Jude\u021bene pentru Ocuparea For\u021bei de Munc\u0103 Tulcea erau \u00eenregistra\u021bi 2925 de \u0219omeri (din care 1544 de femei), rata \u0219omajului fiind de 3,97 %.\u00a0<\/strong><\/p>\n<p><span>Comparativ cu luna precedent\u0103, c\u00e2nd rata \u0219omajului a fost de 3,93 %, \u00een aceast\u0103 lun\u0103 acest indicator a \u00eenregistrat o cre\u0219tere cu 0,04 pp.<\/span><\/p>\n<p><span>Din totalul de 2925 de persoane \u00eenregistrate \u00een eviden\u021bele AJOFM Tulcea, 558 erau beneficiari de indemniza\u0163ie de \u015fomaj, iar 2367 erau \u0219omeri neindemniza\u021bi. \u00cen ceea ce prive\u0219te mediul de reziden\u021b\u0103, 2097 de \u0219omeri provin din mediul rural \u0219i 828 sunt din mediul urban.<\/span><\/p>\n<p>\u00a0<\/p>\n<p><span>Structura \u0219omajului pe grupe de v\u00e2rste se prezint\u0103 sugestiv astfel:<\/span><\/p>\n<table width=\"313\">\n<tbody>\n<tr>\n<td><span>Grupa de v\u00e2rst\u0103<\/span><\/td>\n<td><span>Stoc la finele lunii<\/span><\/td>\n<\/tr>\n<tr>\n<td><span>Total<\/span><\/td>\n<td><span>2925<\/span><\/td>\n<\/tr>\n<tr>\n<td><span>&lt; 25 ani<\/span><\/td>\n<td><span>347<\/span><\/td>\n<\/tr>\n<tr>\n<td><span>\u00eentre 25-29<\/span><\/td>\n<td><span>254<\/span><\/td>\n<\/tr>\n<tr>\n<td><span>\u00eentre 30-39<\/span><\/td>\n<td><span>430<\/span><\/td>\n<\/tr>\n<tr>\n<td><span>\u00eentre 40-49<\/span><\/td>\n<td><span>539<\/span><\/td>\n<\/tr>\n<tr>\n<td><span>\u00eentre 50-55<\/span><\/td>\n<td><span>613<\/span><\/td>\n<\/tr>\n<tr>\n<td><span>peste 55 ani<\/span><\/td>\n<td><span>742<\/span><\/td>\n<\/tr>\n<\/tbody>\n<\/table>\n<p>\u00a0<\/p>\n<p><span>\u0218omerii cu studii gimnaziale au ponderea cea mai mare \u00een totalul \u015fomerilor \u00eenregistra\u0163i \u00een eviden\u0163ele AJOFM Tulcea (43,52%), urmat de cei cu studii liceale (27,24%), iar 14,05% au studii profesionale. \u0218omerii cu nivel de studii medii \u2013 submedii reprezint\u0103 96,96% din totalul \u0219omerilor \u00eenregistra\u021bi, iar cei cu studii superioare sunt 3,04%.<\/span><\/p>\n<p>\u00a0<\/p>\n<p><span>Structura \u0219omerilor \u00eenregistra\u021bi pe nivel de ocupabilitate, stabilit prin profilare, se prezint\u0103 astfel: 186 de persoane foarte greu ocupabile, 614 greu ocupabile, 1978 mediu ocupabile, iar 147 sunt persoane u\u0219or ocupabile. \u00cencadrarea \u00eentr-o categorie de ocupabilitate se realizeaz\u0103 ca urmare a activit\u0103\u0163ii de profilare a persoanelor \u00eenregistrate \u00een eviden\u0163ele noastre. Informa\u0163ii detaliate despre structura \u015fomajului la nivelul jude\u0163ului<\/span><\/p>\n<\/div>\n<div id=\"post-extra-info\">\n<div class=\"theiaStickySidebar\">\n<div class=\"single-post-meta post-meta clearfix\"><span class=\"author-meta single-author no-avatars\"><span class=\"meta-item meta-author-wrapper meta-author-9\"><span class=\"meta-author\"><a href=\"https:\/\/infotulcea.ro\/author\/redactia-2\/\" class=\"author-name tie-icon\" title=\"Redactia\">Redactia<\/a><\/span><\/span><\/span><span class=\"date meta-item tie-icon\">28 iulie 2026<\/span><\/p>\n<div class=\"tie-alignright\"><span class=\"meta-comment tie-icon meta-item fa-before\">0<\/span><span class=\"meta-views meta-item \"> 132 <\/span><span class=\"meta-reading-time meta-item\"> 1 minute read<\/span><\/div>\n<\/div>\n<\/div>\n<\/div>\n<div id=\"share-buttons-bottom\" class=\"share-buttons share-buttons-bottom\">\n<div class=\"share-links  icons-only\">\n<div class=\"share-title\"><span> Share<\/span><\/div>\n<p><a href=\"https:\/\/www.facebook.com\/sharer.php?u=https:\/\/infotulcea.ro\/somajul-a-crescut-usor-in-tulcea-rata-a-ajuns-la-397\/\" rel=\"external noopener nofollow\" title=\"Facebook\" target=\"_blank\" class=\"facebook-share-btn \" data-raw=\"https:\/\/www.facebook.com\/sharer.php?u={post_link}\"><span class=\"screen-reader-text\">Facebook<\/span><\/a><a href=\"https:\/\/twitter.com\/intent\/tweet?text=%C8%98omajul%20a%20crescut%20u%C8%99or%20%C3%AEn%20Tulcea%3A%20rata%20a%20ajuns%20la%203%2C97%25&amp;url=https:\/\/infotulcea.ro\/somajul-a-crescut-usor-in-tulcea-rata-a-ajuns-la-397\/\" rel=\"external noopener nofollow\" title=\"X\" target=\"_blank\" class=\"twitter-share-btn \" data-raw=\"https:\/\/twitter.com\/intent\/tweet?text={post_title}&amp;url={post_link}\"><span class=\"screen-reader-text\">X<\/span><\/a><a href=\"https:\/\/api.whatsapp.com\/send?text=%C8%98omajul%20a%20crescut%20u%C8%99or%20%C3%AEn%20Tulcea%3A%20rata%20a%20ajuns%20la%203%2C97%25%20https:\/\/infotulcea.ro\/somajul-a-crescut-usor-in-tulcea-rata-a-ajuns-la-397\/\" rel=\"external noopener nofollow\" title=\"WhatsApp\" target=\"_blank\" class=\"whatsapp-share-btn \" data-raw=\"https:\/\/api.whatsapp.com\/send?text={post_title}%20{post_link}\"><span class=\"screen-reader-text\">WhatsApp<\/span><\/a><a href=\"https:\/\/telegram.me\/share\/url?url=https:\/\/infotulcea.ro\/somajul-a-crescut-usor-in-tulcea-rata-a-ajuns-la-397\/&amp;text=%C8%98omajul%20a%20crescut%20u%C8%99or%20%C3%AEn%20Tulcea%3A%20rata%20a%20ajuns%20la%203%2C97%25\" rel=\"external noopener nofollow\" title=\"Telegram\" target=\"_blank\" class=\"telegram-share-btn \" data-raw=\"https:\/\/telegram.me\/share\/url?url={post_link}&amp;text={post_title}\"><span class=\"screen-reader-text\">Telegram<\/span><\/a><a href=\"mailto:?subject=%C8%98omajul%20a%20crescut%20u%C8%99or%20%C3%AEn%20Tulcea%3A%20rata%20a%20ajuns%20la%203%2C97%25&amp;body=https:\/\/infotulcea.ro\/somajul-a-crescut-usor-in-tulcea-rata-a-ajuns-la-397\/\" rel=\"external noopener nofollow\" title=\"Share via Email\" target=\"_blank\" class=\"email-share-btn \" data-raw=\"mailto:?subject={post_title}&amp;body={post_link}\"><span class=\"screen-reader-text\">Share via Email<\/span><\/a><a href=\"https:\/\/infotulcea.ro\/somajul-a-crescut-usor-in-tulcea-rata-a-ajuns-la-397\/\" rel=\"external noopener nofollow\" title=\"Print\" target=\"_blank\" class=\"print-share-btn \" data-raw=\"#\"><span class=\"screen-reader-text\">Print<\/span><\/a><\/div>\n<\/div>\n<\/article>\n<div class=\"post-components\">\n<div id=\"related-posts\" class=\"container-wrapper has-extra-post\">\n<div class=\"mag-box-title the-global-title\">\n<h3>Related Articles<\/h3>\n<\/div>\n<div class=\"related-posts-list\">\n<div class=\"related-item tie-standard\"><a aria-label=\"Eugen Ion, pre\u0219edinte ACoR Tulcea: \u201dFelicit\u0103ri primarilor pentru accesarea banilor din PNI Anghel Saligny\u201d\" href=\"https:\/\/infotulcea.ro\/eugen-ion-presedinte-acor-tulcea-felicitari-primarilor-pentru-accesarea-banilor-din-pni-anghel-saligny\/\" class=\"post-thumb\"><img loading=\"lazy\" decoding=\"async\" width=\"390\" height=\"220\" src=\"https:\/\/infotulcea.ro\/wp-content\/uploads\/2021\/10\/eugen-ion-lat-390x220.jpg\" class=\"attachment-jannah-image-large size-jannah-image-large wp-post-image\" alt><\/a><\/p>\n<h3 class=\"post-title\"><a href=\"https:\/\/infotulcea.ro\/eugen-ion-presedinte-acor-tulcea-felicitari-primarilor-pentru-accesarea-banilor-din-pni-anghel-saligny\/\">Eugen Ion, pre\u0219edinte ACoR Tulcea: \u201dFelicit\u0103ri primarilor pentru accesarea banilor din PNI Anghel Saligny\u201d<\/a><\/h3>\n<div class=\"post-meta clearfix\"><span class=\"date meta-item tie-icon\">12 iulie 2022<\/span><\/div>\n<\/div>\n<div class=\"related-item tie-standard\"><a aria-label=\"Prim\u0103riile din jude\u021b se digitalizeaz\u0103 r\u00e2nd pe r\u00e2nd. V\u0103c\u0103reni \u0219i Niculi\u021bel func\u021bioneaz\u0103 integral\u00a0electronic!\" href=\"https:\/\/infotulcea.ro\/primariile-din-judet-se-digitalizeaza-rand-pe-rand-vacareni-si-niculitel-functioneaza-integral-electronic\/\" class=\"post-thumb\"><source type=\"image\/webp\" data-srcset=\"https:\/\/infotulcea.ro\/wp-content\/uploads\/2023\/06\/digitalizare-390x220.jpg.webp\" \/><img loading=\"lazy\" decoding=\"async\" width=\"390\" height=\"220\" src=\"https:\/\/infotulcea.ro\/wp-content\/uploads\/2023\/06\/digitalizare-390x220.jpg\" class=\"attachment-jannah-image-large size-jannah-image-large wp-post-image\" alt><\/a><\/p>\n<h3 class=\"post-title\"><a href=\"https:\/\/infotulcea.ro\/primariile-din-judet-se-digitalizeaza-rand-pe-rand-vacareni-si-niculitel-functioneaza-integral-electronic\/\">Prim\u0103riile din jude\u021b se digitalizeaz\u0103 r\u00e2nd pe r\u00e2nd. V\u0103c\u0103reni \u0219i Niculi\u021bel func\u021bioneaz\u0103 integral\u00a0electronic!<\/a><\/h3>\n<div class=\"post-meta clearfix\"><span class=\"date meta-item tie-icon\">30 iunie 2023<\/span><\/div>\n<\/div>\n<div class=\"related-item tie-standard\"><a aria-label=\"Finan\u0163ele Publice din Tulcea au o nou\u0103 conducere!\" href=\"https:\/\/infotulcea.ro\/finantele-publice-din-tulcea-au-o-noua-conducere\/\" class=\"post-thumb\"><source sizes=\"(max-width: 332px) 100vw, 332px\" type=\"image\/webp\" data-srcset=\"https:\/\/infotulcea.ro\/wp-content\/uploads\/2020\/03\/finante.jpg.webp 640w, https:\/\/infotulcea.ro\/wp-content\/uploads\/2020\/03\/finante-300x199.jpg.webp 300w, https:\/\/infotulcea.ro\/wp-content\/uploads\/2020\/03\/finante-634x420.jpg.webp 634w\" \/><img loading=\"lazy\" decoding=\"async\" width=\"332\" height=\"220\" src=\"https:\/\/infotulcea.ro\/wp-content\/uploads\/2020\/03\/finante.jpg\" class=\"attachment-jannah-image-large size-jannah-image-large wp-post-image\" alt><\/a><\/p>\n<h3 class=\"post-title\"><a href=\"https:\/\/infotulcea.ro\/finantele-publice-din-tulcea-au-o-noua-conducere\/\">Finan\u0163ele Publice din Tulcea au o nou\u0103 conducere!<\/a><\/h3>\n<div class=\"post-meta clearfix\"><span class=\"date meta-item tie-icon\">5 aprilie 2022<\/span><\/div>\n<\/div>\n<div class=\"related-item tie-standard\"><a aria-label=\"Liceul din Babadag, cu internatul \u0219i cantina, intr\u0103 \u00een modernizare cu bani de la Ministerul Dezvolt\u0103rii!\" href=\"https:\/\/infotulcea.ro\/liceul-din-babadag-cu-internatul-si-cantina-intra-in-modernizare-cu-bani-de-la-ministerul-dezvoltarii\/\" class=\"post-thumb\"><source sizes=\"(max-width: 390px) 100vw, 390px\" type=\"image\/webp\" data-srcset=\"https:\/\/infotulcea.ro\/wp-content\/uploads\/2023\/06\/FB_IMG_1686563691365-390x220.jpg.webp 390w, https:\/\/infotulcea.ro\/wp-content\/uploads\/2023\/06\/FB_IMG_1686563691365-300x169.jpg.webp 300w, https:\/\/infotulcea.ro\/wp-content\/uploads\/2023\/06\/FB_IMG_1686563691365-1024x576.jpg.webp 1024w, https:\/\/infotulcea.ro\/wp-content\/uploads\/2023\/06\/FB_IMG_1686563691365-768x432.jpg.webp 768w, https:\/\/infotulcea.ro\/wp-content\/uploads\/2023\/06\/FB_IMG_1686563691365.jpg.webp 1080w\" \/><img loading=\"lazy\" decoding=\"async\" width=\"390\" height=\"220\" src=\"https:\/\/infotulcea.ro\/wp-content\/uploads\/2023\/06\/FB_IMG_1686563691365-390x220.jpg\" class=\"attachment-jannah-image-large size-jannah-image-large wp-post-image\" alt><\/a><\/p>\n<h3 class=\"post-title\"><a href=\"https:\/\/infotulcea.ro\/liceul-din-babadag-cu-internatul-si-cantina-intra-in-modernizare-cu-bani-de-la-ministerul-dezvoltarii\/\">Liceul din Babadag, cu internatul \u0219i cantina, intr\u0103 \u00een modernizare cu bani de la Ministerul Dezvolt\u0103rii!<\/a><\/h3>\n<div class=\"post-meta clearfix\"><span class=\"date meta-item tie-icon\">12 iunie 2023<\/span><\/div>\n<\/div>\n<\/div>\n<\/div>\n<div id=\"comments\" class=\"comments-area\">\n<div id=\"add-comment-block\" class=\"container-wrapper\">\n<div id=\"respond\" class=\"comment-respond\">\n<h3 id=\"reply-title\" class=\"comment-reply-title the-global-title\">Las\u0103 un r\u0103spuns <small><a rel=\"nofollow\" id=\"cancel-comment-reply-link\" href=\"https:\/\/infotulcea.ro\/somajul-a-crescut-usor-in-tulcea-rata-a-ajuns-la-397\/#respond\">Anuleaz\u0103 r\u0103spunsul<\/a><\/small><\/h3>\n<p class=\"comment-notes\"><span id=\"email-notes\">Adresa ta de email nu va fi publicat\u0103.<\/span><span class=\"required-field-message\">C\u00e2mpurile obligatorii sunt marcate cu <span class=\"required\">*<\/span><\/span><\/p>\n<\/div>\n<\/div>\n<\/div>\n<\/div>\n<\/div>\n<div id=\"check-also-box\" class=\"container-wrapper check-also-right\">\n<div class=\"widget-title the-global-title\">\n<div class=\"the-subtitle\">Check Also<\/div>\n<p><a href=\"https:\/\/infotulcea.ro\/somajul-a-crescut-usor-in-tulcea-rata-a-ajuns-la-397\/\" id=\"check-also-close\" class=\"remove\"><span class=\"screen-reader-text\">Close<\/span><\/a><\/div>\n<div class=\"widget posts-list-big-first has-first-big-post\">\n<ul class=\"posts-list-items\">\n<li class=\"widget-single-post-item widget-post-list tie-standard\">\n<div class=\"post-widget-thumbnail\"><a aria-label=\"ANAF a \u00eenceput s\u0103 verifice mecanismele interna\u021bionale de intermediere a ob\u021binerii de poli\u021be\/scrisori de garan\u021bie bancar\u0103\" href=\"https:\/\/infotulcea.ro\/anaf-a-inceput-sa-verifice-mecanismele-internationale-de-intermediere-a-obtinerii-de-polite-scrisori-de-garantie-bancara\/\" class=\"post-thumb\"><span class=\"post-cat-wrap\"><span class=\"post-cat tie-cat-30\">Administra\u0163ie<\/span><\/span><img loading=\"lazy\" decoding=\"async\" width=\"390\" height=\"220\" src=\"https:\/\/infotulcea.ro\/wp-content\/uploads\/2022\/05\/anaf-25-mai-2022--390x220.jpg\" class=\"attachment-jannah-image-large size-jannah-image-large wp-post-image lazyload\" alt><img loading=\"lazy\" decoding=\"async\" width=\"390\" height=\"220\" src=\"https:\/\/infotulcea.ro\/wp-content\/uploads\/2022\/05\/anaf-25-mai-2022--390x220.jpg\" class=\"attachment-jannah-image-large size-jannah-image-large wp-post-image\" alt><\/a><\/div>\n<div class=\"post-widget-body \"><a class=\"post-title the-subtitle\" href=\"https:\/\/infotulcea.ro\/anaf-a-inceput-sa-verifice-mecanismele-internationale-de-intermediere-a-obtinerii-de-polite-scrisori-de-garantie-bancara\/\">ANAF a \u00eenceput s\u0103 verifice mecanismele interna\u021bionale de intermediere a ob\u021binerii de poli\u021be\/scrisori de garan\u021bie bancar\u0103<\/a><\/p>\n<div class=\"post-meta\"><span class=\"date meta-item tie-icon\">10 august 2022<\/span><\/div>\n<\/div>\n<\/li>\n<\/ul>\n<\/div>\n<\/div>\n<aside class=\"sidebar tie-col-md-4 tie-col-xs-12 normal-side is-sticky\" aria-label=\"Primary Sidebar\">\n<div class=\"theiaStickySidebar\">\n<div id=\"media_image-19\" class=\"container-wrapper widget widget_media_image\"><a href=\"https:\/\/infotulcea.ro\/delta-dunarii-mai-accesibila-navrom-delta-creste-numarul-curselor-regulate-de-la-1-mai-2025\/\"><source sizes=\"(max-width: 500px) 100vw, 500px\" type=\"image\/webp\" data-srcset=\"https:\/\/infotulcea.ro\/wp-content\/uploads\/2025\/04\/navrom-delta-500x271.jpg.webp 500w, https:\/\/infotulcea.ro\/wp-content\/uploads\/2025\/04\/navrom-delta-1024x555.jpg.webp 1024w, https:\/\/infotulcea.ro\/wp-content\/uploads\/2025\/04\/navrom-delta-768x416.jpg.webp 768w, https:\/\/infotulcea.ro\/wp-content\/uploads\/2025\/04\/navrom-delta.jpg.webp 1080w\" \/><img loading=\"lazy\" decoding=\"async\" width=\"500\" height=\"271\" src=\"https:\/\/infotulcea.ro\/wp-content\/uploads\/2025\/04\/navrom-delta-500x271.jpg\" class=\"image wp-image-34487  attachment-medium size-medium\" alt><\/a><\/div>\n<div id=\"media_image-17\" class=\"container-wrapper widget widget_media_image\"><a href=\"https:\/\/www.facebook.com\/share\/p\/1DGAD1tLWN\/?mibextid=wwXIfr\" target=\"_blank\"><source sizes=\"(max-width: 500px) 100vw, 500px\" type=\"image\/webp\" data-srcset=\"https:\/\/infotulcea.ro\/wp-content\/uploads\/2026\/01\/IMG_1563-500x500.jpeg.webp 500w, https:\/\/infotulcea.ro\/wp-content\/uploads\/2026\/01\/IMG_1563-1024x1024.jpeg.webp 1024w, https:\/\/infotulcea.ro\/wp-content\/uploads\/2026\/01\/IMG_1563-250x250.jpeg.webp 250w, https:\/\/infotulcea.ro\/wp-content\/uploads\/2026\/01\/IMG_1563-768x768.jpeg.webp 768w, https:\/\/infotulcea.ro\/wp-content\/uploads\/2026\/01\/IMG_1563.jpeg.webp 1080w\" \/><img loading=\"lazy\" decoding=\"async\" width=\"500\" height=\"500\" src=\"https:\/\/infotulcea.ro\/wp-content\/uploads\/2026\/01\/IMG_1563-500x500.jpeg\" class=\"image wp-image-37932  attachment-medium size-medium\" alt title=\"Centrale pe lemne\"><\/a><\/div>\n<div id=\"media_image-18\" class=\"container-wrapper widget widget_media_image\"><a href=\"https:\/\/www.licitatia.ro\/site\/index-guest\"><img loading=\"lazy\" decoding=\"async\" width=\"500\" height=\"262\" src=\"https:\/\/infotulcea.ro\/wp-content\/uploads\/2025\/09\/licitatia-500x262.png\" class=\"image wp-image-36670  attachment-medium size-medium lazyload\" alt><img loading=\"lazy\" decoding=\"async\" width=\"500\" height=\"262\" src=\"https:\/\/infotulcea.ro\/wp-content\/uploads\/2025\/09\/licitatia-500x262.png\" class=\"image wp-image-36670  attachment-medium size-medium\" alt><\/a><\/div>\n<div id=\"media_image-27\" class=\"container-wrapper widget widget_media_image\"><a href=\"https:\/\/www.centrale-lemne-liepsnele.ro\/\"><img loading=\"lazy\" decoding=\"async\" width=\"500\" height=\"500\" src=\"https:\/\/infotulcea.ro\/wp-content\/uploads\/2025\/09\/Centrale-pe-Lemne-Liepsnele-500x500.png\" class=\"image wp-image-36541  attachment-medium size-medium lazyload\" alt=\"Centrala pe lemne\"><img loading=\"lazy\" decoding=\"async\" width=\"500\" height=\"500\" src=\"https:\/\/infotulcea.ro\/wp-content\/uploads\/2025\/09\/Centrale-pe-Lemne-Liepsnele-500x500.png\" class=\"image wp-image-36541  attachment-medium size-medium\" alt=\"Centrala pe lemne\"><\/a><\/div>\n<div id=\"media_image-28\" class=\"container-wrapper widget widget_media_image\"><a href=\"https:\/\/infotulcea.ro\/angajeaza-te-ro-platforma-ta-online-de-angajari-si-forta-de-munca\/\"><source sizes=\"(max-width: 500px) 100vw, 500px\" type=\"image\/webp\" data-srcset=\"https:\/\/infotulcea.ro\/wp-content\/uploads\/2025\/04\/banner-angajazate-1-500x305.jpg.webp 500w, https:\/\/infotulcea.ro\/wp-content\/uploads\/2025\/04\/banner-angajazate-1-1024x625.jpg.webp 1024w, https:\/\/infotulcea.ro\/wp-content\/uploads\/2025\/04\/banner-angajazate-1-768x469.jpg.webp 768w, https:\/\/infotulcea.ro\/wp-content\/uploads\/2025\/04\/banner-angajazate-1.jpg.webp 1080w\" \/><img loading=\"lazy\" decoding=\"async\" width=\"500\" height=\"305\" src=\"https:\/\/infotulcea.ro\/wp-content\/uploads\/2025\/04\/banner-angajazate-1-500x305.jpg\" class=\"image wp-image-34317  attachment-medium size-medium\" alt><\/a><\/div>\n<\/div>\n<\/aside>\n<\/div>\n<\/div>\n<div class=\"entry-content entry clearfix\">\n<p><strong>La sf\u00e2r\u0219itul lunii iunie, \u00een eviden\u021bele Agen\u021biei Jude\u021bene pentru Ocuparea For\u021bei de Munc\u0103 Tulcea erau \u00eenregistra\u021bi 2925 de \u0219omeri (din care 1544 de femei), rata \u0219omajului fiind de 3,97 %.\u00a0<\/strong><\/p>\n<p><span>Comparativ cu luna precedent\u0103, c\u00e2nd rata \u0219omajului a fost de 3,93 %, \u00een aceast\u0103 lun\u0103 acest indicator a \u00eenregistrat o cre\u0219tere cu 0,04 pp.<\/span><\/p>\n<p><span>Din totalul de 2925 de persoane \u00eenregistrate \u00een eviden\u021bele AJOFM Tulcea, 558 erau beneficiari de indemniza\u0163ie de \u015fomaj, iar 2367 erau \u0219omeri neindemniza\u021bi. \u00cen ceea ce prive\u0219te mediul de reziden\u021b\u0103, 2097 de \u0219omeri provin din mediul rural \u0219i 828 sunt din mediul urban.<\/span><\/p>\n<p>\u00a0<\/p>\n<p><span>Structura \u0219omajului pe grupe de v\u00e2rste se prezint\u0103 sugestiv astfel:<\/span><\/p>\n<table width=\"313\">\n<tbody>\n<tr>\n<td><span>Grupa de v\u00e2rst\u0103<\/span><\/td>\n<td><span>Stoc la finele lunii<\/span><\/td>\n<\/tr>\n<tr>\n<td><span>Total<\/span><\/td>\n<td><span>2925<\/span><\/td>\n<\/tr>\n<tr>\n<td><span>&lt; 25 ani<\/span><\/td>\n<td><span>347<\/span><\/td>\n<\/tr>\n<tr>\n<td><span>\u00eentre 25-29<\/span><\/td>\n<td><span>254<\/span><\/td>\n<\/tr>\n<tr>\n<td><span>\u00eentre 30-39<\/span><\/td>\n<td><span>430<\/span><\/td>\n<\/tr>\n<tr>\n<td><span>\u00eentre 40-49<\/span><\/td>\n<td><span>539<\/span><\/td>\n<\/tr>\n<tr>\n<td><span>\u00eentre 50-55<\/span><\/td>\n<td><span>613<\/span><\/td>\n<\/tr>\n<tr>\n<td><span>peste 55 ani<\/span><\/td>\n<td><span>742<\/span><\/td>\n<\/tr>\n<\/tbody>\n<\/table>\n<p>\u00a0<\/p>\n<p><span>\u0218omerii cu studii gimnaziale au ponderea cea mai mare \u00een totalul \u015fomerilor \u00eenregistra\u0163i \u00een eviden\u0163ele AJOFM Tulcea (43,52%), urmat de cei cu studii liceale (27,24%), iar 14,05% au studii profesionale. \u0218omerii cu nivel de studii medii \u2013 submedii reprezint\u0103 96,96% din totalul \u0219omerilor \u00eenregistra\u021bi, iar cei cu studii superioare sunt 3,04%.<\/span><\/p>\n<p>\u00a0<\/p>\n<p><span>Structura \u0219omerilor \u00eenregistra\u021bi pe nivel de ocupabilitate, stabilit prin profilare, se prezint\u0103 astfel: 186 de persoane foarte greu ocupabile, 614 greu ocupabile, 1978 mediu ocupabile, iar 147 sunt persoane u\u0219or ocupabile. \u00cencadrarea \u00eentr-o categorie de ocupabilitate se realizeaz\u0103 ca urmare a activit\u0103\u0163ii de profilare a persoanelor \u00eenregistrate \u00een eviden\u0163ele noastre. Informa\u0163ii detaliate despre structura \u015fomajului la nivelul jude\u0163ului<\/span><\/p>\n<\/div>\n<div class=\"articleBody\" data-key=\"articleBody\">La sf\u00e2r\u0219itul lunii iunie, \u00een eviden\u021bele Agen\u021biei Jude\u021bene pentru Ocuparea For\u021bei de Munc\u0103 Tulcea erau \u00eenregistra\u021bi 2925 de \u0219omeri (din care 1544 de femei), rata \u0219omajului fiind de 3,97 %.\u00a0<\/p>\n<p>Comparativ cu luna precedent\u0103, c\u00e2nd rata \u0219omajului a fost de 3,93 %, \u00een aceast\u0103 lun\u0103 acest indicator a \u00eenregistrat o cre\u0219tere cu 0,04 pp.<\/p>\n<p>Din totalul de 2925 de persoane \u00eenregistrate \u00een eviden\u021bele AJOFM Tulcea, 558 erau beneficiari de indemniza\u0163ie de \u015fomaj, iar 2367 erau \u0219omeri neindemniza\u021bi. \u00cen ceea ce prive\u0219te mediul de reziden\u021b\u0103, 2097 de \u0219omeri provin din mediul rural \u0219i 828 sunt din mediul urban.<\/p>\n<p>\u00a0<\/p>\n<p>Structura \u0219omajului pe grupe de v\u00e2rste se prezint\u0103 sugestiv astfel:<\/p>\n<p>Grupa de v\u00e2rst\u0103<br \/>\nStoc la finele lunii<\/p>\n<p>Total<br \/>\n2925<\/p>\n<p>&lt; 25 ani<br \/>\n347<\/p>\n<p>\u00eentre 25-29<br \/>\n254<\/p>\n<p>\u00eentre 30-39<br \/>\n430<\/p>\n<p>\u00eentre 40-49<br \/>\n539<\/p>\n<p>\u00eentre 50-55<br \/>\n613<\/p>\n<p>peste 55 ani<br \/>\n742<\/p>\n<p>\u00a0<\/p>\n<p>\u0218omerii cu studii gimnaziale au ponderea cea mai mare \u00een totalul \u015fomerilor \u00eenregistra\u0163i \u00een eviden\u0163ele AJOFM Tulcea (43,52%), urmat de cei cu studii liceale (27,24%), iar 14,05% au studii profesionale. \u0218omerii cu nivel de studii medii \u2013 submedii reprezint\u0103 96,96% din totalul \u0219omerilor \u00eenregistra\u021bi, iar cei cu studii superioare sunt 3,04%.<\/p>\n<p>\u00a0<\/p>\n<p>Structura \u0219omerilor \u00eenregistra\u021bi pe nivel de ocupabilitate, stabilit prin profilare, se prezint\u0103 astfel: 186 de persoane foarte greu ocupabile, 614 greu ocupabile, 1978 mediu ocupabile, iar 147 sunt persoane u\u0219or ocupabile. \u00cencadrarea \u00eentr-o categorie de ocupabilitate se realizeaz\u0103 ca urmare a activit\u0103\u0163ii de profilare a persoanelor \u00eenregistrate \u00een eviden\u0163ele noastre. Informa\u0163ii detaliate despre structura \u015fomajului la nivelul jude\u0163ului<\/p><\/div>\n<p>[analyse_source url=&#8221;https:\/\/infotulcea.ro\/somajul-a-crescut-usor-in-tulcea-rata-a-ajuns-la-397\/&#8221;]<\/p>\n","protected":false},"excerpt":{"rendered":"<p>[analyse_image type=&#8221;featured&#8221; src=&#8221;https:\/\/infotulcea.ro\/wp-content\/uploads\/2026\/07\/somaj.jpghttps:\/\/infotulcea.ro\/wp-content\/uploads\/2026\/07\/somaj.jpg&#8221;] Home\/Administra\u0163ie\/\u0218omajul a crescut u\u0219or \u00een Tulcea: rata a ajuns la 3,97% Administra\u0163ie \u0218omajul a crescut u\u0219or \u00een Tulcea: rata a ajuns la 3,97% Redactia28 iulie 2026 0 132 1 minute read La sf\u00e2r\u0219itul lunii iunie, \u00een eviden\u021bele Agen\u021biei Jude\u021bene pentru Ocuparea For\u021bei de Munc\u0103 Tulcea erau \u00eenregistra\u021bi 2925 de \u0219omeri (din care [&hellip;]<\/p>\n","protected":false},"author":1,"featured_media":0,"comment_status":"open","ping_status":"","sticky":false,"template":"","format":"standard","meta":{"footnotes":""},"categories":[89],"tags":[226,221],"class_list":["post-2065594","post","type-post","status-publish","format-standard","hentry","category-romania","tag-crawlmanager","tag-infotulcea-ro"],"_links":{"self":[{"href":"https:\/\/analyse.optim.biz\/index.php?rest_route=\/wp\/v2\/posts\/2065594","targetHints":{"allow":["GET"]}}],"collection":[{"href":"https:\/\/analyse.optim.biz\/index.php?rest_route=\/wp\/v2\/posts"}],"about":[{"href":"https:\/\/analyse.optim.biz\/index.php?rest_route=\/wp\/v2\/types\/post"}],"author":[{"embeddable":true,"href":"https:\/\/analyse.optim.biz\/index.php?rest_route=\/wp\/v2\/users\/1"}],"replies":[{"embeddable":true,"href":"https:\/\/analyse.optim.biz\/index.php?rest_route=%2Fwp%2Fv2%2Fcomments&post=2065594"}],"version-history":[{"count":0,"href":"https:\/\/analyse.optim.biz\/index.php?rest_route=\/wp\/v2\/posts\/2065594\/revisions"}],"wp:attachment":[{"href":"https:\/\/analyse.optim.biz\/index.php?rest_route=%2Fwp%2Fv2%2Fmedia&parent=2065594"}],"wp:term":[{"taxonomy":"category","embeddable":true,"href":"https:\/\/analyse.optim.biz\/index.php?rest_route=%2Fwp%2Fv2%2Fcategories&post=2065594"},{"taxonomy":"post_tag","embeddable":true,"href":"https:\/\/analyse.optim.biz\/index.php?rest_route=%2Fwp%2Fv2%2Ftags&post=2065594"}],"curies":[{"name":"wp","href":"https:\/\/api.w.org\/{rel}","templated":true}]}}