{"id":2065592,"date":"2026-07-25T18:39:20","date_gmt":"2026-07-25T15:39:20","guid":{"rendered":"https:\/\/analyse.optim.biz\/?p=2065592"},"modified":"2026-07-25T18:39:20","modified_gmt":"2026-07-25T15:39:20","slug":"ministrul-radu-miruta-raspunde-punctual-dezinformarilor-din-ultimele-zile-o-parte-dintre-cei-care-se-declara-suveranisti-sunt-mai-deranjati-ca-armata-romana-si-a-facut-datoria-de","status":"publish","type":"post","link":"https:\/\/analyse.optim.biz\/?p=2065592","title":{"rendered":"Ministrul Radu Miru\u021b\u0103 r\u0103spunde punctual dezinform\u0103rilor din ultimele zile. \u201eO parte dintre cei care se declar\u0103 \u00absuverani\u0219ti\u00bb sunt mai deranja\u021bi c\u0103 Armata Rom\u00e2n\u0103 \u0219i-a f\u0103cut datoria dec\u00e2t de faptul c\u0103 drone ruse\u0219ti au \u00eenc\u0103lcat spa\u021biul nostru aerian\u201d"},"content":{"rendered":"<p>[analyse_image type=&#8221;featured&#8221; src=&#8221;https:\/\/infotulcea.ro\/wp-content\/uploads\/2021\/11\/bulina.png&#8221;]<\/p>\n<div id=\"content\" class=\"site-content container\">\n<div id=\"main-content-row\" class=\"tie-row main-content-row\">\n<div class=\"main-content tie-col-md-8 tie-col-xs-12\" role=\"main\">\n<article id=\"the-post\" class=\"container-wrapper post-content tie-standard\">\n<header class=\"entry-header-outer\">\n<nav id=\"breadcrumb\"><a href=\"https:\/\/infotulcea.ro\/\"> Home<\/a><em class=\"delimiter\">\/<\/em><a href=\"https:\/\/infotulcea.ro\/categorie\/politica\/\">Politic\u0103<\/a><em class=\"delimiter\">\/<\/em><a href=\"https:\/\/infotulcea.ro\/categorie\/politica\/usr\/\">USR<\/a><em class=\"delimiter\">\/<\/em><span class=\"current\">Ministrul Radu Miru\u021b\u0103 r\u0103spunde punctual dezinform\u0103rilor din ultimele zile. \u201eO parte dintre cei care se declar\u0103 \u00absuverani\u0219ti\u00bb sunt mai deranja\u021bi c\u0103 Armata Rom\u00e2n\u0103 \u0219i-a f\u0103cut datoria dec\u00e2t de faptul c\u0103 drone ruse\u0219ti au \u00eenc\u0103lcat spa\u021biul nostru aerian\u201d<\/span><\/nav>\n<div class=\"entry-header\"><span class=\"post-cat-wrap\"><a class=\"post-cat tie-cat-248\" href=\"https:\/\/infotulcea.ro\/categorie\/politica\/usr\/\">USR<\/a><\/span><\/p>\n<h1 class=\"post-title entry-title\">\n\t\t\tMinistrul Radu Miru\u021b\u0103 r\u0103spunde punctual dezinform\u0103rilor din ultimele zile. \u201eO parte dintre cei care se declar\u0103 \u00absuverani\u0219ti\u00bb sunt mai deranja\u021bi c\u0103 Armata Rom\u00e2n\u0103 \u0219i-a f\u0103cut datoria dec\u00e2t de faptul c\u0103 drone ruse\u0219ti au \u00eenc\u0103lcat spa\u021biul nostru aerian\u201d\t\t<\/h1>\n<div class=\"single-post-meta post-meta clearfix\"><span class=\"author-meta single-author no-avatars\"><span class=\"meta-item meta-author-wrapper meta-author-9\"><span class=\"meta-author\"><a href=\"https:\/\/infotulcea.ro\/author\/redactia-2\/\" class=\"author-name tie-icon\" title=\"Redactia\">Redactia<\/a><\/span><\/span><\/span><span class=\"date meta-item tie-icon\">25 iulie 2026<\/span><\/p>\n<div class=\"tie-alignright\"><span class=\"meta-comment tie-icon meta-item fa-before\">0<\/span><span class=\"meta-views meta-item \"> 291 <\/span><span class=\"meta-reading-time meta-item\"> 3 minutes read<\/span><\/div>\n<\/div>\n<\/div>\n<\/header>\n<div class=\"entry-content entry clearfix\">\n<p><strong>Radu Miru\u021b\u0103: Rom\u00e2nia a demonstrat un lucru simplu: \u00ee\u0219i ap\u0103r\u0103 teritoriul \u0219i reac\u021bioneaz\u0103 ferm, iar \u00een aceste zile, capabilit\u0103\u021bile aflate la dispozi\u021bia Armatei Rom\u00e2ne raportate la contextul dat au f\u0103cut posibil\u0103 o interven\u021bie de succes.<\/strong><\/p>\n<p>Grani\u021bele, spa\u021biul aerian \u0219i suveranitatea Rom\u00e2niei nu sunt negociabile. NATO func\u021bioneaz\u0103, Armata Rom\u00e2n\u0103 \u00ee\u0219i face datoria la maximum cu ceea ce are la dispozi\u021bie, iar noi vom continua s\u0103 investim \u00een ap\u0103rarea cet\u0103\u021benilor, a teritoriului na\u021bional \u0219i a flancului estic al Alian\u021bei.<\/p>\n<p>Asta este realitatea.<\/p>\n<p>\u00cen schimb, v\u0103d c\u0103 o parte dintre cei care se declar\u0103 \u201esuverani\u0219ti\u201d sunt mai deranja\u021bi c\u0103 Armata Rom\u00e2n\u0103 \u0219i-a f\u0103cut datoria dec\u00e2t de faptul c\u0103 drone ruse\u0219ti au \u00eenc\u0103lcat spa\u021biul nostru aerian. Pentru c\u0103 au ap\u0103rut multe dezinform\u0103ri, r\u0103spund punctual.<\/p>\n<p>\ud835\udfcf. \u201e\ud835\udc00\ud835\udc2d\u0326\ud835\udc22 \ud835\udc2d\ud835\udc2b\ud835\udc1a\ud835\udc2c \ud835\udc1c\ud835\udc2e \ud835\udc2b\ud835\udc1a\ud835\udc1c\ud835\udc21\ud835\udc1e\ud835\udc2d\ud835\udc1e \ud835\udc2c\ud835\udc1c\ud835\udc2e\ud835\udc26\ud835\udc29\ud835\udc1e \ud835\udc22\u0302\ud835\udc27 \ud835\udc1d\ud835\udc2b\ud835\udc28\ud835\udc27\ud835\udc1e \ud835\udc22\ud835\udc1e\ud835\udc1f\ud835\udc2d\ud835\udc22\ud835\udc27\ud835\udc1e.\u201d \u2013 \ud835\udc05\ud835\udc00\ud835\udc0b\ud835\udc12.<\/p>\n<p>ADEV\u0102RUL: Calculul nu se face compar\u00e2nd pre\u021bul unei rachete cu cel al unei drone. \u00cen ecua\u021bie intr\u0103 vie\u021bile oamenilor \u0219i siguran\u021ba comunit\u0103\u021bilor pe care le protej\u0103m, iar acestea nu au pre\u021b.<\/p>\n<p>Utiliz\u0103m capabilit\u0103\u021bi de ap\u0103rare antiaerian\u0103 la sol, dar raza acestora de ac\u021biune este limitat\u0103.<\/p>\n<p>Da, aeronavele F-16 nu au fost proiectate pentru astfel de misiuni. Tocmai de aceea reprezint\u0103 solu\u021bia de ultim\u0103 instan\u021b\u0103, folosit\u0103 atunci c\u00e2nd este necesar s\u0103 protej\u0103m popula\u021bia \u0219i infrastructura.<\/p>\n<p>\u00cen acela\u0219i timp, nu am stat cu m\u00e2inile \u00een s\u00e2n, ci, atunci c\u00e2nd am v\u0103zut ce nu avem, am pornit cel mai accelerat program de \u00eenzestrare \u0219i modernizare al Armatei Rom\u00e2ne, cu produc\u021bie \u00een Rom\u00e2nia. Prin programul SAFE am contractat, \u00eentr-un timp record, sisteme dedicate combaterii dronelor. \ud835\udc11\ud835\udc1a\u0306\ud835\udc33\ud835\udc1b\ud835\udc28\ud835\udc22\ud835\udc2e\ud835\udc25 \ud835\udc1c\ud835\udc2e \ud835\udc1d\ud835\udc2b\ud835\udc28\ud835\udc27\ud835\udc1e \ud835\udc27\ud835\udc2e \ud835\udc1a \ud835\udc22\u0302\ud835\udc27\ud835\udc1c\ud835\udc1e\ud835\udc29\ud835\udc2e\ud835\udc2d \ud835\udc22\ud835\udc1e\ud835\udc2b\ud835\udc22, \ud835\udc1c\ud835\udc22 \ud835\udc1d\ud835\udc1e \ud835\udc29\ud835\udc1e\ud835\udc2c\ud835\udc2d\ud835\udc1e \ud835\udc2d\ud835\udc2b\ud835\udc1e\ud835\udc22 \ud835\udc1a\ud835\udc27\ud835\udc22. Dac\u0103 s-ar fi luat decizii la timp \u00een anii anteriori, aceste capabilit\u0103\u021bi ar fi fost deja opera\u021bionale. Nu s-a \u00eent\u00e2mplat asta, dar am recuperat timpul pierdut. Nu mai spun cine \u0219i ce a f\u0103cut de la \u00eenceputul r\u0103zboiului, se poate verifica foarte u\u0219or.<\/p>\n<p>Eu v\u0103 spun ce fac eu de \u0219ase luni, pe l\u00e2ng\u0103 noile achizi\u021bii. P\u00e2n\u0103 la intrarea \u00een serviciu a noilor sisteme, adapt\u0103m permanent dispozitivul de ap\u0103rare din Dobrogea. Periodic \u2013 s\u0103pt\u0103m\u00e2nal, sau o dat\u0103 la dou\u0103 s\u0103pt\u0103m\u00e2ni \u2013 analiz\u0103m lec\u021biile \u00eenv\u0103\u021bate, actualiz\u0103m procedurile \u0219i repozi\u021bion\u0103m resursele acolo unde este nevoie.<\/p>\n<p>Upgrad\u0103m ceea ce poate fi modernizat \u0219i cercet\u0103m componente recuperate din drone ruse\u0219ti pentru a eficientiza la maximum solu\u021biile de lansare.<\/p>\n<p>Rezultatele din ultimele 24 de ore confirm\u0103 c\u0103 aceast\u0103 strategie func\u021bioneaz\u0103. Nu sunt vorbe, sunt fapte. Au fost reorganizate capabilit\u0103\u021bile existente, am modernizat ceea ce poate fi upgradat \u00eentr-un timp scurt \u0219i cercet\u0103m componente recuperate de la dronele e\u0219uate pentru a eficientiza la maximum solu\u021biile de lansare. Am cerut sprijin suplimentar \u00een cadrul NATO, acceler\u0103m achizi\u021biile, analiz\u0103m permanent scenarii \u0219i lu\u0103m decizii \u00eenainte ca amenin\u021b\u0103rile s\u0103 se transforme \u00een pericole reale.<\/p>\n<p>\ud835\udfd0. \u201e\ud835\udc03\ud835\udc2b\ud835\udc28\ud835\udc27\ud835\udc1a \ud835\udc2c-\ud835\udc1a \ud835\udc29\ud835\udc25\ud835\udc22\ud835\udc26\ud835\udc1b\ud835\udc1a\ud835\udc2d \ud835\udc29\ud835\udc2b\ud835\udc22\ud835\udc27 \ud835\udc11\ud835\udc28\ud835\udc26\ud835\udc1a\u0302\ud835\udc27\ud835\udc22\ud835\udc1a \ud835\udc2c\u0326\ud835\udc22 \ud835\udc1a\ud835\udc2d\u0326\ud835\udc22 \ud835\udc2d\ud835\udc2b\ud835\udc1a\ud835\udc2c \ud835\udc29\ud835\udc2b\ud835\udc1e\ud835\udc1a \ud835\udc2d\ud835\udc1a\u0302\ud835\udc2b\ud835\udc33\ud835\udc22\ud835\udc2e.\u201d \u2013 \ud835\udc05\ud835\udc00\ud835\udc0b\ud835\udc12.<\/p>\n<p>ADEV\u0102RUL: Din momentul \u00een care a intrat \u00een spa\u021biul aerian al Rom\u00e2niei, drona a fost urm\u0103rit\u0103 permanent. Interceptarea s-a f\u0103cut exact \u00een momentul \u00een care existau condi\u021biile necesare pentru a o dobor\u00ee \u00een siguran\u021b\u0103. Ieri \u00eentr-un timp mai lung, azi doar \u00een c\u00e2teva minute.<\/p>\n<p>Responsabilitatea unui ministru \u0219i a militarilor nu este doar s\u0103 doboare o \u021bint\u0103, ci s\u0103 o fac\u0103, cu mijloacele pe care le au la dispozi\u021bie, f\u0103r\u0103 s\u0103 pun\u0103 \u00een pericol via\u021ba oamenilor. Nu risc\u0103m ca fragmentele dronei sau ale interceptorului s\u0103 cad\u0103 peste locuin\u021be ori asupra popula\u021biei doar pentru a satisface spectacolul unor comentatori de pe internet.<\/p>\n<p>\u0218i \u00eenc\u0103 un lucru pentru cei care distribuie informa\u021bii false: la Ianca nu mai func\u021bioneaz\u0103 de ani buni o baz\u0103 militar\u0103. Dac\u0103 tot pretinde\u021bi c\u0103 informa\u021bi opinia public\u0103, m\u0103car verifica\u021bi datele \u00eenainte de a r\u0103sp\u00e2ndi dezinform\u0103ri.<\/p>\n<p>\ud835\udfd1. \u201e\ud835\udc00\ud835\udc2e \ud835\udc2f\ud835\udc1e\ud835\udc27\ud835\udc22\ud835\udc2d \ud835\udc1d\ud835\udc2b\ud835\udc28\ud835\udc27\ud835\udc1e\ud835\udc25\ud835\udc1e \ud835\udc2c\u0326\ud835\udc22 \ud835\udc26\ud835\udc22\ud835\udc27\ud835\udc22\ud835\udc2c\ud835\udc2d\ud835\udc2b\ud835\udc2e\ud835\udc25 \ud835\udc1e\ud835\udc2b\ud835\udc1a \ud835\udc22\u0302\ud835\udc27 \ud835\udc2f\ud835\udc1a\ud835\udc1c\ud835\udc1a\ud835\udc27\ud835\udc2d\u0326\ud835\udc1a\u0306.\u201d<\/p>\n<p>Da, eram \u00een concediu. \u0218i \u00een concediu am r\u0103mas ministrul Ap\u0103r\u0103rii. Responsabilitatea pentru securitatea Rom\u00e2niei nu se suspend\u0103 odat\u0103 cu plecarea \u00een vacan\u021b\u0103 \u0219i nici nu depinde de prezen\u021ba fizic\u0103 \u00eentr-un birou.<\/p>\n<p>\u00cen ultimele luni am demonstrat, prin decizii \u0219i rezultate, nu prin sloganuri, c\u0103 Ministerul Ap\u0103r\u0103rii func\u021bioneaz\u0103 permanent. Exist\u0103 proceduri, lan\u021buri de comand\u0103 \u0219i oameni preg\u0103ti\u021bi care ac\u021bioneaz\u0103 24 de ore din 24, iar atunci c\u00e2nd situa\u021bia o cere sunt implicat f\u0103r\u0103 \u00eent\u00e2rziere.<\/p>\n<p>Rom\u00e2nia este mai bine preg\u0103tit\u0103 ast\u0103zi dec\u00e2t era acum un an. Mai avem multe de f\u0103cut, dar un lucru este cert: nu vom face compromisuri c\u00e2nd este vorba despre securitatea cet\u0103\u021benilor rom\u00e2ni. Vom continua s\u0103 investim \u00een Armata Rom\u00e2n\u0103, s\u0103 consolid\u0103m ap\u0103rarea antiaerian\u0103 \u0219i antidron\u0103 \u0219i s\u0103 ac\u021bion\u0103m \u00eempreun\u0103 cu alia\u021bii no\u0219tri ori de c\u00e2te ori securitatea \u021b\u0103rii o cere.<\/p>\n<p>\u00cendemn publicul s\u0103 se informeze din surse oficiale \u0219i credibile \u0219i s\u0103 trateze cu pruden\u021b\u0103 declara\u021biile spectaculoase, lipsite de context \u0219i de rigoare.<\/p>\n<p>\u00cen\u021beleg pe deplin \u00eengrijorarea oamenilor, \u00een special teama rom\u00e2nilor din Dobrogea, care primesc uneori, de c\u00e2teva ori pe zi, alerte aeriene. Este justificat\u0103. Ca ministru al Ap\u0103r\u0103rii, pot s\u0103 le garantez un singur lucru: \ud835\udc00\ud835\udc2b\ud835\udc26\ud835\udc1a\ud835\udc2d\ud835\udc1a \ud835\udc11\ud835\udc28\ud835\udc26\ud835\udc1a\u0302\ud835\udc27\ud835\udc1a\u0306 \ud835\udc1f\ud835\udc1a\ud835\udc1c\ud835\udc1e \ud835\udc26\ud835\udc1a\ud835\udc31\ud835\udc22\ud835\udc26\ud835\udc2e\ud835\udc26 \ud835\udc29\ud835\udc28\ud835\udc2c\ud835\udc22\ud835\udc1b\ud835\udc22\ud835\udc25 \ud835\udc29\ud835\udc1e\ud835\udc27\ud835\udc2d\ud835\udc2b\ud835\udc2e \ud835\udc1a \ud835\udc29\ud835\udc2b\ud835\udc28\ud835\udc2d\ud835\udc1e\ud835\udc23\ud835\udc1a \ud835\udc1c\ud835\udc1e\ud835\udc2d\ud835\udc1a\u0306\ud835\udc2d\u0326\ud835\udc1e\ud835\udc27\ud835\udc22\ud835\udc22 \ud835\udc11\ud835\udc28\ud835\udc26\ud835\udc1a\u0302\ud835\udc27\ud835\udc22\ud835\udc1e\ud835\udc22.<\/p>\n<p>Actualiz\u0103m deciziile ori de c\u00e2te ori este nevoie, c\u0103ut\u0103m permanent solu\u021bii cu ceea ce avem \u0219i achizi\u021bion\u0103m rapid ceea ce nu a fost achizi\u021bionat p\u00e2n\u0103 acum. \ud835\udc05\ud835\udc1a\ud835\udc29\ud835\udc2d\ud835\udc2e\ud835\udc25 \ud835\udc1c\ud835\udc1a\u0306 \ud835\udc1d\ud835\udc28\ud835\udc2e\ud835\udc1a\u0306 \ud835\udc1d\ud835\udc2b\ud835\udc28\ud835\udc27\ud835\udc1e \ud835\udc1a\ud835\udc2e \ud835\udc1f\ud835\udc28\ud835\udc2c\ud835\udc2d \ud835\udc1d\ud835\udc28\ud835\udc1b\ud835\udc28\ud835\udc2b\ud835\udc1a\u0302\ud835\udc2d\ud835\udc1e \ud835\udc22\u0302\ud835\udc27 \ud835\udc1d\ud835\udc28\ud835\udc2e\ud835\udc1a\u0306 \ud835\udc33\ud835\udc22\ud835\udc25\ud835\udc1e \ud835\udc1c\ud835\udc28\ud835\udc27\ud835\udc2c\ud835\udc1e\ud835\udc1c\ud835\udc2e\ud835\udc2d\ud835\udc22\ud835\udc2f\ud835\udc1e \ud835\udc1e\ud835\udc2c\ud835\udc2d\ud835\udc1e \ud835\udc1d\ud835\udc28\ud835\udc2f\ud835\udc1a\ud835\udc1d\ud835\udc1a!<\/p>\n<\/div>\n<div id=\"post-extra-info\">\n<div class=\"theiaStickySidebar\">\n<div class=\"single-post-meta post-meta clearfix\"><span class=\"author-meta single-author no-avatars\"><span class=\"meta-item meta-author-wrapper meta-author-9\"><span class=\"meta-author\"><a href=\"https:\/\/infotulcea.ro\/author\/redactia-2\/\" class=\"author-name tie-icon\" title=\"Redactia\">Redactia<\/a><\/span><\/span><\/span><span class=\"date meta-item tie-icon\">25 iulie 2026<\/span><\/p>\n<div class=\"tie-alignright\"><span class=\"meta-comment tie-icon meta-item fa-before\">0<\/span><span class=\"meta-views meta-item \"> 291 <\/span><span class=\"meta-reading-time meta-item\"> 3 minutes read<\/span><\/div>\n<\/div>\n<\/div>\n<\/div>\n<div id=\"share-buttons-bottom\" class=\"share-buttons share-buttons-bottom\">\n<div class=\"share-links  icons-only\">\n<div class=\"share-title\"><span> Share<\/span><\/div>\n<p><a href=\"https:\/\/www.facebook.com\/sharer.php?u=https:\/\/infotulcea.ro\/ministrul-radu-miruta-raspunde-punctual-dezinformarilor-din-ultimele-zile-o-parte-dintre-cei-care-se-declara-suveranisti-sunt-mai-deranjati-ca-armata-romana-si-a-facut-datoria-de\/\" rel=\"external noopener nofollow\" title=\"Facebook\" target=\"_blank\" class=\"facebook-share-btn \" data-raw=\"https:\/\/www.facebook.com\/sharer.php?u={post_link}\"><span class=\"screen-reader-text\">Facebook<\/span><\/a><a href=\"https:\/\/twitter.com\/intent\/tweet?text=Ministrul%20Radu%20Miru%C8%9B%C4%83%20r%C4%83spunde%20punctual%20dezinform%C4%83rilor%20din%20ultimele%20zile.%20%E2%80%9EO%20parte%20dintre%20cei%20care%20se%20declar%C4%83%20%C2%ABsuverani%C8%99ti%C2%BB%20sunt%20mai%20deranja%C8%9Bi%20c%C4%83%20Armata%20Rom%C3%A2n%C4%83%20%C8%99i-a%20f%C4%83cut%20datoria%20dec%C3%A2t%20de%20faptul%20c%C4%83%20drone%20ruse%C8%99ti%20au%20%C3%AEnc%C4%83lcat%20spa%C8%9Biul%20nostru%20aerian%E2%80%9D&amp;url=https:\/\/infotulcea.ro\/ministrul-radu-miruta-raspunde-punctual-dezinformarilor-din-ultimele-zile-o-parte-dintre-cei-care-se-declara-suveranisti-sunt-mai-deranjati-ca-armata-romana-si-a-facut-datoria-de\/\" rel=\"external noopener nofollow\" title=\"X\" target=\"_blank\" class=\"twitter-share-btn \" data-raw=\"https:\/\/twitter.com\/intent\/tweet?text={post_title}&amp;url={post_link}\"><span class=\"screen-reader-text\">X<\/span><\/a><a href=\"https:\/\/api.whatsapp.com\/send?text=Ministrul%20Radu%20Miru%C8%9B%C4%83%20r%C4%83spunde%20punctual%20dezinform%C4%83rilor%20din%20ultimele%20zile.%20%E2%80%9EO%20parte%20dintre%20cei%20care%20se%20declar%C4%83%20%C2%ABsuverani%C8%99ti%C2%BB%20sunt%20mai%20deranja%C8%9Bi%20c%C4%83%20Armata%20Rom%C3%A2n%C4%83%20%C8%99i-a%20f%C4%83cut%20datoria%20dec%C3%A2t%20de%20faptul%20c%C4%83%20drone%20ruse%C8%99ti%20au%20%C3%AEnc%C4%83lcat%20spa%C8%9Biul%20nostru%20aerian%E2%80%9D%20https:\/\/infotulcea.ro\/ministrul-radu-miruta-raspunde-punctual-dezinformarilor-din-ultimele-zile-o-parte-dintre-cei-care-se-declara-suveranisti-sunt-mai-deranjati-ca-armata-romana-si-a-facut-datoria-de\/\" rel=\"external noopener nofollow\" title=\"WhatsApp\" target=\"_blank\" class=\"whatsapp-share-btn \" data-raw=\"https:\/\/api.whatsapp.com\/send?text={post_title}%20{post_link}\"><span class=\"screen-reader-text\">WhatsApp<\/span><\/a><a href=\"https:\/\/telegram.me\/share\/url?url=https:\/\/infotulcea.ro\/ministrul-radu-miruta-raspunde-punctual-dezinformarilor-din-ultimele-zile-o-parte-dintre-cei-care-se-declara-suveranisti-sunt-mai-deranjati-ca-armata-romana-si-a-facut-datoria-de\/&amp;text=Ministrul%20Radu%20Miru%C8%9B%C4%83%20r%C4%83spunde%20punctual%20dezinform%C4%83rilor%20din%20ultimele%20zile.%20%E2%80%9EO%20parte%20dintre%20cei%20care%20se%20declar%C4%83%20%C2%ABsuverani%C8%99ti%C2%BB%20sunt%20mai%20deranja%C8%9Bi%20c%C4%83%20Armata%20Rom%C3%A2n%C4%83%20%C8%99i-a%20f%C4%83cut%20datoria%20dec%C3%A2t%20de%20faptul%20c%C4%83%20drone%20ruse%C8%99ti%20au%20%C3%AEnc%C4%83lcat%20spa%C8%9Biul%20nostru%20aerian%E2%80%9D\" rel=\"external noopener nofollow\" title=\"Telegram\" target=\"_blank\" class=\"telegram-share-btn \" data-raw=\"https:\/\/telegram.me\/share\/url?url={post_link}&amp;text={post_title}\"><span class=\"screen-reader-text\">Telegram<\/span><\/a><a href=\"mailto:?subject=Ministrul%20Radu%20Miru%C8%9B%C4%83%20r%C4%83spunde%20punctual%20dezinform%C4%83rilor%20din%20ultimele%20zile.%20%E2%80%9EO%20parte%20dintre%20cei%20care%20se%20declar%C4%83%20%C2%ABsuverani%C8%99ti%C2%BB%20sunt%20mai%20deranja%C8%9Bi%20c%C4%83%20Armata%20Rom%C3%A2n%C4%83%20%C8%99i-a%20f%C4%83cut%20datoria%20dec%C3%A2t%20de%20faptul%20c%C4%83%20drone%20ruse%C8%99ti%20au%20%C3%AEnc%C4%83lcat%20spa%C8%9Biul%20nostru%20aerian%E2%80%9D&amp;body=https:\/\/infotulcea.ro\/ministrul-radu-miruta-raspunde-punctual-dezinformarilor-din-ultimele-zile-o-parte-dintre-cei-care-se-declara-suveranisti-sunt-mai-deranjati-ca-armata-romana-si-a-facut-datoria-de\/\" rel=\"external noopener nofollow\" title=\"Share via Email\" target=\"_blank\" class=\"email-share-btn \" data-raw=\"mailto:?subject={post_title}&amp;body={post_link}\"><span class=\"screen-reader-text\">Share via Email<\/span><\/a><a href=\"https:\/\/infotulcea.ro\/ministrul-radu-miruta-raspunde-punctual-dezinformarilor-din-ultimele-zile-o-parte-dintre-cei-care-se-declara-suveranisti-sunt-mai-deranjati-ca-armata-romana-si-a-facut-datoria-de\/\" rel=\"external noopener nofollow\" title=\"Print\" target=\"_blank\" class=\"print-share-btn \" data-raw=\"#\"><span class=\"screen-reader-text\">Print<\/span><\/a><\/div>\n<\/div>\n<\/article>\n<div class=\"post-components\">\n<div id=\"related-posts\" class=\"container-wrapper has-extra-post\">\n<div class=\"mag-box-title the-global-title\">\n<h3>Related Articles<\/h3>\n<\/div>\n<div class=\"related-posts-list\">\n<div class=\"related-item tie-standard\"><a aria-label=\"La mul\u021bi ani, Dobrogea! La mul\u021bi ani, dobrogeni! La mul\u021bi ani, tulceni!\" href=\"https:\/\/infotulcea.ro\/la-multi-ani-dobrogea-la-multi-ani-dobrogeni-la-multi-ani-tulceni\/\" class=\"post-thumb\"><source type=\"image\/webp\" data-srcset=\"https:\/\/infotulcea.ro\/wp-content\/uploads\/2024\/11\/Imagine-WhatsApp-2024-11-14-la-09.40.54_11f03ba9-390x220.jpg.webp\" \/><\/a><\/p>\n<h3 class=\"post-title\"><a href=\"https:\/\/infotulcea.ro\/la-multi-ani-dobrogea-la-multi-ani-dobrogeni-la-multi-ani-tulceni\/\">La mul\u021bi ani, Dobrogea! La mul\u021bi ani, dobrogeni! La mul\u021bi ani, tulceni!<\/a><\/h3>\n<div class=\"post-meta clearfix\"><span class=\"date meta-item tie-icon\">14 noiembrie 2024<\/span><\/div>\n<\/div>\n<div class=\"related-item tie-standard\"><a aria-label=\"Ionu\u021b Mo\u0219teanu, liderul deputa\u021bilor USR: \u201eGuvernul \u0219i ministrul Ap\u0103r\u0103rii trebuie s\u0103 ac\u021bioneze urgent pentru a proteja spa\u021biul aerian al Rom\u00e2niei!\u201d\" href=\"https:\/\/infotulcea.ro\/ionut-mosteanu-liderul-deputatilor-usr-guvernul-si-ministrul-apararii-trebuie-sa-actioneze-urgent-pentru-a-proteja-spatiul-aerian-al-romaniei\/\" class=\"post-thumb\"><source type=\"image\/webp\" data-srcset=\"https:\/\/infotulcea.ro\/wp-content\/uploads\/2024\/09\/usrdrone-390x220.jpg.webp\" \/><img loading=\"lazy\" decoding=\"async\" width=\"390\" height=\"220\" src=\"https:\/\/infotulcea.ro\/wp-content\/uploads\/2024\/09\/usrdrone-390x220.jpg\" class=\"attachment-jannah-image-large size-jannah-image-large wp-post-image\" alt><\/a><\/p>\n<h3 class=\"post-title\"><a href=\"https:\/\/infotulcea.ro\/ionut-mosteanu-liderul-deputatilor-usr-guvernul-si-ministrul-apararii-trebuie-sa-actioneze-urgent-pentru-a-proteja-spatiul-aerian-al-romaniei\/\">Ionu\u021b Mo\u0219teanu, liderul deputa\u021bilor USR: \u201eGuvernul \u0219i ministrul Ap\u0103r\u0103rii trebuie s\u0103 ac\u021bioneze urgent pentru a proteja spa\u021biul aerian al Rom\u00e2niei!\u201d<\/a><\/h3>\n<div class=\"post-meta clearfix\"><span class=\"date meta-item tie-icon\">12 septembrie 2024<\/span><\/div>\n<\/div>\n<div class=\"related-item tie-standard\"><a aria-label=\"Diana Buzoianu: Pl\u00e2ngere penal\u0103 dup\u0103 vandalizarea camerelor forestiere\" href=\"https:\/\/infotulcea.ro\/diana-buzoianu-plangere-penala-dupa-vandalizarea-camerelor-forestiere\/\" class=\"post-thumb\"><source type=\"image\/webp\" data-srcset=\"https:\/\/infotulcea.ro\/wp-content\/uploads\/2026\/06\/usr-1--390x220.jpeg.webp\" \/><img loading=\"lazy\" decoding=\"async\" width=\"390\" height=\"220\" src=\"https:\/\/infotulcea.ro\/wp-content\/uploads\/2026\/06\/usr-1--390x220.jpeg\" class=\"attachment-jannah-image-large size-jannah-image-large wp-post-image\" alt><\/a><\/p>\n<h3 class=\"post-title\"><a href=\"https:\/\/infotulcea.ro\/diana-buzoianu-plangere-penala-dupa-vandalizarea-camerelor-forestiere\/\">Diana Buzoianu: Pl\u00e2ngere penal\u0103 dup\u0103 vandalizarea camerelor forestiere<\/a><\/h3>\n<div class=\"post-meta clearfix\"><span class=\"date meta-item tie-icon\">9 iunie 2026<\/span><\/div>\n<\/div>\n<div class=\"related-item tie-standard\"><a aria-label=\"Eugen Terente, pre\u0219edinte USR Tulcea: \u201dSunt foarte bucuros c\u0103 Nicu\u0219or Dan a ajuns \u00een turul 2\u201d\" href=\"https:\/\/infotulcea.ro\/eugen-terente-presedinte-usr-tulcea-sunt-foarte-bucuros-ca-nicusor-dan-a-ajuns-in-turul-2\/\" class=\"post-thumb\"><source type=\"image\/webp\" data-srcset=\"https:\/\/infotulcea.ro\/wp-content\/uploads\/2025\/05\/nicusor-390x220.jpg.webp\" \/><img loading=\"lazy\" decoding=\"async\" width=\"390\" height=\"220\" src=\"https:\/\/infotulcea.ro\/wp-content\/uploads\/2025\/05\/nicusor-390x220.jpg\" class=\"attachment-jannah-image-large size-jannah-image-large wp-post-image\" alt><\/a><\/p>\n<h3 class=\"post-title\"><a href=\"https:\/\/infotulcea.ro\/eugen-terente-presedinte-usr-tulcea-sunt-foarte-bucuros-ca-nicusor-dan-a-ajuns-in-turul-2\/\">Eugen Terente, pre\u0219edinte USR Tulcea: \u201dSunt foarte bucuros c\u0103 Nicu\u0219or Dan a ajuns \u00een turul 2\u201d<\/a><\/h3>\n<div class=\"post-meta clearfix\"><span class=\"date meta-item tie-icon\">5 mai 2025<\/span><\/div>\n<\/div>\n<\/div>\n<\/div>\n<div id=\"comments\" class=\"comments-area\">\n<div id=\"add-comment-block\" class=\"container-wrapper\">\n<div id=\"respond\" class=\"comment-respond\">\n<h3 id=\"reply-title\" class=\"comment-reply-title the-global-title\">Las\u0103 un r\u0103spuns <small><a rel=\"nofollow\" id=\"cancel-comment-reply-link\" href=\"https:\/\/infotulcea.ro\/ministrul-radu-miruta-raspunde-punctual-dezinformarilor-din-ultimele-zile-o-parte-dintre-cei-care-se-declara-suveranisti-sunt-mai-deranjati-ca-armata-romana-si-a-facut-datoria-de\/#respond\">Anuleaz\u0103 r\u0103spunsul<\/a><\/small><\/h3>\n<p class=\"comment-notes\"><span id=\"email-notes\">Adresa ta de email nu va fi publicat\u0103.<\/span><span class=\"required-field-message\">C\u00e2mpurile obligatorii sunt marcate cu <span class=\"required\">*<\/span><\/span><\/p>\n<\/div>\n<\/div>\n<\/div>\n<\/div>\n<\/div>\n<div id=\"check-also-box\" class=\"container-wrapper check-also-right\">\n<div class=\"widget-title the-global-title\">\n<div class=\"the-subtitle\">Check Also<\/div>\n<p><a href=\"https:\/\/infotulcea.ro\/ministrul-radu-miruta-raspunde-punctual-dezinformarilor-din-ultimele-zile-o-parte-dintre-cei-care-se-declara-suveranisti-sunt-mai-deranjati-ca-armata-romana-si-a-facut-datoria-de\/\" id=\"check-also-close\" class=\"remove\"><span class=\"screen-reader-text\">Close<\/span><\/a><\/div>\n<div class=\"widget posts-list-big-first has-first-big-post\">\n<ul class=\"posts-list-items\">\n<li class=\"widget-single-post-item widget-post-list tie-standard\">\n<div class=\"post-widget-thumbnail\"><a aria-label=\"Consiliera municipal\u0103 USR, doamna Tatiana Hali\u021b, face radiografia \u0219edin\u021bei de Consiliu Local din mai 2025\" href=\"https:\/\/infotulcea.ro\/consiliera-municipala-usr-doamna-tatiana-halit-face-radiografia-sedintei-de-consiliu-local-din-mai-2025\/\" class=\"post-thumb\"><span class=\"post-cat-wrap\"><span class=\"post-cat tie-cat-248\">USR<\/span><\/span><source type=\"image\/webp\" data-srcset=\"https:\/\/infotulcea.ro\/wp-content\/uploads\/2025\/05\/tatiana-390x220.jpg.webp\" \/><img loading=\"lazy\" decoding=\"async\" width=\"390\" height=\"220\" src=\"https:\/\/infotulcea.ro\/wp-content\/uploads\/2025\/05\/tatiana-390x220.jpg\" class=\"attachment-jannah-image-large size-jannah-image-large wp-post-image\" alt><\/a><\/div>\n<div class=\"post-widget-body \"><a class=\"post-title the-subtitle\" href=\"https:\/\/infotulcea.ro\/consiliera-municipala-usr-doamna-tatiana-halit-face-radiografia-sedintei-de-consiliu-local-din-mai-2025\/\">Consiliera municipal\u0103 USR, doamna Tatiana Hali\u021b, face radiografia \u0219edin\u021bei de Consiliu Local din mai 2025<\/a><\/p>\n<div class=\"post-meta\"><span class=\"date meta-item tie-icon\">26 mai 2025<\/span><\/div>\n<\/div>\n<\/li>\n<\/ul>\n<\/div>\n<\/div>\n<aside class=\"sidebar tie-col-md-4 tie-col-xs-12 normal-side is-sticky\" aria-label=\"Primary Sidebar\">\n<div class=\"theiaStickySidebar\">\n<div id=\"media_image-19\" class=\"container-wrapper widget widget_media_image\"><a href=\"https:\/\/infotulcea.ro\/delta-dunarii-mai-accesibila-navrom-delta-creste-numarul-curselor-regulate-de-la-1-mai-2025\/\"><source sizes=\"(max-width: 500px) 100vw, 500px\" type=\"image\/webp\" data-srcset=\"https:\/\/infotulcea.ro\/wp-content\/uploads\/2025\/04\/navrom-delta-500x271.jpg.webp 500w, https:\/\/infotulcea.ro\/wp-content\/uploads\/2025\/04\/navrom-delta-1024x555.jpg.webp 1024w, https:\/\/infotulcea.ro\/wp-content\/uploads\/2025\/04\/navrom-delta-768x416.jpg.webp 768w, https:\/\/infotulcea.ro\/wp-content\/uploads\/2025\/04\/navrom-delta.jpg.webp 1080w\" \/><img loading=\"lazy\" decoding=\"async\" width=\"500\" height=\"271\" src=\"https:\/\/infotulcea.ro\/wp-content\/uploads\/2025\/04\/navrom-delta-500x271.jpg\" class=\"image wp-image-34487  attachment-medium size-medium\" alt><\/a><\/div>\n<div id=\"media_image-17\" class=\"container-wrapper widget widget_media_image\"><a href=\"https:\/\/www.facebook.com\/share\/p\/1DGAD1tLWN\/?mibextid=wwXIfr\" target=\"_blank\"><source sizes=\"(max-width: 500px) 100vw, 500px\" type=\"image\/webp\" data-srcset=\"https:\/\/infotulcea.ro\/wp-content\/uploads\/2026\/01\/IMG_1563-500x500.jpeg.webp 500w, https:\/\/infotulcea.ro\/wp-content\/uploads\/2026\/01\/IMG_1563-1024x1024.jpeg.webp 1024w, https:\/\/infotulcea.ro\/wp-content\/uploads\/2026\/01\/IMG_1563-250x250.jpeg.webp 250w, https:\/\/infotulcea.ro\/wp-content\/uploads\/2026\/01\/IMG_1563-768x768.jpeg.webp 768w, https:\/\/infotulcea.ro\/wp-content\/uploads\/2026\/01\/IMG_1563.jpeg.webp 1080w\" \/><img loading=\"lazy\" decoding=\"async\" width=\"500\" height=\"500\" src=\"https:\/\/infotulcea.ro\/wp-content\/uploads\/2026\/01\/IMG_1563-500x500.jpeg\" class=\"image wp-image-37932  attachment-medium size-medium\" alt title=\"Centrale pe lemne\"><\/a><\/div>\n<div id=\"media_image-18\" class=\"container-wrapper widget widget_media_image\"><a href=\"https:\/\/www.licitatia.ro\/site\/index-guest\"><img loading=\"lazy\" decoding=\"async\" width=\"500\" height=\"262\" src=\"https:\/\/infotulcea.ro\/wp-content\/uploads\/2025\/09\/licitatia-500x262.png\" class=\"image wp-image-36670  attachment-medium size-medium lazyload\" alt><img loading=\"lazy\" decoding=\"async\" width=\"500\" height=\"262\" src=\"https:\/\/infotulcea.ro\/wp-content\/uploads\/2025\/09\/licitatia-500x262.png\" class=\"image wp-image-36670  attachment-medium size-medium\" alt><\/a><\/div>\n<div id=\"media_image-27\" class=\"container-wrapper widget widget_media_image\"><a href=\"https:\/\/www.centrale-lemne-liepsnele.ro\/\"><img loading=\"lazy\" decoding=\"async\" width=\"500\" height=\"500\" src=\"https:\/\/infotulcea.ro\/wp-content\/uploads\/2025\/09\/Centrale-pe-Lemne-Liepsnele-500x500.png\" class=\"image wp-image-36541  attachment-medium size-medium lazyload\" alt=\"Centrala pe lemne\"><img loading=\"lazy\" decoding=\"async\" width=\"500\" height=\"500\" src=\"https:\/\/infotulcea.ro\/wp-content\/uploads\/2025\/09\/Centrale-pe-Lemne-Liepsnele-500x500.png\" class=\"image wp-image-36541  attachment-medium size-medium\" alt=\"Centrala pe lemne\"><\/a><\/div>\n<div id=\"media_image-28\" class=\"container-wrapper widget widget_media_image\"><a href=\"https:\/\/infotulcea.ro\/angajeaza-te-ro-platforma-ta-online-de-angajari-si-forta-de-munca\/\"><source sizes=\"(max-width: 500px) 100vw, 500px\" type=\"image\/webp\" data-srcset=\"https:\/\/infotulcea.ro\/wp-content\/uploads\/2025\/04\/banner-angajazate-1-500x305.jpg.webp 500w, https:\/\/infotulcea.ro\/wp-content\/uploads\/2025\/04\/banner-angajazate-1-1024x625.jpg.webp 1024w, https:\/\/infotulcea.ro\/wp-content\/uploads\/2025\/04\/banner-angajazate-1-768x469.jpg.webp 768w, https:\/\/infotulcea.ro\/wp-content\/uploads\/2025\/04\/banner-angajazate-1.jpg.webp 1080w\" \/><img loading=\"lazy\" decoding=\"async\" width=\"500\" height=\"305\" src=\"https:\/\/infotulcea.ro\/wp-content\/uploads\/2025\/04\/banner-angajazate-1-500x305.jpg\" class=\"image wp-image-34317  attachment-medium size-medium\" alt><\/a><\/div>\n<\/div>\n<\/aside>\n<\/div>\n<\/div>\n<div class=\"entry-content entry clearfix\">\n<p><strong>Radu Miru\u021b\u0103: Rom\u00e2nia a demonstrat un lucru simplu: \u00ee\u0219i ap\u0103r\u0103 teritoriul \u0219i reac\u021bioneaz\u0103 ferm, iar \u00een aceste zile, capabilit\u0103\u021bile aflate la dispozi\u021bia Armatei Rom\u00e2ne raportate la contextul dat au f\u0103cut posibil\u0103 o interven\u021bie de succes.<\/strong><\/p>\n<p>Grani\u021bele, spa\u021biul aerian \u0219i suveranitatea Rom\u00e2niei nu sunt negociabile. NATO func\u021bioneaz\u0103, Armata Rom\u00e2n\u0103 \u00ee\u0219i face datoria la maximum cu ceea ce are la dispozi\u021bie, iar noi vom continua s\u0103 investim \u00een ap\u0103rarea cet\u0103\u021benilor, a teritoriului na\u021bional \u0219i a flancului estic al Alian\u021bei.<\/p>\n<p>Asta este realitatea.<\/p>\n<p>\u00cen schimb, v\u0103d c\u0103 o parte dintre cei care se declar\u0103 \u201esuverani\u0219ti\u201d sunt mai deranja\u021bi c\u0103 Armata Rom\u00e2n\u0103 \u0219i-a f\u0103cut datoria dec\u00e2t de faptul c\u0103 drone ruse\u0219ti au \u00eenc\u0103lcat spa\u021biul nostru aerian. Pentru c\u0103 au ap\u0103rut multe dezinform\u0103ri, r\u0103spund punctual.<\/p>\n<p>\ud835\udfcf. \u201e\ud835\udc00\ud835\udc2d\u0326\ud835\udc22 \ud835\udc2d\ud835\udc2b\ud835\udc1a\ud835\udc2c \ud835\udc1c\ud835\udc2e \ud835\udc2b\ud835\udc1a\ud835\udc1c\ud835\udc21\ud835\udc1e\ud835\udc2d\ud835\udc1e \ud835\udc2c\ud835\udc1c\ud835\udc2e\ud835\udc26\ud835\udc29\ud835\udc1e \ud835\udc22\u0302\ud835\udc27 \ud835\udc1d\ud835\udc2b\ud835\udc28\ud835\udc27\ud835\udc1e \ud835\udc22\ud835\udc1e\ud835\udc1f\ud835\udc2d\ud835\udc22\ud835\udc27\ud835\udc1e.\u201d \u2013 \ud835\udc05\ud835\udc00\ud835\udc0b\ud835\udc12.<\/p>\n<p>ADEV\u0102RUL: Calculul nu se face compar\u00e2nd pre\u021bul unei rachete cu cel al unei drone. \u00cen ecua\u021bie intr\u0103 vie\u021bile oamenilor \u0219i siguran\u021ba comunit\u0103\u021bilor pe care le protej\u0103m, iar acestea nu au pre\u021b.<\/p>\n<p>Utiliz\u0103m capabilit\u0103\u021bi de ap\u0103rare antiaerian\u0103 la sol, dar raza acestora de ac\u021biune este limitat\u0103.<\/p>\n<p>Da, aeronavele F-16 nu au fost proiectate pentru astfel de misiuni. Tocmai de aceea reprezint\u0103 solu\u021bia de ultim\u0103 instan\u021b\u0103, folosit\u0103 atunci c\u00e2nd este necesar s\u0103 protej\u0103m popula\u021bia \u0219i infrastructura.<\/p>\n<p>\u00cen acela\u0219i timp, nu am stat cu m\u00e2inile \u00een s\u00e2n, ci, atunci c\u00e2nd am v\u0103zut ce nu avem, am pornit cel mai accelerat program de \u00eenzestrare \u0219i modernizare al Armatei Rom\u00e2ne, cu produc\u021bie \u00een Rom\u00e2nia. Prin programul SAFE am contractat, \u00eentr-un timp record, sisteme dedicate combaterii dronelor. \ud835\udc11\ud835\udc1a\u0306\ud835\udc33\ud835\udc1b\ud835\udc28\ud835\udc22\ud835\udc2e\ud835\udc25 \ud835\udc1c\ud835\udc2e \ud835\udc1d\ud835\udc2b\ud835\udc28\ud835\udc27\ud835\udc1e \ud835\udc27\ud835\udc2e \ud835\udc1a \ud835\udc22\u0302\ud835\udc27\ud835\udc1c\ud835\udc1e\ud835\udc29\ud835\udc2e\ud835\udc2d \ud835\udc22\ud835\udc1e\ud835\udc2b\ud835\udc22, \ud835\udc1c\ud835\udc22 \ud835\udc1d\ud835\udc1e \ud835\udc29\ud835\udc1e\ud835\udc2c\ud835\udc2d\ud835\udc1e \ud835\udc2d\ud835\udc2b\ud835\udc1e\ud835\udc22 \ud835\udc1a\ud835\udc27\ud835\udc22. Dac\u0103 s-ar fi luat decizii la timp \u00een anii anteriori, aceste capabilit\u0103\u021bi ar fi fost deja opera\u021bionale. Nu s-a \u00eent\u00e2mplat asta, dar am recuperat timpul pierdut. Nu mai spun cine \u0219i ce a f\u0103cut de la \u00eenceputul r\u0103zboiului, se poate verifica foarte u\u0219or.<\/p>\n<p>Eu v\u0103 spun ce fac eu de \u0219ase luni, pe l\u00e2ng\u0103 noile achizi\u021bii. P\u00e2n\u0103 la intrarea \u00een serviciu a noilor sisteme, adapt\u0103m permanent dispozitivul de ap\u0103rare din Dobrogea. Periodic \u2013 s\u0103pt\u0103m\u00e2nal, sau o dat\u0103 la dou\u0103 s\u0103pt\u0103m\u00e2ni \u2013 analiz\u0103m lec\u021biile \u00eenv\u0103\u021bate, actualiz\u0103m procedurile \u0219i repozi\u021bion\u0103m resursele acolo unde este nevoie.<\/p>\n<p>Upgrad\u0103m ceea ce poate fi modernizat \u0219i cercet\u0103m componente recuperate din drone ruse\u0219ti pentru a eficientiza la maximum solu\u021biile de lansare.<\/p>\n<p>Rezultatele din ultimele 24 de ore confirm\u0103 c\u0103 aceast\u0103 strategie func\u021bioneaz\u0103. Nu sunt vorbe, sunt fapte. Au fost reorganizate capabilit\u0103\u021bile existente, am modernizat ceea ce poate fi upgradat \u00eentr-un timp scurt \u0219i cercet\u0103m componente recuperate de la dronele e\u0219uate pentru a eficientiza la maximum solu\u021biile de lansare. Am cerut sprijin suplimentar \u00een cadrul NATO, acceler\u0103m achizi\u021biile, analiz\u0103m permanent scenarii \u0219i lu\u0103m decizii \u00eenainte ca amenin\u021b\u0103rile s\u0103 se transforme \u00een pericole reale.<\/p>\n<p>\ud835\udfd0. \u201e\ud835\udc03\ud835\udc2b\ud835\udc28\ud835\udc27\ud835\udc1a \ud835\udc2c-\ud835\udc1a \ud835\udc29\ud835\udc25\ud835\udc22\ud835\udc26\ud835\udc1b\ud835\udc1a\ud835\udc2d \ud835\udc29\ud835\udc2b\ud835\udc22\ud835\udc27 \ud835\udc11\ud835\udc28\ud835\udc26\ud835\udc1a\u0302\ud835\udc27\ud835\udc22\ud835\udc1a \ud835\udc2c\u0326\ud835\udc22 \ud835\udc1a\ud835\udc2d\u0326\ud835\udc22 \ud835\udc2d\ud835\udc2b\ud835\udc1a\ud835\udc2c \ud835\udc29\ud835\udc2b\ud835\udc1e\ud835\udc1a \ud835\udc2d\ud835\udc1a\u0302\ud835\udc2b\ud835\udc33\ud835\udc22\ud835\udc2e.\u201d \u2013 \ud835\udc05\ud835\udc00\ud835\udc0b\ud835\udc12.<\/p>\n<p>ADEV\u0102RUL: Din momentul \u00een care a intrat \u00een spa\u021biul aerian al Rom\u00e2niei, drona a fost urm\u0103rit\u0103 permanent. Interceptarea s-a f\u0103cut exact \u00een momentul \u00een care existau condi\u021biile necesare pentru a o dobor\u00ee \u00een siguran\u021b\u0103. Ieri \u00eentr-un timp mai lung, azi doar \u00een c\u00e2teva minute.<\/p>\n<p>Responsabilitatea unui ministru \u0219i a militarilor nu este doar s\u0103 doboare o \u021bint\u0103, ci s\u0103 o fac\u0103, cu mijloacele pe care le au la dispozi\u021bie, f\u0103r\u0103 s\u0103 pun\u0103 \u00een pericol via\u021ba oamenilor. Nu risc\u0103m ca fragmentele dronei sau ale interceptorului s\u0103 cad\u0103 peste locuin\u021be ori asupra popula\u021biei doar pentru a satisface spectacolul unor comentatori de pe internet.<\/p>\n<p>\u0218i \u00eenc\u0103 un lucru pentru cei care distribuie informa\u021bii false: la Ianca nu mai func\u021bioneaz\u0103 de ani buni o baz\u0103 militar\u0103. Dac\u0103 tot pretinde\u021bi c\u0103 informa\u021bi opinia public\u0103, m\u0103car verifica\u021bi datele \u00eenainte de a r\u0103sp\u00e2ndi dezinform\u0103ri.<\/p>\n<p>\ud835\udfd1. \u201e\ud835\udc00\ud835\udc2e \ud835\udc2f\ud835\udc1e\ud835\udc27\ud835\udc22\ud835\udc2d \ud835\udc1d\ud835\udc2b\ud835\udc28\ud835\udc27\ud835\udc1e\ud835\udc25\ud835\udc1e \ud835\udc2c\u0326\ud835\udc22 \ud835\udc26\ud835\udc22\ud835\udc27\ud835\udc22\ud835\udc2c\ud835\udc2d\ud835\udc2b\ud835\udc2e\ud835\udc25 \ud835\udc1e\ud835\udc2b\ud835\udc1a \ud835\udc22\u0302\ud835\udc27 \ud835\udc2f\ud835\udc1a\ud835\udc1c\ud835\udc1a\ud835\udc27\ud835\udc2d\u0326\ud835\udc1a\u0306.\u201d<\/p>\n<p>Da, eram \u00een concediu. \u0218i \u00een concediu am r\u0103mas ministrul Ap\u0103r\u0103rii. Responsabilitatea pentru securitatea Rom\u00e2niei nu se suspend\u0103 odat\u0103 cu plecarea \u00een vacan\u021b\u0103 \u0219i nici nu depinde de prezen\u021ba fizic\u0103 \u00eentr-un birou.<\/p>\n<p>\u00cen ultimele luni am demonstrat, prin decizii \u0219i rezultate, nu prin sloganuri, c\u0103 Ministerul Ap\u0103r\u0103rii func\u021bioneaz\u0103 permanent. Exist\u0103 proceduri, lan\u021buri de comand\u0103 \u0219i oameni preg\u0103ti\u021bi care ac\u021bioneaz\u0103 24 de ore din 24, iar atunci c\u00e2nd situa\u021bia o cere sunt implicat f\u0103r\u0103 \u00eent\u00e2rziere.<\/p>\n<p>Rom\u00e2nia este mai bine preg\u0103tit\u0103 ast\u0103zi dec\u00e2t era acum un an. Mai avem multe de f\u0103cut, dar un lucru este cert: nu vom face compromisuri c\u00e2nd este vorba despre securitatea cet\u0103\u021benilor rom\u00e2ni. Vom continua s\u0103 investim \u00een Armata Rom\u00e2n\u0103, s\u0103 consolid\u0103m ap\u0103rarea antiaerian\u0103 \u0219i antidron\u0103 \u0219i s\u0103 ac\u021bion\u0103m \u00eempreun\u0103 cu alia\u021bii no\u0219tri ori de c\u00e2te ori securitatea \u021b\u0103rii o cere.<\/p>\n<p>\u00cendemn publicul s\u0103 se informeze din surse oficiale \u0219i credibile \u0219i s\u0103 trateze cu pruden\u021b\u0103 declara\u021biile spectaculoase, lipsite de context \u0219i de rigoare.<\/p>\n<p>\u00cen\u021beleg pe deplin \u00eengrijorarea oamenilor, \u00een special teama rom\u00e2nilor din Dobrogea, care primesc uneori, de c\u00e2teva ori pe zi, alerte aeriene. Este justificat\u0103. Ca ministru al Ap\u0103r\u0103rii, pot s\u0103 le garantez un singur lucru: \ud835\udc00\ud835\udc2b\ud835\udc26\ud835\udc1a\ud835\udc2d\ud835\udc1a \ud835\udc11\ud835\udc28\ud835\udc26\ud835\udc1a\u0302\ud835\udc27\ud835\udc1a\u0306 \ud835\udc1f\ud835\udc1a\ud835\udc1c\ud835\udc1e \ud835\udc26\ud835\udc1a\ud835\udc31\ud835\udc22\ud835\udc26\ud835\udc2e\ud835\udc26 \ud835\udc29\ud835\udc28\ud835\udc2c\ud835\udc22\ud835\udc1b\ud835\udc22\ud835\udc25 \ud835\udc29\ud835\udc1e\ud835\udc27\ud835\udc2d\ud835\udc2b\ud835\udc2e \ud835\udc1a \ud835\udc29\ud835\udc2b\ud835\udc28\ud835\udc2d\ud835\udc1e\ud835\udc23\ud835\udc1a \ud835\udc1c\ud835\udc1e\ud835\udc2d\ud835\udc1a\u0306\ud835\udc2d\u0326\ud835\udc1e\ud835\udc27\ud835\udc22\ud835\udc22 \ud835\udc11\ud835\udc28\ud835\udc26\ud835\udc1a\u0302\ud835\udc27\ud835\udc22\ud835\udc1e\ud835\udc22.<\/p>\n<p>Actualiz\u0103m deciziile ori de c\u00e2te ori este nevoie, c\u0103ut\u0103m permanent solu\u021bii cu ceea ce avem \u0219i achizi\u021bion\u0103m rapid ceea ce nu a fost achizi\u021bionat p\u00e2n\u0103 acum. \ud835\udc05\ud835\udc1a\ud835\udc29\ud835\udc2d\ud835\udc2e\ud835\udc25 \ud835\udc1c\ud835\udc1a\u0306 \ud835\udc1d\ud835\udc28\ud835\udc2e\ud835\udc1a\u0306 \ud835\udc1d\ud835\udc2b\ud835\udc28\ud835\udc27\ud835\udc1e \ud835\udc1a\ud835\udc2e \ud835\udc1f\ud835\udc28\ud835\udc2c\ud835\udc2d \ud835\udc1d\ud835\udc28\ud835\udc1b\ud835\udc28\ud835\udc2b\ud835\udc1a\u0302\ud835\udc2d\ud835\udc1e \ud835\udc22\u0302\ud835\udc27 \ud835\udc1d\ud835\udc28\ud835\udc2e\ud835\udc1a\u0306 \ud835\udc33\ud835\udc22\ud835\udc25\ud835\udc1e \ud835\udc1c\ud835\udc28\ud835\udc27\ud835\udc2c\ud835\udc1e\ud835\udc1c\ud835\udc2e\ud835\udc2d\ud835\udc22\ud835\udc2f\ud835\udc1e \ud835\udc1e\ud835\udc2c\ud835\udc2d\ud835\udc1e \ud835\udc1d\ud835\udc28\ud835\udc2f\ud835\udc1a\ud835\udc1d\ud835\udc1a!<\/p>\n<\/div>\n<div class=\"articleBody\" data-key=\"articleBody\">Radu Miru\u021b\u0103: Rom\u00e2nia a demonstrat un lucru simplu: \u00ee\u0219i ap\u0103r\u0103 teritoriul \u0219i reac\u021bioneaz\u0103 ferm, iar \u00een aceste zile, capabilit\u0103\u021bile aflate la dispozi\u021bia Armatei Rom\u00e2ne raportate la contextul dat au f\u0103cut posibil\u0103 o interven\u021bie de succes.<\/p>\n<p>Grani\u021bele, spa\u021biul aerian \u0219i suveranitatea Rom\u00e2niei nu sunt negociabile. NATO func\u021bioneaz\u0103, Armata Rom\u00e2n\u0103 \u00ee\u0219i face datoria la maximum cu ceea ce are la dispozi\u021bie, iar noi vom continua s\u0103 investim \u00een ap\u0103rarea cet\u0103\u021benilor, a teritoriului na\u021bional \u0219i a flancului estic al Alian\u021bei.<\/p>\n<p>Asta este realitatea.<\/p>\n<p>\u00cen schimb, v\u0103d c\u0103 o parte dintre cei care se declar\u0103 \u201esuverani\u0219ti\u201d sunt mai deranja\u021bi c\u0103 Armata Rom\u00e2n\u0103 \u0219i-a f\u0103cut datoria dec\u00e2t de faptul c\u0103 drone ruse\u0219ti au \u00eenc\u0103lcat spa\u021biul nostru aerian. Pentru c\u0103 au ap\u0103rut multe dezinform\u0103ri, r\u0103spund punctual.<\/p>\n<p>\ud835\udfcf. \u201e\ud835\udc00\ud835\udc2d\u0326\ud835\udc22 \ud835\udc2d\ud835\udc2b\ud835\udc1a\ud835\udc2c \ud835\udc1c\ud835\udc2e \ud835\udc2b\ud835\udc1a\ud835\udc1c\ud835\udc21\ud835\udc1e\ud835\udc2d\ud835\udc1e \ud835\udc2c\ud835\udc1c\ud835\udc2e\ud835\udc26\ud835\udc29\ud835\udc1e \ud835\udc22\u0302\ud835\udc27 \ud835\udc1d\ud835\udc2b\ud835\udc28\ud835\udc27\ud835\udc1e \ud835\udc22\ud835\udc1e\ud835\udc1f\ud835\udc2d\ud835\udc22\ud835\udc27\ud835\udc1e.\u201d \u2013 \ud835\udc05\ud835\udc00\ud835\udc0b\ud835\udc12.<\/p>\n<p>ADEV\u0102RUL: Calculul nu se face compar\u00e2nd pre\u021bul unei rachete cu cel al unei drone. \u00cen ecua\u021bie intr\u0103 vie\u021bile oamenilor \u0219i siguran\u021ba comunit\u0103\u021bilor pe care le protej\u0103m, iar acestea nu au pre\u021b.<\/p>\n<p>Utiliz\u0103m capabilit\u0103\u021bi de ap\u0103rare antiaerian\u0103 la sol, dar raza acestora de ac\u021biune este limitat\u0103.<\/p>\n<p>Da, aeronavele F-16 nu au fost proiectate pentru astfel de misiuni. Tocmai de aceea reprezint\u0103 solu\u021bia de ultim\u0103 instan\u021b\u0103, folosit\u0103 atunci c\u00e2nd este necesar s\u0103 protej\u0103m popula\u021bia \u0219i infrastructura.<\/p>\n<p>\u00cen acela\u0219i timp, nu am stat cu m\u00e2inile \u00een s\u00e2n, ci, atunci c\u00e2nd am v\u0103zut ce nu avem, am pornit cel mai accelerat program de \u00eenzestrare \u0219i modernizare al Armatei Rom\u00e2ne, cu produc\u021bie \u00een Rom\u00e2nia. Prin programul SAFE am contractat, \u00eentr-un timp record, sisteme dedicate combaterii dronelor. \ud835\udc11\ud835\udc1a\u0306\ud835\udc33\ud835\udc1b\ud835\udc28\ud835\udc22\ud835\udc2e\ud835\udc25 \ud835\udc1c\ud835\udc2e \ud835\udc1d\ud835\udc2b\ud835\udc28\ud835\udc27\ud835\udc1e \ud835\udc27\ud835\udc2e \ud835\udc1a \ud835\udc22\u0302\ud835\udc27\ud835\udc1c\ud835\udc1e\ud835\udc29\ud835\udc2e\ud835\udc2d \ud835\udc22\ud835\udc1e\ud835\udc2b\ud835\udc22, \ud835\udc1c\ud835\udc22 \ud835\udc1d\ud835\udc1e \ud835\udc29\ud835\udc1e\ud835\udc2c\ud835\udc2d\ud835\udc1e \ud835\udc2d\ud835\udc2b\ud835\udc1e\ud835\udc22 \ud835\udc1a\ud835\udc27\ud835\udc22. Dac\u0103 s-ar fi luat decizii la timp \u00een anii anteriori, aceste capabilit\u0103\u021bi ar fi fost deja opera\u021bionale. Nu s-a \u00eent\u00e2mplat asta, dar am recuperat timpul pierdut. Nu mai spun cine \u0219i ce a f\u0103cut de la \u00eenceputul r\u0103zboiului, se poate verifica foarte u\u0219or.<\/p>\n<p>Eu v\u0103 spun ce fac eu de \u0219ase luni, pe l\u00e2ng\u0103 noile achizi\u021bii. P\u00e2n\u0103 la intrarea \u00een serviciu a noilor sisteme, adapt\u0103m permanent dispozitivul de ap\u0103rare din Dobrogea. Periodic \u2013 s\u0103pt\u0103m\u00e2nal, sau o dat\u0103 la dou\u0103 s\u0103pt\u0103m\u00e2ni \u2013 analiz\u0103m lec\u021biile \u00eenv\u0103\u021bate, actualiz\u0103m procedurile \u0219i repozi\u021bion\u0103m resursele acolo unde este nevoie.<\/p>\n<p>Upgrad\u0103m ceea ce poate fi modernizat \u0219i cercet\u0103m componente recuperate din drone ruse\u0219ti pentru a eficientiza la maximum solu\u021biile de lansare.<\/p>\n<p>Rezultatele din ultimele 24 de ore confirm\u0103 c\u0103 aceast\u0103 strategie func\u021bioneaz\u0103. Nu sunt vorbe, sunt fapte. Au fost reorganizate capabilit\u0103\u021bile existente, am modernizat ceea ce poate fi upgradat \u00eentr-un timp scurt \u0219i cercet\u0103m componente recuperate de la dronele e\u0219uate pentru a eficientiza la maximum solu\u021biile de lansare. Am cerut sprijin suplimentar \u00een cadrul NATO, acceler\u0103m achizi\u021biile, analiz\u0103m permanent scenarii \u0219i lu\u0103m decizii \u00eenainte ca amenin\u021b\u0103rile s\u0103 se transforme \u00een pericole reale.<\/p>\n<p>\ud835\udfd0. \u201e\ud835\udc03\ud835\udc2b\ud835\udc28\ud835\udc27\ud835\udc1a \ud835\udc2c-\ud835\udc1a \ud835\udc29\ud835\udc25\ud835\udc22\ud835\udc26\ud835\udc1b\ud835\udc1a\ud835\udc2d \ud835\udc29\ud835\udc2b\ud835\udc22\ud835\udc27 \ud835\udc11\ud835\udc28\ud835\udc26\ud835\udc1a\u0302\ud835\udc27\ud835\udc22\ud835\udc1a \ud835\udc2c\u0326\ud835\udc22 \ud835\udc1a\ud835\udc2d\u0326\ud835\udc22 \ud835\udc2d\ud835\udc2b\ud835\udc1a\ud835\udc2c \ud835\udc29\ud835\udc2b\ud835\udc1e\ud835\udc1a \ud835\udc2d\ud835\udc1a\u0302\ud835\udc2b\ud835\udc33\ud835\udc22\ud835\udc2e.\u201d \u2013 \ud835\udc05\ud835\udc00\ud835\udc0b\ud835\udc12.<\/p>\n<p>ADEV\u0102RUL: Din momentul \u00een care a intrat \u00een spa\u021biul aerian al Rom\u00e2niei, drona a fost urm\u0103rit\u0103 permanent. Interceptarea s-a f\u0103cut exact \u00een momentul \u00een care existau condi\u021biile necesare pentru a o dobor\u00ee \u00een siguran\u021b\u0103. Ieri \u00eentr-un timp mai lung, azi doar \u00een c\u00e2teva minute.<\/p>\n<p>Responsabilitatea unui ministru \u0219i a militarilor nu este doar s\u0103 doboare o \u021bint\u0103, ci s\u0103 o fac\u0103, cu mijloacele pe care le au la dispozi\u021bie, f\u0103r\u0103 s\u0103 pun\u0103 \u00een pericol via\u021ba oamenilor. Nu risc\u0103m ca fragmentele dronei sau ale interceptorului s\u0103 cad\u0103 peste locuin\u021be ori asupra popula\u021biei doar pentru a satisface spectacolul unor comentatori de pe internet.<\/p>\n<p>\u0218i \u00eenc\u0103 un lucru pentru cei care distribuie informa\u021bii false: la Ianca nu mai func\u021bioneaz\u0103 de ani buni o baz\u0103 militar\u0103. Dac\u0103 tot pretinde\u021bi c\u0103 informa\u021bi opinia public\u0103, m\u0103car verifica\u021bi datele \u00eenainte de a r\u0103sp\u00e2ndi dezinform\u0103ri.<\/p>\n<p>\ud835\udfd1. \u201e\ud835\udc00\ud835\udc2e \ud835\udc2f\ud835\udc1e\ud835\udc27\ud835\udc22\ud835\udc2d \ud835\udc1d\ud835\udc2b\ud835\udc28\ud835\udc27\ud835\udc1e\ud835\udc25\ud835\udc1e \ud835\udc2c\u0326\ud835\udc22 \ud835\udc26\ud835\udc22\ud835\udc27\ud835\udc22\ud835\udc2c\ud835\udc2d\ud835\udc2b\ud835\udc2e\ud835\udc25 \ud835\udc1e\ud835\udc2b\ud835\udc1a \ud835\udc22\u0302\ud835\udc27 \ud835\udc2f\ud835\udc1a\ud835\udc1c\ud835\udc1a\ud835\udc27\ud835\udc2d\u0326\ud835\udc1a\u0306.\u201d<\/p>\n<p>Da, eram \u00een concediu. \u0218i \u00een concediu am r\u0103mas ministrul Ap\u0103r\u0103rii. Responsabilitatea pentru securitatea Rom\u00e2niei nu se suspend\u0103 odat\u0103 cu plecarea \u00een vacan\u021b\u0103 \u0219i nici nu depinde de prezen\u021ba fizic\u0103 \u00eentr-un birou.<\/p>\n<p>\u00cen ultimele luni am demonstrat, prin decizii \u0219i rezultate, nu prin sloganuri, c\u0103 Ministerul Ap\u0103r\u0103rii func\u021bioneaz\u0103 permanent. Exist\u0103 proceduri, lan\u021buri de comand\u0103 \u0219i oameni preg\u0103ti\u021bi care ac\u021bioneaz\u0103 24 de ore din 24, iar atunci c\u00e2nd situa\u021bia o cere sunt implicat f\u0103r\u0103 \u00eent\u00e2rziere.<\/p>\n<p>Rom\u00e2nia este mai bine preg\u0103tit\u0103 ast\u0103zi dec\u00e2t era acum un an. Mai avem multe de f\u0103cut, dar un lucru este cert: nu vom face compromisuri c\u00e2nd este vorba despre securitatea cet\u0103\u021benilor rom\u00e2ni. Vom continua s\u0103 investim \u00een Armata Rom\u00e2n\u0103, s\u0103 consolid\u0103m ap\u0103rarea antiaerian\u0103 \u0219i antidron\u0103 \u0219i s\u0103 ac\u021bion\u0103m \u00eempreun\u0103 cu alia\u021bii no\u0219tri ori de c\u00e2te ori securitatea \u021b\u0103rii o cere.<\/p>\n<p>\u00cendemn publicul s\u0103 se informeze din surse oficiale \u0219i credibile \u0219i s\u0103 trateze cu pruden\u021b\u0103 declara\u021biile spectaculoase, lipsite de context \u0219i de rigoare.<\/p>\n<p>\u00cen\u021beleg pe deplin \u00eengrijorarea oamenilor, \u00een special teama rom\u00e2nilor din Dobrogea, care primesc uneori, de c\u00e2teva ori pe zi, alerte aeriene. Este justificat\u0103. Ca ministru al Ap\u0103r\u0103rii, pot s\u0103 le garantez un singur lucru: \ud835\udc00\ud835\udc2b\ud835\udc26\ud835\udc1a\ud835\udc2d\ud835\udc1a \ud835\udc11\ud835\udc28\ud835\udc26\ud835\udc1a\u0302\ud835\udc27\ud835\udc1a\u0306 \ud835\udc1f\ud835\udc1a\ud835\udc1c\ud835\udc1e \ud835\udc26\ud835\udc1a\ud835\udc31\ud835\udc22\ud835\udc26\ud835\udc2e\ud835\udc26 \ud835\udc29\ud835\udc28\ud835\udc2c\ud835\udc22\ud835\udc1b\ud835\udc22\ud835\udc25 \ud835\udc29\ud835\udc1e\ud835\udc27\ud835\udc2d\ud835\udc2b\ud835\udc2e \ud835\udc1a \ud835\udc29\ud835\udc2b\ud835\udc28\ud835\udc2d\ud835\udc1e\ud835\udc23\ud835\udc1a \ud835\udc1c\ud835\udc1e\ud835\udc2d\ud835\udc1a\u0306\ud835\udc2d\u0326\ud835\udc1e\ud835\udc27\ud835\udc22\ud835\udc22 \ud835\udc11\ud835\udc28\ud835\udc26\ud835\udc1a\u0302\ud835\udc27\ud835\udc22\ud835\udc1e\ud835\udc22.<\/p>\n<p>Actualiz\u0103m deciziile ori de c\u00e2te ori este nevoie, c\u0103ut\u0103m permanent solu\u021bii cu ceea ce avem \u0219i achizi\u021bion\u0103m rapid ceea ce nu a fost achizi\u021bionat p\u00e2n\u0103 acum. \ud835\udc05\ud835\udc1a\ud835\udc29\ud835\udc2d\ud835\udc2e\ud835\udc25 \ud835\udc1c\ud835\udc1a\u0306 \ud835\udc1d\ud835\udc28\ud835\udc2e\ud835\udc1a\u0306 \ud835\udc1d\ud835\udc2b\ud835\udc28\ud835\udc27\ud835\udc1e \ud835\udc1a\ud835\udc2e \ud835\udc1f\ud835\udc28\ud835\udc2c\ud835\udc2d \ud835\udc1d\ud835\udc28\ud835\udc1b\ud835\udc28\ud835\udc2b\ud835\udc1a\u0302\ud835\udc2d\ud835\udc1e \ud835\udc22\u0302\ud835\udc27 \ud835\udc1d\ud835\udc28\ud835\udc2e\ud835\udc1a\u0306 \ud835\udc33\ud835\udc22\ud835\udc25\ud835\udc1e \ud835\udc1c\ud835\udc28\ud835\udc27\ud835\udc2c\ud835\udc1e\ud835\udc1c\ud835\udc2e\ud835\udc2d\ud835\udc22\ud835\udc2f\ud835\udc1e \ud835\udc1e\ud835\udc2c\ud835\udc2d\ud835\udc1e \ud835\udc1d\ud835\udc28\ud835\udc2f\ud835\udc1a\ud835\udc1d\ud835\udc1a!<\/p><\/div>\n<p>[analyse_source url=&#8221;https:\/\/infotulcea.ro\/ministrul-radu-miruta-raspunde-punctual-dezinformarilor-din-ultimele-zile-o-parte-dintre-cei-care-se-declara-suveranisti-sunt-mai-deranjati-ca-armata-romana-si-a-facut-datoria-de\/&#8221;]<\/p>\n","protected":false},"excerpt":{"rendered":"<p>[analyse_image type=&#8221;featured&#8221; src=&#8221;https:\/\/infotulcea.ro\/wp-content\/uploads\/2021\/11\/bulina.png&#8221;] Home\/Politic\u0103\/USR\/Ministrul Radu Miru\u021b\u0103 r\u0103spunde punctual dezinform\u0103rilor din ultimele zile. \u201eO parte dintre cei care se declar\u0103 \u00absuverani\u0219ti\u00bb sunt mai deranja\u021bi c\u0103 Armata Rom\u00e2n\u0103 \u0219i-a f\u0103cut datoria dec\u00e2t de faptul c\u0103 drone ruse\u0219ti au \u00eenc\u0103lcat spa\u021biul nostru aerian\u201d USR Ministrul Radu Miru\u021b\u0103 r\u0103spunde punctual dezinform\u0103rilor din ultimele zile. \u201eO parte dintre cei care [&hellip;]<\/p>\n","protected":false},"author":1,"featured_media":0,"comment_status":"open","ping_status":"","sticky":false,"template":"","format":"standard","meta":{"footnotes":""},"categories":[89],"tags":[226,221],"class_list":["post-2065592","post","type-post","status-publish","format-standard","hentry","category-romania","tag-crawlmanager","tag-infotulcea-ro"],"_links":{"self":[{"href":"https:\/\/analyse.optim.biz\/index.php?rest_route=\/wp\/v2\/posts\/2065592","targetHints":{"allow":["GET"]}}],"collection":[{"href":"https:\/\/analyse.optim.biz\/index.php?rest_route=\/wp\/v2\/posts"}],"about":[{"href":"https:\/\/analyse.optim.biz\/index.php?rest_route=\/wp\/v2\/types\/post"}],"author":[{"embeddable":true,"href":"https:\/\/analyse.optim.biz\/index.php?rest_route=\/wp\/v2\/users\/1"}],"replies":[{"embeddable":true,"href":"https:\/\/analyse.optim.biz\/index.php?rest_route=%2Fwp%2Fv2%2Fcomments&post=2065592"}],"version-history":[{"count":0,"href":"https:\/\/analyse.optim.biz\/index.php?rest_route=\/wp\/v2\/posts\/2065592\/revisions"}],"wp:attachment":[{"href":"https:\/\/analyse.optim.biz\/index.php?rest_route=%2Fwp%2Fv2%2Fmedia&parent=2065592"}],"wp:term":[{"taxonomy":"category","embeddable":true,"href":"https:\/\/analyse.optim.biz\/index.php?rest_route=%2Fwp%2Fv2%2Fcategories&post=2065592"},{"taxonomy":"post_tag","embeddable":true,"href":"https:\/\/analyse.optim.biz\/index.php?rest_route=%2Fwp%2Fv2%2Ftags&post=2065592"}],"curies":[{"name":"wp","href":"https:\/\/api.w.org\/{rel}","templated":true}]}}