{"id":2065586,"date":"2026-07-28T06:00:15","date_gmt":"2026-07-28T03:00:15","guid":{"rendered":"https:\/\/analyse.optim.biz\/?p=2065586"},"modified":"2026-07-28T06:00:15","modified_gmt":"2026-07-28T03:00:15","slug":"tulceanul-trofim-cornencu-premiat-de-primarie-cu-ocazia-implinirii-varstei-de-100-de-ani-ziarul-delta","status":"publish","type":"post","link":"https:\/\/analyse.optim.biz\/?p=2065586","title":{"rendered":"Tulceanul Trofim Cornencu, premiat de Prim\u0103rie cu ocazia \u00eemplinirii v\u00e2rstei de 100 de ani &#8211; Ziarul Delta"},"content":{"rendered":"<p>[analyse_image type=&#8221;featured&#8221; src=&#8221;https:\/\/ziaruldelta.ro\/wp-content\/uploads\/2026\/07\/tulceanul.jpg&#8221;]<\/p>\n<article id=\"post-37687\" class=\"module single-post-module post-37687 post type-post status-publish format-standard has-post-thumbnail hentry category-eveniment et-has-post-format-content et_post_format-et-post-format-standard\">\n<div class=\"post-header\">\n<h1 class=\"entry-title\">Tulceanul Trofim Cornencu, premiat de Prim\u0103rie cu ocazia \u00eemplinirii v\u00e2rstei de 100 de ani<\/h1>\n<div class=\"post-meta vcard\">\n<p>Posted by <a href=\"https:\/\/ziaruldelta.ro\/author\/claudia-ionescu\/\" class=\"url fn\" title=\"Posts by Claudia Ionescu\" rel=\"author\">Claudia Ionescu<\/a> | <span class=\"updated\">Jul 28, 2026<\/span> | <a href=\"https:\/\/ziaruldelta.ro\/category\/eveniment\/\" rel=\"tag\">Eveniment<\/a> | <\/p>\n<\/div>\n<\/div>\n<div class=\"post-thumbnail header\"><img decoding=\"async\" src=\"https:\/\/ziaruldelta.ro\/wp-content\/uploads\/2026\/07\/tulceanul.jpg\" alt=\"Tulceanul Trofim Cornencu, premiat de Prim\u0103rie cu ocazia \u00eemplinirii v\u00e2rstei de 100 de ani\"><\/div>\n<div class=\"post-wrap\">\n<div class=\"post-content entry-content\">\n<p><strong>Un tulcean care a \u00eemplinit recent v\u00e2rsta de 100 de ani a fost vizitat de viceprimarul George \u015einghi, care i-a oferit o diplom\u0103 de onoare \u015fi un premiu din partea comunit\u0103\u0163ii. <\/strong><\/p>\n<p>Trofim Cornencu a petrecut trei ani pe front \u00een cel de-al Doilea R\u0103zboi Mondial, experien\u0163\u0103 care i-a marcat existen\u0163a \u015fi care ne aminte\u015fte de sacrificiile f\u0103cute de genera\u0163ia sa pentru viitorul nostru.<\/p>\n<blockquote>\n<p>\u201eAm avut deosebita onoare de a-l vizita pe domnul Trofim Cornencu, care a \u00eemplinit impresionanta \u015fi venerabila v\u00e2rst\u0103 de 100 de ani. \u00cen semn de respect \u015fi recuno\u015ftin\u0163\u0103 pentru o via\u0163\u0103 tr\u0103it\u0103 cu demnitate, munc\u0103 \u015fi \u00een\u0163elepciune, i-am \u00eenm\u00e2nat o diplom\u0103 de onoare \u015fi un premiu aniversar, ca un modest gest de apreciere din partea Prim\u0103riei Municipiului Tulcea. \u00cent\u00e2lnirea cu domnul Trofim Cornencu a fost una cu adev\u0103rat emo\u0163ionant\u0103. M-a impresionat \u00een mod deosebit luciditatea sa remarcabil\u0103, memoria vie \u015fi claritatea cu care poveste\u015fte evenimente petrecute de-a lungul unui secol de via\u0163\u0103. Am ascultat cu respect \u015fi emo\u0163ie amintirile sale, precum \u015fi lec\u0163iile de via\u0163\u0103 despre curaj, perseveren\u0163\u0103, familie \u015fi credin\u0163\u0103. \u00cei doresc domnului Trofim Cornencu mult\u0103 s\u0103n\u0103tate, lini\u015fte sufleteasc\u0103 \u015fi bucuria de a se bucura \u00een continuare de dragostea \u015fi pre\u0163uirea celor din jur. La mul\u0163i ani cu s\u0103n\u0103tate! Un secol de via\u0163\u0103 este o adev\u0103rat\u0103 binecuv\u00e2ntare \u015fi un exemplu pentru \u00eentreaga comunitate\u201d, a spus transmis George \u015einghi, viceprimar al municipiului Tulcea.<\/p>\n<\/blockquote>\n<p>Conform unei hot\u0103r\u00e2ri adoptate \u00een 2022, persoanelor care au \u00eemplinit v\u00e2rst\u0103 de 100 de ani \u015fi au domiciliul \u00een municipiul Tulcea li se acord\u0103 o diplom\u0103 de onoare \u015fi un premiu \u00een sum\u0103 net\u0103 \u00een valoare de 1.000 lei.<\/p>\n<\/div>\n<\/div>\n<div class=\"post-footer\">\n<div class=\"social-icons ed-social-share-icons\">\n<p class=\"share-title\">Share:<\/p>\n<\/div>\n<div class=\"rating-stars\">\n<p id=\"rate-title\" class=\"rate-title\">Rate:<\/p>\n<\/div>\n<\/div>\n<\/article>\n<div class=\"post-content entry-content\">\n<p><strong>Un tulcean care a \u00eemplinit recent v\u00e2rsta de 100 de ani a fost vizitat de viceprimarul George \u015einghi, care i-a oferit o diplom\u0103 de onoare \u015fi un premiu din partea comunit\u0103\u0163ii. <\/strong><\/p>\n<p>Trofim Cornencu a petrecut trei ani pe front \u00een cel de-al Doilea R\u0103zboi Mondial, experien\u0163\u0103 care i-a marcat existen\u0163a \u015fi care ne aminte\u015fte de sacrificiile f\u0103cute de genera\u0163ia sa pentru viitorul nostru.<\/p>\n<blockquote>\n<p>\u201eAm avut deosebita onoare de a-l vizita pe domnul Trofim Cornencu, care a \u00eemplinit impresionanta \u015fi venerabila v\u00e2rst\u0103 de 100 de ani. \u00cen semn de respect \u015fi recuno\u015ftin\u0163\u0103 pentru o via\u0163\u0103 tr\u0103it\u0103 cu demnitate, munc\u0103 \u015fi \u00een\u0163elepciune, i-am \u00eenm\u00e2nat o diplom\u0103 de onoare \u015fi un premiu aniversar, ca un modest gest de apreciere din partea Prim\u0103riei Municipiului Tulcea. \u00cent\u00e2lnirea cu domnul Trofim Cornencu a fost una cu adev\u0103rat emo\u0163ionant\u0103. M-a impresionat \u00een mod deosebit luciditatea sa remarcabil\u0103, memoria vie \u015fi claritatea cu care poveste\u015fte evenimente petrecute de-a lungul unui secol de via\u0163\u0103. Am ascultat cu respect \u015fi emo\u0163ie amintirile sale, precum \u015fi lec\u0163iile de via\u0163\u0103 despre curaj, perseveren\u0163\u0103, familie \u015fi credin\u0163\u0103. \u00cei doresc domnului Trofim Cornencu mult\u0103 s\u0103n\u0103tate, lini\u015fte sufleteasc\u0103 \u015fi bucuria de a se bucura \u00een continuare de dragostea \u015fi pre\u0163uirea celor din jur. La mul\u0163i ani cu s\u0103n\u0103tate! Un secol de via\u0163\u0103 este o adev\u0103rat\u0103 binecuv\u00e2ntare \u015fi un exemplu pentru \u00eentreaga comunitate\u201d, a spus transmis George \u015einghi, viceprimar al municipiului Tulcea.<\/p>\n<\/blockquote>\n<p>Conform unei hot\u0103r\u00e2ri adoptate \u00een 2022, persoanelor care au \u00eemplinit v\u00e2rst\u0103 de 100 de ani \u015fi au domiciliul \u00een municipiul Tulcea li se acord\u0103 o diplom\u0103 de onoare \u015fi un premiu \u00een sum\u0103 net\u0103 \u00een valoare de 1.000 lei.<\/p>\n<\/div>\n<div class=\"post-content entry-content\">\n<p><strong>Un tulcean care a \u00eemplinit recent v\u00e2rsta de 100 de ani a fost vizitat de viceprimarul George \u015einghi, care i-a oferit o diplom\u0103 de onoare \u015fi un premiu din partea comunit\u0103\u0163ii. <\/strong><\/p>\n<p>Trofim Cornencu a petrecut trei ani pe front \u00een cel de-al Doilea R\u0103zboi Mondial, experien\u0163\u0103 care i-a marcat existen\u0163a \u015fi care ne aminte\u015fte de sacrificiile f\u0103cute de genera\u0163ia sa pentru viitorul nostru.<\/p>\n<blockquote>\n<p>\u201eAm avut deosebita onoare de a-l vizita pe domnul Trofim Cornencu, care a \u00eemplinit impresionanta \u015fi venerabila v\u00e2rst\u0103 de 100 de ani. \u00cen semn de respect \u015fi recuno\u015ftin\u0163\u0103 pentru o via\u0163\u0103 tr\u0103it\u0103 cu demnitate, munc\u0103 \u015fi \u00een\u0163elepciune, i-am \u00eenm\u00e2nat o diplom\u0103 de onoare \u015fi un premiu aniversar, ca un modest gest de apreciere din partea Prim\u0103riei Municipiului Tulcea. \u00cent\u00e2lnirea cu domnul Trofim Cornencu a fost una cu adev\u0103rat emo\u0163ionant\u0103. M-a impresionat \u00een mod deosebit luciditatea sa remarcabil\u0103, memoria vie \u015fi claritatea cu care poveste\u015fte evenimente petrecute de-a lungul unui secol de via\u0163\u0103. Am ascultat cu respect \u015fi emo\u0163ie amintirile sale, precum \u015fi lec\u0163iile de via\u0163\u0103 despre curaj, perseveren\u0163\u0103, familie \u015fi credin\u0163\u0103. \u00cei doresc domnului Trofim Cornencu mult\u0103 s\u0103n\u0103tate, lini\u015fte sufleteasc\u0103 \u015fi bucuria de a se bucura \u00een continuare de dragostea \u015fi pre\u0163uirea celor din jur. La mul\u0163i ani cu s\u0103n\u0103tate! Un secol de via\u0163\u0103 este o adev\u0103rat\u0103 binecuv\u00e2ntare \u015fi un exemplu pentru \u00eentreaga comunitate\u201d, a spus transmis George \u015einghi, viceprimar al municipiului Tulcea.<\/p>\n<\/blockquote>\n<p>Conform unei hot\u0103r\u00e2ri adoptate \u00een 2022, persoanelor care au \u00eemplinit v\u00e2rst\u0103 de 100 de ani \u015fi au domiciliul \u00een municipiul Tulcea li se acord\u0103 o diplom\u0103 de onoare \u015fi un premiu \u00een sum\u0103 net\u0103 \u00een valoare de 1.000 lei.<\/p>\n<\/div>\n<p>[analyse_source url=&#8221;https:\/\/ziaruldelta.ro\/2026\/07\/28\/tulceanul-trofim-cornencu-premiat-de-primarie-cu-ocazia-implinirii-varstei-de-100-de-ani\/&#8221;]<\/p>\n","protected":false},"excerpt":{"rendered":"<p>[analyse_image type=&#8221;featured&#8221; src=&#8221;https:\/\/ziaruldelta.ro\/wp-content\/uploads\/2026\/07\/tulceanul.jpg&#8221;] Tulceanul Trofim Cornencu, premiat de Prim\u0103rie cu ocazia \u00eemplinirii v\u00e2rstei de 100 de ani Posted by Claudia Ionescu | Jul 28, 2026 | Eveniment | Un tulcean care a \u00eemplinit recent v\u00e2rsta de 100 de ani a fost vizitat de viceprimarul George \u015einghi, care i-a oferit o diplom\u0103 de onoare \u015fi un [&hellip;]<\/p>\n","protected":false},"author":1,"featured_media":0,"comment_status":"open","ping_status":"","sticky":false,"template":"","format":"standard","meta":{"footnotes":""},"categories":[89],"tags":[226,206],"class_list":["post-2065586","post","type-post","status-publish","format-standard","hentry","category-romania","tag-crawlmanager","tag-ziaruldelta-ro"],"_links":{"self":[{"href":"https:\/\/analyse.optim.biz\/index.php?rest_route=\/wp\/v2\/posts\/2065586","targetHints":{"allow":["GET"]}}],"collection":[{"href":"https:\/\/analyse.optim.biz\/index.php?rest_route=\/wp\/v2\/posts"}],"about":[{"href":"https:\/\/analyse.optim.biz\/index.php?rest_route=\/wp\/v2\/types\/post"}],"author":[{"embeddable":true,"href":"https:\/\/analyse.optim.biz\/index.php?rest_route=\/wp\/v2\/users\/1"}],"replies":[{"embeddable":true,"href":"https:\/\/analyse.optim.biz\/index.php?rest_route=%2Fwp%2Fv2%2Fcomments&post=2065586"}],"version-history":[{"count":0,"href":"https:\/\/analyse.optim.biz\/index.php?rest_route=\/wp\/v2\/posts\/2065586\/revisions"}],"wp:attachment":[{"href":"https:\/\/analyse.optim.biz\/index.php?rest_route=%2Fwp%2Fv2%2Fmedia&parent=2065586"}],"wp:term":[{"taxonomy":"category","embeddable":true,"href":"https:\/\/analyse.optim.biz\/index.php?rest_route=%2Fwp%2Fv2%2Fcategories&post=2065586"},{"taxonomy":"post_tag","embeddable":true,"href":"https:\/\/analyse.optim.biz\/index.php?rest_route=%2Fwp%2Fv2%2Ftags&post=2065586"}],"curies":[{"name":"wp","href":"https:\/\/api.w.org\/{rel}","templated":true}]}}