{"id":2065582,"date":"2026-07-27T06:00:32","date_gmt":"2026-07-27T03:00:32","guid":{"rendered":"https:\/\/analyse.optim.biz\/?p=2065582"},"modified":"2026-07-27T06:00:32","modified_gmt":"2026-07-27T03:00:32","slug":"au-inceput-lucrarile-pentru-amenajarea-sensului-giratoriu-de-la-cataloi-ziarul-delta-tulcea","status":"publish","type":"post","link":"https:\/\/analyse.optim.biz\/?p=2065582","title":{"rendered":"Au \u00eenceput lucr\u0103rile pentru amenajarea sensului giratoriu de la Cataloi &#8211; Ziarul Delta Tulcea"},"content":{"rendered":"<p>[analyse_image type=&#8221;featured&#8221; src=&#8221;https:\/\/ziaruldelta.ro\/wp-content\/uploads\/2026\/07\/Au-inceput-1.jpg&#8221;]<\/p>\n<article id=\"post-37660\" class=\"module single-post-module post-37660 post type-post status-publish format-standard has-post-thumbnail hentry category-stirea-zilei et-has-post-format-content et_post_format-et-post-format-standard\">\n<div class=\"post-header\">\n<h1 class=\"entry-title\">Au \u00eenceput lucr\u0103rile pentru amenajarea sensului giratoriu de la Cataloi<\/h1>\n<div class=\"post-meta vcard\">\n<p>Posted by <a href=\"https:\/\/ziaruldelta.ro\/author\/nicoleta-urmuz\/\" class=\"url fn\" title=\"Posts by Nicoleta URMUZ\" rel=\"author\">Nicoleta URMUZ<\/a> | <span class=\"updated\">Jul 27, 2026<\/span> | <a href=\"https:\/\/ziaruldelta.ro\/category\/stirea-zilei\/\" rel=\"tag\">Stirea Zilei<\/a> | <\/p>\n<\/div>\n<\/div>\n<div class=\"post-thumbnail header\"><img decoding=\"async\" src=\"https:\/\/ziaruldelta.ro\/wp-content\/uploads\/2026\/07\/Au-inceput-1.jpg\" alt=\"Au \u00eenceput lucr\u0103rile pentru amenajarea sensului giratoriu de la Cataloi\"><\/div>\n<div class=\"post-wrap\">\n<div class=\"post-content entry-content\">\n<p><strong>Au \u00eenceput lucr\u0103rile pentru amenajarea unui sens giratoriu \u00een intersec\u0163ia dintre DN22\/E87 \u015fi DN22A, \u00een localitatea Cataloi, a anun\u0163at primarul comunei Frec\u0103\u0163ei, Marian Naiman. <\/strong><\/p>\n<p>Investi\u0163ia este realizat\u0103 de Compania Na\u0163ional\u0103 de Administrare a Infrastructurii Rutiere (CNAIR) \u015fi vizeaz\u0103 unul dintre cele mai importante puncte rutiere din jude\u0163ul Tulcea.<\/p>\n<blockquote>\n<p><img loading=\"lazy\" decoding=\"async\" class=\"size-medium wp-image-37472 aligncenter\" src=\"https:\/\/ziaruldelta.ro\/wp-content\/uploads\/2026\/07\/Primaria-Frecatei-610x374.jpg\" alt width=\"610\" height=\"374\">\u201ePrin aceast\u0103 zon\u0103 trece zilnic un volum ridicat de trafic, inclusiv numeroase TIR-uri \u015fi transporturi de marf\u0103 care circul\u0103 dinspre Portul Constan\u0163a c\u0103tre nordul jude\u0163ului Tulcea \u015fi punctele de trecere a frontierei cu Ucraina. Pentru locuitorii comunei noastre, dar \u015fi pentru to\u0163i cei care tranziteaz\u0103 intersec\u0163ia, siguran\u0163a \u015fi fluidizarea circula\u0163iei sunt esen\u0163iale\u201d, a declarat primarul Marian Naiman.<\/p>\n<\/blockquote>\n<p>Potrivit edilului, Prim\u0103ria Frec\u0103\u0163ei a transmis c\u0103tre CNAIR solicit\u0103ri pentru identificarea \u015fi implementarea unei solu\u0163ii care s\u0103 creasc\u0103 siguran\u0163a rutier\u0103 \u015fi s\u0103 \u00eembun\u0103t\u0103\u0163easc\u0103 desf\u0103\u015furarea traficului \u00een aceast\u0103 intersec\u0163ie. \u00cenceperea lucr\u0103rilor reprezint\u0103 concretizarea acestor demersuri.<\/p>\n<blockquote>\n<p>\u201ePe durata lucr\u0103rilor, \u00eei rug\u0103m pe conduc\u0103torii auto s\u0103 circule cu pruden\u0163\u0103, s\u0103 reduc\u0103 viteza \u015fi s\u0103 respecte semnalizarea temporar\u0103 \u015fi indica\u0163iile personalului din teren. Prim\u0103ria Comunei Frec\u0103\u0163ei va urm\u0103ri desf\u0103\u015furarea lucr\u0103rilor \u015fi va informa cet\u0103\u0163enii cu privire la evolu\u0163ia acestora. Aceast\u0103 interven\u0163ie este necesar\u0103 pentru cre\u015fterea siguran\u0163ei \u00eentr-un punct rutier important pentru comuna Frec\u0103\u0163ei \u015fi pentru \u00eentregul jude\u0163\u201d,\u00a0 a men\u0163ionat primarul\u00a0 Marian Naiman.<\/p>\n<\/blockquote>\n<p>Conform autorit\u0103\u0163ilor, amenajarea sensului giratoriu va avea mai multe beneficii: reducerea riscului de accidente, temperarea vitezei de deplasare, organizarea mai clar\u0103 a priorit\u0103\u0163ilor \u00een intersec\u0163ie, facilitarea accesului c\u0103tre localitatea Cataloi \u015fi DN22A, precum \u015fi fluidizarea traficului greu \u015fi a transporturilor care tranziteaz\u0103 zona.<\/p>\n<p>\u00a0<\/p>\n<\/div>\n<\/div>\n<div class=\"post-footer\">\n<div class=\"social-icons ed-social-share-icons\">\n<p class=\"share-title\">Share:<\/p>\n<\/div>\n<div class=\"rating-stars\">\n<p id=\"rate-title\" class=\"rate-title\">Rate:<\/p>\n<\/div>\n<\/div>\n<\/article>\n<div class=\"post-content entry-content\">\n<p><strong>Au \u00eenceput lucr\u0103rile pentru amenajarea unui sens giratoriu \u00een intersec\u0163ia dintre DN22\/E87 \u015fi DN22A, \u00een localitatea Cataloi, a anun\u0163at primarul comunei Frec\u0103\u0163ei, Marian Naiman. <\/strong><\/p>\n<p>Investi\u0163ia este realizat\u0103 de Compania Na\u0163ional\u0103 de Administrare a Infrastructurii Rutiere (CNAIR) \u015fi vizeaz\u0103 unul dintre cele mai importante puncte rutiere din jude\u0163ul Tulcea.<\/p>\n<blockquote>\n<p><img loading=\"lazy\" decoding=\"async\" class=\"size-medium wp-image-37472 aligncenter\" src=\"https:\/\/ziaruldelta.ro\/wp-content\/uploads\/2026\/07\/Primaria-Frecatei-610x374.jpg\" alt width=\"610\" height=\"374\">\u201ePrin aceast\u0103 zon\u0103 trece zilnic un volum ridicat de trafic, inclusiv numeroase TIR-uri \u015fi transporturi de marf\u0103 care circul\u0103 dinspre Portul Constan\u0163a c\u0103tre nordul jude\u0163ului Tulcea \u015fi punctele de trecere a frontierei cu Ucraina. Pentru locuitorii comunei noastre, dar \u015fi pentru to\u0163i cei care tranziteaz\u0103 intersec\u0163ia, siguran\u0163a \u015fi fluidizarea circula\u0163iei sunt esen\u0163iale\u201d, a declarat primarul Marian Naiman.<\/p>\n<\/blockquote>\n<p>Potrivit edilului, Prim\u0103ria Frec\u0103\u0163ei a transmis c\u0103tre CNAIR solicit\u0103ri pentru identificarea \u015fi implementarea unei solu\u0163ii care s\u0103 creasc\u0103 siguran\u0163a rutier\u0103 \u015fi s\u0103 \u00eembun\u0103t\u0103\u0163easc\u0103 desf\u0103\u015furarea traficului \u00een aceast\u0103 intersec\u0163ie. \u00cenceperea lucr\u0103rilor reprezint\u0103 concretizarea acestor demersuri.<\/p>\n<blockquote>\n<p>\u201ePe durata lucr\u0103rilor, \u00eei rug\u0103m pe conduc\u0103torii auto s\u0103 circule cu pruden\u0163\u0103, s\u0103 reduc\u0103 viteza \u015fi s\u0103 respecte semnalizarea temporar\u0103 \u015fi indica\u0163iile personalului din teren. Prim\u0103ria Comunei Frec\u0103\u0163ei va urm\u0103ri desf\u0103\u015furarea lucr\u0103rilor \u015fi va informa cet\u0103\u0163enii cu privire la evolu\u0163ia acestora. Aceast\u0103 interven\u0163ie este necesar\u0103 pentru cre\u015fterea siguran\u0163ei \u00eentr-un punct rutier important pentru comuna Frec\u0103\u0163ei \u015fi pentru \u00eentregul jude\u0163\u201d,\u00a0 a men\u0163ionat primarul\u00a0 Marian Naiman.<\/p>\n<\/blockquote>\n<p>Conform autorit\u0103\u0163ilor, amenajarea sensului giratoriu va avea mai multe beneficii: reducerea riscului de accidente, temperarea vitezei de deplasare, organizarea mai clar\u0103 a priorit\u0103\u0163ilor \u00een intersec\u0163ie, facilitarea accesului c\u0103tre localitatea Cataloi \u015fi DN22A, precum \u015fi fluidizarea traficului greu \u015fi a transporturilor care tranziteaz\u0103 zona.<\/p>\n<p>\u00a0<\/p>\n<\/div>\n<div class=\"post-content entry-content\">\n<p><strong>Au \u00eenceput lucr\u0103rile pentru amenajarea unui sens giratoriu \u00een intersec\u0163ia dintre DN22\/E87 \u015fi DN22A, \u00een localitatea Cataloi, a anun\u0163at primarul comunei Frec\u0103\u0163ei, Marian Naiman. <\/strong><\/p>\n<p>Investi\u0163ia este realizat\u0103 de Compania Na\u0163ional\u0103 de Administrare a Infrastructurii Rutiere (CNAIR) \u015fi vizeaz\u0103 unul dintre cele mai importante puncte rutiere din jude\u0163ul Tulcea.<\/p>\n<blockquote>\n<p><img loading=\"lazy\" decoding=\"async\" class=\"size-medium wp-image-37472 aligncenter\" src=\"https:\/\/ziaruldelta.ro\/wp-content\/uploads\/2026\/07\/Primaria-Frecatei-610x374.jpg\" alt width=\"610\" height=\"374\">\u201ePrin aceast\u0103 zon\u0103 trece zilnic un volum ridicat de trafic, inclusiv numeroase TIR-uri \u015fi transporturi de marf\u0103 care circul\u0103 dinspre Portul Constan\u0163a c\u0103tre nordul jude\u0163ului Tulcea \u015fi punctele de trecere a frontierei cu Ucraina. Pentru locuitorii comunei noastre, dar \u015fi pentru to\u0163i cei care tranziteaz\u0103 intersec\u0163ia, siguran\u0163a \u015fi fluidizarea circula\u0163iei sunt esen\u0163iale\u201d, a declarat primarul Marian Naiman.<\/p>\n<\/blockquote>\n<p>Potrivit edilului, Prim\u0103ria Frec\u0103\u0163ei a transmis c\u0103tre CNAIR solicit\u0103ri pentru identificarea \u015fi implementarea unei solu\u0163ii care s\u0103 creasc\u0103 siguran\u0163a rutier\u0103 \u015fi s\u0103 \u00eembun\u0103t\u0103\u0163easc\u0103 desf\u0103\u015furarea traficului \u00een aceast\u0103 intersec\u0163ie. \u00cenceperea lucr\u0103rilor reprezint\u0103 concretizarea acestor demersuri.<\/p>\n<blockquote>\n<p>\u201ePe durata lucr\u0103rilor, \u00eei rug\u0103m pe conduc\u0103torii auto s\u0103 circule cu pruden\u0163\u0103, s\u0103 reduc\u0103 viteza \u015fi s\u0103 respecte semnalizarea temporar\u0103 \u015fi indica\u0163iile personalului din teren. Prim\u0103ria Comunei Frec\u0103\u0163ei va urm\u0103ri desf\u0103\u015furarea lucr\u0103rilor \u015fi va informa cet\u0103\u0163enii cu privire la evolu\u0163ia acestora. Aceast\u0103 interven\u0163ie este necesar\u0103 pentru cre\u015fterea siguran\u0163ei \u00eentr-un punct rutier important pentru comuna Frec\u0103\u0163ei \u015fi pentru \u00eentregul jude\u0163\u201d,\u00a0 a men\u0163ionat primarul\u00a0 Marian Naiman.<\/p>\n<\/blockquote>\n<p>Conform autorit\u0103\u0163ilor, amenajarea sensului giratoriu va avea mai multe beneficii: reducerea riscului de accidente, temperarea vitezei de deplasare, organizarea mai clar\u0103 a priorit\u0103\u0163ilor \u00een intersec\u0163ie, facilitarea accesului c\u0103tre localitatea Cataloi \u015fi DN22A, precum \u015fi fluidizarea traficului greu \u015fi a transporturilor care tranziteaz\u0103 zona.<\/p>\n<p>\u00a0<\/p>\n<\/div>\n<p>[analyse_source url=&#8221;https:\/\/ziaruldelta.ro\/2026\/07\/27\/au-inceput-lucrarile-pentru-amenajarea-sensului-giratoriu-de-la-cataloi\/&#8221;]<\/p>\n","protected":false},"excerpt":{"rendered":"<p>[analyse_image type=&#8221;featured&#8221; src=&#8221;https:\/\/ziaruldelta.ro\/wp-content\/uploads\/2026\/07\/Au-inceput-1.jpg&#8221;] Au \u00eenceput lucr\u0103rile pentru amenajarea sensului giratoriu de la Cataloi Posted by Nicoleta URMUZ | Jul 27, 2026 | Stirea Zilei | Au \u00eenceput lucr\u0103rile pentru amenajarea unui sens giratoriu \u00een intersec\u0163ia dintre DN22\/E87 \u015fi DN22A, \u00een localitatea Cataloi, a anun\u0163at primarul comunei Frec\u0103\u0163ei, Marian Naiman. Investi\u0163ia este realizat\u0103 de Compania Na\u0163ional\u0103 [&hellip;]<\/p>\n","protected":false},"author":1,"featured_media":0,"comment_status":"open","ping_status":"","sticky":false,"template":"","format":"standard","meta":{"footnotes":""},"categories":[89],"tags":[226,206],"class_list":["post-2065582","post","type-post","status-publish","format-standard","hentry","category-romania","tag-crawlmanager","tag-ziaruldelta-ro"],"_links":{"self":[{"href":"https:\/\/analyse.optim.biz\/index.php?rest_route=\/wp\/v2\/posts\/2065582","targetHints":{"allow":["GET"]}}],"collection":[{"href":"https:\/\/analyse.optim.biz\/index.php?rest_route=\/wp\/v2\/posts"}],"about":[{"href":"https:\/\/analyse.optim.biz\/index.php?rest_route=\/wp\/v2\/types\/post"}],"author":[{"embeddable":true,"href":"https:\/\/analyse.optim.biz\/index.php?rest_route=\/wp\/v2\/users\/1"}],"replies":[{"embeddable":true,"href":"https:\/\/analyse.optim.biz\/index.php?rest_route=%2Fwp%2Fv2%2Fcomments&post=2065582"}],"version-history":[{"count":0,"href":"https:\/\/analyse.optim.biz\/index.php?rest_route=\/wp\/v2\/posts\/2065582\/revisions"}],"wp:attachment":[{"href":"https:\/\/analyse.optim.biz\/index.php?rest_route=%2Fwp%2Fv2%2Fmedia&parent=2065582"}],"wp:term":[{"taxonomy":"category","embeddable":true,"href":"https:\/\/analyse.optim.biz\/index.php?rest_route=%2Fwp%2Fv2%2Fcategories&post=2065582"},{"taxonomy":"post_tag","embeddable":true,"href":"https:\/\/analyse.optim.biz\/index.php?rest_route=%2Fwp%2Fv2%2Ftags&post=2065582"}],"curies":[{"name":"wp","href":"https:\/\/api.w.org\/{rel}","templated":true}]}}