{"id":2065568,"date":"2026-07-28T14:55:14","date_gmt":"2026-07-28T11:55:14","guid":{"rendered":"https:\/\/analyse.optim.biz\/?p=2065568"},"modified":"2026-07-28T14:55:14","modified_gmt":"2026-07-28T11:55:14","slug":"csc-ghiroda-incepe-sezonul-oficial-cu-un-duel-la-caransebes-in-cupa-romaniei","status":"publish","type":"post","link":"https:\/\/analyse.optim.biz\/?p=2065568","title":{"rendered":"CSC Ghiroda \u00eencepe sezonul oficial cu un duel la Caransebe\u0219 \u00een Cupa Rom\u00e2niei"},"content":{"rendered":"<p>[analyse_image type=&#8221;featured&#8221; src=&#8221;https:\/\/orasul-timisoara.ro\/wp-content\/uploads\/2026\/07\/meci.jpg&#8221;]<\/p>\n<article id=\"post-39891\" class=\"td-post-template-7 post-39891 post type-post status-publish format-standard has-post-thumbnail category-featured category-sport-local category-stiri-timisoara tag-balta-sarata tag-caras-severin-3 tag-cristi-galan-2 tag-csc-ghiroda tag-csm-caransebes tag-cupa-romaniei-2 tag-fotbal tag-ghiroda tag-ghita-valusescu tag-leo-doana tag-timis-2 td-container-wrap\">\n<div class=\"td-full-screen-header-image-wrap\">\n<div class=\"td-container td-post-header\">\n<div class=\"td-crumb-container\">\n<div class=\"entry-crumbs\"><span><a title=\"Vede\u021bi toate articolele \u00een Sport Local\" class=\"entry-crumb\" href=\"https:\/\/orasul-timisoara.ro\/local-category\/sport-local\/\">Sport Local<\/a><\/span><span class=\"td-bred-no-url-last\">CSC Ghiroda \u00eencepe sezonul oficial cu un duel la Caransebe\u0219 \u00een Cupa&#8230;<\/span><\/div>\n<\/div>\n<div class=\"td-post-header-holder\">\n<div class=\"td-parallax-header\">\n<header class=\"td-post-title\">\n<ul class=\"td-category\">\n<li class=\"entry-category\"><a href=\"https:\/\/orasul-timisoara.ro\/local-category\/sport-local\/\">Sport Local<\/a><\/li>\n<li class=\"entry-category\"><a href=\"https:\/\/orasul-timisoara.ro\/local-category\/stiri-timisoara\/\">\u0218tiri Locale<\/a><\/li>\n<\/ul>\n<h1 class=\"entry-title\">CSC Ghiroda \u00eencepe sezonul oficial cu un duel la Caransebe\u0219 \u00een Cupa Rom\u00e2niei<\/h1>\n<div class=\"td-module-meta-info\">\n<div class=\"td-post-author-name\">\n<div class=\"td-author-by\">De c\u0103tre<\/div>\n<p><a href=\"https:\/\/orasul-timisoara.ro\/author\/timisoara\/\">redactia<\/a><\/p>\n<div class=\"td-author-line\"> &#8211; <\/div>\n<\/div>\n<p><span class=\"td-post-date\"><time class=\"entry-date updated td-module-date\" datetime=\"2026-07-28T17:55:14+03:00\">28\/07\/2026<\/time><\/span><\/div>\n<\/header>\n<\/div>\n<\/div>\n<\/div>\n<div id=\"td-full-screen-header-image\" class=\"td-image-gradient-style7\"><img decoding=\"async\" class=\"td-backstretch\" src=\"https:\/\/orasul-timisoara.ro\/wp-content\/uploads\/2026\/07\/meci.jpg\"><\/div>\n<\/div>\n<div class=\"td-container\">\n<div class=\"td-pb-row\">\n<div class=\"td-pb-span8 td-main-content\" role=\"main\">\n<div class=\"td-ss-main-content\">\n<div class=\"td-post-sharing-top\">\n<div class=\"td-post-sharing-classic\"><iframe title=\"topFacebookLike\" frameborder src=\"https:\/\/www.facebook.com\/plugins\/like.php?href=https:\/\/orasul-timisoara.ro\/local-39891\/&amp;layout=button_count&amp;show_faces=false&amp;width=105&amp;action=like&amp;colorscheme=light&amp;height=21\"><\/iframe><\/div>\n<div id=\"td_social_sharing_article_top\" class=\"td-post-sharing td-ps-bg td-ps-notext td-post-sharing-style1 \">\n<div class=\"td-post-sharing-visible\"><a class=\"td-social-sharing-button td-social-sharing-button-js td-social-network td-social-facebook\" href=\"https:\/\/www.facebook.com\/sharer.php?u=https%3A%2F%2Forasul-timisoara.ro%2Flocal-39891%2F\" title=\"Facebook\"><\/p>\n<div class=\"td-social-but-text\">Facebook<\/div>\n<p><\/a><a class=\"td-social-sharing-button td-social-sharing-button-js td-social-network td-social-twitter\" href=\"https:\/\/twitter.com\/intent\/tweet?text=CSC+Ghiroda+%C3%AEncepe+sezonul+oficial+cu+un+duel+la+Caransebe%C8%99+%C3%AEn+Cupa+Rom%C3%A2niei&amp;url=https%3A%2F%2Forasul-timisoara.ro%2Flocal-39891%2F&amp;via=orasultm\" title=\"Twitter\"><\/p>\n<div class=\"td-social-but-text\">Twitter<\/div>\n<p><\/a><a class=\"td-social-sharing-button td-social-sharing-button-js td-social-network td-social-whatsapp\" href=\"https:\/\/api.whatsapp.com\/send?text=CSC+Ghiroda+%C3%AEncepe+sezonul+oficial+cu+un+duel+la+Caransebe%C8%99+%C3%AEn+Cupa+Rom%C3%A2niei%20%0A%0A%20https:\/\/orasul-timisoara.ro\/local-39891\/\" title=\"WhatsApp\"><\/p>\n<div class=\"td-social-but-text\">WhatsApp<\/div>\n<p><\/a><a class=\"td-social-sharing-button td-social-sharing-button-js td-social-network td-social-linkedin\" href=\"https:\/\/www.linkedin.com\/shareArticle?mini=true&amp;url=https:\/\/orasul-timisoara.ro\/local-39891\/&amp;title=CSC+Ghiroda+%C3%AEncepe+sezonul+oficial+cu+un+duel+la+Caransebe%C8%99+%C3%AEn+Cupa+Rom%C3%A2niei\" title=\"Linkedin\"><\/p>\n<div class=\"td-social-but-text\">Linkedin<\/div>\n<p><\/a><a class=\"td-social-sharing-button td-social-sharing-button-js td-social-network td-social-reddit\" href=\"https:\/\/reddit.com\/submit?url=https:\/\/orasul-timisoara.ro\/local-39891\/&amp;title=CSC+Ghiroda+%C3%AEncepe+sezonul+oficial+cu+un+duel+la+Caransebe%C8%99+%C3%AEn+Cupa+Rom%C3%A2niei\" title=\"ReddIt\"><\/p>\n<div class=\"td-social-but-text\">ReddIt<\/div>\n<p><\/a><a class=\"td-social-sharing-button td-social-sharing-button-js td-social-network td-social-mail\" href=\"mailto:?subject=CSC%20Ghiroda%20%C3%AEncepe%20sezonul%20oficial%20cu%20un%20duel%20la%20Caransebe%C8%99%20%C3%AEn%20Cupa%20Rom%C3%A2niei&amp;body=https:\/\/orasul-timisoara.ro\/local-39891\/\" title=\"Email\"><\/p>\n<div class=\"td-social-but-text\">Email<\/div>\n<p><\/a><a class=\"td-social-sharing-button td-social-sharing-button-js td-social-network td-social-print\" href=\"https:\/\/orasul-timisoara.ro\/local-39891\/\" title=\"Imprimare\"><\/p>\n<div class=\"td-social-but-text\">Imprimare<\/div>\n<p><\/a><\/div>\n<\/div>\n<\/div>\n<div class=\"td-post-content tagdiv-type\">\n<p class=\"wp-block-paragraph\">CSC Ghiroda \u00eencepe miercuri parcursul \u00een faza na\u021bional\u0103 a Cupei Rom\u00e2niei, urm\u00e2nd s\u0103 evolueze \u00een deplasare \u00eempotriva forma\u021biei CSM Caransebe\u0219. Partida este programat\u0103 de la ora 17:30, pe stadionul din Balta S\u0103rat\u0103, iar miza este calificarea \u00een turul urm\u0103tor al competi\u021biei.<\/p>\n<p class=\"wp-block-paragraph\">Confruntarea reprezint\u0103 \u0219i primul meci oficial al sezonului pentru echipa timi\u0219ean\u0103, care abordeaz\u0103 noua stagiune cu un lot modificat \u0219i cu un nou antrenor pe banca tehnic\u0103. De\u0219i \u00eent\u00e2lne\u0219te o forma\u021bie motivat\u0103 s\u0103 profite de avantajul terenului propriu, CSC Ghiroda \u00ee\u0219i propune s\u0103 \u00eenceap\u0103 sezonul cu un rezultat pozitiv.<\/p>\n<h2 class=\"wp-block-heading\">CSC Ghiroda \u00eencepe sezonul oficial \u00een Cupa Rom\u00e2niei<\/h2>\n<p class=\"wp-block-paragraph\">Dup\u0103 reluarea preg\u0103tirilor pentru noul sezon competi\u021bional, CSC Ghiroda intr\u0103 \u00een focurile oficiale cu un duel eliminatoriu \u00een Cupa Rom\u00e2niei. Meciul de la Caransebe\u0219 reprezint\u0103 primul test cu miz\u0103 pentru echipa timi\u0219ean\u0103, care urm\u0103re\u0219te calificarea \u00een faza urm\u0103toare.<\/p>\n<p class=\"wp-block-paragraph\">Forma\u021bia din Ghiroda a trecut prin mai multe schimb\u0103ri \u00een aceast\u0103 var\u0103, at\u00e2t la nivelul lotului, c\u00e2t \u0219i pe banca tehnic\u0103, iar partida din Cara\u0219-Severin ofer\u0103 primul prilej de a vedea noua formul\u0103 \u00eentr-o competi\u021bie oficial\u0103.<\/p>\n<h2 class=\"wp-block-heading\">Cristi G\u0103lan preg\u0103te\u0219te primul meci oficial pe banca timi\u0219enilor<\/h2>\n<p class=\"wp-block-paragraph\">Unul dintre principalele elemente de interes este debutul oficial al lui Cristi G\u0103lan \u00een postura de antrenor al CSC Ghiroda. Fostul c\u0103pitan al Politehnicii Timi\u0219oara a preluat echipa \u00een aceast\u0103 var\u0103 \u0219i a coordonat perioada de preg\u0103tire \u00eenaintea startului oficial al sezonului.<\/p>\n<p class=\"wp-block-paragraph\">\u00cenaintea confrunt\u0103rii din Cupa Rom\u00e2niei, forma\u021bia timi\u0219ean\u0103 a disputat un meci de verificare \u00eempotriva divizionarei secunde CSC Dumbr\u0103vi\u021ba. Partida s-a \u00eencheiat cu victoria echipei din Liga a II-a, scor 3-0, \u00eens\u0103 staff-ul tehnic a tratat acel joc ca parte a procesului de preg\u0103tire.<\/p>\n<p class=\"wp-block-paragraph\">Cristi G\u0103lan a transmis c\u0103 echipa va aborda duelul de la Caransebe\u0219 cu maxim\u0103 responsabilitate. \u201eJocul oficial de miercuri cu Caransebe\u0219ul, \u00een Cup\u0103, e un meci pe care \u00eel vom trata cu maxim\u0103 seriozitate!\u201d, a declarat tehnicianul CSC Ghiroda.<\/p>\n<h2 class=\"wp-block-heading\">CSM Caransebe\u0219 \u00ee\u0219i dore\u0219te s\u0103 profite de avantajul terenului propriu<\/h2>\n<p class=\"wp-block-paragraph\">De partea cealalt\u0103, CSM Caransebe\u0219 vede partida din Cupa Rom\u00e2niei ca pe o oportunitate de a elimina o forma\u021bie din Liga a III-a \u0219i de a continua parcursul \u00een competi\u021bie.<\/p>\n<p class=\"wp-block-paragraph\">Gazdele vor beneficia de revenirea unor juc\u0103tori experimenta\u021bi, precum Bir\u0103escu \u0219i Neagu, \u00eens\u0103 vor avea \u0219i c\u00e2teva absen\u021be importante. Darius Pu\u0219c\u0103 este suspendat dup\u0103 eliminarea primit\u0103 \u00een partida de la Or\u0103\u0219tie, iar Talp\u0103 \u0219i Mihoc nu vor putea evolua.<\/p>\n<p class=\"wp-block-paragraph\">Totodat\u0103, noul antrenor al caransebe\u0219enilor, Leo Doan\u0103, va urm\u0103ri partida din tribun\u0103, urm\u00e2nd s\u0103 preia oficial conducerea tehnic\u0103 dup\u0103 \u00eencheierea confrunt\u0103rii cu CSC Ghiroda.<\/p>\n<h2 class=\"wp-block-heading\">Oficialii gazdelor anun\u021b\u0103 un meci dificil<\/h2>\n<p class=\"wp-block-paragraph\">Pre\u0219edintele CSM Caransebe\u0219, Ghi\u021b\u0103 Valu\u0219escu, consider\u0103 c\u0103 adversarul din Liga a III-a reprezint\u0103 un test important pentru echipa sa, \u00eens\u0103 obiectivul r\u0103m\u00e2ne calificarea.<\/p>\n<p class=\"wp-block-paragraph\">\u201eUn joc cu un adversar de Liga 3, antrenor foarte bun, dar dup\u0103 cum \u0219ti\u021bi deja, \u00een Cup\u0103 noi ne dorim victoria \u0219i s\u0103 mergem mai departe. Chiar dac\u0103 avem c\u00e2\u021biva absen\u021bi, Pu\u0219c\u0103, Talp\u0103, Mihoc, am \u00eencredere \u00een b\u0103ie\u021bi c\u0103 vor face un joc bun. Revin Bir\u0103escu, Neagu, Arjocan \u0219i Isac, iar Leo Doan\u0103 va fi \u00een tribun\u0103 \u0219i dup\u0103 acest meci de Cup\u0103 va prelua echipa \u0219i va stabili programul!\u201d, a declarat acesta.<\/p>\n<p class=\"wp-block-paragraph\">Declara\u021biile oficialului confirm\u0103 faptul c\u0103 echipa din Cara\u0219-Severin trateaz\u0103 duelul cu CSC Ghiroda ca pe unul dintre cele mai importante teste ale \u00eenceputului de sezon.<\/p>\n<h2 class=\"wp-block-heading\">Duel \u00eentre dou\u0103 echipe aflate \u00een momente diferite ale preg\u0103tirii<\/h2>\n<p class=\"wp-block-paragraph\">\u00cen timp ce CSC Ghiroda a avut o pauz\u0103 competi\u021bional\u0103 dup\u0103 \u00eencheierea sezonului \u0219i a reluat recent preg\u0103tirile, CSM Caransebe\u0219 a avut un ritm competi\u021bional mai sus\u021binut dup\u0103 finalul Ligii a IV-a Cara\u0219-Severin.<\/p>\n<p class=\"wp-block-paragraph\">Acest aspect poate influen\u021ba desf\u0103\u0219urarea jocului, \u00eens\u0103 experien\u021ba acumulat\u0103 de mai mul\u021bi juc\u0103tori ai forma\u021biei timi\u0219ene \u00een Liga a II-a \u0219i Liga a III-a reprezint\u0103 un argument important \u00eenaintea confrunt\u0103rii de la Balta S\u0103rat\u0103.<\/p>\n<h2 class=\"wp-block-heading\">Stadionul din Balta S\u0103rat\u0103 g\u0103zduie\u0219te duelul pentru calificare<\/h2>\n<p class=\"wp-block-paragraph\">Partida dintre CSM Caransebe\u0219 \u0219i CSC Ghiroda este programat\u0103 miercuri, de la ora 17:30, pe stadionul din Balta S\u0103rat\u0103. Suprafa\u021ba de joc a fost afectat\u0103 \u00een aceast\u0103 var\u0103 de temperaturile ridicate \u0219i de lipsa precipita\u021biilor, \u00eens\u0103 organizatorii sunt preg\u0103ti\u021bi pentru desf\u0103\u0219urarea meciului.<\/p>\n<p class=\"wp-block-paragraph\">Pentru CSC Ghiroda, confruntarea reprezint\u0103 primul examen oficial al noului sezon \u0219i o oportunitate de a confirma obiectivele stabilite \u00eenaintea debutului competi\u021bional. De partea cealalt\u0103, CSM Caransebe\u0219 sper\u0103 s\u0103 profite de avantajul terenului propriu \u0219i s\u0103 produc\u0103 surpriza \u00een fa\u021ba unei forma\u021bii de e\u0219alon superior. Toate premisele indic\u0103 un duel echilibrat, \u00een care calificarea \u00een faza urm\u0103toare a Cupei Rom\u00e2niei va fi principalul obiectiv al ambelor echipe.<\/p>\n<\/div>\n<footer>\n<div class=\"td-post-source-tags\">\n<ul class=\"td-tags td-post-small-box clearfix\">\n<li><span>ETICHETE<\/span><\/li>\n<li><a href=\"https:\/\/orasul-timisoara.ro\/local-tag\/balta-sarata\/\">Balta S\u0103rat\u0103<\/a><\/li>\n<li><a href=\"https:\/\/orasul-timisoara.ro\/local-tag\/caras-severin-3\/\">Cara\u0219-Severin<\/a><\/li>\n<li><a href=\"https:\/\/orasul-timisoara.ro\/local-tag\/cristi-galan-2\/\">Cristi G\u0103lan<\/a><\/li>\n<li><a href=\"https:\/\/orasul-timisoara.ro\/local-tag\/csc-ghiroda\/\">CSC Ghiroda<\/a><\/li>\n<li><a href=\"https:\/\/orasul-timisoara.ro\/local-tag\/csm-caransebes\/\">CSM Caransebe\u0219<\/a><\/li>\n<li><a href=\"https:\/\/orasul-timisoara.ro\/local-tag\/cupa-romaniei-2\/\">Cupa Rom\u00e2niei<\/a><\/li>\n<li><a href=\"https:\/\/orasul-timisoara.ro\/local-tag\/fotbal\/\">fotbal<\/a><\/li>\n<li><a href=\"https:\/\/orasul-timisoara.ro\/local-tag\/ghiroda\/\">ghiroda<\/a><\/li>\n<li><a href=\"https:\/\/orasul-timisoara.ro\/local-tag\/ghita-valusescu\/\">Ghi\u021b\u0103 Valu\u0219escu<\/a><\/li>\n<li><a href=\"https:\/\/orasul-timisoara.ro\/local-tag\/leo-doana\/\">Leo Doan\u0103<\/a><\/li>\n<li><a href=\"https:\/\/orasul-timisoara.ro\/local-tag\/timis-2\/\">timi\u0219<\/a><\/li>\n<\/ul>\n<\/div>\n<div class=\"td-post-sharing-bottom\">\n<div class=\"td-post-sharing-classic\"><iframe title=\"bottomFacebookLike\" frameborder src=\"https:\/\/www.facebook.com\/plugins\/like.php?href=https:\/\/orasul-timisoara.ro\/local-39891\/&amp;layout=button_count&amp;show_faces=false&amp;width=105&amp;action=like&amp;colorscheme=light&amp;height=21\"><\/iframe><\/div>\n<div id=\"td_social_sharing_article_bottom\" class=\"td-post-sharing td-ps-bg td-ps-notext td-post-sharing-style1 \">\n<div class=\"td-post-sharing-visible\"><a class=\"td-social-sharing-button td-social-sharing-button-js td-social-network td-social-facebook\" href=\"https:\/\/www.facebook.com\/sharer.php?u=https%3A%2F%2Forasul-timisoara.ro%2Flocal-39891%2F\" title=\"Facebook\"><\/p>\n<div class=\"td-social-but-text\">Facebook<\/div>\n<p><\/a><a class=\"td-social-sharing-button td-social-sharing-button-js td-social-network td-social-twitter\" href=\"https:\/\/twitter.com\/intent\/tweet?text=CSC+Ghiroda+%C3%AEncepe+sezonul+oficial+cu+un+duel+la+Caransebe%C8%99+%C3%AEn+Cupa+Rom%C3%A2niei&amp;url=https%3A%2F%2Forasul-timisoara.ro%2Flocal-39891%2F&amp;via=orasultm\" title=\"Twitter\"><\/p>\n<div class=\"td-social-but-text\">Twitter<\/div>\n<p><\/a><a class=\"td-social-sharing-button td-social-sharing-button-js td-social-network td-social-whatsapp\" href=\"https:\/\/api.whatsapp.com\/send?text=CSC+Ghiroda+%C3%AEncepe+sezonul+oficial+cu+un+duel+la+Caransebe%C8%99+%C3%AEn+Cupa+Rom%C3%A2niei%20%0A%0A%20https:\/\/orasul-timisoara.ro\/local-39891\/\" title=\"WhatsApp\"><\/p>\n<div class=\"td-social-but-text\">WhatsApp<\/div>\n<p><\/a><a class=\"td-social-sharing-button td-social-sharing-button-js td-social-network td-social-linkedin\" href=\"https:\/\/www.linkedin.com\/shareArticle?mini=true&amp;url=https:\/\/orasul-timisoara.ro\/local-39891\/&amp;title=CSC+Ghiroda+%C3%AEncepe+sezonul+oficial+cu+un+duel+la+Caransebe%C8%99+%C3%AEn+Cupa+Rom%C3%A2niei\" title=\"Linkedin\"><\/p>\n<div class=\"td-social-but-text\">Linkedin<\/div>\n<p><\/a><a class=\"td-social-sharing-button td-social-sharing-button-js td-social-network td-social-reddit\" href=\"https:\/\/reddit.com\/submit?url=https:\/\/orasul-timisoara.ro\/local-39891\/&amp;title=CSC+Ghiroda+%C3%AEncepe+sezonul+oficial+cu+un+duel+la+Caransebe%C8%99+%C3%AEn+Cupa+Rom%C3%A2niei\" title=\"ReddIt\"><\/p>\n<div class=\"td-social-but-text\">ReddIt<\/div>\n<p><\/a><a class=\"td-social-sharing-button td-social-sharing-button-js td-social-network td-social-mail\" href=\"mailto:?subject=CSC%20Ghiroda%20%C3%AEncepe%20sezonul%20oficial%20cu%20un%20duel%20la%20Caransebe%C8%99%20%C3%AEn%20Cupa%20Rom%C3%A2niei&amp;body=https:\/\/orasul-timisoara.ro\/local-39891\/\" title=\"Email\"><\/p>\n<div class=\"td-social-but-text\">Email<\/div>\n<p><\/a><a class=\"td-social-sharing-button td-social-sharing-button-js td-social-network td-social-print\" href=\"https:\/\/orasul-timisoara.ro\/local-39891\/\" title=\"Imprimare\"><\/p>\n<div class=\"td-social-but-text\">Imprimare<\/div>\n<p><\/a><\/div>\n<\/div>\n<\/div>\n<div class=\"td-block-row td-post-next-prev\">\n<div class=\"td-block-span6 td-post-prev-post\">\n<div class=\"td-post-next-prev-content\"><span>Articolul precedent<\/span><a href=\"https:\/\/orasul-timisoara.ro\/local-39888\/\">Contract de peste 23 milioane de lei pentru modernizarea drumului Mo\u0219ni\u021ba Veche \u2013 Ghiroda<\/a><\/div>\n<\/div>\n<\/div>\n<div class=\"td-author-name vcard author\"><span class=\"fn\"><a href=\"https:\/\/orasul-timisoara.ro\/author\/timisoara\/\">redactia<\/a><\/span><\/div>\n<p><span class=\"td-page-meta\"><\/span><span class=\"td-page-meta\"><span class=\"td-page-meta\"><\/span><\/span><span class=\"td-page-meta\"><\/span><\/footer>\n<div class=\"td_block_wrap td_block_related_posts tdi_3 td_with_ajax_pagination td-pb-border-top td_block_template_8\" data-td-block-uid=\"tdi_3\">\n<h4 class=\"td-related-title td-block-title\"><a id=\"tdi_4\" class=\"td-related-left td-cur-simple-item\" data-td_filter_value data-td_block_id=\"tdi_3\" href=\"https:\/\/orasul-timisoara.ro\/local-39891\/\">ARTICOLE SIMILARE<\/a><a id=\"tdi_5\" class=\"td-related-right\" data-td_filter_value=\"td_related_more_from_author\" data-td_block_id=\"tdi_3\" href=\"https:\/\/orasul-timisoara.ro\/local-39891\/\">DE LA ACELA\u0218I AUTOR<\/a><\/h4>\n<div id=\"tdi_3\" class=\"td_block_inner\">\n<div class=\"td-related-row\">\n<div class=\"td-related-span4\">\n<div class=\"td_module_related_posts td-animation-stack td_mod_related_posts\">\n<div class=\"td-module-image\">\n<div class=\"td-module-thumb\"><a href=\"https:\/\/orasul-timisoara.ro\/local-39675\/\" rel=\"bookmark\" class=\"td-image-wrap \" title=\"Un simbol al Banatului rena\u0219te: proiect de restaurare pentru Moara Valeapai (foto)\"><img loading=\"lazy\" decoding=\"async\" class=\"entry-thumb\" src=\"https:\/\/orasul-timisoara.ro\/wp-content\/uploads\/2026\/07\/ChatGPT-Image-Jul-15-2026-02_05_30-PM-436x300.jpg\" alt title=\"Un simbol al Banatului rena\u0219te: proiect de restaurare pentru Moara Valeapai (foto)\" width=\"218\" height=\"150\"><\/a><\/div>\n<\/div>\n<div class=\"item-details\">\n<h3 class=\"entry-title td-module-title\"><a href=\"https:\/\/orasul-timisoara.ro\/local-39675\/\" rel=\"bookmark\" title=\"Un simbol al Banatului rena\u0219te: proiect de restaurare pentru Moara Valeapai (foto)\">Un simbol al Banatului rena\u0219te: proiect de restaurare pentru Moara Valeapai (foto)<\/a><\/h3>\n<\/div>\n<\/div>\n<\/div>\n<div class=\"td-related-span4\">\n<div class=\"td_module_related_posts td-animation-stack td_mod_related_posts\">\n<div class=\"td-module-image\">\n<div class=\"td-module-thumb\"><a href=\"https:\/\/orasul-timisoara.ro\/local-39590\/\" rel=\"bookmark\" class=\"td-image-wrap \" title=\"G\u0103r\u00e2na Jazz Festival s\u0103rb\u0103tore\u0219te 30 de ani cu arti\u0219ti din 11 \u021b\u0103ri\"><img loading=\"lazy\" decoding=\"async\" class=\"entry-thumb\" src=\"https:\/\/orasul-timisoara.ro\/wp-content\/uploads\/2026\/07\/Screenshot-2026-07-09-at-13.52.15-436x300.jpg\" alt title=\"G\u0103r\u00e2na Jazz Festival s\u0103rb\u0103tore\u0219te 30 de ani cu arti\u0219ti din 11 \u021b\u0103ri\" width=\"218\" height=\"150\"><\/a><\/div>\n<\/div>\n<div class=\"item-details\">\n<h3 class=\"entry-title td-module-title\"><a href=\"https:\/\/orasul-timisoara.ro\/local-39590\/\" rel=\"bookmark\" title=\"G\u0103r\u00e2na Jazz Festival s\u0103rb\u0103tore\u0219te 30 de ani cu arti\u0219ti din 11 \u021b\u0103ri\">G\u0103r\u00e2na Jazz Festival s\u0103rb\u0103tore\u0219te 30 de ani cu arti\u0219ti din 11 \u021b\u0103ri<\/a><\/h3>\n<\/div>\n<\/div>\n<\/div>\n<div class=\"td-related-span4\">\n<div class=\"td_module_related_posts td-animation-stack td_mod_related_posts\">\n<div class=\"td-module-image\">\n<div class=\"td-module-thumb\"><a href=\"https:\/\/orasul-timisoara.ro\/local-39155\/\" rel=\"bookmark\" class=\"td-image-wrap \" title=\"Timi\u0219orenii \u0219i re\u0219i\u021benii pot \u00eenv\u0103\u021ba gratuit cum s\u0103 se protejeze de furtuni \u0219i grindin\u0103\"><img loading=\"lazy\" decoding=\"async\" class=\"entry-thumb\" src=\"https:\/\/orasul-timisoara.ro\/wp-content\/uploads\/2026\/06\/atelier-436x300.jpg\" alt title=\"Timi\u0219orenii \u0219i re\u0219i\u021benii pot \u00eenv\u0103\u021ba gratuit cum s\u0103 se protejeze de furtuni \u0219i grindin\u0103\" width=\"218\" height=\"150\"><\/a><\/div>\n<\/div>\n<div class=\"item-details\">\n<h3 class=\"entry-title td-module-title\"><a href=\"https:\/\/orasul-timisoara.ro\/local-39155\/\" rel=\"bookmark\" title=\"Timi\u0219orenii \u0219i re\u0219i\u021benii pot \u00eenv\u0103\u021ba gratuit cum s\u0103 se protejeze de furtuni \u0219i grindin\u0103\">Timi\u0219orenii \u0219i re\u0219i\u021benii pot \u00eenv\u0103\u021ba gratuit cum s\u0103 se protejeze de furtuni \u0219i grindin\u0103<\/a><\/h3>\n<\/div>\n<\/div>\n<\/div>\n<\/div>\n<\/div>\n<\/div>\n<div class=\"comments\" id=\"comments\">\n<div id=\"respond\" class=\"comment-respond\">\n<h3 id=\"reply-title\" class=\"comment-reply-title\">L\u0102SA\u021aI UN MESAJ<\/h3>\n<div class=\"comment-form-input-wrap td-form-comment\">\n<div class=\"td-warning-comment\">V\u0103 rug\u0103m s\u0103 introduce\u021bi comentariul dvs.!<\/div>\n<\/div>\n<div class=\"comment-form-input-wrap td-form-author\">\n<div class=\"td-warning-author\">Introduce\u021bi aici numele dvs.<\/div>\n<\/div>\n<div class=\"comment-form-input-wrap td-form-email\">\n<div class=\"td-warning-email-error\">A\u021bi introdus o adres\u0103 de e-mail incorect\u0103!<\/div>\n<div class=\"td-warning-email\">V\u0103 rug\u0103m s\u0103 introduce\u021bi adresa dvs. de e-mail aici<\/div>\n<\/div>\n<\/div>\n<p class=\"akismet_comment_form_privacy_notice\">Acest site folose\u0219te Akismet pentru a reduce spamul. <a href=\"https:\/\/akismet.com\/privacy\/\" target=\"_blank\" rel=\"nofollow noopener\">Afl\u0103 cum sunt procesate datele comentariilor tale<\/a>.<\/p>\n<\/div>\n<\/div>\n<\/div>\n<div class=\"td-pb-span4 td-main-sidebar\" role=\"complementary\">\n<div class=\"td-ss-main-sidebar\">\n<aside id=\"block-4\" class=\"td_block_template_8 widget block-4 widget_block widget_media_image\">\n<figure class=\"wp-block-image size-full\"><img loading=\"lazy\" decoding=\"async\" width=\"336\" height=\"280\" src=\"https:\/\/orasul-timisoara.ro\/wp-content\/uploads\/2024\/11\/ReTIM-Abonamentul-Verde-Google-Ads-336x280px.gif\" alt class=\"wp-image-29257\"><\/figure>\n<\/aside>\n<div class=\"td_block_wrap td_block_social_counter td_block_widget tdi_6 td-social-style5 td-social-boxed td-pb-border-top td_block_template_8\">\n<div class=\"td-block-title-wrap\">\n<h4 class=\"td-block-title\"><span>Urm\u0103re\u0219te-ne pe Social Media<\/span><\/h4>\n<\/div>\n<div class=\"td-social-list\">\n<div class=\"td_social_type td-pb-margin-side td_social_facebook\">\n<div class=\"td-social-box\"><span class=\"td_social_info td_social_info_counter\">344,595<\/span><span class=\"td_social_info td_social_info_name\">Fani<\/span><span class=\"td_social_button\"><a href=\"https:\/\/www.facebook.com\/247timisoara\" target=\"_blank\" rel=\"nofollow\">\u00cemi place<\/a><\/span><\/div>\n<\/div>\n<div class=\"td_social_type td-pb-margin-side td_social_instagram\">\n<div class=\"td-social-box\"><span class=\"td_social_info td_social_info_counter\">4,416<\/span><span class=\"td_social_info td_social_info_name\">Cititori<\/span><span class=\"td_social_button\"><a href=\"https:\/\/instagram.com\/orasultimisoararo\/\" target=\"_blank\" rel=\"nofollow\">Conecta\u021bi-v\u0103<\/a><\/span><\/div>\n<\/div>\n<div class=\"td_social_type td-pb-margin-side td_social_rss\">\n<div class=\"td-social-box\"><span class=\"td_social_info td_social_info_counter\">12,506<\/span><span class=\"td_social_info td_social_info_name\">Cititori<\/span><span class=\"td_social_button\"><a href=\"https:\/\/orasul-timisoara.ro\/feed\/\" target=\"_blank\" rel=\"nofollow\">Conecta\u021bi-v\u0103<\/a><\/span><\/div>\n<\/div>\n<div class=\"td_social_type td-pb-margin-side td_social_tiktok\">\n<div class=\"td-social-box\"><span class=\"td_social_info td_social_info_counter\">1,500<\/span><span class=\"td_social_info td_social_info_name\">Cititori<\/span><span class=\"td_social_button\"><a href=\"https:\/\/www.tiktok.com\/@orasultimisoara\" target=\"_blank\" rel=\"nofollow\">Conecta\u021bi-v\u0103<\/a><\/span><\/div>\n<\/div>\n<div class=\"td_social_type td-pb-margin-side td_social_twitter\">\n<div class=\"td-social-box\"><span class=\"td_social_info td_social_info_counter\">1,595<\/span><span class=\"td_social_info td_social_info_name\">Cititori<\/span><span class=\"td_social_button\"><a href=\"https:\/\/twitter.com\/orasultm\" target=\"_blank\" rel=\"nofollow\">Conecta\u021bi-v\u0103<\/a><\/span><\/div>\n<\/div>\n<div class=\"td_social_type td-pb-margin-side td_social_youtube\">\n<div class=\"td-social-box\"><span class=\"td_social_info td_social_info_counter\">3,506<\/span><span class=\"td_social_info td_social_info_name\">Abona\u021bi<\/span><span class=\"td_social_button\"><a href=\"https:\/\/www.youtube.com\/channel\/UCQNsQvs2XCSIm1Z-AHRturw?sub_confirmation=1\" target=\"_blank\" rel=\"nofollow\">Abona\u021bi-v\u0103<\/a><\/span><\/div>\n<\/div>\n<\/div>\n<\/div>\n<aside id=\"text-7\" class=\"td_block_template_8 widget text-7 widget_text\">\n<h4 class=\"td-block-title\"><span>C\u0103ut\u0103ri populare pe OTM<\/span><\/h4>\n<div class=\"textwidget\"><a href=\"https:\/\/orasul-timisoara.ro\/?s=timisoara\"><span>Timisoara<\/span><\/a><a href=\"https:\/\/orasul-timisoara.ro\/?s=calin+dobra\"><span>Calin Dobra<\/span><\/a><a href=\"https:\/\/orasul-timisoara.ro\/?s=primaria+timisoara\"><span>Primaria Timisoara<\/span><\/a><a href=\"https:\/\/orasul-timisoara.ro\/?s=dominic+fritz\"><span>Dominic Fritz<\/span><\/a><a href=\"https:\/\/orasul-timisoara.ro\/?s=nicolae+robu\"><span>Nicolae Robu<\/span><\/a><a href=\"https:\/\/orasul-timisoara.ro\/?s=consiliul+local+timisoara\">Consiliul Local Timisoara<\/a><a href=\"https:\/\/orasul-timisoara.ro\/?s=consiliul+judetean+timis\"><span>Consiliul Judetean Timis<\/span><\/a><a href=\"https:\/\/orasul-timisoara.ro\/?s=cjt\"><span>CJT<\/span><\/a><a href=\"https:\/\/orasul-timisoara.ro\/?s=Alfred+Simonis\"><span>Alfred Simonis<\/span><\/a><a href=\"https:\/\/orasul-timisoara.ro\/?s=PNL\"><span>PNL<\/span><\/a><a href=\"https:\/\/orasul-timisoara.ro\/?s=coronavirus\"><span>coronavirus<\/span><\/a><a href=\"https:\/\/orasul-timisoara.ro\/?s=teatru+timisoara\">teatru Timisoara<\/a><a href=\"https:\/\/orasul-timisoara.ro\/?s=restaurante\"><span>restaurante Timisoara<\/span><\/a><a href=\"https:\/\/orasul-timisoara.ro\/?s=diskoteka\"><span>Diskoteka<\/span><\/a><a href=\"https:\/\/orasul-timisoara.ro\/?s=iulius+town\"><span>Iulius Town<\/span><\/a><a href=\"https:\/\/orasul-timisoara.ro\/?s=iulius+mall\"><span>Iulius Mall<\/span><\/a><a href=\"https:\/\/orasul-timisoara.ro\/?s=stpt\"><span>STPT<\/span><\/a><a href=\"https:\/\/orasul-timisoara.ro\/?s=alin+nica\"><span>Alin Nica<\/span><\/a><a href=\"https:\/\/orasul-timisoara.ro\/?s=psd\"><span>PSD<\/span><\/a><a href=\"https:\/\/orasul-timisoara.ro\/?s=aeroport\"><span>Aeroportul International Timisoara<\/span><\/a><a href=\"https:\/\/orasul-timisoara.ro\/?s=babes\"><span>Spitalul Victor Babes Timisoara<\/span><\/a><a href=\"https:\/\/orasul-timisoara.ro\/?s=poli\"><span>Poli Timi\u0219oara<\/span><\/a><a href=\"https:\/\/orasul-timisoara.ro\/?s=carantina\"><span>carantina<\/span><\/a><a href=\"https:\/\/orasul-timisoara.ro\/?s=aquatim\"><span>Aquatim<\/span><\/a><a href=\"https:\/\/orasul-timisoara.ro\/local-category\/stiri-timisoara\/\"><span>Stiri Timisoara<\/span><\/a><a href=\"https:\/\/orasul-timisoara.ro\/local-category\/investitii-in-timisoara\/\"><span>Investi\u021bii in Timi\u0219oara<\/span><\/a><a href=\"https:\/\/orasul-timisoara.ro\/local-9463\/\"><span>shaorma<\/span><\/a><a href=\"https:\/\/orasul-timisoara.ro\/?s=trafic\"><span>trafic rutier<\/span><\/a><a href=\"https:\/\/orasul-timisoara.ro\/?s=politia\"><span>politia locala timisoara<\/span><\/a><a href=\"https:\/\/orasul-timisoara.ro\/?s=roxana\"><span>Roxana Iliescu<\/span><\/a><a href=\"https:\/\/orasul-timisoara.ro\/?s=colterm\"><span>Colterm<\/span><\/a><a href=\"https:\/\/orasul-timisoara.ro\/?s=latcau\"><span>Ruben La\u021bc\u0103u<\/span><\/a><a href=\"https:\/\/orasul-timisoara.ro\/?s=timis\"><span>\u0218tiri din Timi\u0219<\/span><\/a><a href=\"https:\/\/orasul-timisoara.ro\/?s=spital\"><span>Spitale din Timi\u0219oara<\/span><\/a><a href=\"https:\/\/orasul-timisoara.ro\/?s=tabara\"><span>Cosmin Tab\u0103r\u0103<\/span><\/a><\/div>\n<\/aside>\n<aside id=\"rss-2\" class=\"td_block_template_8 widget rss-2 widget_rss\">\n<h4 class=\"td-block-title\"><span><a class=\"rsswidget rss-widget-feed\" href=\"https:\/\/fashionfridays.ro\/feed\"><img decoding=\"async\" class=\"rss-widget-icon\" width=\"14\" height=\"14\" src=\"https:\/\/orasul-timisoara.ro\/wp-includes\/images\/rss.png\" alt=\"RSS\" loading=\"lazy\"><\/a><a class=\"rsswidget rss-widget-title\" href=\"https:\/\/fashionfridays.ro\/\">Fashion Fridays<\/a><\/span><\/h4>\n<ul>\n<li><a class=\"rsswidget\" href=\"https:\/\/fashionfridays.ro\/romania-devine-a-29-a-piata-vogue-o-noua-era-pentru-industria-locala-de-moda\/\">Rom\u00e2nia devine a 29-a pia\u021b\u0103 Vogue: o nou\u0103 er\u0103 pentru industria local\u0103 de mod\u0103<\/a>\n<div class=\"rssSummary\">Revista Vogue \u00ee\u0219i extinde prezen\u021ba global\u0103 \u0219i va fi lansat\u0103 oficial \u00een Rom\u00e2nia \u00een prim\u0103vara anului 2027, marc\u00e2nd intrarea pe cea de-a 29-a pia\u021b\u0103 interna\u021bional\u0103. Proiectul este realizat \u00een parteneriat cu AEMME Publishing, o companie media recent \u00eenfiin\u021bat\u0103, care va publica edi\u021bia local\u0103 sub licen\u021b\u0103. Noua edi\u021bie, Vogue Rom\u00e2nia, \u00ee\u0219i propune s\u0103 combine autoritatea global\u0103 [\u2026]<\/div>\n<\/li>\n<\/ul>\n<\/aside>\n<aside id=\"rss-4\" class=\"td_block_template_8 widget rss-4 widget_rss\">\n<h4 class=\"td-block-title\"><span><a class=\"rsswidget rss-widget-feed\" href=\"https:\/\/emasini.ro\/feed\"><img decoding=\"async\" class=\"rss-widget-icon\" width=\"14\" height=\"14\" src=\"https:\/\/orasul-timisoara.ro\/wp-includes\/images\/rss.png\" alt=\"RSS\" loading=\"lazy\"><\/a><a class=\"rsswidget rss-widget-title\" href=\"https:\/\/emasini.ro\/\">eMasini<\/a><\/span><\/h4>\n<ul>\n<li><a class=\"rsswidget\" href=\"https:\/\/emasini.ro\/dacia-analizeaza-lansarea-lui-hipster-automobilul-urban-de-doar-3-metri-lungime\/\">Dacia analizeaz\u0103 lansarea lui Hipster, automobilul urban de doar 3 metri lungime (video)<\/a>\n<div class=\"rssSummary\">Dacia ar putea introduce pe pia\u021b\u0103 unul dintre cele mai neobi\u0219nuite modele din istoria sa recent\u0103. Conceptul Hipster, prezentat anul trecut ca o reinterpretare radical\u0103 a automobilului urban accesibil, se afl\u0103 \u00een prezent \u00eentr-o etap\u0103 de evaluare, iar decizia privind produc\u021bia de serie va fi luat\u0103 \u00een func\u021bie de reac\u021bia publicului \u0219i de evolu\u021bia reglement\u0103rilor [\u2026]<\/div>\n<\/li>\n<\/ul>\n<\/aside>\n<\/div>\n<\/div>\n<\/div>\n<\/div>\n<\/article>\n<div class=\"td-post-content tagdiv-type\">\n<p class=\"wp-block-paragraph\">CSC Ghiroda \u00eencepe miercuri parcursul \u00een faza na\u021bional\u0103 a Cupei Rom\u00e2niei, urm\u00e2nd s\u0103 evolueze \u00een deplasare \u00eempotriva forma\u021biei CSM Caransebe\u0219. Partida este programat\u0103 de la ora 17:30, pe stadionul din Balta S\u0103rat\u0103, iar miza este calificarea \u00een turul urm\u0103tor al competi\u021biei.<\/p>\n<p class=\"wp-block-paragraph\">Confruntarea reprezint\u0103 \u0219i primul meci oficial al sezonului pentru echipa timi\u0219ean\u0103, care abordeaz\u0103 noua stagiune cu un lot modificat \u0219i cu un nou antrenor pe banca tehnic\u0103. De\u0219i \u00eent\u00e2lne\u0219te o forma\u021bie motivat\u0103 s\u0103 profite de avantajul terenului propriu, CSC Ghiroda \u00ee\u0219i propune s\u0103 \u00eenceap\u0103 sezonul cu un rezultat pozitiv.<\/p>\n<h2 class=\"wp-block-heading\">CSC Ghiroda \u00eencepe sezonul oficial \u00een Cupa Rom\u00e2niei<\/h2>\n<p class=\"wp-block-paragraph\">Dup\u0103 reluarea preg\u0103tirilor pentru noul sezon competi\u021bional, CSC Ghiroda intr\u0103 \u00een focurile oficiale cu un duel eliminatoriu \u00een Cupa Rom\u00e2niei. Meciul de la Caransebe\u0219 reprezint\u0103 primul test cu miz\u0103 pentru echipa timi\u0219ean\u0103, care urm\u0103re\u0219te calificarea \u00een faza urm\u0103toare.<\/p>\n<p class=\"wp-block-paragraph\">Forma\u021bia din Ghiroda a trecut prin mai multe schimb\u0103ri \u00een aceast\u0103 var\u0103, at\u00e2t la nivelul lotului, c\u00e2t \u0219i pe banca tehnic\u0103, iar partida din Cara\u0219-Severin ofer\u0103 primul prilej de a vedea noua formul\u0103 \u00eentr-o competi\u021bie oficial\u0103.<\/p>\n<h2 class=\"wp-block-heading\">Cristi G\u0103lan preg\u0103te\u0219te primul meci oficial pe banca timi\u0219enilor<\/h2>\n<p class=\"wp-block-paragraph\">Unul dintre principalele elemente de interes este debutul oficial al lui Cristi G\u0103lan \u00een postura de antrenor al CSC Ghiroda. Fostul c\u0103pitan al Politehnicii Timi\u0219oara a preluat echipa \u00een aceast\u0103 var\u0103 \u0219i a coordonat perioada de preg\u0103tire \u00eenaintea startului oficial al sezonului.<\/p>\n<p class=\"wp-block-paragraph\">\u00cenaintea confrunt\u0103rii din Cupa Rom\u00e2niei, forma\u021bia timi\u0219ean\u0103 a disputat un meci de verificare \u00eempotriva divizionarei secunde CSC Dumbr\u0103vi\u021ba. Partida s-a \u00eencheiat cu victoria echipei din Liga a II-a, scor 3-0, \u00eens\u0103 staff-ul tehnic a tratat acel joc ca parte a procesului de preg\u0103tire.<\/p>\n<p class=\"wp-block-paragraph\">Cristi G\u0103lan a transmis c\u0103 echipa va aborda duelul de la Caransebe\u0219 cu maxim\u0103 responsabilitate. \u201eJocul oficial de miercuri cu Caransebe\u0219ul, \u00een Cup\u0103, e un meci pe care \u00eel vom trata cu maxim\u0103 seriozitate!\u201d, a declarat tehnicianul CSC Ghiroda.<\/p>\n<h2 class=\"wp-block-heading\">CSM Caransebe\u0219 \u00ee\u0219i dore\u0219te s\u0103 profite de avantajul terenului propriu<\/h2>\n<p class=\"wp-block-paragraph\">De partea cealalt\u0103, CSM Caransebe\u0219 vede partida din Cupa Rom\u00e2niei ca pe o oportunitate de a elimina o forma\u021bie din Liga a III-a \u0219i de a continua parcursul \u00een competi\u021bie.<\/p>\n<p class=\"wp-block-paragraph\">Gazdele vor beneficia de revenirea unor juc\u0103tori experimenta\u021bi, precum Bir\u0103escu \u0219i Neagu, \u00eens\u0103 vor avea \u0219i c\u00e2teva absen\u021be importante. Darius Pu\u0219c\u0103 este suspendat dup\u0103 eliminarea primit\u0103 \u00een partida de la Or\u0103\u0219tie, iar Talp\u0103 \u0219i Mihoc nu vor putea evolua.<\/p>\n<p class=\"wp-block-paragraph\">Totodat\u0103, noul antrenor al caransebe\u0219enilor, Leo Doan\u0103, va urm\u0103ri partida din tribun\u0103, urm\u00e2nd s\u0103 preia oficial conducerea tehnic\u0103 dup\u0103 \u00eencheierea confrunt\u0103rii cu CSC Ghiroda.<\/p>\n<h2 class=\"wp-block-heading\">Oficialii gazdelor anun\u021b\u0103 un meci dificil<\/h2>\n<p class=\"wp-block-paragraph\">Pre\u0219edintele CSM Caransebe\u0219, Ghi\u021b\u0103 Valu\u0219escu, consider\u0103 c\u0103 adversarul din Liga a III-a reprezint\u0103 un test important pentru echipa sa, \u00eens\u0103 obiectivul r\u0103m\u00e2ne calificarea.<\/p>\n<p class=\"wp-block-paragraph\">\u201eUn joc cu un adversar de Liga 3, antrenor foarte bun, dar dup\u0103 cum \u0219ti\u021bi deja, \u00een Cup\u0103 noi ne dorim victoria \u0219i s\u0103 mergem mai departe. Chiar dac\u0103 avem c\u00e2\u021biva absen\u021bi, Pu\u0219c\u0103, Talp\u0103, Mihoc, am \u00eencredere \u00een b\u0103ie\u021bi c\u0103 vor face un joc bun. Revin Bir\u0103escu, Neagu, Arjocan \u0219i Isac, iar Leo Doan\u0103 va fi \u00een tribun\u0103 \u0219i dup\u0103 acest meci de Cup\u0103 va prelua echipa \u0219i va stabili programul!\u201d, a declarat acesta.<\/p>\n<p class=\"wp-block-paragraph\">Declara\u021biile oficialului confirm\u0103 faptul c\u0103 echipa din Cara\u0219-Severin trateaz\u0103 duelul cu CSC Ghiroda ca pe unul dintre cele mai importante teste ale \u00eenceputului de sezon.<\/p>\n<h2 class=\"wp-block-heading\">Duel \u00eentre dou\u0103 echipe aflate \u00een momente diferite ale preg\u0103tirii<\/h2>\n<p class=\"wp-block-paragraph\">\u00cen timp ce CSC Ghiroda a avut o pauz\u0103 competi\u021bional\u0103 dup\u0103 \u00eencheierea sezonului \u0219i a reluat recent preg\u0103tirile, CSM Caransebe\u0219 a avut un ritm competi\u021bional mai sus\u021binut dup\u0103 finalul Ligii a IV-a Cara\u0219-Severin.<\/p>\n<p class=\"wp-block-paragraph\">Acest aspect poate influen\u021ba desf\u0103\u0219urarea jocului, \u00eens\u0103 experien\u021ba acumulat\u0103 de mai mul\u021bi juc\u0103tori ai forma\u021biei timi\u0219ene \u00een Liga a II-a \u0219i Liga a III-a reprezint\u0103 un argument important \u00eenaintea confrunt\u0103rii de la Balta S\u0103rat\u0103.<\/p>\n<h2 class=\"wp-block-heading\">Stadionul din Balta S\u0103rat\u0103 g\u0103zduie\u0219te duelul pentru calificare<\/h2>\n<p class=\"wp-block-paragraph\">Partida dintre CSM Caransebe\u0219 \u0219i CSC Ghiroda este programat\u0103 miercuri, de la ora 17:30, pe stadionul din Balta S\u0103rat\u0103. Suprafa\u021ba de joc a fost afectat\u0103 \u00een aceast\u0103 var\u0103 de temperaturile ridicate \u0219i de lipsa precipita\u021biilor, \u00eens\u0103 organizatorii sunt preg\u0103ti\u021bi pentru desf\u0103\u0219urarea meciului.<\/p>\n<p class=\"wp-block-paragraph\">Pentru CSC Ghiroda, confruntarea reprezint\u0103 primul examen oficial al noului sezon \u0219i o oportunitate de a confirma obiectivele stabilite \u00eenaintea debutului competi\u021bional. De partea cealalt\u0103, CSM Caransebe\u0219 sper\u0103 s\u0103 profite de avantajul terenului propriu \u0219i s\u0103 produc\u0103 surpriza \u00een fa\u021ba unei forma\u021bii de e\u0219alon superior. Toate premisele indic\u0103 un duel echilibrat, \u00een care calificarea \u00een faza urm\u0103toare a Cupei Rom\u00e2niei va fi principalul obiectiv al ambelor echipe.<\/p>\n<\/div>\n<p>[analyse_source url=&#8221;https:\/\/orasul-timisoara.ro\/local-39891\/&#8221;]<\/p>\n","protected":false},"excerpt":{"rendered":"<p>[analyse_image type=&#8221;featured&#8221; src=&#8221;https:\/\/orasul-timisoara.ro\/wp-content\/uploads\/2026\/07\/meci.jpg&#8221;] Sport LocalCSC Ghiroda \u00eencepe sezonul oficial cu un duel la Caransebe\u0219 \u00een Cupa&#8230; Sport Local \u0218tiri Locale CSC Ghiroda \u00eencepe sezonul oficial cu un duel la Caransebe\u0219 \u00een Cupa Rom\u00e2niei De c\u0103tre redactia &#8211; 28\/07\/2026 Facebook Twitter WhatsApp Linkedin ReddIt Email Imprimare CSC Ghiroda \u00eencepe miercuri parcursul \u00een faza na\u021bional\u0103 a Cupei [&hellip;]<\/p>\n","protected":false},"author":1,"featured_media":0,"comment_status":"open","ping_status":"","sticky":false,"template":"","format":"standard","meta":{"footnotes":""},"categories":[89],"tags":[226,189],"class_list":["post-2065568","post","type-post","status-publish","format-standard","hentry","category-romania","tag-crawlmanager","tag-orasul-timisoara-ro"],"_links":{"self":[{"href":"https:\/\/analyse.optim.biz\/index.php?rest_route=\/wp\/v2\/posts\/2065568","targetHints":{"allow":["GET"]}}],"collection":[{"href":"https:\/\/analyse.optim.biz\/index.php?rest_route=\/wp\/v2\/posts"}],"about":[{"href":"https:\/\/analyse.optim.biz\/index.php?rest_route=\/wp\/v2\/types\/post"}],"author":[{"embeddable":true,"href":"https:\/\/analyse.optim.biz\/index.php?rest_route=\/wp\/v2\/users\/1"}],"replies":[{"embeddable":true,"href":"https:\/\/analyse.optim.biz\/index.php?rest_route=%2Fwp%2Fv2%2Fcomments&post=2065568"}],"version-history":[{"count":0,"href":"https:\/\/analyse.optim.biz\/index.php?rest_route=\/wp\/v2\/posts\/2065568\/revisions"}],"wp:attachment":[{"href":"https:\/\/analyse.optim.biz\/index.php?rest_route=%2Fwp%2Fv2%2Fmedia&parent=2065568"}],"wp:term":[{"taxonomy":"category","embeddable":true,"href":"https:\/\/analyse.optim.biz\/index.php?rest_route=%2Fwp%2Fv2%2Fcategories&post=2065568"},{"taxonomy":"post_tag","embeddable":true,"href":"https:\/\/analyse.optim.biz\/index.php?rest_route=%2Fwp%2Fv2%2Ftags&post=2065568"}],"curies":[{"name":"wp","href":"https:\/\/api.w.org\/{rel}","templated":true}]}}