{"id":2065533,"date":"2026-07-28T09:28:17","date_gmt":"2026-07-28T06:28:17","guid":{"rendered":"https:\/\/analyse.optim.biz\/?p=2065533"},"modified":"2026-07-28T09:28:17","modified_gmt":"2026-07-28T06:28:17","slug":"120-de-ani-de-la-infiintarea-serviciului-de-ambulanta-managerul-saj-suceava-echipele-noastre-intervin-24-de-ore-din-24-7-zile-din-7-oferind-asistenta-medicala-de-urgenta-cu-promptitudine","status":"publish","type":"post","link":"https:\/\/analyse.optim.biz\/?p=2065533","title":{"rendered":"120 de ani de la \u00eenfiin\u021barea serviciului de ambulan\u021b\u0103. Managerul SAJ Suceava: \u201dEchipele noastre intervin 24 de ore din 24, 7 zile din 7, oferind asisten\u021b\u0103 medical\u0103 de urgen\u021b\u0103 cu promptitudine, competen\u021b\u0103 \u0219i responsabilitate\u201d"},"content":{"rendered":"<p>[analyse_image type=&#8221;featured&#8221; src=&#8221;https:\/\/www.radiotop.ro\/img\/media\/2025\/06\/ambulanta-noua-ianovici.jpg&#8221;]<\/p>\n<div class=\"entry-content no-share\">\n<div class=\"content-inner \">\n<p>Ast\u0103zi se \u00eemplinesc 120 de ani de la \u00eenfiin\u021barea serviciului de ambulan\u021b\u0103, ocazie cu care managerul Serviciului de Ambulan\u021b\u0103 Jude\u021bean Suceava, Mihaela Ianovici, transmite un mesaj de felicitare.<\/p>\n<p>\u00centr-un comunicat transmis de purt\u0103torul de cuv\u00eent al Serviciului, dr. Dan Teodorovici, se arat\u0103: \u201d\u00cen numele Serviciului de Ambulan\u021b\u0103 Jude\u021bean Suceava, adresez cele mai sincere felicit\u0103ri tuturor celor care au f\u0103cut \u0219i fac parte din aceast\u0103 mare familie profesional\u0103: medici, asisten\u021bi medicali, ambulan\u021bieri, \u0219oferi de autosanitar\u0103, dispeceri, personal tehnic \u0219i administrativ-Tesa. Prin profesionalismul, devotamentul \u0219i spiritul de sacrificiu de care dau dovad\u0103 zi de zi, ace\u0219tia reprezint\u0103 adev\u0103ra\u021bii piloni ai serviciului de urgen\u021b\u0103 prespitalicesc. Ast\u0103zi, echipele noastre intervin 24 de ore din 24, 7 zile din 7, oferind asisten\u021b\u0103 medical\u0103 de urgen\u021b\u0103 cu promptitudine, competen\u021b\u0103 \u0219i responsabilitate\u201d.<\/p>\n<p>\u00cen mesajul doamnei Ianovici se mai spune: \u201dAceast\u0103 aniversare este, \u00een egal\u0103 m\u0103sur\u0103, un prilej de recuno\u0219tin\u021b\u0103 fa\u021b\u0103 de genera\u021biile care au construit aceast\u0103 institu\u021bie \u0219i de respect fa\u021b\u0103 de colegii care, \u00een fiecare zi, aleg s\u0103 fie al\u0103turi de oameni \u00een cele mai dificile momente ale vie\u021bii lor. Mul\u021bumim tuturor partenerilor institu\u021bionali, autorit\u0103\u021bilor \u0219i comunit\u0103\u021bii pentru sprijinul acordat activit\u0103\u021bii noastre. \u00cempreun\u0103 vom continua s\u0103 consolid\u0103m un serviciu medical de urgen\u021b\u0103 modern, eficient \u0219i orientat c\u0103tre nevoile pacien\u021bilor. La mul\u021bi ani tuturor celor care au purtat \u0219i poart\u0103 cu onoare uniforma serviciului de ambulan\u021b\u0103! La mul\u021bi ani Serviciului de Ambulan\u021b\u0103 din Rom\u00e2nia, la \u00eemplinirea a 120 de ani de existen\u021b\u0103!\u201d.<\/p>\n<\/div>\n<\/div>\n<div class=\"content-inner \">\n<p>Ast\u0103zi se \u00eemplinesc 120 de ani de la \u00eenfiin\u021barea serviciului de ambulan\u021b\u0103, ocazie cu care managerul Serviciului de Ambulan\u021b\u0103 Jude\u021bean Suceava, Mihaela Ianovici, transmite un mesaj de felicitare.<\/p>\n<p>\u00centr-un comunicat transmis de purt\u0103torul de cuv\u00eent al Serviciului, dr. Dan Teodorovici, se arat\u0103: \u201d\u00cen numele Serviciului de Ambulan\u021b\u0103 Jude\u021bean Suceava, adresez cele mai sincere felicit\u0103ri tuturor celor care au f\u0103cut \u0219i fac parte din aceast\u0103 mare familie profesional\u0103: medici, asisten\u021bi medicali, ambulan\u021bieri, \u0219oferi de autosanitar\u0103, dispeceri, personal tehnic \u0219i administrativ-Tesa. Prin profesionalismul, devotamentul \u0219i spiritul de sacrificiu de care dau dovad\u0103 zi de zi, ace\u0219tia reprezint\u0103 adev\u0103ra\u021bii piloni ai serviciului de urgen\u021b\u0103 prespitalicesc. Ast\u0103zi, echipele noastre intervin 24 de ore din 24, 7 zile din 7, oferind asisten\u021b\u0103 medical\u0103 de urgen\u021b\u0103 cu promptitudine, competen\u021b\u0103 \u0219i responsabilitate\u201d.<\/p>\n<p>\u00cen mesajul doamnei Ianovici se mai spune: \u201dAceast\u0103 aniversare este, \u00een egal\u0103 m\u0103sur\u0103, un prilej de recuno\u0219tin\u021b\u0103 fa\u021b\u0103 de genera\u021biile care au construit aceast\u0103 institu\u021bie \u0219i de respect fa\u021b\u0103 de colegii care, \u00een fiecare zi, aleg s\u0103 fie al\u0103turi de oameni \u00een cele mai dificile momente ale vie\u021bii lor. Mul\u021bumim tuturor partenerilor institu\u021bionali, autorit\u0103\u021bilor \u0219i comunit\u0103\u021bii pentru sprijinul acordat activit\u0103\u021bii noastre. \u00cempreun\u0103 vom continua s\u0103 consolid\u0103m un serviciu medical de urgen\u021b\u0103 modern, eficient \u0219i orientat c\u0103tre nevoile pacien\u021bilor. La mul\u021bi ani tuturor celor care au purtat \u0219i poart\u0103 cu onoare uniforma serviciului de ambulan\u021b\u0103! La mul\u021bi ani Serviciului de Ambulan\u021b\u0103 din Rom\u00e2nia, la \u00eemplinirea a 120 de ani de existen\u021b\u0103!\u201d.<\/p>\n<\/div>\n<p>[analyse_source url=&#8221;https:\/\/www.radiotop.ro\/sanatate\/120-de-ani-de-la-infiintarea-serviciului-de-ambulanta-managerul-saj-suceava-echipele-noastre-intervin-24-de-ore-din-24-7-zile-din-7-oferind-asistenta-medicala-de-urgenta-cu-promptitudine.html&#8221;]<\/p>\n","protected":false},"excerpt":{"rendered":"<p>[analyse_image type=&#8221;featured&#8221; src=&#8221;https:\/\/www.radiotop.ro\/img\/media\/2025\/06\/ambulanta-noua-ianovici.jpg&#8221;] Ast\u0103zi se \u00eemplinesc 120 de ani de la \u00eenfiin\u021barea serviciului de ambulan\u021b\u0103, ocazie cu care managerul Serviciului de Ambulan\u021b\u0103 Jude\u021bean Suceava, Mihaela Ianovici, transmite un mesaj de felicitare. \u00centr-un comunicat transmis de purt\u0103torul de cuv\u00eent al Serviciului, dr. Dan Teodorovici, se arat\u0103: \u201d\u00cen numele Serviciului de Ambulan\u021b\u0103 Jude\u021bean Suceava, adresez cele mai [&hellip;]<\/p>\n","protected":false},"author":1,"featured_media":0,"comment_status":"open","ping_status":"","sticky":false,"template":"","format":"standard","meta":{"footnotes":""},"categories":[89],"tags":[226,163],"class_list":["post-2065533","post","type-post","status-publish","format-standard","hentry","category-romania","tag-crawlmanager","tag-radiotop-ro"],"_links":{"self":[{"href":"https:\/\/analyse.optim.biz\/index.php?rest_route=\/wp\/v2\/posts\/2065533","targetHints":{"allow":["GET"]}}],"collection":[{"href":"https:\/\/analyse.optim.biz\/index.php?rest_route=\/wp\/v2\/posts"}],"about":[{"href":"https:\/\/analyse.optim.biz\/index.php?rest_route=\/wp\/v2\/types\/post"}],"author":[{"embeddable":true,"href":"https:\/\/analyse.optim.biz\/index.php?rest_route=\/wp\/v2\/users\/1"}],"replies":[{"embeddable":true,"href":"https:\/\/analyse.optim.biz\/index.php?rest_route=%2Fwp%2Fv2%2Fcomments&post=2065533"}],"version-history":[{"count":0,"href":"https:\/\/analyse.optim.biz\/index.php?rest_route=\/wp\/v2\/posts\/2065533\/revisions"}],"wp:attachment":[{"href":"https:\/\/analyse.optim.biz\/index.php?rest_route=%2Fwp%2Fv2%2Fmedia&parent=2065533"}],"wp:term":[{"taxonomy":"category","embeddable":true,"href":"https:\/\/analyse.optim.biz\/index.php?rest_route=%2Fwp%2Fv2%2Fcategories&post=2065533"},{"taxonomy":"post_tag","embeddable":true,"href":"https:\/\/analyse.optim.biz\/index.php?rest_route=%2Fwp%2Fv2%2Ftags&post=2065533"}],"curies":[{"name":"wp","href":"https:\/\/api.w.org\/{rel}","templated":true}]}}