{"id":2065508,"date":"2026-07-28T07:35:02","date_gmt":"2026-07-28T04:35:02","guid":{"rendered":"https:\/\/analyse.optim.biz\/?p=2065508"},"modified":"2026-07-28T07:35:02","modified_gmt":"2026-07-28T04:35:02","slug":"gheorghe-piperea-atrage-atentia-asupra-ai-care-poate-prelua-controlul-omenirii","status":"publish","type":"post","link":"https:\/\/analyse.optim.biz\/?p=2065508","title":{"rendered":"Gheorghe Piperea atrage aten\u021bia asupra AI, care poate prelua controlul omenirii"},"content":{"rendered":"<p>[analyse_image type=&#8221;featured&#8221; src=&#8221;https:\/\/ortodoxinfo.ro\/wp-content\/uploads\/2026\/07\/1766855796474.pnghttps:\/\/ortodoxinfo.ro\/wp-content\/uploads\/2026\/07\/1766855796474.png&#8221;]<\/p>\n<article id=\"post-252744\" class=\"post-252744 post type-post status-publish format-standard has-post-thumbnail category-inteligenta-artificiala\">\n<header class=\"single-header\">\n<aside class=\"breadcrumb-wrap breadcrumb-yoast s-breadcrumb\">\n<div class=\"breadcrumb-inner\"><span><span><a href=\"https:\/\/ortodoxinfo.ro\/\">Prima pagin\u0103<\/a><\/span> \u00bb <span><a href=\"https:\/\/ortodoxinfo.ro\/blog\/\">Blog<\/a><\/span> \u00bb <span class=\"breadcrumb_last\" aria-current=\"page\">Gheorghe Piperea atrage aten\u021bia asupra AI, care poate prelua controlul omenirii<\/span><\/span><\/div>\n<\/aside>\n<h1 class=\"s-title fw-headline\">Gheorghe Piperea atrage aten\u021bia asupra AI, care poate prelua controlul omenirii<\/h1>\n<div class=\"single-meta meta-s-default yes-0\">\n<div class=\"smeta-in\"><a class=\"meta-el meta-avatar\" href=\"https:\/\/ortodoxinfo.ro\/author\/redactor\/\"><img loading=\"lazy\" decoding=\"async\" alt=\"OrtodoxINFO\" src=\"https:\/\/secure.gravatar.com\/avatar\/21010332354a182ce4de6016685c5586f21c51866d0ec5bc8ef383240b3c3e02?s=120&amp;r=g\" class=\"avatar avatar-120 photo\" height=\"120\" width=\"120\"><\/a><\/p>\n<div class=\"smeta-sec\">\n<div class=\"p-meta\">\n<div class=\"meta-inner is-meta\"><span class=\"meta-el meta-date\"><time datetime=\"2026-07-28T10:21:23+03:00\">28 iulie 2026<\/time><\/span><span class=\"meta-el meta-category meta-bold\"><a class=\"meta-separate category-19823\" href=\"https:\/\/ortodoxinfo.ro\/category\/anti-sistem\/transumanism\/inteligenta-artificiala\/\">Inteligen\u021ba artificial\u0103<\/a><\/span><span class=\"meta-el meta-view\">4k vizualiz\u0103ri\t\t<\/span><span class=\"meta-el meta-comment mobile-last-meta tablet-last-meta\"><a href=\"https:\/\/ortodoxinfo.ro\/2026\/07\/28\/gheorghe-piperea-atrage-atentia-asupra-ai-care-poate-prelua-controlul-omenirii\/#respond\">Comentarii<\/a><\/span><\/div>\n<\/div>\n<\/div>\n<\/div>\n<div class=\"smeta-extra\">\n<div class=\"t-shared-sec tooltips-n has-read-meta is-color\">\n<div class=\"t-shared-header is-meta\"><span class=\"share-label\">Share<\/span><\/div>\n<\/div>\n<div class=\"single-right-meta single-time-read is-meta\"><span class=\"meta-el meta-read\">5 Min Read<\/span><\/div>\n<\/div>\n<\/div>\n<\/header>\n<div class=\"grid-container\">\n<div class=\"s-ct\">\n<div class=\"s-feat-outer\">\n<div class=\"s-feat\">\n<div class=\"featured-lightbox-trigger\" data-source=\"https:\/\/ortodoxinfo.ro\/wp-content\/uploads\/2026\/07\/1766855796474.png\" data-caption data-attribution><img fetchpriority=\"high\" decoding=\"async\" width=\"595\" height=\"356\" src=\"https:\/\/ortodoxinfo.ro\/wp-content\/uploads\/2026\/07\/1766855796474.png\" class=\"attachment-foxiz_crop_o1 size-foxiz_crop_o1 wp-post-image\" alt loading=\"eager\"><\/div>\n<\/div>\n<\/div>\n<div class=\"s-ct-wrap has-lsl\">\n<div class=\"s-ct-inner\">\n<div class=\"l-shared-sec-outer show-mobile\">\n<div class=\"l-shared-sec\">\n<div class=\"l-shared-header meta-text\"><span class=\"share-label\">SHARE<\/span><\/div>\n<\/div>\n<\/div>\n<div class=\"e-ct-outer\">\n<div class=\"entry-top\">\n<div id=\"custom_html-3\" class=\"widget_text widget entry-widget clearfix widget_custom_html\">\n<div class=\"textwidget custom-html-widget\">\n<div><small><br \/>\n    OrtodoxINFO este supus unui sabotaj sistematic din partea reprezentan\u021bilor Google Rom\u00e2nia, at\u00e2t la afi\u0219\u0103ri c\u00e2t \u0219i \u00een rezultatele de c\u0103utare.<br \/>\n        Astfel c\u0103 veniturile din publicitate au sc\u0103zut de p\u00e2n\u0103 la <strong>10 ori<\/strong>. Situa\u021bia este similar\u0103 \u0219i pe Facebook.<\/p>\n<p>        V\u0103 invit\u0103m s\u0103 accesa\u021bi direct site-ul \u0219i s\u0103 v\u0103 abona\u021bi la notific\u0103ri.<\/p>\n<p>    Dac\u0103 dori\u021bi s\u0103 ne sus\u021bine\u021bi \u00een aceast\u0103 perioad\u0103 dificil\u0103, orice <a href=\"https:\/\/ortodoxinfo.ro\/donatii\/\">dona\u021bie<\/a> este binevenit\u0103.<br \/>\n    Dumnezeu s\u0103 v\u0103 r\u0103spl\u0103teasc\u0103!<br \/>\n<\/small><\/div>\n<\/div>\n<\/div>\n<\/div>\n<div class=\"entry-content rbct clearfix is-highlight-shares\">\n<p>Omenirea s-a lansat \u00eentr-o curs\u0103 nebuneasc\u0103, aproape sinuciga\u0219a, de construc\u021bie a ma\u0219inilor g\u00e2nditoare (inteligen\u021ba artificial\u0103).<br \/>\nA f\u0103cut-o f\u0103r\u0103 s\u0103 \u0219tie, f\u0103r\u0103 s\u0103 vrea, f\u0103r\u0103 s\u0103 fie necesar: doar pentru c\u0103 marile puteri politico-militare v\u0103d \u00een IA o arm\u0103 de nimicire \u00een mas\u0103 pe care trebuie s\u0103 o aib\u0103 \u00eenainte ca ceilal\u021bi s\u0103 \u0219i-o procure, iar hiper-miliardarii din Big Tech, Finance \u0219i Pharma vor trilioanele de dolari care curg fluviu c\u0103tre aceast\u0103 gaur\u0103 neag\u0103 \u0219i controlul asupra resurselor.<br \/>\nDe exemplu: apa care se utilizeaz\u0103 pentru r\u0103cirea centrelor de baze de date (zeci de milioane de tone anual, numai \u00een UE) \u0219i energia (de trei ori mai scump\u0103 \u00een UE dec\u00e2t \u00een SUA). Ap\u0103 \u0219i energie care sunt sustrase agriculturii, industriei \u0219i consumului casnic.<br \/>\nInvesti\u021biile \u00een pia\u021ba de capital, fie cele de retail, fie cele de portofoliu \u0219i strategice, sunt canalizate \u00een IA, r\u0103pind banii utiliza\u021bi \u00een acele investi\u021bii altor domenii, cum ar fi m\u00e2ncarea, s\u0103n\u0103tatea, educa\u021bia, locuirea decent\u0103, energia regenerabil\u0103, scoaterea din s\u0103r\u0103cie \u0219i foamete a marii majorit\u0103\u021bi a popula\u021biei lumii.<br \/>\nOamenii, fondurile de pensii \u0219i statele bag\u0103 bani \u00een IA f\u0103r\u0103 ca IA s\u0103 confirme acest entuziasm nebunesc investi\u021bional. Cu siguran\u021b\u0103 urmeaz\u0103 o exploziei a bulei\u2026<\/p>\n<p>Ironic, cei care s-au hiper-\u00eembog\u0103\u021bit din aceast\u0103 exuberan\u021b\u0103 ira\u021bional\u0103 a IA avertizeaz\u0103 constant asupra riscului.<\/p>\n<p>Aparent bine inten\u021bionat, dar \u00een realitate, cu scop de reclam\u0103 \u0219i PR, Sam Altman, patronul de la OpenAI* a spus c\u0103 suntem la momentul \u201csingularit\u0103\u021bii\u201d, adic\u0103, atunci c\u00e2nd IA devine mai de\u0219teapt\u0103 dec\u00e2t omul, devine independent\u0103 \u0219i face ca omul s\u0103 aib\u0103 dificult\u0103\u021bi s\u0103 o controleze sau, pur \u0219i simplu, o scap\u0103 de sub control.<\/p>\n<p>Acesta este scenariul distopic din Dune, de Frank Herbert. Acela \u00een care, mai \u00eent\u00e2i, oamenii pu\u021bini \u0219i hiper-boga\u021bi care de\u021bin ma\u0219ini g\u00e2nditoare, iau controlul asupra omenirii, iar apoi ma\u0219inile g\u00e2nditoare iau omenirea \u00een sclavie.<\/p>\n<p>Asta nu se \u00eent\u00e2mpl\u0103 peste noapte.<br \/>\nMai \u00eent\u00e2i, omul se deprinde a g\u00e2ndi ca \u00eentr-o camer\u0103 de rezonan\u021b\u0103, unde se aude numai ecoul, repetat la nesf\u00e2r\u0219it. Ce e afar\u0103, ce e real \u0219i tangibil, este \u00een afara percep\u021biei celor din camera de ecou. Asta s-a petrecut \u00een pandemie, c\u00e2nd am fost segrega\u021bi prin bule de internet \u0219i social media \u0219i polariza\u021bi: vaccina\u021bi contra \u201cmedievali\u201d, elite \u0219i enoria\u0219i ai cultului \u0219tiin\u021bei versus \u201cpleava societ\u0103\u021bii\u201d, pro-europeni versus extremi\u0219ti, \u201ctoleran\u021bi\u201d curcubeici contra \u201crasi\u0219ti\u201d \u0219i c\u00e2te \u0219i mai c\u00e2te\u2026<\/p>\n<p>Apoi, s-a f\u0103cut fiec\u0103ruia dintre noi c\u00e2te un \u201cgeam\u0103n digital\u201d, c\u00e2te un avatar tehnologic. Suntem modela\u021bi acum ca figurinele de plastilin\u0103, dup\u0103 \u201cmodelul\u201d acestei copii malefice. Un Doppelg\u00e4nger care se mi\u0219c\u0103 digital dict\u00e2nd modul \u00een care trebuie s\u0103 ne mi\u0219c\u0103m \u0219i s\u0103 reac\u021bion\u0103m noi.<\/p>\n<p>Apoi, s-a trecut la delegarea judec\u0103\u021bii \u0219i a ra\u021biunii c\u0103tre digital \u0219i c\u0103tre IA.<\/p>\n<blockquote>\n<p>\u201eOamenii \u0219i-au predat g\u00e2ndirea ma\u0219inilor \u00een speran\u021ba c\u0103 asta \u00eei va elibera. Dar asta a permis doar altor oameni cu ma\u0219ini s\u0103-i \u00eenrobeasc\u0103.\u201d <small>(citat atribuit Reverend Mother Gaius Helen Mohiam, stare\u021ba Ordinului Bene Gesserit)<\/small><\/p>\n<\/blockquote>\n<p>Oamenii au \u201creu\u0219it\u201d mereu s\u0103 \u00ee\u0219i delege judecata fie ma\u0219inilor, fie liderilor, profe\u021bilor sau eroilor salvatori, uit\u00e2nd deseori importan\u021ba min\u021bii umane \u0219i riscul stagn\u0103rii sau sclaviei prin exces de dependen\u021b\u0103 de tehnologie sau de autorit\u0103\u021bi externe. Iar omenirea a suferit mereu \u0219i a suferit cumplit\u2026<\/p>\n<p>\u00cen scenariul din Dune, oamenii au delegat g\u00e2ndirea, judecata \u0219i munca intelectual\u0103 ma\u0219inilor, \u00een speran\u021ba libert\u0103\u021bii. Asta a dus la dependen\u021b\u0103, la hedonism \u0219i la controlul mul\u021bimilor de oameni de c\u0103tre cei pu\u021bini, oameni din elita care controla ma\u0219inile. Controlul a dus la domina\u021bia total\u0103 \u0219i la \u00eenrobirea oamenilor de c\u0103tre ma\u0219inile g\u00e2nditoare.<\/p>\n<div class=\"inline-single-ad ad_single_3_index alignfull\">\n<div class=\"ad-wrap ad-script-wrap\">\n<div class=\"ad-script non-adsense edge-padding\">\n<div>\n\u203c\ufe0f\u203c\ufe0f NU recunoa\u0219tem ca pre\u0219edinte al Rom\u00e2niei pe marioneta retard\u0103 Nicu\u0219or Dan! Rom\u00e2ni, boicota\u021bi aceast\u0103 f\u0103c\u0103tur\u0103, care ne face \u021bara de r\u00e2s! NU rom\u00e2nii l-au votat pe Nicusoro\u0219 &#8211; cu unele excep\u021bii de persoane infantile, manipulabile \u0219i chiar idioate &#8211; ci l-au ajutat Maia Soro\u0219, Emanuel Macrou \u0219i tr\u0103d\u0103torii de la B.E.C. \u0219i CCR!<br \/>\n La \u00eenchisoare cu cei care au fraudat alegerile!\n<\/div>\n<\/div>\n<\/div>\n<\/div>\n<p>\u00cen povestea din Dune a urmat Jihadul Butlerian \u2013 o cruciad\u0103 care a distrus ma\u0219inile g\u00e2nditoare, computerele \u0219i robo\u021bii con\u0219tien\u021bi \u0219i a interzis crearea de tehnologii care imit\u0103 mintea uman\u0103. Revolta a \u201eluat c\u00e2rja\u201d \u0219i a for\u021bat min\u021bile umane s\u0103 se dezvolte. Au ap\u0103rut \u0219coli care antrenau talente umane ca \u00eenlocuitori, cum ar fi menta\u021bii (\u201ccomputerele umane\u201d, min\u021bi specializate \u00een analiz\u0103 \u0219i calcul).<\/p>\n<p>Este adev\u0103rat c\u0103, \u00een Dune, locul ma\u0219inilor \u00een calitate de salvatori a fost luat de \u201eM\u00e2ntuitorul\u201d Dunei (Paul Atreides, Muad\u2019ib) \u0219i, ulterior, timp de 4 mii de ani, de \u00cemp\u0103ratul Zeu al Dunei (Letto II, fiul lui Muad\u2019ib). Ce ne a\u0219teapt\u0103 pe noi, creatorii \u0219i finan\u021batorii incon\u0219tien\u021bi ai ma\u0219inii g\u00e2nditoare numit\u0103 IA?<\/p>\n<p>Salvarea a fost \u0219i va fi mereu la Hristos! Spori\u021bi rug\u0103ciunea \u0219i feri\u021bi-v\u0103 de falsele minuni! Este veacul marilor \u00een\u0219el\u0103ri!<\/p>\n<\/div>\n<\/div>\n<\/div>\n<div class=\"e-shared-sec entry-sec\">\n<div class=\"e-shared-header h4\"><span>Distribuie<\/span><\/div>\n<div class=\"rbbsl tooltips-n effect-fadeout is-bg\"><a class=\"share-action share-trigger icon-facebook\" aria-label=\"Share on Facebook\" href=\"https:\/\/www.facebook.com\/sharer.php?u=https%3A%2F%2Fortodoxinfo.ro%2F2026%2F07%2F28%2Fgheorghe-piperea-atrage-atentia-asupra-ai-care-poate-prelua-controlul-omenirii%2F\" data-title=\"Facebook\" rel=\"nofollow\"><span>Facebook<\/span><\/a><a class=\"share-action share-trigger icon-twitter\" aria-label=\"Share on X\" href=\"https:\/\/twitter.com\/intent\/tweet?text=Gheorghe+Piperea+atrage+aten%C8%9Bia+asupra+AI%2C+care+poate+prelua+controlul+omenirii&amp;url=https%3A%2F%2Fortodoxinfo.ro%2F2026%2F07%2F28%2Fgheorghe-piperea-atrage-atentia-asupra-ai-care-poate-prelua-controlul-omenirii%2F&amp;via=ortodoxinforo\" data-title=\"X\" rel=\"nofollow\"><span>X<\/span><\/a><a class=\"share-action icon-whatsapp is-web\" aria-label=\"Share on Whatsapp\" href=\"https:\/\/web.whatsapp.com\/send?text=Gheorghe+Piperea+atrage+aten%C8%9Bia+asupra+AI%2C+care+poate+prelua+controlul+omenirii%20%E2%98%9E%20https%3A%2F%2Fortodoxinfo.ro%2F2026%2F07%2F28%2Fgheorghe-piperea-atrage-atentia-asupra-ai-care-poate-prelua-controlul-omenirii%2F\" target=\"_blank\" data-title=\"WhatsApp\" rel=\"nofollow\"><span>Whatsapp<\/span><\/a><a class=\"share-action icon-whatsapp is-mobile\" aria-label=\"Share on Whatsapp\" href=\"\/\/send?text=Gheorghe+Piperea+atrage+aten%C8%9Bia+asupra+AI%2C+care+poate+prelua+controlul+omenirii%20%E2%98%9E%20https%3A%2F%2Fortodoxinfo.ro%2F2026%2F07%2F28%2Fgheorghe-piperea-atrage-atentia-asupra-ai-care-poate-prelua-controlul-omenirii%2F\" target=\"_blank\" data-title=\"WhatsApp\" rel=\"nofollow\"><span>Whatsapp<\/span><\/a><a class=\"share-action share-trigger icon-telegram\" aria-label=\"Share on Telegram\" href=\"https:\/\/t.me\/share\/?url=https%3A%2F%2Fortodoxinfo.ro%2F2026%2F07%2F28%2Fgheorghe-piperea-atrage-atentia-asupra-ai-care-poate-prelua-controlul-omenirii%2F&amp;text=Gheorghe+Piperea+atrage+aten%C8%9Bia+asupra+AI%2C+care+poate+prelua+controlul+omenirii\" data-title=\"Telegram\" rel=\"nofollow\"><span>Telegram<\/span><\/a><a class=\"share-action icon-copy copy-trigger\" aria-label=\"Copy Link\" href=\"https:\/\/ortodoxinfo.ro\/2026\/07\/28\/gheorghe-piperea-atrage-atentia-asupra-ai-care-poate-prelua-controlul-omenirii\/\" data-copied=\"Copied!\" data-link=\"https:\/\/ortodoxinfo.ro\/2026\/07\/28\/gheorghe-piperea-atrage-atentia-asupra-ai-care-poate-prelua-controlul-omenirii\/\" rel=\"nofollow\" data-copy=\"Copy Link\"><span>Copy Link<\/span><\/a><a class=\"share-action icon-print\" aria-label=\"Print\" rel=\"nofollow\" data-title=\"Print\"><span>Print<\/span><\/a><\/div>\n<\/div>\n<\/div>\n<div id=\"tabs\" class=\"dntplgn_form_wrapper\"><span><\/p>\n<h2>\u0218tirile sunt sub cenzur\u0103! Sprijini\u021bi OrtodoxINFO!<\/h2>\n<p>Guvernul nu dore\u0219te aflarea adev\u0103rului despre lovitura de stat \u0219i \u00eengenuncherea Rom\u00e2niei. \u00cencerc\u0103m s\u0103 men\u021binem viu acest site \u0219i s\u0103 v\u0103 punem la dispozi\u021bie informa\u021bii care s\u0103 fac\u0103 lumin\u0103 \u00een cea mai mare provocare pe care o tr\u0103im. Jurnalismul independent al portalului OrtodoxINFO func\u021bioneaz\u0103 strict cu ajutorul cititorilor.<br \/>\nNe pute\u021bi sprijini printr-o <b><a href=\"https:\/\/ortodoxinfo.ro\/donatii\/\">dona\u021bie bancar\u0103<\/a> sau prin PayPal, complet\u00e2nd formularul de mai jos.<\/b><\/span><\/p>\n<ul>\n<li><a href=\"https:\/\/ortodoxinfo.ro\/2026\/07\/28\/gheorghe-piperea-atrage-atentia-asupra-ai-care-poate-prelua-controlul-omenirii\/#tabs-1\">Dona\u021bie lunar\u0103<\/a><\/li>\n<li><a href=\"https:\/\/ortodoxinfo.ro\/2026\/07\/28\/gheorghe-piperea-atrage-atentia-asupra-ai-care-poate-prelua-controlul-omenirii\/#tabs-2\">Doar acum<\/a><\/li>\n<\/ul>\n<div id=\"tabs-1\"><img loading=\"lazy\" decoding=\"async\" alt border=\"0\" src=\"https:\/\/www.paypalobjects.com\/en_US\/i\/scr\/pixel.gif\" width=\"1\" height=\"1\"><\/div>\n<div id=\"tabs-2\">\n<p>\t\t     \u20ac<\/p>\n<p>\t\t    <img loading=\"lazy\" decoding=\"async\" alt border=\"0\" src=\"https:\/\/www.paypalobjects.com\/en_US\/i\/scr\/pixel.gif\" width=\"1\" height=\"1\"><\/div>\n<p>Mul\u021bumim celor care ne-au ajutat p\u00e2n\u0103 acum!\n\t<\/p><\/div>\n<div class=\"comment-box-wrap entry-sec\">\n<div class=\"comment-box-header\"><span class=\"h3\">Las\u0103 un comentariu<\/span><\/div>\n<div class=\"comment-holder no-comment\">\n<div id=\"comments\" class=\"comments-area\">\n<div id=\"respond\" class=\"comment-respond\">\n<h3 id=\"reply-title\" class=\"comment-reply-title\">Las\u0103 un r\u0103spuns <small><a rel=\"nofollow\" id=\"cancel-comment-reply-link\" href=\"https:\/\/ortodoxinfo.ro\/2026\/07\/28\/gheorghe-piperea-atrage-atentia-asupra-ai-care-poate-prelua-controlul-omenirii\/#respond\">Anuleaz\u0103 r\u0103spunsul<\/a><\/small><\/h3>\n<p class=\"comment-notes\"><span id=\"email-notes\">Adresa ta de email nu va fi publicat\u0103.<\/span><span class=\"required-field-message\">C\u00e2mpurile obligatorii sunt marcate cu <span class=\"required\">*<\/span><\/span><\/p>\n<\/div>\n<\/div>\n<\/div>\n<\/div>\n<\/div>\n<div class=\"sidebar-wrap single-sidebar\">\n<div class=\"sidebar-inner clearfix\">\n<div id=\"widget-post-2\" class=\"widget rb-section w-sidebar clearfix widget-post\">\n<div class=\"block-h widget-heading heading-layout-1\">\n<div class=\"heading-inner\">\n<h4 class=\"heading-title\"><span>Articole recente<\/span><\/h4>\n<\/div>\n<\/div>\n<div class=\"widget-p-listing\">\n<div class=\"p-wrap p-small p-list-small-2\" data-pid=\"252832\">\n<div class=\"feat-holder\">\n<div class=\"p-featured ratio-v1\"><a class=\"p-flink\" href=\"https:\/\/ortodoxinfo.ro\/2026\/07\/28\/interviu-politico-george-simion-loveste-in-conducerea-de-la-bruxelles-vor-sa-distruga-europa-campionul-maga-al-romaniei-a-amintit-de-anularea-alegerilor-si-de-planul-de-suspendare-a-ilegi\/\" title=\"INTERVIU POLITICO \/ George Simion love\u0219te \u00een conducerea de la Bruxelles: \u201eVor s\u0103 distrug\u0103 Europa!\u201d. \u201eCampionul MAGA al Rom\u00e2niei\u201d a amintit de anularea alegerilor \u0219i de planul de suspendare a ilegitimului Nicu\u0219or Dan\"><img decoding=\"async\" width=\"150\" height=\"150\" src=\"https:\/\/ortodoxinfo.ro\/wp-content\/uploads\/2026\/07\/GettyImages-2216703433-scaled-1-150x150.jpg\" class=\"featured-img wp-post-image\" alt loading=\"lazy\"><\/a><\/div>\n<\/div>\n<div class=\"p-content\">\n<h5 class=\"entry-title\"><a class=\"p-url\" href=\"https:\/\/ortodoxinfo.ro\/2026\/07\/28\/interviu-politico-george-simion-loveste-in-conducerea-de-la-bruxelles-vor-sa-distruga-europa-campionul-maga-al-romaniei-a-amintit-de-anularea-alegerilor-si-de-planul-de-suspendare-a-ilegi\/\" rel=\"bookmark\">INTERVIU POLITICO \/ George Simion love\u0219te \u00een conducerea de la Bruxelles: \u201eVor s\u0103 distrug\u0103 Europa!\u201d. \u201eCampionul MAGA al Rom\u00e2niei\u201d a amintit de anularea alegerilor \u0219i de planul de suspendare a ilegitimului Nicu\u0219or Dan<\/a><\/h5>\n<div class=\"p-meta\">\n<div class=\"meta-inner is-meta\"><span class=\"meta-el meta-date\"><time datetime=\"2026-07-28T16:14:39+03:00\">28 iulie 2026<\/time><\/span><span class=\"meta-el meta-category meta-bold\"><a class=\"meta-separate category-19866\" href=\"https:\/\/ortodoxinfo.ro\/category\/lupta-pentru-romania\/\">Lupt\u0103 pentru Rom\u00e2nia<\/a><\/span><span class=\"meta-el meta-view\">5.3k vizualiz\u0103ri\t\t<\/span><\/div>\n<\/div>\n<\/div>\n<\/div>\n<div class=\"p-wrap p-small p-list-small-2\" data-pid=\"252752\">\n<div class=\"feat-holder\">\n<div class=\"p-featured ratio-v1\"><a class=\"p-flink\" href=\"https:\/\/ortodoxinfo.ro\/2026\/07\/28\/premiera-mondiala-in-medicina-o-femeie-nevazatoare-si-a-recapatat-vederea-dupa-un-transplant-unic-de-retina\/\" title=\"Premier\u0103 mondial\u0103 \u00een medicin\u0103: o femeie nev\u0103z\u0103toare \u0219i-a rec\u0103p\u0103tat vederea dup\u0103 un transplant unic de retin\u0103\"><img decoding=\"async\" width=\"150\" height=\"150\" src=\"https:\/\/ortodoxinfo.ro\/wp-content\/uploads\/2026\/07\/jafar-ahmed-e285pjbc4ue-unsplash-150x150.jpg\" class=\"featured-img wp-post-image\" alt loading=\"lazy\"><\/a><\/div>\n<\/div>\n<div class=\"p-content\">\n<h5 class=\"entry-title\"><a class=\"p-url\" href=\"https:\/\/ortodoxinfo.ro\/2026\/07\/28\/premiera-mondiala-in-medicina-o-femeie-nevazatoare-si-a-recapatat-vederea-dupa-un-transplant-unic-de-retina\/\" rel=\"bookmark\">Premier\u0103 mondial\u0103 \u00een medicin\u0103: o femeie nev\u0103z\u0103toare \u0219i-a rec\u0103p\u0103tat vederea dup\u0103 un transplant unic de retin\u0103<\/a><\/h5>\n<div class=\"p-meta\">\n<div class=\"meta-inner is-meta\"><span class=\"meta-el meta-date\"><time datetime=\"2026-07-28T14:31:28+03:00\">28 iulie 2026<\/time><\/span><span class=\"meta-el meta-category meta-bold\"><a class=\"meta-separate category-584\" href=\"https:\/\/ortodoxinfo.ro\/category\/stiri\/sanatate\/\">S\u0103n\u0103tate<\/a><\/span><span class=\"meta-el meta-view\">2.5k vizualiz\u0103ri\t\t<\/span><\/div>\n<\/div>\n<\/div>\n<\/div>\n<div class=\"p-wrap p-small p-list-small-2\" data-pid=\"252714\">\n<div class=\"feat-holder\">\n<div class=\"p-featured ratio-v1\"><a class=\"p-flink\" href=\"https:\/\/ortodoxinfo.ro\/2026\/07\/28\/usor-cu-nicusor-a-inceput-greva-generala-in-sanatate-angajatii-din-peste-400-de-spitale-din-tara-participa-la-protest\/\" title=\"U\u0218OR CU NICU\u0218OR: A \u00eenceput greva general\u0103 \u00een s\u0103n\u0103tate. Angaja\u021bii din peste 400 de spitale din \u021bar\u0103 particip\u0103 la protest\"><img decoding=\"async\" width=\"150\" height=\"150\" src=\"https:\/\/ortodoxinfo.ro\/wp-content\/uploads\/2026\/07\/1-13-150x150.jpeg\" class=\"featured-img wp-post-image\" alt loading=\"lazy\"><\/a><\/div>\n<\/div>\n<div class=\"p-content\">\n<h5 class=\"entry-title\"><a class=\"p-url\" href=\"https:\/\/ortodoxinfo.ro\/2026\/07\/28\/usor-cu-nicusor-a-inceput-greva-generala-in-sanatate-angajatii-din-peste-400-de-spitale-din-tara-participa-la-protest\/\" rel=\"bookmark\">U\u0218OR CU NICU\u0218OR: A \u00eenceput greva general\u0103 \u00een s\u0103n\u0103tate. Angaja\u021bii din peste 400 de spitale din \u021bar\u0103 particip\u0103 la protest<\/a><\/h5>\n<div class=\"p-meta\">\n<div class=\"meta-inner is-meta\"><span class=\"meta-el meta-date\"><time datetime=\"2026-07-28T10:06:14+03:00\">28 iulie 2026<\/time><\/span><span class=\"meta-el meta-category meta-bold\"><a class=\"meta-separate category-19885\" href=\"https:\/\/ortodoxinfo.ro\/category\/anti-sistem\/anti-romanism\/asasinii-tarii\/\">Asasinii \u021b\u0103rii<\/a><\/span><span class=\"meta-el meta-view\">3.5k vizualiz\u0103ri\t\t<\/span><\/div>\n<\/div>\n<\/div>\n<\/div>\n<div class=\"p-wrap p-small p-list-small-2\" data-pid=\"252651\">\n<div class=\"feat-holder\">\n<div class=\"p-featured ratio-v1\"><a class=\"p-flink\" href=\"https:\/\/ortodoxinfo.ro\/2026\/07\/28\/singura-drona-vazuta-de-poporul-roman-este-cea-ucraineana-nicusor-dan-trebuie-executat-de-lege-pentru-ajutarea-inamicului\/\" title=\"Singura dron\u0103 v\u0103zut\u0103 de poporul rom\u00e2n este cea ucrainean\u0103! Nicu\u0219or Dan trebuie EXECUTAT de lege pentru ajutarea inamicului\"><img decoding=\"async\" width=\"150\" height=\"150\" src=\"https:\/\/ortodoxinfo.ro\/wp-content\/uploads\/2026\/07\/uuuu1.webp-150x150.webp\" class=\"featured-img wp-post-image\" alt loading=\"lazy\"><\/a><\/div>\n<\/div>\n<div class=\"p-content\">\n<h5 class=\"entry-title\"><a class=\"p-url\" href=\"https:\/\/ortodoxinfo.ro\/2026\/07\/28\/singura-drona-vazuta-de-poporul-roman-este-cea-ucraineana-nicusor-dan-trebuie-executat-de-lege-pentru-ajutarea-inamicului\/\" rel=\"bookmark\">Singura dron\u0103 v\u0103zut\u0103 de poporul rom\u00e2n este cea ucrainean\u0103! Nicu\u0219or Dan trebuie EXECUTAT de lege pentru ajutarea inamicului<\/a><\/h5>\n<div class=\"p-meta\">\n<div class=\"meta-inner is-meta\"><span class=\"meta-el meta-date\"><time datetime=\"2026-07-28T01:21:57+03:00\">28 iulie 2026<\/time><\/span><span class=\"meta-el meta-category meta-bold\"><a class=\"meta-separate category-19885\" href=\"https:\/\/ortodoxinfo.ro\/category\/anti-sistem\/anti-romanism\/asasinii-tarii\/\">Asasinii \u021b\u0103rii<\/a><\/span><span class=\"meta-el meta-view\">13.5k vizualiz\u0103ri\t\t<\/span><\/div>\n<\/div>\n<\/div>\n<\/div>\n<\/div>\n<\/div>\n<div id=\"custom_html-2\" class=\"widget_text widget rb-section w-sidebar clearfix widget_custom_html\">\n<div class=\"block-h widget-heading heading-layout-1\">\n<div class=\"heading-inner\">\n<h4 class=\"heading-title\"><span>DONA\u021aII \u00een cont bancar<\/span><\/h4>\n<\/div>\n<\/div>\n<div class=\"textwidget custom-html-widget\">\n<table class=\"donatii\">\n<tbody>\n<tr>\n<th colspan=\"2\"><strong><span>Asicia\u021bia SMI-B<\/span><\/strong><\/th>\n<\/tr>\n<tr>\n<th>Cont LEI<\/th>\n<td>RO67CECEB00030RON2081955<\/td>\n<\/tr>\n<tr>\n<th>Cont EURO<\/th>\n<td>RO33CECEB000C1EUR2081978<\/td>\n<\/tr>\n<tr>\n<th>Cod SWIFT<\/th>\n<td>CECEROBU<\/td>\n<\/tr>\n<tr>\n<th colspan=\"2\"><strong>CEC BANK SA<\/strong><\/th>\n<\/tr>\n<\/tbody>\n<\/table>\n<\/div>\n<\/div>\n<\/div>\n<\/div>\n<\/div>\n<\/article>\n<div class=\"entry-content rbct clearfix is-highlight-shares\">\n<p>Omenirea s-a lansat \u00eentr-o curs\u0103 nebuneasc\u0103, aproape sinuciga\u0219a, de construc\u021bie a ma\u0219inilor g\u00e2nditoare (inteligen\u021ba artificial\u0103).<br \/>\nA f\u0103cut-o f\u0103r\u0103 s\u0103 \u0219tie, f\u0103r\u0103 s\u0103 vrea, f\u0103r\u0103 s\u0103 fie necesar: doar pentru c\u0103 marile puteri politico-militare v\u0103d \u00een IA o arm\u0103 de nimicire \u00een mas\u0103 pe care trebuie s\u0103 o aib\u0103 \u00eenainte ca ceilal\u021bi s\u0103 \u0219i-o procure, iar hiper-miliardarii din Big Tech, Finance \u0219i Pharma vor trilioanele de dolari care curg fluviu c\u0103tre aceast\u0103 gaur\u0103 neag\u0103 \u0219i controlul asupra resurselor.<br \/>\nDe exemplu: apa care se utilizeaz\u0103 pentru r\u0103cirea centrelor de baze de date (zeci de milioane de tone anual, numai \u00een UE) \u0219i energia (de trei ori mai scump\u0103 \u00een UE dec\u00e2t \u00een SUA). Ap\u0103 \u0219i energie care sunt sustrase agriculturii, industriei \u0219i consumului casnic.<br \/>\nInvesti\u021biile \u00een pia\u021ba de capital, fie cele de retail, fie cele de portofoliu \u0219i strategice, sunt canalizate \u00een IA, r\u0103pind banii utiliza\u021bi \u00een acele investi\u021bii altor domenii, cum ar fi m\u00e2ncarea, s\u0103n\u0103tatea, educa\u021bia, locuirea decent\u0103, energia regenerabil\u0103, scoaterea din s\u0103r\u0103cie \u0219i foamete a marii majorit\u0103\u021bi a popula\u021biei lumii.<br \/>\nOamenii, fondurile de pensii \u0219i statele bag\u0103 bani \u00een IA f\u0103r\u0103 ca IA s\u0103 confirme acest entuziasm nebunesc investi\u021bional. Cu siguran\u021b\u0103 urmeaz\u0103 o exploziei a bulei\u2026<\/p>\n<p>Ironic, cei care s-au hiper-\u00eembog\u0103\u021bit din aceast\u0103 exuberan\u021b\u0103 ira\u021bional\u0103 a IA avertizeaz\u0103 constant asupra riscului.<\/p>\n<p>Aparent bine inten\u021bionat, dar \u00een realitate, cu scop de reclam\u0103 \u0219i PR, Sam Altman, patronul de la OpenAI* a spus c\u0103 suntem la momentul \u201csingularit\u0103\u021bii\u201d, adic\u0103, atunci c\u00e2nd IA devine mai de\u0219teapt\u0103 dec\u00e2t omul, devine independent\u0103 \u0219i face ca omul s\u0103 aib\u0103 dificult\u0103\u021bi s\u0103 o controleze sau, pur \u0219i simplu, o scap\u0103 de sub control.<\/p>\n<p>Acesta este scenariul distopic din Dune, de Frank Herbert. Acela \u00een care, mai \u00eent\u00e2i, oamenii pu\u021bini \u0219i hiper-boga\u021bi care de\u021bin ma\u0219ini g\u00e2nditoare, iau controlul asupra omenirii, iar apoi ma\u0219inile g\u00e2nditoare iau omenirea \u00een sclavie.<\/p>\n<p>Asta nu se \u00eent\u00e2mpl\u0103 peste noapte.<br \/>\nMai \u00eent\u00e2i, omul se deprinde a g\u00e2ndi ca \u00eentr-o camer\u0103 de rezonan\u021b\u0103, unde se aude numai ecoul, repetat la nesf\u00e2r\u0219it. Ce e afar\u0103, ce e real \u0219i tangibil, este \u00een afara percep\u021biei celor din camera de ecou. Asta s-a petrecut \u00een pandemie, c\u00e2nd am fost segrega\u021bi prin bule de internet \u0219i social media \u0219i polariza\u021bi: vaccina\u021bi contra \u201cmedievali\u201d, elite \u0219i enoria\u0219i ai cultului \u0219tiin\u021bei versus \u201cpleava societ\u0103\u021bii\u201d, pro-europeni versus extremi\u0219ti, \u201ctoleran\u021bi\u201d curcubeici contra \u201crasi\u0219ti\u201d \u0219i c\u00e2te \u0219i mai c\u00e2te\u2026<\/p>\n<p>Apoi, s-a f\u0103cut fiec\u0103ruia dintre noi c\u00e2te un \u201cgeam\u0103n digital\u201d, c\u00e2te un avatar tehnologic. Suntem modela\u021bi acum ca figurinele de plastilin\u0103, dup\u0103 \u201cmodelul\u201d acestei copii malefice. Un Doppelg\u00e4nger care se mi\u0219c\u0103 digital dict\u00e2nd modul \u00een care trebuie s\u0103 ne mi\u0219c\u0103m \u0219i s\u0103 reac\u021bion\u0103m noi.<\/p>\n<p>Apoi, s-a trecut la delegarea judec\u0103\u021bii \u0219i a ra\u021biunii c\u0103tre digital \u0219i c\u0103tre IA.<\/p>\n<blockquote>\n<p>\u201eOamenii \u0219i-au predat g\u00e2ndirea ma\u0219inilor \u00een speran\u021ba c\u0103 asta \u00eei va elibera. Dar asta a permis doar altor oameni cu ma\u0219ini s\u0103-i \u00eenrobeasc\u0103.\u201d <small>(citat atribuit Reverend Mother Gaius Helen Mohiam, stare\u021ba Ordinului Bene Gesserit)<\/small><\/p>\n<\/blockquote>\n<p>Oamenii au \u201creu\u0219it\u201d mereu s\u0103 \u00ee\u0219i delege judecata fie ma\u0219inilor, fie liderilor, profe\u021bilor sau eroilor salvatori, uit\u00e2nd deseori importan\u021ba min\u021bii umane \u0219i riscul stagn\u0103rii sau sclaviei prin exces de dependen\u021b\u0103 de tehnologie sau de autorit\u0103\u021bi externe. Iar omenirea a suferit mereu \u0219i a suferit cumplit\u2026<\/p>\n<p>\u00cen scenariul din Dune, oamenii au delegat g\u00e2ndirea, judecata \u0219i munca intelectual\u0103 ma\u0219inilor, \u00een speran\u021ba libert\u0103\u021bii. Asta a dus la dependen\u021b\u0103, la hedonism \u0219i la controlul mul\u021bimilor de oameni de c\u0103tre cei pu\u021bini, oameni din elita care controla ma\u0219inile. Controlul a dus la domina\u021bia total\u0103 \u0219i la \u00eenrobirea oamenilor de c\u0103tre ma\u0219inile g\u00e2nditoare.<\/p>\n<div class=\"inline-single-ad ad_single_3_index alignfull\">\n<div class=\"ad-wrap ad-script-wrap\">\n<div class=\"ad-script non-adsense edge-padding\">\n<div>\n\u203c\ufe0f\u203c\ufe0f NU recunoa\u0219tem ca pre\u0219edinte al Rom\u00e2niei pe marioneta retard\u0103 Nicu\u0219or Dan! Rom\u00e2ni, boicota\u021bi aceast\u0103 f\u0103c\u0103tur\u0103, care ne face \u021bara de r\u00e2s! NU rom\u00e2nii l-au votat pe Nicusoro\u0219 &#8211; cu unele excep\u021bii de persoane infantile, manipulabile \u0219i chiar idioate &#8211; ci l-au ajutat Maia Soro\u0219, Emanuel Macrou \u0219i tr\u0103d\u0103torii de la B.E.C. \u0219i CCR!<br \/>\n La \u00eenchisoare cu cei care au fraudat alegerile!\n<\/div>\n<\/div>\n<\/div>\n<\/div>\n<p>\u00cen povestea din Dune a urmat Jihadul Butlerian \u2013 o cruciad\u0103 care a distrus ma\u0219inile g\u00e2nditoare, computerele \u0219i robo\u021bii con\u0219tien\u021bi \u0219i a interzis crearea de tehnologii care imit\u0103 mintea uman\u0103. Revolta a \u201eluat c\u00e2rja\u201d \u0219i a for\u021bat min\u021bile umane s\u0103 se dezvolte. Au ap\u0103rut \u0219coli care antrenau talente umane ca \u00eenlocuitori, cum ar fi menta\u021bii (\u201ccomputerele umane\u201d, min\u021bi specializate \u00een analiz\u0103 \u0219i calcul).<\/p>\n<p>Este adev\u0103rat c\u0103, \u00een Dune, locul ma\u0219inilor \u00een calitate de salvatori a fost luat de \u201eM\u00e2ntuitorul\u201d Dunei (Paul Atreides, Muad\u2019ib) \u0219i, ulterior, timp de 4 mii de ani, de \u00cemp\u0103ratul Zeu al Dunei (Letto II, fiul lui Muad\u2019ib). Ce ne a\u0219teapt\u0103 pe noi, creatorii \u0219i finan\u021batorii incon\u0219tien\u021bi ai ma\u0219inii g\u00e2nditoare numit\u0103 IA?<\/p>\n<p>Salvarea a fost \u0219i va fi mereu la Hristos! Spori\u021bi rug\u0103ciunea \u0219i feri\u021bi-v\u0103 de falsele minuni! Este veacul marilor \u00een\u0219el\u0103ri!<\/p>\n<\/div>\n<p>[analyse_source url=&#8221;https:\/\/ortodoxinfo.ro\/2026\/07\/28\/gheorghe-piperea-atrage-atentia-asupra-ai-care-poate-prelua-controlul-omenirii\/&#8221;]<\/p>\n","protected":false},"excerpt":{"rendered":"<p>[analyse_image type=&#8221;featured&#8221; src=&#8221;https:\/\/ortodoxinfo.ro\/wp-content\/uploads\/2026\/07\/1766855796474.pnghttps:\/\/ortodoxinfo.ro\/wp-content\/uploads\/2026\/07\/1766855796474.png&#8221;] Prima pagin\u0103 \u00bb Blog \u00bb Gheorghe Piperea atrage aten\u021bia asupra AI, care poate prelua controlul omenirii Gheorghe Piperea atrage aten\u021bia asupra AI, care poate prelua controlul omenirii 28 iulie 2026Inteligen\u021ba artificial\u01034k vizualiz\u0103ri Comentarii Share 5 Min Read SHARE OrtodoxINFO este supus unui sabotaj sistematic din partea reprezentan\u021bilor Google Rom\u00e2nia, at\u00e2t la afi\u0219\u0103ri [&hellip;]<\/p>\n","protected":false},"author":1,"featured_media":0,"comment_status":"open","ping_status":"","sticky":false,"template":"","format":"standard","meta":{"footnotes":""},"categories":[89],"tags":[226,94],"class_list":["post-2065508","post","type-post","status-publish","format-standard","hentry","category-romania","tag-crawlmanager","tag-ortodoxinfo-ro"],"_links":{"self":[{"href":"https:\/\/analyse.optim.biz\/index.php?rest_route=\/wp\/v2\/posts\/2065508","targetHints":{"allow":["GET"]}}],"collection":[{"href":"https:\/\/analyse.optim.biz\/index.php?rest_route=\/wp\/v2\/posts"}],"about":[{"href":"https:\/\/analyse.optim.biz\/index.php?rest_route=\/wp\/v2\/types\/post"}],"author":[{"embeddable":true,"href":"https:\/\/analyse.optim.biz\/index.php?rest_route=\/wp\/v2\/users\/1"}],"replies":[{"embeddable":true,"href":"https:\/\/analyse.optim.biz\/index.php?rest_route=%2Fwp%2Fv2%2Fcomments&post=2065508"}],"version-history":[{"count":0,"href":"https:\/\/analyse.optim.biz\/index.php?rest_route=\/wp\/v2\/posts\/2065508\/revisions"}],"wp:attachment":[{"href":"https:\/\/analyse.optim.biz\/index.php?rest_route=%2Fwp%2Fv2%2Fmedia&parent=2065508"}],"wp:term":[{"taxonomy":"category","embeddable":true,"href":"https:\/\/analyse.optim.biz\/index.php?rest_route=%2Fwp%2Fv2%2Fcategories&post=2065508"},{"taxonomy":"post_tag","embeddable":true,"href":"https:\/\/analyse.optim.biz\/index.php?rest_route=%2Fwp%2Fv2%2Ftags&post=2065508"}],"curies":[{"name":"wp","href":"https:\/\/api.w.org\/{rel}","templated":true}]}}