{"id":2065504,"date":"2026-07-28T07:06:14","date_gmt":"2026-07-28T04:06:14","guid":{"rendered":"https:\/\/analyse.optim.biz\/?p=2065504"},"modified":"2026-07-28T07:06:14","modified_gmt":"2026-07-28T04:06:14","slug":"usor-cu-nicusor-a-inceput-greva-generala-in-sanatate-angajatii-din-peste-400-de-spitale-din-tara-participa-la-protest","status":"publish","type":"post","link":"https:\/\/analyse.optim.biz\/?p=2065504","title":{"rendered":"U\u0218OR CU NICU\u0218OR: A \u00eenceput greva general\u0103 \u00een s\u0103n\u0103tate. Angaja\u021bii din peste 400 de spitale din \u021bar\u0103 particip\u0103 la protest"},"content":{"rendered":"<p>[analyse_image type=&#8221;featured&#8221; src=&#8221;https:\/\/ortodoxinfo.ro\/wp-content\/uploads\/2026\/07\/1-13.jpeghttps:\/\/ortodoxinfo.ro\/wp-content\/uploads\/2026\/07\/1-13.jpeg&#8221;]<\/p>\n<article id=\"post-252714\" class=\"post-252714 post type-post status-publish format-standard has-post-thumbnail category-asasinii-tarii\">\n<header class=\"single-header\">\n<aside class=\"breadcrumb-wrap breadcrumb-yoast s-breadcrumb\">\n<div class=\"breadcrumb-inner\"><span><span><a href=\"https:\/\/ortodoxinfo.ro\/\">Prima pagin\u0103<\/a><\/span> \u00bb <span><a href=\"https:\/\/ortodoxinfo.ro\/blog\/\">Blog<\/a><\/span> \u00bb <span class=\"breadcrumb_last\" aria-current=\"page\">U\u0218OR CU NICU\u0218OR: A \u00eenceput greva general\u0103 \u00een s\u0103n\u0103tate. Angaja\u021bii din peste 400 de spitale din \u021bar\u0103 particip\u0103 la protest<\/span><\/span><\/div>\n<\/aside>\n<h1 class=\"s-title fw-headline\">U\u0218OR CU NICU\u0218OR: A \u00eenceput greva general\u0103 \u00een s\u0103n\u0103tate. Angaja\u021bii din peste 400 de spitale din \u021bar\u0103 particip\u0103 la protest<\/h1>\n<div class=\"single-meta meta-s-default yes-0\">\n<div class=\"smeta-in\"><a class=\"meta-el meta-avatar\" href=\"https:\/\/ortodoxinfo.ro\/author\/redactor\/\"><img loading=\"lazy\" decoding=\"async\" alt=\"OrtodoxINFO\" src=\"https:\/\/secure.gravatar.com\/avatar\/21010332354a182ce4de6016685c5586f21c51866d0ec5bc8ef383240b3c3e02?s=120&amp;r=g\" class=\"avatar avatar-120 photo\" height=\"120\" width=\"120\"><\/a><\/p>\n<div class=\"smeta-sec\">\n<div class=\"p-meta\">\n<div class=\"meta-inner is-meta\"><span class=\"meta-el meta-date\"><time datetime=\"2026-07-28T10:06:14+03:00\">28 iulie 2026<\/time><\/span><span class=\"meta-el meta-category meta-bold\"><a class=\"meta-separate category-19885\" href=\"https:\/\/ortodoxinfo.ro\/category\/anti-sistem\/anti-romanism\/asasinii-tarii\/\">Asasinii \u021b\u0103rii<\/a><\/span><span class=\"meta-el meta-view\">3.5k vizualiz\u0103ri\t\t<\/span><span class=\"meta-el meta-comment mobile-last-meta tablet-last-meta\"><a href=\"https:\/\/ortodoxinfo.ro\/2026\/07\/28\/usor-cu-nicusor-a-inceput-greva-generala-in-sanatate-angajatii-din-peste-400-de-spitale-din-tara-participa-la-protest\/#comments\">1 comentariu<\/a><\/span><\/div>\n<\/div>\n<\/div>\n<\/div>\n<div class=\"smeta-extra\">\n<div class=\"t-shared-sec tooltips-n has-read-meta is-color\">\n<div class=\"t-shared-header is-meta\"><span class=\"share-label\">Share<\/span><\/div>\n<\/div>\n<div class=\"single-right-meta single-time-read is-meta\"><span class=\"meta-el meta-read\">4 Min Read<\/span><\/div>\n<\/div>\n<\/div>\n<\/header>\n<div class=\"grid-container\">\n<div class=\"s-ct\">\n<div class=\"s-feat-outer\">\n<div class=\"s-feat\">\n<div class=\"featured-lightbox-trigger\" data-source=\"https:\/\/ortodoxinfo.ro\/wp-content\/uploads\/2026\/07\/1-13.jpeg\" data-caption data-attribution><img fetchpriority=\"high\" decoding=\"async\" width=\"860\" height=\"645\" src=\"https:\/\/ortodoxinfo.ro\/wp-content\/uploads\/2026\/07\/1-13-860x645.jpeg\" class=\"attachment-foxiz_crop_o1 size-foxiz_crop_o1 wp-post-image\" alt loading=\"eager\"><\/div>\n<\/div>\n<\/div>\n<div class=\"s-ct-wrap has-lsl\">\n<div class=\"s-ct-inner\">\n<div class=\"l-shared-sec-outer show-mobile\">\n<div class=\"l-shared-sec\">\n<div class=\"l-shared-header meta-text\"><span class=\"share-label\">SHARE<\/span><\/div>\n<\/div>\n<\/div>\n<div class=\"e-ct-outer\">\n<div class=\"entry-top\">\n<div id=\"custom_html-3\" class=\"widget_text widget entry-widget clearfix widget_custom_html\">\n<div class=\"textwidget custom-html-widget\">\n<div><small><br \/>\n    OrtodoxINFO este supus unui sabotaj sistematic din partea reprezentan\u021bilor Google Rom\u00e2nia, at\u00e2t la afi\u0219\u0103ri c\u00e2t \u0219i \u00een rezultatele de c\u0103utare.<br \/>\n        Astfel c\u0103 veniturile din publicitate au sc\u0103zut de p\u00e2n\u0103 la <strong>10 ori<\/strong>. Situa\u021bia este similar\u0103 \u0219i pe Facebook.<\/p>\n<p>        V\u0103 invit\u0103m s\u0103 accesa\u021bi direct site-ul \u0219i s\u0103 v\u0103 abona\u021bi la notific\u0103ri.<\/p>\n<p>    Dac\u0103 dori\u021bi s\u0103 ne sus\u021bine\u021bi \u00een aceast\u0103 perioad\u0103 dificil\u0103, orice <a href=\"https:\/\/ortodoxinfo.ro\/donatii\/\">dona\u021bie<\/a> este binevenit\u0103.<br \/>\n    Dumnezeu s\u0103 v\u0103 r\u0103spl\u0103teasc\u0103!<br \/>\n<\/small><\/div>\n<\/div>\n<\/div>\n<\/div>\n<div class=\"entry-content rbct clearfix is-highlight-shares\">\n<div class=\"ruby-table-contents rbtoc table-left table-fw-single-col\">\n<div class=\"toc-header\"><span class=\"h3\">Sumar<\/span><\/div>\n<div class=\"toc-content h5\"><a href=\"https:\/\/ortodoxinfo.ro\/2026\/07\/28\/usor-cu-nicusor-a-inceput-greva-generala-in-sanatate-angajatii-din-peste-400-de-spitale-din-tara-participa-la-protest\/#sute-de-spitale-vor-asigura-doar-asistenta-medicala-si-serviciile-esentiale\" class=\"table-link no-link anchor-link\" data-index=\"rb-heading-index-0\">Sute de spitale vor asigura doar asisten\u0163a medical\u0103 \u015fi serviciile esen\u0163iale<\/a><a href=\"https:\/\/ortodoxinfo.ro\/2026\/07\/28\/usor-cu-nicusor-a-inceput-greva-generala-in-sanatate-angajatii-din-peste-400-de-spitale-din-tara-participa-la-protest\/#cum-vor-fi-afectati-pacientii\" class=\"table-link no-link anchor-link\" data-index=\"rb-heading-index-1\">Cum vor fi afecta\u021bi pacien\u021bii<\/a><a href=\"https:\/\/ortodoxinfo.ro\/2026\/07\/28\/usor-cu-nicusor-a-inceput-greva-generala-in-sanatate-angajatii-din-peste-400-de-spitale-din-tara-participa-la-protest\/#de-ce-protesteaza-sindicalistii\" class=\"table-link no-link anchor-link\" data-index=\"rb-heading-index-2\">De ce protesteaz\u0103 sindicali\u0219tii<\/a><a href=\"https:\/\/ortodoxinfo.ro\/2026\/07\/28\/usor-cu-nicusor-a-inceput-greva-generala-in-sanatate-angajatii-din-peste-400-de-spitale-din-tara-participa-la-protest\/#sindicatele-contesta-noul-sistem-de-acordare-a-sporurilor\" class=\"table-link no-link anchor-link\" data-index=\"rb-heading-index-3\">Sindicatele contest\u0103 noul sistem de acordare a sporurilor<\/a><\/div>\n<\/div>\n<p id=\"p-0\">Federa\u021bia Sanitas a declan\u0219at, mar\u021bi, 28 iulie, greva general\u0103 pe termen nelimitat \u00een sistemul public de s\u0103n\u0103tate \u0219i de asisten\u021b\u0103 social\u0103. Sindicali\u0219tii contest\u0103 noua Lege a salariz\u0103rii \u0219i sus\u021bin c\u0103 aceasta men\u021bine inechit\u0103\u021bile din sistem.<\/p>\n<blockquote>\n<p id=\"p-1\"><strong>\u201eDragi colegi, \u00eencep\u00e2nd de ast\u0103zi suntem \u00een grev\u0103. \u00cempreun\u0103\u201d, a anun\u021bat mar\u021bi Iulian Pope, pre\u0219edintele Federa\u021biei SANITAS, \u00eentr-un mesaj publicat pe Facebook.<\/strong><\/p>\n<\/blockquote>\n<p id=\"p-9\">Acesta a sus\u021binut c\u0103 revendic\u0103rile angaja\u021bilor din s\u0103n\u0103tate nu reprezint\u0103 privilegii, ci privesc condi\u021biile de munc\u0103, salarizarea \u0219i func\u021bionarea sistemului public.<\/p>\n<blockquote>\n<p id=\"p-10\"><strong>\u201eCeea ce cerem noi politicului nu sunt privilegii. Cerem responsabilitate fa\u021b\u0103 de oamenii care muncesc \u0219i fa\u021b\u0103 de pacien\u021bi. Cerem s\u0103 \u00een\u021beleag\u0103 faptul c\u0103 S\u0103n\u0103tatea nu se conduce \u00eempotriva oamenilor care o \u021bin \u00een picioare\u201d, a transmis Iulian Pope.<\/strong><\/p>\n<\/blockquote>\n<h2 id=\"sute-de-spitale-vor-asigura-doar-asistenta-medicala-si-serviciile-esentiale\" class=\"rb-heading-index-0\">Sute de spitale vor asigura doar asisten\u0163a medical\u0103 \u015fi serviciile esen\u0163iale<\/h2>\n<p id=\"p-11\">Angaja\u021bii din peste 400 de spitale din \u021bar\u0103 particip\u0103 la greva general\u0103. \u00cen timpul grevei vor fi asigurate urgen\u021bele \u0219i serviciile medicale obligatorii. Potrivit Sanitas, unit\u0103\u021bile sanitare vor men\u021bine cel pu\u021bin o treime din activitatea normal\u0103, astfel \u00eenc\u00e2t via\u021ba \u0219i s\u0103n\u0103tatea pacien\u021bilor s\u0103 nu fie puse \u00een pericol.<\/p>\n<p id=\"p-13\">Mai multe spitale au anun\u021bat c\u0103 activitatea va continua normal \u00een sec\u021biile esen\u021biale, precum unit\u0103\u021bile de primiri urgen\u021be, terapia intensiv\u0103, dializa, oncologia \u0219i camerele de gard\u0103. Unele consulta\u021bii \u0219i servicii care nu reprezint\u0103 urgen\u021be ar putea fi reprogramate.<\/p>\n<h2 id=\"cum-vor-fi-afectati-pacientii\" class=\"rb-heading-index-1\">Cum vor fi afecta\u021bi pacien\u021bii<\/h2>\n<p id=\"p-14\">Chiar dac\u0103 va fi declan\u0219at\u0103 greva general\u0103, activitatea din spitale nu va fi oprit\u0103 complet. Conform legisla\u021biei, fiecare unitate medical\u0103 trebuie s\u0103 \u00eentocmeasc\u0103 un plan de grev\u0103, stabilit de manager \u00eempreun\u0103 cu reprezentan\u021bii sindicatelor. Acesta prevede personalul care va r\u0103m\u00e2ne la serviciu \u0219i sec\u021biile \u00een care activitatea va continua.<\/p>\n<p id=\"p-15\">Legea impune ca cel pu\u021bin o treime dintre angaja\u021bii spitalului s\u0103 asigure continuitatea activit\u0103\u021bii, \u00een special pentru acordarea asisten\u021bei medicale de urgen\u021b\u0103.<\/p>\n<h2 id=\"de-ce-protesteaza-sindicalistii\" class=\"rb-heading-index-2\">De ce protesteaz\u0103 sindicali\u0219tii<\/h2>\n<p id=\"p-16\">Principala nemul\u021bumire a Federa\u021biei Sanitas este legat\u0103 de noua Lege a salariz\u0103rii. Sindicatul a ob\u021binut \u00een instan\u021b\u0103 suspendarea provizorie a actului normativ, invoc\u00e2nd faptul c\u0103 organiza\u021biile sindicale nu au fost consultate \u00een procesul de elaborare. Decizia nu este \u00eens\u0103 definitiv\u0103.<\/p>\n<p id=\"p-18\">\u00cen paralel, sindicali\u0219tii au solicitat medierea pre\u0219edintelui Nicu\u0219or Dan \u00een conflictul privind legea, \u00eens\u0103 p\u00e2n\u0103 \u00een prezent nu a avut loc o \u00eent\u00e2lnire la Palatul Cotroceni. Totodat\u0103, Sanitas a refuzat s\u0103 participe la consult\u0103rile organizate de Ministerul Muncii pe tema proiectului.<\/p>\n<h2 id=\"sindicatele-contesta-noul-sistem-de-acordare-a-sporurilor\" class=\"rb-heading-index-3\">Sindicatele contest\u0103 noul sistem de acordare a sporurilor<\/h2>\n<p id=\"p-19\">Reprezentan\u021bii Sanitas sus\u021bin c\u0103, de\u0219i proiectul a fost modificat \u00een urma negocierilor, forma actual\u0103 nu elimin\u0103 diferen\u021bele salariale dintre angaja\u021bi \u0219i schimb\u0103 modul de acordare a sporurilor \u00eentr-un mod considerat inechitabil.<\/p>\n<div class=\"inline-single-ad ad_single_3_index alignfull\">\n<div class=\"ad-wrap ad-script-wrap\">\n<div class=\"ad-script non-adsense edge-padding\">\n<div>\n\u203c\ufe0f\u203c\ufe0f NU recunoa\u0219tem ca pre\u0219edinte al Rom\u00e2niei pe marioneta retard\u0103 Nicu\u0219or Dan! Rom\u00e2ni, boicota\u021bi aceast\u0103 f\u0103c\u0103tur\u0103, care ne face \u021bara de r\u00e2s! NU rom\u00e2nii l-au votat pe Nicusoro\u0219 &#8211; cu unele excep\u021bii de persoane infantile, manipulabile \u0219i chiar idioate &#8211; ci l-au ajutat Maia Soro\u0219, Emanuel Macrou \u0219i tr\u0103d\u0103torii de la B.E.C. \u0219i CCR!<br \/>\n La \u00eenchisoare cu cei care au fraudat alegerile!\n<\/div>\n<\/div>\n<\/div>\n<\/div>\n<p id=\"p-20\">Potrivit noilor prevederi, sporurile nu vor mai fi acordate exclusiv \u00een func\u021bie de condi\u021biile de munc\u0103, ci vor fi \u00eemp\u0103r\u021bite pe trei niveluri. Sporurile de nivelul 1 vor putea fi acordate pentru cel mult 10% dintre angaja\u021bi, iar cele din nivelurile 2 \u0219i 3 pentru maximum 20% dintre salaria\u021bi.<\/p>\n<\/div>\n<\/div>\n<\/div>\n<div class=\"e-shared-sec entry-sec\">\n<div class=\"e-shared-header h4\"><span>Distribuie<\/span><\/div>\n<div class=\"rbbsl tooltips-n effect-fadeout is-bg\"><a class=\"share-action share-trigger icon-facebook\" aria-label=\"Share on Facebook\" href=\"https:\/\/www.facebook.com\/sharer.php?u=https%3A%2F%2Fortodoxinfo.ro%2F2026%2F07%2F28%2Fusor-cu-nicusor-a-inceput-greva-generala-in-sanatate-angajatii-din-peste-400-de-spitale-din-tara-participa-la-protest%2F\" data-title=\"Facebook\" rel=\"nofollow\"><span>Facebook<\/span><\/a><a class=\"share-action share-trigger icon-twitter\" aria-label=\"Share on X\" href=\"https:\/\/twitter.com\/intent\/tweet?text=U%C8%98OR+CU+NICU%C8%98OR%3A+A+%C3%AEnceput+greva+general%C4%83+%C3%AEn+s%C4%83n%C4%83tate.+Angaja%C8%9Bii+din+peste+400+de+spitale+din+%C8%9Bar%C4%83+particip%C4%83+la+protest&amp;url=https%3A%2F%2Fortodoxinfo.ro%2F2026%2F07%2F28%2Fusor-cu-nicusor-a-inceput-greva-generala-in-sanatate-angajatii-din-peste-400-de-spitale-din-tara-participa-la-protest%2F&amp;via=ortodoxinforo\" data-title=\"X\" rel=\"nofollow\"><span>X<\/span><\/a><a class=\"share-action icon-whatsapp is-web\" aria-label=\"Share on Whatsapp\" href=\"https:\/\/web.whatsapp.com\/send?text=U%C8%98OR+CU+NICU%C8%98OR%3A+A+%C3%AEnceput+greva+general%C4%83+%C3%AEn+s%C4%83n%C4%83tate.+Angaja%C8%9Bii+din+peste+400+de+spitale+din+%C8%9Bar%C4%83+particip%C4%83+la+protest%20%E2%98%9E%20https%3A%2F%2Fortodoxinfo.ro%2F2026%2F07%2F28%2Fusor-cu-nicusor-a-inceput-greva-generala-in-sanatate-angajatii-din-peste-400-de-spitale-din-tara-participa-la-protest%2F\" target=\"_blank\" data-title=\"WhatsApp\" rel=\"nofollow\"><span>Whatsapp<\/span><\/a><a class=\"share-action icon-whatsapp is-mobile\" aria-label=\"Share on Whatsapp\" href=\"\/\/send?text=U%C8%98OR+CU+NICU%C8%98OR%3A+A+%C3%AEnceput+greva+general%C4%83+%C3%AEn+s%C4%83n%C4%83tate.+Angaja%C8%9Bii+din+peste+400+de+spitale+din+%C8%9Bar%C4%83+particip%C4%83+la+protest%20%E2%98%9E%20https%3A%2F%2Fortodoxinfo.ro%2F2026%2F07%2F28%2Fusor-cu-nicusor-a-inceput-greva-generala-in-sanatate-angajatii-din-peste-400-de-spitale-din-tara-participa-la-protest%2F\" target=\"_blank\" data-title=\"WhatsApp\" rel=\"nofollow\"><span>Whatsapp<\/span><\/a><a class=\"share-action share-trigger icon-telegram\" aria-label=\"Share on Telegram\" href=\"https:\/\/t.me\/share\/?url=https%3A%2F%2Fortodoxinfo.ro%2F2026%2F07%2F28%2Fusor-cu-nicusor-a-inceput-greva-generala-in-sanatate-angajatii-din-peste-400-de-spitale-din-tara-participa-la-protest%2F&amp;text=U%C8%98OR+CU+NICU%C8%98OR%3A+A+%C3%AEnceput+greva+general%C4%83+%C3%AEn+s%C4%83n%C4%83tate.+Angaja%C8%9Bii+din+peste+400+de+spitale+din+%C8%9Bar%C4%83+particip%C4%83+la+protest\" data-title=\"Telegram\" rel=\"nofollow\"><span>Telegram<\/span><\/a><a class=\"share-action icon-copy copy-trigger\" aria-label=\"Copy Link\" href=\"https:\/\/ortodoxinfo.ro\/2026\/07\/28\/usor-cu-nicusor-a-inceput-greva-generala-in-sanatate-angajatii-din-peste-400-de-spitale-din-tara-participa-la-protest\/\" data-copied=\"Copied!\" data-link=\"https:\/\/ortodoxinfo.ro\/2026\/07\/28\/usor-cu-nicusor-a-inceput-greva-generala-in-sanatate-angajatii-din-peste-400-de-spitale-din-tara-participa-la-protest\/\" rel=\"nofollow\" data-copy=\"Copy Link\"><span>Copy Link<\/span><\/a><a class=\"share-action icon-print\" aria-label=\"Print\" rel=\"nofollow\" data-title=\"Print\"><span>Print<\/span><\/a><\/div>\n<\/div>\n<\/div>\n<div id=\"tabs\" class=\"dntplgn_form_wrapper\"><span><\/p>\n<h2>\u0218tirile sunt sub cenzur\u0103! Sprijini\u021bi OrtodoxINFO!<\/h2>\n<p>Guvernul nu dore\u0219te aflarea adev\u0103rului despre lovitura de stat \u0219i \u00eengenuncherea Rom\u00e2niei. \u00cencerc\u0103m s\u0103 men\u021binem viu acest site \u0219i s\u0103 v\u0103 punem la dispozi\u021bie informa\u021bii care s\u0103 fac\u0103 lumin\u0103 \u00een cea mai mare provocare pe care o tr\u0103im. Jurnalismul independent al portalului OrtodoxINFO func\u021bioneaz\u0103 strict cu ajutorul cititorilor.<br \/>\nNe pute\u021bi sprijini printr-o <b><a href=\"https:\/\/ortodoxinfo.ro\/donatii\/\">dona\u021bie bancar\u0103<\/a> sau prin PayPal, complet\u00e2nd formularul de mai jos.<\/b><\/span><\/p>\n<ul>\n<li><a href=\"https:\/\/ortodoxinfo.ro\/2026\/07\/28\/usor-cu-nicusor-a-inceput-greva-generala-in-sanatate-angajatii-din-peste-400-de-spitale-din-tara-participa-la-protest\/#tabs-1\">Dona\u021bie lunar\u0103<\/a><\/li>\n<li><a href=\"https:\/\/ortodoxinfo.ro\/2026\/07\/28\/usor-cu-nicusor-a-inceput-greva-generala-in-sanatate-angajatii-din-peste-400-de-spitale-din-tara-participa-la-protest\/#tabs-2\">Doar acum<\/a><\/li>\n<\/ul>\n<div id=\"tabs-1\"><img loading=\"lazy\" decoding=\"async\" alt border=\"0\" src=\"https:\/\/www.paypalobjects.com\/en_US\/i\/scr\/pixel.gif\" width=\"1\" height=\"1\"><\/div>\n<div id=\"tabs-2\">\n<p>\t\t     \u20ac<\/p>\n<p>\t\t    <img loading=\"lazy\" decoding=\"async\" alt border=\"0\" src=\"https:\/\/www.paypalobjects.com\/en_US\/i\/scr\/pixel.gif\" width=\"1\" height=\"1\"><\/div>\n<p>Mul\u021bumim celor care ne-au ajutat p\u00e2n\u0103 acum!\n\t<\/p><\/div>\n<div class=\"comment-box-wrap entry-sec\">\n<div class=\"comment-box-header\"><span class=\"h3\">1 comentariu<\/span><\/div>\n<div class=\"comment-holder\">\n<div id=\"comments\" class=\"comments-area\">\n<div class=\"rb-section\">\n<ul class=\"comment-list entry\">\n<li id=\"comment-250720\" class=\"comment even thread-even depth-1\">\n<article id=\"div-comment-250720\" class=\"comment-body\">\n<footer class=\"comment-meta\">\n<div class=\"comment-author vcard\"><img loading=\"lazy\" decoding=\"async\" alt src=\"https:\/\/secure.gravatar.com\/avatar\/132fd989bad4ee2d55aa9692aa73d0475d12ca598eaa976fcddf813d6586cb5e?s=100&amp;r=g\" class=\"avatar avatar-100 photo\" height=\"100\" width=\"100\"><b class=\"fn\">Magda<\/b><span class=\"says\">spune:<\/span><\/div>\n<div class=\"comment-metadata\"><a href=\"https:\/\/ortodoxinfo.ro\/2026\/07\/28\/usor-cu-nicusor-a-inceput-greva-generala-in-sanatate-angajatii-din-peste-400-de-spitale-din-tara-participa-la-protest\/#comment-250720\"><time datetime=\"2026-07-28T14:22:07+03:00\">28 iulie 2026 la 14:22<\/time><\/a><\/div>\n<\/footer>\n<div class=\"comment-content\">\n<p>Acest sistem medical criminal, creat de Rockfeller, prin care oamenii sunt otr\u0103vi\u021bi cu medicamente, injecta\u021bi cu vaccinuri toxice, care a declan\u0219at boli autoimune, epidemie de cancer la copiii, a ucis milioane, dac\u0103 nu miliarde de oameni, care mutileaz\u0103 oamenii, prin a\u0219a zise opera\u021bii, \u00een care sunt l\u0103sa\u021bi f\u0103r\u0103 organe interne, f\u0103r\u0103 m\u00e2ini sau picioare trebuie desfiin\u021bat. Oamenii trebuie s\u0103 realizeze c\u0103, sistemul medical criminal, creat de elite \u0219i controlat de big pharma, este unul din cei mai mari du\u0219mani ai lor, c\u0103 doctorii nu le sunt de nici un folos \u0219i c\u0103 duc\u00e2ndu-se la ace\u0219ti criminali sunt \u00een pericol de moarte, sunt manipula\u021bi, dezinformati, de multe ori l\u0103sa\u021bi infirmi sau uci\u0219i. Ace\u0219ti indivizi nu trebuie l\u0103sa\u021bi s\u0103 mai \u00eengrijeasc\u0103 copiii, copiii minori trebuie \u00eengriji\u021bi \u00een centre unde se aplic\u0103 terapii moderne, bazate pe noua medicina germanic\u0103, pe terapii complementare de recuperare, chiropractica, acupunctur\u0103 etc, pe suplimente din plante \u0219i medicin\u0103 energetic\u0103, nu pe bisturiul c\u0103l\u0103ilor, care taie \u0219i tran\u0219eaz\u0103 oamenii, ca la abator. Vaccinurile, care sunt eroarea medical\u0103 a secolului, trebuie eliminate complet, medicina trebuie s\u0103 devin\u0103 complet gratuit\u0103, \u0219i bazat\u0103 pe terapiile naturale, iar companiile Big Pharma trebuie desfiin\u021bate.<\/p>\n<\/div>\n<div class=\"reply\"><a rel=\"nofollow\" class=\"comment-reply-link\" href=\"https:\/\/ortodoxinfo.ro\/2026\/07\/28\/usor-cu-nicusor-a-inceput-greva-generala-in-sanatate-angajatii-din-peste-400-de-spitale-din-tara-participa-la-protest\/#comment-250720\" data-commentid=\"250720\" data-postid=\"252714\" data-belowelement=\"div-comment-250720\" data-respondelement=\"respond\" data-replyto=\"R\u0103spunde-i lui Magda\" aria-label=\"R\u0103spunde-i lui Magda\">R\u0103spunde<\/a><\/div>\n<\/article>\n<\/li>\n<\/ul>\n<\/div>\n<div id=\"respond\" class=\"comment-respond\">\n<h3 id=\"reply-title\" class=\"comment-reply-title\">Las\u0103 un r\u0103spuns <small><a rel=\"nofollow\" id=\"cancel-comment-reply-link\" href=\"https:\/\/ortodoxinfo.ro\/2026\/07\/28\/usor-cu-nicusor-a-inceput-greva-generala-in-sanatate-angajatii-din-peste-400-de-spitale-din-tara-participa-la-protest\/#respond\">Anuleaz\u0103 r\u0103spunsul<\/a><\/small><\/h3>\n<p class=\"comment-notes\"><span id=\"email-notes\">Adresa ta de email nu va fi publicat\u0103.<\/span><span class=\"required-field-message\">C\u00e2mpurile obligatorii sunt marcate cu <span class=\"required\">*<\/span><\/span><\/p>\n<\/div>\n<\/div>\n<\/div>\n<\/div>\n<\/div>\n<div class=\"sidebar-wrap single-sidebar\">\n<div class=\"sidebar-inner clearfix\">\n<div id=\"widget-post-2\" class=\"widget rb-section w-sidebar clearfix widget-post\">\n<div class=\"block-h widget-heading heading-layout-1\">\n<div class=\"heading-inner\">\n<h4 class=\"heading-title\"><span>Articole recente<\/span><\/h4>\n<\/div>\n<\/div>\n<div class=\"widget-p-listing\">\n<div class=\"p-wrap p-small p-list-small-2\" data-pid=\"252832\">\n<div class=\"feat-holder\">\n<div class=\"p-featured ratio-v1\"><a class=\"p-flink\" href=\"https:\/\/ortodoxinfo.ro\/2026\/07\/28\/interviu-politico-george-simion-loveste-in-conducerea-de-la-bruxelles-vor-sa-distruga-europa-campionul-maga-al-romaniei-a-amintit-de-anularea-alegerilor-si-de-planul-de-suspendare-a-ilegi\/\" title=\"INTERVIU POLITICO \/ George Simion love\u0219te \u00een conducerea de la Bruxelles: \u201eVor s\u0103 distrug\u0103 Europa!\u201d. \u201eCampionul MAGA al Rom\u00e2niei\u201d a amintit de anularea alegerilor \u0219i de planul de suspendare a ilegitimului Nicu\u0219or Dan\"><img decoding=\"async\" width=\"150\" height=\"150\" src=\"https:\/\/ortodoxinfo.ro\/wp-content\/uploads\/2026\/07\/GettyImages-2216703433-scaled-1-150x150.jpg\" class=\"featured-img wp-post-image\" alt loading=\"lazy\"><\/a><\/div>\n<\/div>\n<div class=\"p-content\">\n<h5 class=\"entry-title\"><a class=\"p-url\" href=\"https:\/\/ortodoxinfo.ro\/2026\/07\/28\/interviu-politico-george-simion-loveste-in-conducerea-de-la-bruxelles-vor-sa-distruga-europa-campionul-maga-al-romaniei-a-amintit-de-anularea-alegerilor-si-de-planul-de-suspendare-a-ilegi\/\" rel=\"bookmark\">INTERVIU POLITICO \/ George Simion love\u0219te \u00een conducerea de la Bruxelles: \u201eVor s\u0103 distrug\u0103 Europa!\u201d. \u201eCampionul MAGA al Rom\u00e2niei\u201d a amintit de anularea alegerilor \u0219i de planul de suspendare a ilegitimului Nicu\u0219or Dan<\/a><\/h5>\n<div class=\"p-meta\">\n<div class=\"meta-inner is-meta\"><span class=\"meta-el meta-date\"><time datetime=\"2026-07-28T16:14:39+03:00\">28 iulie 2026<\/time><\/span><span class=\"meta-el meta-category meta-bold\"><a class=\"meta-separate category-19866\" href=\"https:\/\/ortodoxinfo.ro\/category\/lupta-pentru-romania\/\">Lupt\u0103 pentru Rom\u00e2nia<\/a><\/span><span class=\"meta-el meta-view\">5.3k vizualiz\u0103ri\t\t<\/span><\/div>\n<\/div>\n<\/div>\n<\/div>\n<div class=\"p-wrap p-small p-list-small-2\" data-pid=\"252752\">\n<div class=\"feat-holder\">\n<div class=\"p-featured ratio-v1\"><a class=\"p-flink\" href=\"https:\/\/ortodoxinfo.ro\/2026\/07\/28\/premiera-mondiala-in-medicina-o-femeie-nevazatoare-si-a-recapatat-vederea-dupa-un-transplant-unic-de-retina\/\" title=\"Premier\u0103 mondial\u0103 \u00een medicin\u0103: o femeie nev\u0103z\u0103toare \u0219i-a rec\u0103p\u0103tat vederea dup\u0103 un transplant unic de retin\u0103\"><img decoding=\"async\" width=\"150\" height=\"150\" src=\"https:\/\/ortodoxinfo.ro\/wp-content\/uploads\/2026\/07\/jafar-ahmed-e285pjbc4ue-unsplash-150x150.jpg\" class=\"featured-img wp-post-image\" alt loading=\"lazy\"><\/a><\/div>\n<\/div>\n<div class=\"p-content\">\n<h5 class=\"entry-title\"><a class=\"p-url\" href=\"https:\/\/ortodoxinfo.ro\/2026\/07\/28\/premiera-mondiala-in-medicina-o-femeie-nevazatoare-si-a-recapatat-vederea-dupa-un-transplant-unic-de-retina\/\" rel=\"bookmark\">Premier\u0103 mondial\u0103 \u00een medicin\u0103: o femeie nev\u0103z\u0103toare \u0219i-a rec\u0103p\u0103tat vederea dup\u0103 un transplant unic de retin\u0103<\/a><\/h5>\n<div class=\"p-meta\">\n<div class=\"meta-inner is-meta\"><span class=\"meta-el meta-date\"><time datetime=\"2026-07-28T14:31:28+03:00\">28 iulie 2026<\/time><\/span><span class=\"meta-el meta-category meta-bold\"><a class=\"meta-separate category-584\" href=\"https:\/\/ortodoxinfo.ro\/category\/stiri\/sanatate\/\">S\u0103n\u0103tate<\/a><\/span><span class=\"meta-el meta-view\">2.5k vizualiz\u0103ri\t\t<\/span><\/div>\n<\/div>\n<\/div>\n<\/div>\n<div class=\"p-wrap p-small p-list-small-2\" data-pid=\"252744\">\n<div class=\"feat-holder\">\n<div class=\"p-featured ratio-v1\"><a class=\"p-flink\" href=\"https:\/\/ortodoxinfo.ro\/2026\/07\/28\/gheorghe-piperea-atrage-atentia-asupra-ai-care-poate-prelua-controlul-omenirii\/\" title=\"Gheorghe Piperea atrage aten\u021bia asupra AI, care poate prelua controlul omenirii\"><img decoding=\"async\" width=\"150\" height=\"150\" src=\"https:\/\/ortodoxinfo.ro\/wp-content\/uploads\/2026\/07\/1766855796474-150x150.png\" class=\"featured-img wp-post-image\" alt loading=\"lazy\"><\/a><\/div>\n<\/div>\n<div class=\"p-content\">\n<h5 class=\"entry-title\"><a class=\"p-url\" href=\"https:\/\/ortodoxinfo.ro\/2026\/07\/28\/gheorghe-piperea-atrage-atentia-asupra-ai-care-poate-prelua-controlul-omenirii\/\" rel=\"bookmark\">Gheorghe Piperea atrage aten\u021bia asupra AI, care poate prelua controlul omenirii<\/a><\/h5>\n<div class=\"p-meta\">\n<div class=\"meta-inner is-meta\"><span class=\"meta-el meta-date\"><time datetime=\"2026-07-28T10:21:23+03:00\">28 iulie 2026<\/time><\/span><span class=\"meta-el meta-category meta-bold\"><a class=\"meta-separate category-19823\" href=\"https:\/\/ortodoxinfo.ro\/category\/anti-sistem\/transumanism\/inteligenta-artificiala\/\">Inteligen\u021ba artificial\u0103<\/a><\/span><span class=\"meta-el meta-view\">4k vizualiz\u0103ri\t\t<\/span><\/div>\n<\/div>\n<\/div>\n<\/div>\n<div class=\"p-wrap p-small p-list-small-2\" data-pid=\"252651\">\n<div class=\"feat-holder\">\n<div class=\"p-featured ratio-v1\"><a class=\"p-flink\" href=\"https:\/\/ortodoxinfo.ro\/2026\/07\/28\/singura-drona-vazuta-de-poporul-roman-este-cea-ucraineana-nicusor-dan-trebuie-executat-de-lege-pentru-ajutarea-inamicului\/\" title=\"Singura dron\u0103 v\u0103zut\u0103 de poporul rom\u00e2n este cea ucrainean\u0103! Nicu\u0219or Dan trebuie EXECUTAT de lege pentru ajutarea inamicului\"><img decoding=\"async\" width=\"150\" height=\"150\" src=\"https:\/\/ortodoxinfo.ro\/wp-content\/uploads\/2026\/07\/uuuu1.webp-150x150.webp\" class=\"featured-img wp-post-image\" alt loading=\"lazy\"><\/a><\/div>\n<\/div>\n<div class=\"p-content\">\n<h5 class=\"entry-title\"><a class=\"p-url\" href=\"https:\/\/ortodoxinfo.ro\/2026\/07\/28\/singura-drona-vazuta-de-poporul-roman-este-cea-ucraineana-nicusor-dan-trebuie-executat-de-lege-pentru-ajutarea-inamicului\/\" rel=\"bookmark\">Singura dron\u0103 v\u0103zut\u0103 de poporul rom\u00e2n este cea ucrainean\u0103! Nicu\u0219or Dan trebuie EXECUTAT de lege pentru ajutarea inamicului<\/a><\/h5>\n<div class=\"p-meta\">\n<div class=\"meta-inner is-meta\"><span class=\"meta-el meta-date\"><time datetime=\"2026-07-28T01:21:57+03:00\">28 iulie 2026<\/time><\/span><span class=\"meta-el meta-category meta-bold\"><a class=\"meta-separate category-19885\" href=\"https:\/\/ortodoxinfo.ro\/category\/anti-sistem\/anti-romanism\/asasinii-tarii\/\">Asasinii \u021b\u0103rii<\/a><\/span><span class=\"meta-el meta-view\">13.5k vizualiz\u0103ri\t\t<\/span><\/div>\n<\/div>\n<\/div>\n<\/div>\n<\/div>\n<\/div>\n<div id=\"custom_html-2\" class=\"widget_text widget rb-section w-sidebar clearfix widget_custom_html\">\n<div class=\"block-h widget-heading heading-layout-1\">\n<div class=\"heading-inner\">\n<h4 class=\"heading-title\"><span>DONA\u021aII \u00een cont bancar<\/span><\/h4>\n<\/div>\n<\/div>\n<div class=\"textwidget custom-html-widget\">\n<table class=\"donatii\">\n<tbody>\n<tr>\n<th colspan=\"2\"><strong><span>Asicia\u021bia SMI-B<\/span><\/strong><\/th>\n<\/tr>\n<tr>\n<th>Cont LEI<\/th>\n<td>RO67CECEB00030RON2081955<\/td>\n<\/tr>\n<tr>\n<th>Cont EURO<\/th>\n<td>RO33CECEB000C1EUR2081978<\/td>\n<\/tr>\n<tr>\n<th>Cod SWIFT<\/th>\n<td>CECEROBU<\/td>\n<\/tr>\n<tr>\n<th colspan=\"2\"><strong>CEC BANK SA<\/strong><\/th>\n<\/tr>\n<\/tbody>\n<\/table>\n<\/div>\n<\/div>\n<\/div>\n<\/div>\n<\/div>\n<\/article>\n<div class=\"entry-content rbct clearfix is-highlight-shares\">\n<div class=\"ruby-table-contents rbtoc table-left table-fw-single-col\">\n<div class=\"toc-header\"><span class=\"h3\">Sumar<\/span><\/div>\n<div class=\"toc-content h5\"><a href=\"https:\/\/ortodoxinfo.ro\/2026\/07\/28\/usor-cu-nicusor-a-inceput-greva-generala-in-sanatate-angajatii-din-peste-400-de-spitale-din-tara-participa-la-protest\/#sute-de-spitale-vor-asigura-doar-asistenta-medicala-si-serviciile-esentiale\" class=\"table-link no-link anchor-link\" data-index=\"rb-heading-index-0\">Sute de spitale vor asigura doar asisten\u0163a medical\u0103 \u015fi serviciile esen\u0163iale<\/a><a href=\"https:\/\/ortodoxinfo.ro\/2026\/07\/28\/usor-cu-nicusor-a-inceput-greva-generala-in-sanatate-angajatii-din-peste-400-de-spitale-din-tara-participa-la-protest\/#cum-vor-fi-afectati-pacientii\" class=\"table-link no-link anchor-link\" data-index=\"rb-heading-index-1\">Cum vor fi afecta\u021bi pacien\u021bii<\/a><a href=\"https:\/\/ortodoxinfo.ro\/2026\/07\/28\/usor-cu-nicusor-a-inceput-greva-generala-in-sanatate-angajatii-din-peste-400-de-spitale-din-tara-participa-la-protest\/#de-ce-protesteaza-sindicalistii\" class=\"table-link no-link anchor-link\" data-index=\"rb-heading-index-2\">De ce protesteaz\u0103 sindicali\u0219tii<\/a><a href=\"https:\/\/ortodoxinfo.ro\/2026\/07\/28\/usor-cu-nicusor-a-inceput-greva-generala-in-sanatate-angajatii-din-peste-400-de-spitale-din-tara-participa-la-protest\/#sindicatele-contesta-noul-sistem-de-acordare-a-sporurilor\" class=\"table-link no-link anchor-link\" data-index=\"rb-heading-index-3\">Sindicatele contest\u0103 noul sistem de acordare a sporurilor<\/a><\/div>\n<\/div>\n<p id=\"p-0\">Federa\u021bia Sanitas a declan\u0219at, mar\u021bi, 28 iulie, greva general\u0103 pe termen nelimitat \u00een sistemul public de s\u0103n\u0103tate \u0219i de asisten\u021b\u0103 social\u0103. Sindicali\u0219tii contest\u0103 noua Lege a salariz\u0103rii \u0219i sus\u021bin c\u0103 aceasta men\u021bine inechit\u0103\u021bile din sistem.<\/p>\n<blockquote>\n<p id=\"p-1\"><strong>\u201eDragi colegi, \u00eencep\u00e2nd de ast\u0103zi suntem \u00een grev\u0103. \u00cempreun\u0103\u201d, a anun\u021bat mar\u021bi Iulian Pope, pre\u0219edintele Federa\u021biei SANITAS, \u00eentr-un mesaj publicat pe Facebook.<\/strong><\/p>\n<\/blockquote>\n<p id=\"p-9\">Acesta a sus\u021binut c\u0103 revendic\u0103rile angaja\u021bilor din s\u0103n\u0103tate nu reprezint\u0103 privilegii, ci privesc condi\u021biile de munc\u0103, salarizarea \u0219i func\u021bionarea sistemului public.<\/p>\n<blockquote>\n<p id=\"p-10\"><strong>\u201eCeea ce cerem noi politicului nu sunt privilegii. Cerem responsabilitate fa\u021b\u0103 de oamenii care muncesc \u0219i fa\u021b\u0103 de pacien\u021bi. Cerem s\u0103 \u00een\u021beleag\u0103 faptul c\u0103 S\u0103n\u0103tatea nu se conduce \u00eempotriva oamenilor care o \u021bin \u00een picioare\u201d, a transmis Iulian Pope.<\/strong><\/p>\n<\/blockquote>\n<h2 id=\"sute-de-spitale-vor-asigura-doar-asistenta-medicala-si-serviciile-esentiale\" class=\"rb-heading-index-0\">Sute de spitale vor asigura doar asisten\u0163a medical\u0103 \u015fi serviciile esen\u0163iale<\/h2>\n<p id=\"p-11\">Angaja\u021bii din peste 400 de spitale din \u021bar\u0103 particip\u0103 la greva general\u0103. \u00cen timpul grevei vor fi asigurate urgen\u021bele \u0219i serviciile medicale obligatorii. Potrivit Sanitas, unit\u0103\u021bile sanitare vor men\u021bine cel pu\u021bin o treime din activitatea normal\u0103, astfel \u00eenc\u00e2t via\u021ba \u0219i s\u0103n\u0103tatea pacien\u021bilor s\u0103 nu fie puse \u00een pericol.<\/p>\n<p id=\"p-13\">Mai multe spitale au anun\u021bat c\u0103 activitatea va continua normal \u00een sec\u021biile esen\u021biale, precum unit\u0103\u021bile de primiri urgen\u021be, terapia intensiv\u0103, dializa, oncologia \u0219i camerele de gard\u0103. Unele consulta\u021bii \u0219i servicii care nu reprezint\u0103 urgen\u021be ar putea fi reprogramate.<\/p>\n<h2 id=\"cum-vor-fi-afectati-pacientii\" class=\"rb-heading-index-1\">Cum vor fi afecta\u021bi pacien\u021bii<\/h2>\n<p id=\"p-14\">Chiar dac\u0103 va fi declan\u0219at\u0103 greva general\u0103, activitatea din spitale nu va fi oprit\u0103 complet. Conform legisla\u021biei, fiecare unitate medical\u0103 trebuie s\u0103 \u00eentocmeasc\u0103 un plan de grev\u0103, stabilit de manager \u00eempreun\u0103 cu reprezentan\u021bii sindicatelor. Acesta prevede personalul care va r\u0103m\u00e2ne la serviciu \u0219i sec\u021biile \u00een care activitatea va continua.<\/p>\n<p id=\"p-15\">Legea impune ca cel pu\u021bin o treime dintre angaja\u021bii spitalului s\u0103 asigure continuitatea activit\u0103\u021bii, \u00een special pentru acordarea asisten\u021bei medicale de urgen\u021b\u0103.<\/p>\n<h2 id=\"de-ce-protesteaza-sindicalistii\" class=\"rb-heading-index-2\">De ce protesteaz\u0103 sindicali\u0219tii<\/h2>\n<p id=\"p-16\">Principala nemul\u021bumire a Federa\u021biei Sanitas este legat\u0103 de noua Lege a salariz\u0103rii. Sindicatul a ob\u021binut \u00een instan\u021b\u0103 suspendarea provizorie a actului normativ, invoc\u00e2nd faptul c\u0103 organiza\u021biile sindicale nu au fost consultate \u00een procesul de elaborare. Decizia nu este \u00eens\u0103 definitiv\u0103.<\/p>\n<p id=\"p-18\">\u00cen paralel, sindicali\u0219tii au solicitat medierea pre\u0219edintelui Nicu\u0219or Dan \u00een conflictul privind legea, \u00eens\u0103 p\u00e2n\u0103 \u00een prezent nu a avut loc o \u00eent\u00e2lnire la Palatul Cotroceni. Totodat\u0103, Sanitas a refuzat s\u0103 participe la consult\u0103rile organizate de Ministerul Muncii pe tema proiectului.<\/p>\n<h2 id=\"sindicatele-contesta-noul-sistem-de-acordare-a-sporurilor\" class=\"rb-heading-index-3\">Sindicatele contest\u0103 noul sistem de acordare a sporurilor<\/h2>\n<p id=\"p-19\">Reprezentan\u021bii Sanitas sus\u021bin c\u0103, de\u0219i proiectul a fost modificat \u00een urma negocierilor, forma actual\u0103 nu elimin\u0103 diferen\u021bele salariale dintre angaja\u021bi \u0219i schimb\u0103 modul de acordare a sporurilor \u00eentr-un mod considerat inechitabil.<\/p>\n<div class=\"inline-single-ad ad_single_3_index alignfull\">\n<div class=\"ad-wrap ad-script-wrap\">\n<div class=\"ad-script non-adsense edge-padding\">\n<div>\n\u203c\ufe0f\u203c\ufe0f NU recunoa\u0219tem ca pre\u0219edinte al Rom\u00e2niei pe marioneta retard\u0103 Nicu\u0219or Dan! Rom\u00e2ni, boicota\u021bi aceast\u0103 f\u0103c\u0103tur\u0103, care ne face \u021bara de r\u00e2s! NU rom\u00e2nii l-au votat pe Nicusoro\u0219 &#8211; cu unele excep\u021bii de persoane infantile, manipulabile \u0219i chiar idioate &#8211; ci l-au ajutat Maia Soro\u0219, Emanuel Macrou \u0219i tr\u0103d\u0103torii de la B.E.C. \u0219i CCR!<br \/>\n La \u00eenchisoare cu cei care au fraudat alegerile!\n<\/div>\n<\/div>\n<\/div>\n<\/div>\n<p id=\"p-20\">Potrivit noilor prevederi, sporurile nu vor mai fi acordate exclusiv \u00een func\u021bie de condi\u021biile de munc\u0103, ci vor fi \u00eemp\u0103r\u021bite pe trei niveluri. Sporurile de nivelul 1 vor putea fi acordate pentru cel mult 10% dintre angaja\u021bi, iar cele din nivelurile 2 \u0219i 3 pentru maximum 20% dintre salaria\u021bi.<\/p>\n<\/div>\n<p>[analyse_source url=&#8221;https:\/\/ortodoxinfo.ro\/2026\/07\/28\/usor-cu-nicusor-a-inceput-greva-generala-in-sanatate-angajatii-din-peste-400-de-spitale-din-tara-participa-la-protest\/&#8221;]<\/p>\n","protected":false},"excerpt":{"rendered":"<p>[analyse_image type=&#8221;featured&#8221; src=&#8221;https:\/\/ortodoxinfo.ro\/wp-content\/uploads\/2026\/07\/1-13.jpeghttps:\/\/ortodoxinfo.ro\/wp-content\/uploads\/2026\/07\/1-13.jpeg&#8221;] Prima pagin\u0103 \u00bb Blog \u00bb U\u0218OR CU NICU\u0218OR: A \u00eenceput greva general\u0103 \u00een s\u0103n\u0103tate. Angaja\u021bii din peste 400 de spitale din \u021bar\u0103 particip\u0103 la protest U\u0218OR CU NICU\u0218OR: A \u00eenceput greva general\u0103 \u00een s\u0103n\u0103tate. Angaja\u021bii din peste 400 de spitale din \u021bar\u0103 particip\u0103 la protest 28 iulie 2026Asasinii \u021b\u0103rii3.5k vizualiz\u0103ri 1 comentariu [&hellip;]<\/p>\n","protected":false},"author":1,"featured_media":0,"comment_status":"open","ping_status":"","sticky":false,"template":"","format":"standard","meta":{"footnotes":""},"categories":[89],"tags":[226,94],"class_list":["post-2065504","post","type-post","status-publish","format-standard","hentry","category-romania","tag-crawlmanager","tag-ortodoxinfo-ro"],"_links":{"self":[{"href":"https:\/\/analyse.optim.biz\/index.php?rest_route=\/wp\/v2\/posts\/2065504","targetHints":{"allow":["GET"]}}],"collection":[{"href":"https:\/\/analyse.optim.biz\/index.php?rest_route=\/wp\/v2\/posts"}],"about":[{"href":"https:\/\/analyse.optim.biz\/index.php?rest_route=\/wp\/v2\/types\/post"}],"author":[{"embeddable":true,"href":"https:\/\/analyse.optim.biz\/index.php?rest_route=\/wp\/v2\/users\/1"}],"replies":[{"embeddable":true,"href":"https:\/\/analyse.optim.biz\/index.php?rest_route=%2Fwp%2Fv2%2Fcomments&post=2065504"}],"version-history":[{"count":0,"href":"https:\/\/analyse.optim.biz\/index.php?rest_route=\/wp\/v2\/posts\/2065504\/revisions"}],"wp:attachment":[{"href":"https:\/\/analyse.optim.biz\/index.php?rest_route=%2Fwp%2Fv2%2Fmedia&parent=2065504"}],"wp:term":[{"taxonomy":"category","embeddable":true,"href":"https:\/\/analyse.optim.biz\/index.php?rest_route=%2Fwp%2Fv2%2Fcategories&post=2065504"},{"taxonomy":"post_tag","embeddable":true,"href":"https:\/\/analyse.optim.biz\/index.php?rest_route=%2Fwp%2Fv2%2Ftags&post=2065504"}],"curies":[{"name":"wp","href":"https:\/\/api.w.org\/{rel}","templated":true}]}}