{"id":2065501,"date":"2026-07-28T11:31:28","date_gmt":"2026-07-28T08:31:28","guid":{"rendered":"https:\/\/analyse.optim.biz\/?p=2065501"},"modified":"2026-07-28T11:31:28","modified_gmt":"2026-07-28T08:31:28","slug":"premiera-mondiala-in-medicina-o-femeie-nevazatoare-si-a-recapatat-vederea-dupa-un-transplant-unic-de-retina","status":"publish","type":"post","link":"https:\/\/analyse.optim.biz\/?p=2065501","title":{"rendered":"Premier\u0103 mondial\u0103 \u00een medicin\u0103: o femeie nev\u0103z\u0103toare \u0219i-a rec\u0103p\u0103tat vederea dup\u0103 un transplant unic de retin\u0103"},"content":{"rendered":"<p>[analyse_image type=&#8221;featured&#8221; src=&#8221;https:\/\/ortodoxinfo.ro\/wp-content\/uploads\/2026\/07\/jafar-ahmed-e285pjbc4ue-unsplash.jpghttps:\/\/ortodoxinfo.ro\/wp-content\/uploads\/2026\/07\/jafar-ahmed-e285pjbc4ue-unsplash.jpg&#8221;]<\/p>\n<article id=\"post-252752\" class=\"post-252752 post type-post status-publish format-standard has-post-thumbnail category-sanatate\">\n<header class=\"single-header\">\n<aside class=\"breadcrumb-wrap breadcrumb-yoast s-breadcrumb\">\n<div class=\"breadcrumb-inner\"><span><span><a href=\"https:\/\/ortodoxinfo.ro\/\">Prima pagin\u0103<\/a><\/span> \u00bb <span><a href=\"https:\/\/ortodoxinfo.ro\/blog\/\">Blog<\/a><\/span> \u00bb <span class=\"breadcrumb_last\" aria-current=\"page\">Premier\u0103 mondial\u0103 \u00een medicin\u0103: o femeie nev\u0103z\u0103toare \u0219i-a rec\u0103p\u0103tat vederea dup\u0103 un transplant unic de retin\u0103<\/span><\/span><\/div>\n<\/aside>\n<h1 class=\"s-title fw-headline\">Premier\u0103 mondial\u0103 \u00een medicin\u0103: o femeie nev\u0103z\u0103toare \u0219i-a rec\u0103p\u0103tat vederea dup\u0103 un transplant unic de retin\u0103<\/h1>\n<div class=\"single-meta meta-s-default yes-0\">\n<div class=\"smeta-in\"><a class=\"meta-el meta-avatar\" href=\"https:\/\/ortodoxinfo.ro\/author\/redactor\/\"><img loading=\"lazy\" decoding=\"async\" alt=\"OrtodoxINFO\" src=\"https:\/\/secure.gravatar.com\/avatar\/21010332354a182ce4de6016685c5586f21c51866d0ec5bc8ef383240b3c3e02?s=120&amp;r=g\" class=\"avatar avatar-120 photo\" height=\"120\" width=\"120\"><\/a><\/p>\n<div class=\"smeta-sec\">\n<div class=\"p-meta\">\n<div class=\"meta-inner is-meta\"><span class=\"meta-el meta-date\"><time datetime=\"2026-07-28T14:31:28+03:00\">28 iulie 2026<\/time><\/span><span class=\"meta-el meta-category meta-bold\"><a class=\"meta-separate category-584\" href=\"https:\/\/ortodoxinfo.ro\/category\/stiri\/sanatate\/\">S\u0103n\u0103tate<\/a><\/span><span class=\"meta-el meta-view\">2.5k vizualiz\u0103ri\t\t<\/span><span class=\"meta-el meta-comment mobile-last-meta tablet-last-meta\"><a href=\"https:\/\/ortodoxinfo.ro\/2026\/07\/28\/premiera-mondiala-in-medicina-o-femeie-nevazatoare-si-a-recapatat-vederea-dupa-un-transplant-unic-de-retina\/#respond\">Comentarii<\/a><\/span><\/div>\n<\/div>\n<\/div>\n<\/div>\n<div class=\"smeta-extra\">\n<div class=\"t-shared-sec tooltips-n has-read-meta is-color\">\n<div class=\"t-shared-header is-meta\"><span class=\"share-label\">Share<\/span><\/div>\n<\/div>\n<div class=\"single-right-meta single-time-read is-meta\"><span class=\"meta-el meta-read\">4 Min Read<\/span><\/div>\n<\/div>\n<\/div>\n<\/header>\n<div class=\"grid-container\">\n<div class=\"s-ct\">\n<div class=\"s-feat-outer\">\n<div class=\"s-feat\">\n<div class=\"featured-lightbox-trigger\" data-source=\"https:\/\/ortodoxinfo.ro\/wp-content\/uploads\/2026\/07\/jafar-ahmed-e285pjbc4ue-unsplash.jpg\" data-caption data-attribution><img fetchpriority=\"high\" decoding=\"async\" width=\"860\" height=\"573\" src=\"https:\/\/ortodoxinfo.ro\/wp-content\/uploads\/2026\/07\/jafar-ahmed-e285pjbc4ue-unsplash-860x573.jpg\" class=\"attachment-foxiz_crop_o1 size-foxiz_crop_o1 wp-post-image\" alt loading=\"eager\"><\/div>\n<\/div>\n<\/div>\n<div class=\"s-ct-wrap has-lsl\">\n<div class=\"s-ct-inner\">\n<div class=\"l-shared-sec-outer show-mobile\">\n<div class=\"l-shared-sec\">\n<div class=\"l-shared-header meta-text\"><span class=\"share-label\">SHARE<\/span><\/div>\n<\/div>\n<\/div>\n<div class=\"e-ct-outer\">\n<div class=\"entry-top\">\n<div id=\"custom_html-3\" class=\"widget_text widget entry-widget clearfix widget_custom_html\">\n<div class=\"textwidget custom-html-widget\">\n<div><small><br \/>\n    OrtodoxINFO este supus unui sabotaj sistematic din partea reprezentan\u021bilor Google Rom\u00e2nia, at\u00e2t la afi\u0219\u0103ri c\u00e2t \u0219i \u00een rezultatele de c\u0103utare.<br \/>\n        Astfel c\u0103 veniturile din publicitate au sc\u0103zut de p\u00e2n\u0103 la <strong>10 ori<\/strong>. Situa\u021bia este similar\u0103 \u0219i pe Facebook.<\/p>\n<p>        V\u0103 invit\u0103m s\u0103 accesa\u021bi direct site-ul \u0219i s\u0103 v\u0103 abona\u021bi la notific\u0103ri.<\/p>\n<p>    Dac\u0103 dori\u021bi s\u0103 ne sus\u021bine\u021bi \u00een aceast\u0103 perioad\u0103 dificil\u0103, orice <a href=\"https:\/\/ortodoxinfo.ro\/donatii\/\">dona\u021bie<\/a> este binevenit\u0103.<br \/>\n    Dumnezeu s\u0103 v\u0103 r\u0103spl\u0103teasc\u0103!<br \/>\n<\/small><\/div>\n<\/div>\n<\/div>\n<\/div>\n<div class=\"entry-content rbct clearfix is-highlight-shares\">\n<div class=\"ruby-table-contents rbtoc table-left table-fw-single-col\">\n<div class=\"toc-header\"><span class=\"h3\">Sumar<\/span><\/div>\n<div class=\"toc-content h5\"><a href=\"https:\/\/ortodoxinfo.ro\/2026\/07\/28\/premiera-mondiala-in-medicina-o-femeie-nevazatoare-si-a-recapatat-vederea-dupa-un-transplant-unic-de-retina\/#transplant-unic-in-lume-macula-a-fost-mutata-de-la-un-ochi-la-celalalt\" class=\"table-link no-link anchor-link\" data-index=\"rb-heading-index-0\">Transplant unic \u00een lume: macula a fost mutat\u0103 de la un ochi la cel\u0103lalt<\/a><a href=\"https:\/\/ortodoxinfo.ro\/2026\/07\/28\/premiera-mondiala-in-medicina-o-femeie-nevazatoare-si-a-recapatat-vederea-dupa-un-transplant-unic-de-retina\/#specialistii-cer-prudenta-pana-la-publicarea-studiilor\" class=\"table-link no-link anchor-link\" data-index=\"rb-heading-index-1\">Speciali\u0219tii cer pruden\u021b\u0103 p\u00e2n\u0103 la publicarea studiilor<\/a><\/div>\n<\/div>\n<p id=\"p-0\"><strong>Medicii din Italia au realizat o interven\u021bie f\u0103r\u0103 precedent, transplant\u00e2nd pentru prima dat\u0103 \u00een lume partea central\u0103 a retinei, macula. Pacienta, o femeie de 67 de ani care era nev\u0103z\u0103toare de cinci ani, \u0219i-a rec\u0103p\u0103tat vederea, iar primele rezultate sunt considerate promi\u021b\u0103toare.<\/strong><\/p>\n<p id=\"p-1\">O echip\u0103 de medici din Italia a reu\u0219it o performan\u021b\u0103 medical\u0103 f\u0103r\u0103 precedent, efectu\u00e2nd primul transplant din lume al maculei \u2013 partea central\u0103 a retinei responsabil\u0103 de vederea clar\u0103 \u0219i detaliat\u0103. Interven\u021bia a fost realizat\u0103 la Spitalul Molinette din Torino \u0219i i-a redat vederea unei paciente de 67 de ani, care \u00ee\u0219i pierduse complet capacitatea de a vedea \u00een urm\u0103 cu cinci ani, potrivit <a href=\"https:\/\/www.brusselstimes.com\/belgium\/2248171\/blind-woman-sees-again-thanks-to-worlds-first-successful-macula-transplant\">The Brussels Times.<\/a><\/p>\n<p id=\"p-2\" class=\"wp-caption-text\">Foto: Unsplash \u2013 Imagine cu rol ilustrativ<\/p>\n<p id=\"p-3\">Potrivit reprezentan\u021bilor spitalului, femeia a r\u0103mas nev\u0103z\u0103toare \u00een urma unui grav accident rutier care i-a afectat ambii ochi.<\/p>\n<p id=\"p-4\">Ochiul st\u00e2ng a suferit o leziune ireversibil\u0103 a nervului optic, ceea ce a \u00eempiedicat transmiterea informa\u021biilor vizuale c\u0103tre creier, de\u0219i structurile oculare au r\u0103mas intacte. \u00cen acela\u0219i timp, ochiul drept, afectat anterior de maculopatie, a suferit traumatisme severe care au compromis retina \u0219i corneea.<\/p>\n<h2 id=\"transplant-unic-in-lume-macula-a-fost-mutata-de-la-un-ochi-la-celalalt\" class=\"rb-heading-index-0\">Transplant unic \u00een lume: macula a fost mutat\u0103 de la un ochi la cel\u0103lalt<\/h2>\n<p id=\"p-5\">Medicii au explicat c\u0103 o gref\u0103 clasic\u0103 de cornee nu mai era posibil\u0103, deoarece zona care con\u021bine celule stem fusese complet distrus\u0103.<\/p>\n<p id=\"p-6\">Pentru a dep\u0103\u0219i aceast\u0103 limitare, profesorul Michele Reibaldi \u0219i echipa sa au recurs la o procedur\u0103 inovatoare.<\/p>\n<p id=\"p-7\">Folosind \u021besuturile s\u0103n\u0103toase ale ochiului st\u00e2ng, care nu mai putea transmite imagini c\u0103tre creier, chirurgii au prelevat \u0219i au transplantat la ochiul drept un bloc anatomic complet, alc\u0103tuit din cornee, scler\u0103, conjunctiv\u0103 \u0219i, \u00een premier\u0103 mondial\u0103, macula, partea central\u0103 a retinei.<\/p>\n<p>&lt;\/div id=\u201dattachment_20964268\u2033 style=\u201dwidth: 1930px\u201d class=\u201dwp-caption alignnone\u201d&gt;<\/p>\n<div class=\"inline-single-ad ad_single_3_index alignfull\">\n<div class=\"ad-wrap ad-script-wrap\">\n<div class=\"ad-script non-adsense edge-padding\">\n<div>\n\u203c\ufe0f\u203c\ufe0f NU recunoa\u0219tem ca pre\u0219edinte al Rom\u00e2niei pe marioneta retard\u0103 Nicu\u0219or Dan! Rom\u00e2ni, boicota\u021bi aceast\u0103 f\u0103c\u0103tur\u0103, care ne face \u021bara de r\u00e2s! NU rom\u00e2nii l-au votat pe Nicusoro\u0219 &#8211; cu unele excep\u021bii de persoane infantile, manipulabile \u0219i chiar idioate &#8211; ci l-au ajutat Maia Soro\u0219, Emanuel Macrou \u0219i tr\u0103d\u0103torii de la B.E.C. \u0219i CCR!<br \/>\n La \u00eenchisoare cu cei care au fraudat alegerile!\n<\/div>\n<\/div>\n<\/div>\n<\/div>\n<p id=\"p-8\" class=\"wp-caption-text\">Foto: Unsplash \u2013 Imagine cu rol ilustrativ<\/p>\n<p id=\"p-9\">Potrivit medicilor, acest \u201etransfer biologic\u201d a permis reconstruirea unui ochi func\u021bional pornind de la structurile s\u0103n\u0103toase r\u0103mase \u00een cei doi ochi afecta\u021bi.<\/p>\n<p id=\"p-10\">Interven\u021bia chirurgical\u0103, considerat\u0103 extrem de complex\u0103, a durat aproape \u0219ase ore.<\/p>\n<blockquote>\n<p id=\"p-11\">\u201eA\u0219tept\u0103m acum s\u0103 vedem \u00een ce m\u0103sur\u0103 retina transplantat\u0103 va fi capabil\u0103 s\u0103 func\u021bioneze, \u00eens\u0103 primele rezultate sunt \u00eencurajatoare\u201d, a declarat profesorul Michele Reibaldi, coordonatorul echipei medicale.<\/p>\n<\/blockquote>\n<h2 id=\"specialistii-cer-prudenta-pana-la-publicarea-studiilor\" class=\"rb-heading-index-1\">Speciali\u0219tii cer pruden\u021b\u0103 p\u00e2n\u0103 la publicarea studiilor<\/h2>\n<p id=\"p-12\">Performan\u021ba a fost confirmat\u0103 \u0219i de profesorul Michel Paques, \u0219eful serviciului de oftalmologie al Spitalului Na\u021bional 15-20 din Paris, care a declarat pentru AFP c\u0103 este vorba despre o premier\u0103 mondial\u0103.<\/p>\n<p id=\"p-13\">Cu toate acestea, specialistul atrage aten\u021bia c\u0103 rezultatele trebuie validate prin studii \u0219tiin\u021bifice \u0219i analizate de comunitatea medical\u0103 interna\u021bional\u0103.<\/p>\n<blockquote>\n<p id=\"p-14\">\u201e\u00cen absen\u021ba unor date publicate \u0219i evaluate de comunitatea academic\u0103, nu este posibil\u0103 evaluarea obiectiv\u0103 a tehnicii, a reproductibilit\u0103\u021bii sale sau a rezultatelor anun\u021bate\u201d, a precizat profesorul Michel Paques.<\/p>\n<\/blockquote>\n<p id=\"p-15\">Dac\u0103 eficien\u021ba acestei proceduri va fi confirmat\u0103 \u00een urma cercet\u0103rilor viitoare, interven\u021bia ar putea deschide noi perspective pentru tratarea unor forme grave de orbire considerate p\u00e2n\u0103 acum ireversibile.<\/p>\n<\/div>\n<\/div>\n<\/div>\n<div class=\"e-shared-sec entry-sec\">\n<div class=\"e-shared-header h4\"><span>Distribuie<\/span><\/div>\n<div class=\"rbbsl tooltips-n effect-fadeout is-bg\"><a class=\"share-action share-trigger icon-facebook\" aria-label=\"Share on Facebook\" href=\"https:\/\/www.facebook.com\/sharer.php?u=https%3A%2F%2Fortodoxinfo.ro%2F2026%2F07%2F28%2Fpremiera-mondiala-in-medicina-o-femeie-nevazatoare-si-a-recapatat-vederea-dupa-un-transplant-unic-de-retina%2F\" data-title=\"Facebook\" rel=\"nofollow\"><span>Facebook<\/span><\/a><a class=\"share-action share-trigger icon-twitter\" aria-label=\"Share on X\" href=\"https:\/\/twitter.com\/intent\/tweet?text=Premier%C4%83+mondial%C4%83+%C3%AEn+medicin%C4%83%3A+o+femeie+nev%C4%83z%C4%83toare+%C8%99i-a+rec%C4%83p%C4%83tat+vederea+dup%C4%83+un+transplant+unic+de+retin%C4%83&amp;url=https%3A%2F%2Fortodoxinfo.ro%2F2026%2F07%2F28%2Fpremiera-mondiala-in-medicina-o-femeie-nevazatoare-si-a-recapatat-vederea-dupa-un-transplant-unic-de-retina%2F&amp;via=ortodoxinforo\" data-title=\"X\" rel=\"nofollow\"><span>X<\/span><\/a><a class=\"share-action icon-whatsapp is-web\" aria-label=\"Share on Whatsapp\" href=\"https:\/\/web.whatsapp.com\/send?text=Premier%C4%83+mondial%C4%83+%C3%AEn+medicin%C4%83%3A+o+femeie+nev%C4%83z%C4%83toare+%C8%99i-a+rec%C4%83p%C4%83tat+vederea+dup%C4%83+un+transplant+unic+de+retin%C4%83%20%E2%98%9E%20https%3A%2F%2Fortodoxinfo.ro%2F2026%2F07%2F28%2Fpremiera-mondiala-in-medicina-o-femeie-nevazatoare-si-a-recapatat-vederea-dupa-un-transplant-unic-de-retina%2F\" target=\"_blank\" data-title=\"WhatsApp\" rel=\"nofollow\"><span>Whatsapp<\/span><\/a><a class=\"share-action icon-whatsapp is-mobile\" aria-label=\"Share on Whatsapp\" href=\"\/\/send?text=Premier%C4%83+mondial%C4%83+%C3%AEn+medicin%C4%83%3A+o+femeie+nev%C4%83z%C4%83toare+%C8%99i-a+rec%C4%83p%C4%83tat+vederea+dup%C4%83+un+transplant+unic+de+retin%C4%83%20%E2%98%9E%20https%3A%2F%2Fortodoxinfo.ro%2F2026%2F07%2F28%2Fpremiera-mondiala-in-medicina-o-femeie-nevazatoare-si-a-recapatat-vederea-dupa-un-transplant-unic-de-retina%2F\" target=\"_blank\" data-title=\"WhatsApp\" rel=\"nofollow\"><span>Whatsapp<\/span><\/a><a class=\"share-action share-trigger icon-telegram\" aria-label=\"Share on Telegram\" href=\"https:\/\/t.me\/share\/?url=https%3A%2F%2Fortodoxinfo.ro%2F2026%2F07%2F28%2Fpremiera-mondiala-in-medicina-o-femeie-nevazatoare-si-a-recapatat-vederea-dupa-un-transplant-unic-de-retina%2F&amp;text=Premier%C4%83+mondial%C4%83+%C3%AEn+medicin%C4%83%3A+o+femeie+nev%C4%83z%C4%83toare+%C8%99i-a+rec%C4%83p%C4%83tat+vederea+dup%C4%83+un+transplant+unic+de+retin%C4%83\" data-title=\"Telegram\" rel=\"nofollow\"><span>Telegram<\/span><\/a><a class=\"share-action icon-copy copy-trigger\" aria-label=\"Copy Link\" href=\"https:\/\/ortodoxinfo.ro\/2026\/07\/28\/premiera-mondiala-in-medicina-o-femeie-nevazatoare-si-a-recapatat-vederea-dupa-un-transplant-unic-de-retina\/\" data-copied=\"Copied!\" data-link=\"https:\/\/ortodoxinfo.ro\/2026\/07\/28\/premiera-mondiala-in-medicina-o-femeie-nevazatoare-si-a-recapatat-vederea-dupa-un-transplant-unic-de-retina\/\" rel=\"nofollow\" data-copy=\"Copy Link\"><span>Copy Link<\/span><\/a><a class=\"share-action icon-print\" aria-label=\"Print\" rel=\"nofollow\" data-title=\"Print\"><span>Print<\/span><\/a><\/div>\n<\/div>\n<\/div>\n<div id=\"tabs\" class=\"dntplgn_form_wrapper\"><span><\/p>\n<h2>\u0218tirile sunt sub cenzur\u0103! Sprijini\u021bi OrtodoxINFO!<\/h2>\n<p>Guvernul nu dore\u0219te aflarea adev\u0103rului despre lovitura de stat \u0219i \u00eengenuncherea Rom\u00e2niei. \u00cencerc\u0103m s\u0103 men\u021binem viu acest site \u0219i s\u0103 v\u0103 punem la dispozi\u021bie informa\u021bii care s\u0103 fac\u0103 lumin\u0103 \u00een cea mai mare provocare pe care o tr\u0103im. Jurnalismul independent al portalului OrtodoxINFO func\u021bioneaz\u0103 strict cu ajutorul cititorilor.<br \/>\nNe pute\u021bi sprijini printr-o <b><a href=\"https:\/\/ortodoxinfo.ro\/donatii\/\">dona\u021bie bancar\u0103<\/a> sau prin PayPal, complet\u00e2nd formularul de mai jos.<\/b><\/span><\/p>\n<ul>\n<li><a href=\"https:\/\/ortodoxinfo.ro\/2026\/07\/28\/premiera-mondiala-in-medicina-o-femeie-nevazatoare-si-a-recapatat-vederea-dupa-un-transplant-unic-de-retina\/#tabs-1\">Dona\u021bie lunar\u0103<\/a><\/li>\n<li><a href=\"https:\/\/ortodoxinfo.ro\/2026\/07\/28\/premiera-mondiala-in-medicina-o-femeie-nevazatoare-si-a-recapatat-vederea-dupa-un-transplant-unic-de-retina\/#tabs-2\">Doar acum<\/a><\/li>\n<\/ul>\n<div id=\"tabs-1\"><img loading=\"lazy\" decoding=\"async\" alt border=\"0\" src=\"https:\/\/www.paypalobjects.com\/en_US\/i\/scr\/pixel.gif\" width=\"1\" height=\"1\"><\/div>\n<div id=\"tabs-2\">\n<p>\t\t     \u20ac<\/p>\n<p>\t\t    <img loading=\"lazy\" decoding=\"async\" alt border=\"0\" src=\"https:\/\/www.paypalobjects.com\/en_US\/i\/scr\/pixel.gif\" width=\"1\" height=\"1\"><\/div>\n<p>Mul\u021bumim celor care ne-au ajutat p\u00e2n\u0103 acum!\n\t<\/p><\/div>\n<div class=\"comment-box-wrap entry-sec\">\n<div class=\"comment-box-header\"><span class=\"h3\">Las\u0103 un comentariu<\/span><\/div>\n<div class=\"comment-holder no-comment\">\n<div id=\"comments\" class=\"comments-area\">\n<div id=\"respond\" class=\"comment-respond\">\n<h3 id=\"reply-title\" class=\"comment-reply-title\">Las\u0103 un r\u0103spuns <small><a rel=\"nofollow\" id=\"cancel-comment-reply-link\" href=\"https:\/\/ortodoxinfo.ro\/2026\/07\/28\/premiera-mondiala-in-medicina-o-femeie-nevazatoare-si-a-recapatat-vederea-dupa-un-transplant-unic-de-retina\/#respond\">Anuleaz\u0103 r\u0103spunsul<\/a><\/small><\/h3>\n<p class=\"comment-notes\"><span id=\"email-notes\">Adresa ta de email nu va fi publicat\u0103.<\/span><span class=\"required-field-message\">C\u00e2mpurile obligatorii sunt marcate cu <span class=\"required\">*<\/span><\/span><\/p>\n<\/div>\n<\/div>\n<\/div>\n<\/div>\n<\/div>\n<div class=\"sidebar-wrap single-sidebar\">\n<div class=\"sidebar-inner clearfix\">\n<div id=\"widget-post-2\" class=\"widget rb-section w-sidebar clearfix widget-post\">\n<div class=\"block-h widget-heading heading-layout-1\">\n<div class=\"heading-inner\">\n<h4 class=\"heading-title\"><span>Articole recente<\/span><\/h4>\n<\/div>\n<\/div>\n<div class=\"widget-p-listing\">\n<div class=\"p-wrap p-small p-list-small-2\" data-pid=\"252832\">\n<div class=\"feat-holder\">\n<div class=\"p-featured ratio-v1\"><a class=\"p-flink\" href=\"https:\/\/ortodoxinfo.ro\/2026\/07\/28\/interviu-politico-george-simion-loveste-in-conducerea-de-la-bruxelles-vor-sa-distruga-europa-campionul-maga-al-romaniei-a-amintit-de-anularea-alegerilor-si-de-planul-de-suspendare-a-ilegi\/\" title=\"INTERVIU POLITICO \/ George Simion love\u0219te \u00een conducerea de la Bruxelles: \u201eVor s\u0103 distrug\u0103 Europa!\u201d. \u201eCampionul MAGA al Rom\u00e2niei\u201d a amintit de anularea alegerilor \u0219i de planul de suspendare a ilegitimului Nicu\u0219or Dan\"><img decoding=\"async\" width=\"150\" height=\"150\" src=\"https:\/\/ortodoxinfo.ro\/wp-content\/uploads\/2026\/07\/GettyImages-2216703433-scaled-1-150x150.jpg\" class=\"featured-img wp-post-image\" alt loading=\"lazy\"><\/a><\/div>\n<\/div>\n<div class=\"p-content\">\n<h5 class=\"entry-title\"><a class=\"p-url\" href=\"https:\/\/ortodoxinfo.ro\/2026\/07\/28\/interviu-politico-george-simion-loveste-in-conducerea-de-la-bruxelles-vor-sa-distruga-europa-campionul-maga-al-romaniei-a-amintit-de-anularea-alegerilor-si-de-planul-de-suspendare-a-ilegi\/\" rel=\"bookmark\">INTERVIU POLITICO \/ George Simion love\u0219te \u00een conducerea de la Bruxelles: \u201eVor s\u0103 distrug\u0103 Europa!\u201d. \u201eCampionul MAGA al Rom\u00e2niei\u201d a amintit de anularea alegerilor \u0219i de planul de suspendare a ilegitimului Nicu\u0219or Dan<\/a><\/h5>\n<div class=\"p-meta\">\n<div class=\"meta-inner is-meta\"><span class=\"meta-el meta-date\"><time datetime=\"2026-07-28T16:14:39+03:00\">28 iulie 2026<\/time><\/span><span class=\"meta-el meta-category meta-bold\"><a class=\"meta-separate category-19866\" href=\"https:\/\/ortodoxinfo.ro\/category\/lupta-pentru-romania\/\">Lupt\u0103 pentru Rom\u00e2nia<\/a><\/span><span class=\"meta-el meta-view\">5.3k vizualiz\u0103ri\t\t<\/span><\/div>\n<\/div>\n<\/div>\n<\/div>\n<div class=\"p-wrap p-small p-list-small-2\" data-pid=\"252744\">\n<div class=\"feat-holder\">\n<div class=\"p-featured ratio-v1\"><a class=\"p-flink\" href=\"https:\/\/ortodoxinfo.ro\/2026\/07\/28\/gheorghe-piperea-atrage-atentia-asupra-ai-care-poate-prelua-controlul-omenirii\/\" title=\"Gheorghe Piperea atrage aten\u021bia asupra AI, care poate prelua controlul omenirii\"><img decoding=\"async\" width=\"150\" height=\"150\" src=\"https:\/\/ortodoxinfo.ro\/wp-content\/uploads\/2026\/07\/1766855796474-150x150.png\" class=\"featured-img wp-post-image\" alt loading=\"lazy\"><\/a><\/div>\n<\/div>\n<div class=\"p-content\">\n<h5 class=\"entry-title\"><a class=\"p-url\" href=\"https:\/\/ortodoxinfo.ro\/2026\/07\/28\/gheorghe-piperea-atrage-atentia-asupra-ai-care-poate-prelua-controlul-omenirii\/\" rel=\"bookmark\">Gheorghe Piperea atrage aten\u021bia asupra AI, care poate prelua controlul omenirii<\/a><\/h5>\n<div class=\"p-meta\">\n<div class=\"meta-inner is-meta\"><span class=\"meta-el meta-date\"><time datetime=\"2026-07-28T10:21:23+03:00\">28 iulie 2026<\/time><\/span><span class=\"meta-el meta-category meta-bold\"><a class=\"meta-separate category-19823\" href=\"https:\/\/ortodoxinfo.ro\/category\/anti-sistem\/transumanism\/inteligenta-artificiala\/\">Inteligen\u021ba artificial\u0103<\/a><\/span><span class=\"meta-el meta-view\">4k vizualiz\u0103ri\t\t<\/span><\/div>\n<\/div>\n<\/div>\n<\/div>\n<div class=\"p-wrap p-small p-list-small-2\" data-pid=\"252714\">\n<div class=\"feat-holder\">\n<div class=\"p-featured ratio-v1\"><a class=\"p-flink\" href=\"https:\/\/ortodoxinfo.ro\/2026\/07\/28\/usor-cu-nicusor-a-inceput-greva-generala-in-sanatate-angajatii-din-peste-400-de-spitale-din-tara-participa-la-protest\/\" title=\"U\u0218OR CU NICU\u0218OR: A \u00eenceput greva general\u0103 \u00een s\u0103n\u0103tate. Angaja\u021bii din peste 400 de spitale din \u021bar\u0103 particip\u0103 la protest\"><img decoding=\"async\" width=\"150\" height=\"150\" src=\"https:\/\/ortodoxinfo.ro\/wp-content\/uploads\/2026\/07\/1-13-150x150.jpeg\" class=\"featured-img wp-post-image\" alt loading=\"lazy\"><\/a><\/div>\n<\/div>\n<div class=\"p-content\">\n<h5 class=\"entry-title\"><a class=\"p-url\" href=\"https:\/\/ortodoxinfo.ro\/2026\/07\/28\/usor-cu-nicusor-a-inceput-greva-generala-in-sanatate-angajatii-din-peste-400-de-spitale-din-tara-participa-la-protest\/\" rel=\"bookmark\">U\u0218OR CU NICU\u0218OR: A \u00eenceput greva general\u0103 \u00een s\u0103n\u0103tate. Angaja\u021bii din peste 400 de spitale din \u021bar\u0103 particip\u0103 la protest<\/a><\/h5>\n<div class=\"p-meta\">\n<div class=\"meta-inner is-meta\"><span class=\"meta-el meta-date\"><time datetime=\"2026-07-28T10:06:14+03:00\">28 iulie 2026<\/time><\/span><span class=\"meta-el meta-category meta-bold\"><a class=\"meta-separate category-19885\" href=\"https:\/\/ortodoxinfo.ro\/category\/anti-sistem\/anti-romanism\/asasinii-tarii\/\">Asasinii \u021b\u0103rii<\/a><\/span><span class=\"meta-el meta-view\">3.5k vizualiz\u0103ri\t\t<\/span><\/div>\n<\/div>\n<\/div>\n<\/div>\n<div class=\"p-wrap p-small p-list-small-2\" data-pid=\"252651\">\n<div class=\"feat-holder\">\n<div class=\"p-featured ratio-v1\"><a class=\"p-flink\" href=\"https:\/\/ortodoxinfo.ro\/2026\/07\/28\/singura-drona-vazuta-de-poporul-roman-este-cea-ucraineana-nicusor-dan-trebuie-executat-de-lege-pentru-ajutarea-inamicului\/\" title=\"Singura dron\u0103 v\u0103zut\u0103 de poporul rom\u00e2n este cea ucrainean\u0103! Nicu\u0219or Dan trebuie EXECUTAT de lege pentru ajutarea inamicului\"><img decoding=\"async\" width=\"150\" height=\"150\" src=\"https:\/\/ortodoxinfo.ro\/wp-content\/uploads\/2026\/07\/uuuu1.webp-150x150.webp\" class=\"featured-img wp-post-image\" alt loading=\"lazy\"><\/a><\/div>\n<\/div>\n<div class=\"p-content\">\n<h5 class=\"entry-title\"><a class=\"p-url\" href=\"https:\/\/ortodoxinfo.ro\/2026\/07\/28\/singura-drona-vazuta-de-poporul-roman-este-cea-ucraineana-nicusor-dan-trebuie-executat-de-lege-pentru-ajutarea-inamicului\/\" rel=\"bookmark\">Singura dron\u0103 v\u0103zut\u0103 de poporul rom\u00e2n este cea ucrainean\u0103! Nicu\u0219or Dan trebuie EXECUTAT de lege pentru ajutarea inamicului<\/a><\/h5>\n<div class=\"p-meta\">\n<div class=\"meta-inner is-meta\"><span class=\"meta-el meta-date\"><time datetime=\"2026-07-28T01:21:57+03:00\">28 iulie 2026<\/time><\/span><span class=\"meta-el meta-category meta-bold\"><a class=\"meta-separate category-19885\" href=\"https:\/\/ortodoxinfo.ro\/category\/anti-sistem\/anti-romanism\/asasinii-tarii\/\">Asasinii \u021b\u0103rii<\/a><\/span><span class=\"meta-el meta-view\">13.4k vizualiz\u0103ri\t\t<\/span><\/div>\n<\/div>\n<\/div>\n<\/div>\n<\/div>\n<\/div>\n<div id=\"custom_html-2\" class=\"widget_text widget rb-section w-sidebar clearfix widget_custom_html\">\n<div class=\"block-h widget-heading heading-layout-1\">\n<div class=\"heading-inner\">\n<h4 class=\"heading-title\"><span>DONA\u021aII \u00een cont bancar<\/span><\/h4>\n<\/div>\n<\/div>\n<div class=\"textwidget custom-html-widget\">\n<table class=\"donatii\">\n<tbody>\n<tr>\n<th colspan=\"2\"><strong><span>Asicia\u021bia SMI-B<\/span><\/strong><\/th>\n<\/tr>\n<tr>\n<th>Cont LEI<\/th>\n<td>RO67CECEB00030RON2081955<\/td>\n<\/tr>\n<tr>\n<th>Cont EURO<\/th>\n<td>RO33CECEB000C1EUR2081978<\/td>\n<\/tr>\n<tr>\n<th>Cod SWIFT<\/th>\n<td>CECEROBU<\/td>\n<\/tr>\n<tr>\n<th colspan=\"2\"><strong>CEC BANK SA<\/strong><\/th>\n<\/tr>\n<\/tbody>\n<\/table>\n<\/div>\n<\/div>\n<\/div>\n<\/div>\n<\/div>\n<\/article>\n<div class=\"entry-content rbct clearfix is-highlight-shares\">\n<div class=\"ruby-table-contents rbtoc table-left table-fw-single-col\">\n<div class=\"toc-header\"><span class=\"h3\">Sumar<\/span><\/div>\n<div class=\"toc-content h5\"><a href=\"https:\/\/ortodoxinfo.ro\/2026\/07\/28\/premiera-mondiala-in-medicina-o-femeie-nevazatoare-si-a-recapatat-vederea-dupa-un-transplant-unic-de-retina\/#transplant-unic-in-lume-macula-a-fost-mutata-de-la-un-ochi-la-celalalt\" class=\"table-link no-link anchor-link\" data-index=\"rb-heading-index-0\">Transplant unic \u00een lume: macula a fost mutat\u0103 de la un ochi la cel\u0103lalt<\/a><a href=\"https:\/\/ortodoxinfo.ro\/2026\/07\/28\/premiera-mondiala-in-medicina-o-femeie-nevazatoare-si-a-recapatat-vederea-dupa-un-transplant-unic-de-retina\/#specialistii-cer-prudenta-pana-la-publicarea-studiilor\" class=\"table-link no-link anchor-link\" data-index=\"rb-heading-index-1\">Speciali\u0219tii cer pruden\u021b\u0103 p\u00e2n\u0103 la publicarea studiilor<\/a><\/div>\n<\/div>\n<p id=\"p-0\"><strong>Medicii din Italia au realizat o interven\u021bie f\u0103r\u0103 precedent, transplant\u00e2nd pentru prima dat\u0103 \u00een lume partea central\u0103 a retinei, macula. Pacienta, o femeie de 67 de ani care era nev\u0103z\u0103toare de cinci ani, \u0219i-a rec\u0103p\u0103tat vederea, iar primele rezultate sunt considerate promi\u021b\u0103toare.<\/strong><\/p>\n<p id=\"p-1\">O echip\u0103 de medici din Italia a reu\u0219it o performan\u021b\u0103 medical\u0103 f\u0103r\u0103 precedent, efectu\u00e2nd primul transplant din lume al maculei \u2013 partea central\u0103 a retinei responsabil\u0103 de vederea clar\u0103 \u0219i detaliat\u0103. Interven\u021bia a fost realizat\u0103 la Spitalul Molinette din Torino \u0219i i-a redat vederea unei paciente de 67 de ani, care \u00ee\u0219i pierduse complet capacitatea de a vedea \u00een urm\u0103 cu cinci ani, potrivit <a href=\"https:\/\/www.brusselstimes.com\/belgium\/2248171\/blind-woman-sees-again-thanks-to-worlds-first-successful-macula-transplant\">The Brussels Times.<\/a><\/p>\n<p id=\"p-2\" class=\"wp-caption-text\">Foto: Unsplash \u2013 Imagine cu rol ilustrativ<\/p>\n<p id=\"p-3\">Potrivit reprezentan\u021bilor spitalului, femeia a r\u0103mas nev\u0103z\u0103toare \u00een urma unui grav accident rutier care i-a afectat ambii ochi.<\/p>\n<p id=\"p-4\">Ochiul st\u00e2ng a suferit o leziune ireversibil\u0103 a nervului optic, ceea ce a \u00eempiedicat transmiterea informa\u021biilor vizuale c\u0103tre creier, de\u0219i structurile oculare au r\u0103mas intacte. \u00cen acela\u0219i timp, ochiul drept, afectat anterior de maculopatie, a suferit traumatisme severe care au compromis retina \u0219i corneea.<\/p>\n<h2 id=\"transplant-unic-in-lume-macula-a-fost-mutata-de-la-un-ochi-la-celalalt\" class=\"rb-heading-index-0\">Transplant unic \u00een lume: macula a fost mutat\u0103 de la un ochi la cel\u0103lalt<\/h2>\n<p id=\"p-5\">Medicii au explicat c\u0103 o gref\u0103 clasic\u0103 de cornee nu mai era posibil\u0103, deoarece zona care con\u021bine celule stem fusese complet distrus\u0103.<\/p>\n<p id=\"p-6\">Pentru a dep\u0103\u0219i aceast\u0103 limitare, profesorul Michele Reibaldi \u0219i echipa sa au recurs la o procedur\u0103 inovatoare.<\/p>\n<p id=\"p-7\">Folosind \u021besuturile s\u0103n\u0103toase ale ochiului st\u00e2ng, care nu mai putea transmite imagini c\u0103tre creier, chirurgii au prelevat \u0219i au transplantat la ochiul drept un bloc anatomic complet, alc\u0103tuit din cornee, scler\u0103, conjunctiv\u0103 \u0219i, \u00een premier\u0103 mondial\u0103, macula, partea central\u0103 a retinei.<\/p>\n<p>&lt;\/div id=\u201dattachment_20964268\u2033 style=\u201dwidth: 1930px\u201d class=\u201dwp-caption alignnone\u201d&gt;<\/p>\n<div class=\"inline-single-ad ad_single_3_index alignfull\">\n<div class=\"ad-wrap ad-script-wrap\">\n<div class=\"ad-script non-adsense edge-padding\">\n<div>\n\u203c\ufe0f\u203c\ufe0f NU recunoa\u0219tem ca pre\u0219edinte al Rom\u00e2niei pe marioneta retard\u0103 Nicu\u0219or Dan! Rom\u00e2ni, boicota\u021bi aceast\u0103 f\u0103c\u0103tur\u0103, care ne face \u021bara de r\u00e2s! NU rom\u00e2nii l-au votat pe Nicusoro\u0219 &#8211; cu unele excep\u021bii de persoane infantile, manipulabile \u0219i chiar idioate &#8211; ci l-au ajutat Maia Soro\u0219, Emanuel Macrou \u0219i tr\u0103d\u0103torii de la B.E.C. \u0219i CCR!<br \/>\n La \u00eenchisoare cu cei care au fraudat alegerile!\n<\/div>\n<\/div>\n<\/div>\n<\/div>\n<p id=\"p-8\" class=\"wp-caption-text\">Foto: Unsplash \u2013 Imagine cu rol ilustrativ<\/p>\n<p id=\"p-9\">Potrivit medicilor, acest \u201etransfer biologic\u201d a permis reconstruirea unui ochi func\u021bional pornind de la structurile s\u0103n\u0103toase r\u0103mase \u00een cei doi ochi afecta\u021bi.<\/p>\n<p id=\"p-10\">Interven\u021bia chirurgical\u0103, considerat\u0103 extrem de complex\u0103, a durat aproape \u0219ase ore.<\/p>\n<blockquote>\n<p id=\"p-11\">\u201eA\u0219tept\u0103m acum s\u0103 vedem \u00een ce m\u0103sur\u0103 retina transplantat\u0103 va fi capabil\u0103 s\u0103 func\u021bioneze, \u00eens\u0103 primele rezultate sunt \u00eencurajatoare\u201d, a declarat profesorul Michele Reibaldi, coordonatorul echipei medicale.<\/p>\n<\/blockquote>\n<h2 id=\"specialistii-cer-prudenta-pana-la-publicarea-studiilor\" class=\"rb-heading-index-1\">Speciali\u0219tii cer pruden\u021b\u0103 p\u00e2n\u0103 la publicarea studiilor<\/h2>\n<p id=\"p-12\">Performan\u021ba a fost confirmat\u0103 \u0219i de profesorul Michel Paques, \u0219eful serviciului de oftalmologie al Spitalului Na\u021bional 15-20 din Paris, care a declarat pentru AFP c\u0103 este vorba despre o premier\u0103 mondial\u0103.<\/p>\n<p id=\"p-13\">Cu toate acestea, specialistul atrage aten\u021bia c\u0103 rezultatele trebuie validate prin studii \u0219tiin\u021bifice \u0219i analizate de comunitatea medical\u0103 interna\u021bional\u0103.<\/p>\n<blockquote>\n<p id=\"p-14\">\u201e\u00cen absen\u021ba unor date publicate \u0219i evaluate de comunitatea academic\u0103, nu este posibil\u0103 evaluarea obiectiv\u0103 a tehnicii, a reproductibilit\u0103\u021bii sale sau a rezultatelor anun\u021bate\u201d, a precizat profesorul Michel Paques.<\/p>\n<\/blockquote>\n<p id=\"p-15\">Dac\u0103 eficien\u021ba acestei proceduri va fi confirmat\u0103 \u00een urma cercet\u0103rilor viitoare, interven\u021bia ar putea deschide noi perspective pentru tratarea unor forme grave de orbire considerate p\u00e2n\u0103 acum ireversibile.<\/p>\n<\/div>\n<p>[analyse_source url=&#8221;https:\/\/ortodoxinfo.ro\/2026\/07\/28\/premiera-mondiala-in-medicina-o-femeie-nevazatoare-si-a-recapatat-vederea-dupa-un-transplant-unic-de-retina\/&#8221;]<\/p>\n","protected":false},"excerpt":{"rendered":"<p>[analyse_image type=&#8221;featured&#8221; src=&#8221;https:\/\/ortodoxinfo.ro\/wp-content\/uploads\/2026\/07\/jafar-ahmed-e285pjbc4ue-unsplash.jpghttps:\/\/ortodoxinfo.ro\/wp-content\/uploads\/2026\/07\/jafar-ahmed-e285pjbc4ue-unsplash.jpg&#8221;] Prima pagin\u0103 \u00bb Blog \u00bb Premier\u0103 mondial\u0103 \u00een medicin\u0103: o femeie nev\u0103z\u0103toare \u0219i-a rec\u0103p\u0103tat vederea dup\u0103 un transplant unic de retin\u0103 Premier\u0103 mondial\u0103 \u00een medicin\u0103: o femeie nev\u0103z\u0103toare \u0219i-a rec\u0103p\u0103tat vederea dup\u0103 un transplant unic de retin\u0103 28 iulie 2026S\u0103n\u0103tate2.5k vizualiz\u0103ri Comentarii Share 4 Min Read SHARE OrtodoxINFO este supus unui sabotaj [&hellip;]<\/p>\n","protected":false},"author":1,"featured_media":0,"comment_status":"open","ping_status":"","sticky":false,"template":"","format":"standard","meta":{"footnotes":""},"categories":[89],"tags":[226,94],"class_list":["post-2065501","post","type-post","status-publish","format-standard","hentry","category-romania","tag-crawlmanager","tag-ortodoxinfo-ro"],"_links":{"self":[{"href":"https:\/\/analyse.optim.biz\/index.php?rest_route=\/wp\/v2\/posts\/2065501","targetHints":{"allow":["GET"]}}],"collection":[{"href":"https:\/\/analyse.optim.biz\/index.php?rest_route=\/wp\/v2\/posts"}],"about":[{"href":"https:\/\/analyse.optim.biz\/index.php?rest_route=\/wp\/v2\/types\/post"}],"author":[{"embeddable":true,"href":"https:\/\/analyse.optim.biz\/index.php?rest_route=\/wp\/v2\/users\/1"}],"replies":[{"embeddable":true,"href":"https:\/\/analyse.optim.biz\/index.php?rest_route=%2Fwp%2Fv2%2Fcomments&post=2065501"}],"version-history":[{"count":0,"href":"https:\/\/analyse.optim.biz\/index.php?rest_route=\/wp\/v2\/posts\/2065501\/revisions"}],"wp:attachment":[{"href":"https:\/\/analyse.optim.biz\/index.php?rest_route=%2Fwp%2Fv2%2Fmedia&parent=2065501"}],"wp:term":[{"taxonomy":"category","embeddable":true,"href":"https:\/\/analyse.optim.biz\/index.php?rest_route=%2Fwp%2Fv2%2Fcategories&post=2065501"},{"taxonomy":"post_tag","embeddable":true,"href":"https:\/\/analyse.optim.biz\/index.php?rest_route=%2Fwp%2Fv2%2Ftags&post=2065501"}],"curies":[{"name":"wp","href":"https:\/\/api.w.org\/{rel}","templated":true}]}}