{"id":2065478,"date":"2026-07-28T11:56:33","date_gmt":"2026-07-28T08:56:33","guid":{"rendered":"https:\/\/analyse.optim.biz\/?p=2065478"},"modified":"2026-07-28T11:56:33","modified_gmt":"2026-07-28T08:56:33","slug":"europarlamentarul-buzoian-andi-cristea-invitat-in-podcastul-perspective-by-catavencii-discutii-despre-uniunea-europeana-dezinformare-si-provocarile-digitale","status":"publish","type":"post","link":"https:\/\/analyse.optim.biz\/?p=2065478","title":{"rendered":"Europarlamentarul buzoian Andi Cristea, invitat \u00een podcastul \u201ePerspective by Ca\u021bavencii\u201d. Discu\u021bii despre Uniunea European\u0103, dezinformare \u0219i provoc\u0103rile digitale"},"content":{"rendered":"<p>[analyse_image type=&#8221;featured&#8221; src=&#8221;https:\/\/gazetabuzoiana.ro\/wp-content\/uploads\/2021\/06\/andi-cristea-780&#215;470-1.jpg&#8221;]<\/p>\n<div class=\"entry-content entry clearfix\">\n<p class=\"wp-block-paragraph\">Europarlamentarul buzoian Andi Cristea, membru al Grupului Alian\u021bei Progresiste a Sociali\u0219tilor \u0219i Democra\u021bilor (S&amp;D) din Parlamentul European, este invitatul celui de-al doilea episod al podcastului <em>\u201ePerspective by Ca\u021bavencii\u201d<\/em>, moderat de Cristian Ro\u0219u.<\/p>\n<p class=\"wp-block-paragraph\">\u00cen cadrul dialogului, Andi Cristea abordeaz\u0103 impactul tehnologiei digitale asupra societ\u0103\u021bii \u0219i explic\u0103 modul \u00een care platformele \u0219i aplica\u021biile utilizate zilnic influen\u021beaz\u0103 felul \u00een care oamenii \u00ee\u0219i formeaz\u0103 opiniile. Potrivit acestuia, mediul digital contribuie la segmentarea comunit\u0103\u021bilor \u0219i la apari\u021bia unor percep\u021bii diferite asupra aceleia\u0219i realit\u0103\u021bi.<\/p>\n<p class=\"wp-block-paragraph\">Un alt subiect important al discu\u021biei \u00eel reprezint\u0103 activitatea din Parlamentul European. Europarlamentarul subliniaz\u0103 c\u0103 eficien\u021ba unui reprezentant \u00een legislativul european nu depinde doar de apartenen\u021ba la un grup politic, ci \u0219i de capacitatea de a construi alian\u021be \u0219i de a colabora cu reprezentan\u021bi din alte familii politice pentru promovarea intereselor comune.<\/p>\n<p class=\"wp-block-paragraph\">Andi Cristea vorbe\u0219te \u0219i despre beneficiile apartenen\u021bei Rom\u00e2niei la Uniunea European\u0103, ar\u0103t\u00e2nd c\u0103 \u021bara noastr\u0103 este un beneficiar net al fondurilor europene. \u00cen opinia sa, aceste resurse financiare au avut un rol major \u00een dezvoltarea infrastructurii, \u00een sus\u021binerea economiei \u0219i \u00een modernizarea comunit\u0103\u021bilor locale.<\/p>\n<p class=\"wp-block-paragraph\">Pe parcursul podcastului sunt abordate \u0219i alte teme de actualitate, precum provoc\u0103rile geopolitice, viitorul proiectului european, fenomenul dezinform\u0103rii, transformarea digital\u0103 \u0219i impactul deciziilor adoptate la nivelul institu\u021biilor europene asupra vie\u021bii de zi cu zi a cet\u0103\u021benilor.<\/p>\n<p class=\"wp-block-paragraph\">Episodul integral al podcastului poate fi urm\u0103rit pe canalul de YouTube <em>Perspective by Ca\u021bavencii.<\/em><\/p>\n<\/div>\n<p>[analyse_source url=&#8221;https:\/\/gazetabuzoiana.ro\/2026\/07\/28\/europarlamentarul-buzoian-andi-cristea-invitat-in-podcastul-perspective-by-catavencii-discutii-despre-uniunea-europeana-dezinformare-si-provocarile-digitale\/&#8221;]<\/p>\n","protected":false},"excerpt":{"rendered":"<p>[analyse_image type=&#8221;featured&#8221; src=&#8221;https:\/\/gazetabuzoiana.ro\/wp-content\/uploads\/2021\/06\/andi-cristea-780&#215;470-1.jpg&#8221;] Europarlamentarul buzoian Andi Cristea, membru al Grupului Alian\u021bei Progresiste a Sociali\u0219tilor \u0219i Democra\u021bilor (S&amp;D) din Parlamentul European, este invitatul celui de-al doilea episod al podcastului \u201ePerspective by Ca\u021bavencii\u201d, moderat de Cristian Ro\u0219u. \u00cen cadrul dialogului, Andi Cristea abordeaz\u0103 impactul tehnologiei digitale asupra societ\u0103\u021bii \u0219i explic\u0103 modul \u00een care platformele \u0219i aplica\u021biile utilizate [&hellip;]<\/p>\n","protected":false},"author":1,"featured_media":0,"comment_status":"open","ping_status":"","sticky":false,"template":"","format":"standard","meta":{"footnotes":""},"categories":[2],"tags":[226,38],"class_list":["post-2065478","post","type-post","status-publish","format-standard","hentry","category-politics","tag-crawlmanager","tag-gazetabuzoiana-ro"],"_links":{"self":[{"href":"https:\/\/analyse.optim.biz\/index.php?rest_route=\/wp\/v2\/posts\/2065478","targetHints":{"allow":["GET"]}}],"collection":[{"href":"https:\/\/analyse.optim.biz\/index.php?rest_route=\/wp\/v2\/posts"}],"about":[{"href":"https:\/\/analyse.optim.biz\/index.php?rest_route=\/wp\/v2\/types\/post"}],"author":[{"embeddable":true,"href":"https:\/\/analyse.optim.biz\/index.php?rest_route=\/wp\/v2\/users\/1"}],"replies":[{"embeddable":true,"href":"https:\/\/analyse.optim.biz\/index.php?rest_route=%2Fwp%2Fv2%2Fcomments&post=2065478"}],"version-history":[{"count":0,"href":"https:\/\/analyse.optim.biz\/index.php?rest_route=\/wp\/v2\/posts\/2065478\/revisions"}],"wp:attachment":[{"href":"https:\/\/analyse.optim.biz\/index.php?rest_route=%2Fwp%2Fv2%2Fmedia&parent=2065478"}],"wp:term":[{"taxonomy":"category","embeddable":true,"href":"https:\/\/analyse.optim.biz\/index.php?rest_route=%2Fwp%2Fv2%2Fcategories&post=2065478"},{"taxonomy":"post_tag","embeddable":true,"href":"https:\/\/analyse.optim.biz\/index.php?rest_route=%2Fwp%2Fv2%2Ftags&post=2065478"}],"curies":[{"name":"wp","href":"https:\/\/api.w.org\/{rel}","templated":true}]}}