{"id":2065274,"date":"2026-07-28T09:43:55","date_gmt":"2026-07-28T06:43:55","guid":{"rendered":"https:\/\/analyse.optim.biz\/?p=2065274"},"modified":"2026-07-28T09:43:55","modified_gmt":"2026-07-28T06:43:55","slug":"ministra-mediului-la-timisoara-diana-buzoianu-si-dominic-fritz-au-discutat-despre-investitiile-pentru-un-oras-mai-verde","status":"publish","type":"post","link":"https:\/\/analyse.optim.biz\/?p=2065274","title":{"rendered":"Ministra Mediului, la Timi\u0219oara. Diana Buzoianu \u0219i Dominic Fritz au discutat despre investi\u021biile pentru un ora\u0219 mai verde"},"content":{"rendered":"<p>[analyse_image type=&#8221;featured&#8221; src=&#8221;http:\/\/www.banatulmeu.ro\/wp-content\/uploads\/2026\/07\/IMG_4592-e1785231828339.jpeg&#8221;]<\/p>\n<div class=\"post-content-bd\">\n<p>Primarul Timi\u0219oarei, Dominic Fritz, a primit ,mar\u021bi, vizita ministrei Mediului, Diana Buzoianu. \u00cent\u00e2lnirea a avut ca tem\u0103 principal\u0103 provoc\u0103rile administrative \u0219i legislative cu care se confrunt\u0103 prim\u0103riile \u00een aplicarea politicilor de mediu.<\/p>\n<p>\u00cen cadrul discu\u021biilor au fost analizate dificult\u0103\u021bile \u00eent\u00e2mpinate de administra\u021biile locale, dar \u0219i m\u0103surile care ar putea facilita implementarea proiectelor din domeniul protec\u021biei mediului.<\/p>\n<p>Totodat\u0103, Dominic Fritz \u0219i Diana Buzoianu au discutat despre m\u0103surile necesare pentru accelerarea investi\u021biilor care contribuie la cre\u0219terea calit\u0103\u021bii vie\u021bii timi\u0219orenilor \u0219i la transformarea Timi\u0219oarei \u00eentr-un ora\u0219 mai verde.<\/p>\n<\/div>\n<p>[analyse_source url=&#8221;https:\/\/www.banatulmeu.ro\/ministra-mediului-la-timisoara-diana-buzoianu-si-dominic-fritz-au-discutat-despre-investitiile-pentru-un-oras-mai-verde\/&#8221;]<\/p>\n","protected":false},"excerpt":{"rendered":"<p>[analyse_image type=&#8221;featured&#8221; src=&#8221;http:\/\/www.banatulmeu.ro\/wp-content\/uploads\/2026\/07\/IMG_4592-e1785231828339.jpeg&#8221;] Primarul Timi\u0219oarei, Dominic Fritz, a primit ,mar\u021bi, vizita ministrei Mediului, Diana Buzoianu. \u00cent\u00e2lnirea a avut ca tem\u0103 principal\u0103 provoc\u0103rile administrative \u0219i legislative cu care se confrunt\u0103 prim\u0103riile \u00een aplicarea politicilor de mediu. \u00cen cadrul discu\u021biilor au fost analizate dificult\u0103\u021bile \u00eent\u00e2mpinate de administra\u021biile locale, dar \u0219i m\u0103surile care ar putea facilita implementarea proiectelor [&hellip;]<\/p>\n","protected":false},"author":1,"featured_media":0,"comment_status":"open","ping_status":"","sticky":false,"template":"","format":"standard","meta":{"footnotes":""},"categories":[89],"tags":[204,226],"class_list":["post-2065274","post","type-post","status-publish","format-standard","hentry","category-romania","tag-banatulmeu-ro","tag-crawlmanager"],"_links":{"self":[{"href":"https:\/\/analyse.optim.biz\/index.php?rest_route=\/wp\/v2\/posts\/2065274","targetHints":{"allow":["GET"]}}],"collection":[{"href":"https:\/\/analyse.optim.biz\/index.php?rest_route=\/wp\/v2\/posts"}],"about":[{"href":"https:\/\/analyse.optim.biz\/index.php?rest_route=\/wp\/v2\/types\/post"}],"author":[{"embeddable":true,"href":"https:\/\/analyse.optim.biz\/index.php?rest_route=\/wp\/v2\/users\/1"}],"replies":[{"embeddable":true,"href":"https:\/\/analyse.optim.biz\/index.php?rest_route=%2Fwp%2Fv2%2Fcomments&post=2065274"}],"version-history":[{"count":0,"href":"https:\/\/analyse.optim.biz\/index.php?rest_route=\/wp\/v2\/posts\/2065274\/revisions"}],"wp:attachment":[{"href":"https:\/\/analyse.optim.biz\/index.php?rest_route=%2Fwp%2Fv2%2Fmedia&parent=2065274"}],"wp:term":[{"taxonomy":"category","embeddable":true,"href":"https:\/\/analyse.optim.biz\/index.php?rest_route=%2Fwp%2Fv2%2Fcategories&post=2065274"},{"taxonomy":"post_tag","embeddable":true,"href":"https:\/\/analyse.optim.biz\/index.php?rest_route=%2Fwp%2Fv2%2Ftags&post=2065274"}],"curies":[{"name":"wp","href":"https:\/\/api.w.org\/{rel}","templated":true}]}}