{"id":2065271,"date":"2026-07-28T08:39:52","date_gmt":"2026-07-28T05:39:52","guid":{"rendered":"https:\/\/analyse.optim.biz\/?p=2065271"},"modified":"2026-07-28T08:39:52","modified_gmt":"2026-07-28T05:39:52","slug":"surpriza-in-cj-timis-consilierul-aur-marcel-mihoc-vrea-ca-sorin-grindeanu-sa-primeasca-pe-viitor-titlul-de-cetatean-de-onoare","status":"publish","type":"post","link":"https:\/\/analyse.optim.biz\/?p=2065271","title":{"rendered":"Surpriz\u0103 \u00een CJ Timi\u0219: Consilierul AUR Marcel Mihoc vrea ca Sorin Grindeanu s\u0103 primeasc\u0103 pe viitor titlul de Cet\u0103\u021bean de Onoare"},"content":{"rendered":"<p>[analyse_image type=&#8221;featured&#8221; src=&#8221;http:\/\/www.banatulmeu.ro\/wp-content\/uploads\/2025\/08\/IMG_0466.jpeg&#8221;]<\/p>\n<div class=\"post-content-bd\">\n<p>Consilierul jude\u021bean AUR Marcel Mihoc a venit, mar\u021bi, 28 iulie, \u00een \u0219edin\u021ba Consiliului Jude\u021bean Timi\u0219 cu mai multe propuneri pentru viitoarele acord\u0103ri ale titlului de Cet\u0103\u021bean de Onoare al jude\u021bului Timi\u0219. Printre numele unor medici cunoscu\u021bi din jude\u021b, Mihoc l-a nominalizat \u0219i pe pre\u0219edintele PSD, Sorin Grindeanu.<\/p>\n<p>Fost secretar general al PSD Timi\u0219 \u0219i actual consilier jude\u021bean AUR Timi\u0219, Marcel Mihoc a propus, \u00een \u0219edin\u021ba extraordinar\u0103 a CJ Timi\u0219, extinderea pe viitor a listei personalit\u0103\u021bilor c\u0103rora le este acordat titlul de Cet\u0103\u021bean de Onoare al jude\u021bului.<\/p>\n<p>Interven\u021bia a avut loc \u00een timpul dezbaterii proiectului de hot\u0103r\u00e2re prin care medicul Margit \u0218erban urmeaz\u0103 s\u0103 primeasc\u0103 titlul de Cet\u0103\u021bean de Onoare al jude\u021bului Timi\u0219, \u00een cadrul \u0219edin\u021bei festive organizate cu ocazia Zilei Jude\u021bului Timi\u0219.<\/p>\n<p>Mihoc a precizat c\u0103 reprezentan\u021bii AUR vor vota proiectul privind acordarea distinc\u021biei <a href=\"https:\/\/www.banatulmeu.ro\/medicul-margit-serban-va-primi-titlul-de-cetatean-de-onoare-al-judetului-timis\/\">medicului Margit \u0218erban<\/a> \u0219i a enumerat mai mul\u021bi medici despre care consider\u0103 c\u0103 ar putea primi, la r\u00e2ndul lor, aceast\u0103 distinc\u021bie.<\/p>\n<p>\u201e<em>Noi, cei de la AUR, vom vota pentru, nu se pune problema. Am aflat ast\u0103zi faptul c\u0103 la baza acestei decizii stau trei referate f\u0103cute de c\u0103tre trei persoane publice, medici \u00een spe\u021b\u0103. \u00centrebarea mea este: c\u00e2nd vom face cet\u0103\u021bean de onoare pe profesorul Poenaru, pe B\u00e2rs\u0103\u0219teanu, pe Dumitra\u0219cu, pe Br\u00e2nzan, pe S\u0103ndesc, pe Bratu, pe P\u0103unescu \u0219i pe ceilal\u021bi? Pentru c\u0103, la nivelul jude\u021bului Timi\u0219, \u00een afar\u0103 de contribu\u021bia doamnei profesor, \u0219i dumnealor au avut o contribu\u021bie deosebit\u0103 \u00een actul medical. Vorbesc doar de medici<\/em>\u201d, a declarat Marcel Mihoc.<\/p>\n<p>Consilierul jude\u021bean AUR a trecut apoi de la domeniul medical la cel politic \u0219i l-a nominalizat pe Sorin Grindeanu pentru o viitoare acordare a titlului de Cet\u0103\u021bean de Onoare al jude\u021bului Timi\u0219. Mihoc a sus\u021binut c\u0103, dintre politicienii pe care \u00eei cunoa\u0219te de peste trei decenii, Grindeanu ar fi f\u0103cut pentru jude\u021b \u201emult mai mult\u201d dec\u00e2t restul clasei politice.<\/p>\n<p>\u201e<em>Dup\u0103 care trec \u0219i la clasa politic\u0103. Dintre to\u021bi politicienii pe care \u00eei cunosc de peste 30 de ani, domnul Sorin Grindeanu este o persoan\u0103 care a f\u0103cut pentru acest jude\u021b mult mai mult dec\u00e2t a f\u0103cut toat\u0103 clasa politic\u0103 \u0219i \u00eel propun ca, pe viitor, s\u0103 fie \u0219i dumnealui propus ca Cet\u0103\u021bean de Onoare. Era doar a\u0219a, nu e b\u0103taie de joc, e o p\u0103rere personal\u0103 \u0219i o concluzie tras\u0103 dup\u0103 30 de ani de activitate politic\u0103, profesional\u0103, economic\u0103, ca om de afaceri \u0219i a\u0219a mai departe<\/em>\u201d, a mai declarat Marcel Mihoc, consilier jude\u021bean AUR Timi\u0219.<\/p>\n<\/div>\n<p>[analyse_source url=&#8221;https:\/\/www.banatulmeu.ro\/surpriza-in-cj-timis-consilierul-aur-marcel-mihoc-vrea-ca-sorin-grindeanu-sa-primeasca-pe-viitor-titlul-de-cetatean-de-onoare\/&#8221;]<\/p>\n","protected":false},"excerpt":{"rendered":"<p>[analyse_image type=&#8221;featured&#8221; src=&#8221;http:\/\/www.banatulmeu.ro\/wp-content\/uploads\/2025\/08\/IMG_0466.jpeg&#8221;] Consilierul jude\u021bean AUR Marcel Mihoc a venit, mar\u021bi, 28 iulie, \u00een \u0219edin\u021ba Consiliului Jude\u021bean Timi\u0219 cu mai multe propuneri pentru viitoarele acord\u0103ri ale titlului de Cet\u0103\u021bean de Onoare al jude\u021bului Timi\u0219. Printre numele unor medici cunoscu\u021bi din jude\u021b, Mihoc l-a nominalizat \u0219i pe pre\u0219edintele PSD, Sorin Grindeanu. Fost secretar general al PSD [&hellip;]<\/p>\n","protected":false},"author":1,"featured_media":0,"comment_status":"open","ping_status":"","sticky":false,"template":"","format":"standard","meta":{"footnotes":""},"categories":[89],"tags":[204,226],"class_list":["post-2065271","post","type-post","status-publish","format-standard","hentry","category-romania","tag-banatulmeu-ro","tag-crawlmanager"],"_links":{"self":[{"href":"https:\/\/analyse.optim.biz\/index.php?rest_route=\/wp\/v2\/posts\/2065271","targetHints":{"allow":["GET"]}}],"collection":[{"href":"https:\/\/analyse.optim.biz\/index.php?rest_route=\/wp\/v2\/posts"}],"about":[{"href":"https:\/\/analyse.optim.biz\/index.php?rest_route=\/wp\/v2\/types\/post"}],"author":[{"embeddable":true,"href":"https:\/\/analyse.optim.biz\/index.php?rest_route=\/wp\/v2\/users\/1"}],"replies":[{"embeddable":true,"href":"https:\/\/analyse.optim.biz\/index.php?rest_route=%2Fwp%2Fv2%2Fcomments&post=2065271"}],"version-history":[{"count":0,"href":"https:\/\/analyse.optim.biz\/index.php?rest_route=\/wp\/v2\/posts\/2065271\/revisions"}],"wp:attachment":[{"href":"https:\/\/analyse.optim.biz\/index.php?rest_route=%2Fwp%2Fv2%2Fmedia&parent=2065271"}],"wp:term":[{"taxonomy":"category","embeddable":true,"href":"https:\/\/analyse.optim.biz\/index.php?rest_route=%2Fwp%2Fv2%2Fcategories&post=2065271"},{"taxonomy":"post_tag","embeddable":true,"href":"https:\/\/analyse.optim.biz\/index.php?rest_route=%2Fwp%2Fv2%2Ftags&post=2065271"}],"curies":[{"name":"wp","href":"https:\/\/api.w.org\/{rel}","templated":true}]}}