{"id":2065239,"date":"2026-07-28T11:09:28","date_gmt":"2026-07-28T08:09:28","guid":{"rendered":"https:\/\/analyse.optim.biz\/?p=2065239"},"modified":"2026-07-28T11:09:28","modified_gmt":"2026-07-28T08:09:28","slug":"video-stefan-popescu-drona-este-simptomul-nu-boala-analistul-avertizeaza-ca-reactiile-diplomatice-ale-romaniei-nu-tin-loc-de-strategie","status":"publish","type":"post","link":"https:\/\/analyse.optim.biz\/?p=2065239","title":{"rendered":"VIDEO \u0218tefan Popescu: Drona este simptomul, nu boala \/ Analistul avertizeaz\u0103 c\u0103 reac\u021biile diplomatice ale Rom\u00e2niei nu \u021bin loc de strategie"},"content":{"rendered":"<p>[analyse_image type=&#8221;featured&#8221; src=&#8221;https:\/\/r3media.ro\/wp-content\/uploads\/2026\/07\/maxresdefault-2.jpghttps:\/\/r3media.ro\/wp-content\/uploads\/2026\/07\/maxresdefault-2.jpg&#8221;]<\/p>\n<article id=\"template-id-109\" class=\"post-109 tdb_templates type-tdb_templates status-publish post\">\n<div id=\"tdi_2\" class=\"tdc-zone\">\n<div class=\"tdc_zone tdi_3  wpb_row td-pb-row\">\n<div id=\"tdi_4\" class=\"tdc-row\">\n<div class=\"vc_row tdi_5  wpb_row td-pb-row\">\n<div class=\"vc_column tdi_7  wpb_column vc_column_container tdc-column td-pb-span8\">\n<div class=\"wpb_wrapper\">\n<div class=\"td_block_wrap tdb_breadcrumbs tdi_8 td-pb-border-top td_block_template_1 tdb-breadcrumbs \" data-td-block-uid=\"tdi_8\">\n<div class=\"tdb-block-inner td-fix-index\"><span><a title=\"Vede\u021bi toate articolele \u00een FEATURED\" class=\"tdb-entry-crumb\" href=\"https:\/\/r3media.ro\/category\/featured\/\">FEATURED<\/a><\/span><span class=\"tdb-bred-no-url-last\">VIDEO \u0218tefan Popescu: Drona este simptomul, nu boala \/ Analistul avertizeaz\u0103 c\u0103&#8230;<\/span><\/div>\n<\/div>\n<div class=\"td_block_wrap tdb_single_categories tdi_9 td-pb-border-top td_block_template_1 \" data-td-block-uid=\"tdi_9\">\n<div class=\"tdb-category td-fix-index\"><a class=\"tdb-entry-category\" href=\"https:\/\/r3media.ro\/category\/featured\/\">FEATURED<\/a><a class=\"tdb-entry-category\" href=\"https:\/\/r3media.ro\/category\/stiri\/\">\u0218TIRI<\/a><a class=\"tdb-entry-category\" href=\"https:\/\/r3media.ro\/category\/video-news\/\">VIDEO<\/a><\/div>\n<\/div>\n<div class=\"td_block_wrap tdb_title tdi_10 tdb-single-title td-pb-border-top td_block_template_1\" data-td-block-uid=\"tdi_10\">\n<div class=\"tdb-block-inner td-fix-index\">\n<h1 class=\"tdb-title-text\">VIDEO \u0218tefan Popescu: Drona este simptomul, nu boala \/ Analistul avertizeaz\u0103 c\u0103 reac\u021biile diplomatice ale Rom\u00e2niei nu \u021bin loc de strategie<\/h1>\n<\/div>\n<\/div>\n<div class=\"vc_row_inner tdi_12  vc_row vc_inner wpb_row td-pb-row\">\n<div class=\"vc_column_inner tdi_14  wpb_column vc_column_container tdc-inner-column td-pb-span12\">\n<div class=\"vc_column-inner\">\n<div class=\"wpb_wrapper\">\n<div class=\"td_block_wrap tdb_single_author tdi_15 td-pb-border-top td_block_template_1 tdb-post-meta\" data-td-block-uid=\"tdi_15\">\n<div class=\"tdb-block-inner td-fix-index\">\n<div class=\"tdb-author-name-wrap\"><a class=\"tdb-author-name\" href=\"https:\/\/r3media.ro\/author\/redactia\/\">Redac\u021bia<\/a><\/div>\n<\/div>\n<\/div>\n<div class=\"td_block_wrap tdb_single_date tdi_16 td-pb-border-top td_block_template_1 tdb-post-meta\" data-td-block-uid=\"tdi_16\">\n<div class=\"tdb-block-inner td-fix-index\"><time class=\"entry-date updated td-module-date\" datetime=\"2026-07-28T14:09:28+03:00\">28\/07\/2026<\/time><\/div>\n<\/div>\n<\/div>\n<\/div>\n<\/div>\n<\/div>\n<div class=\"td_block_wrap tdb_single_featured_image tdi_17 tdb-content-horiz-left td-pb-border-top td_block_template_1\" data-td-block-uid=\"tdi_17\">\n<div class=\"tdb-block-inner td-fix-index\">\n<div class=\"wpb_video_wrapper\">\n<\/div>\n<\/div>\n<\/div>\n<div class=\"td_block_wrap tdb_single_content tdi_18 td-pb-border-top td_block_template_1 td-post-content tagdiv-type\" data-td-block-uid=\"tdi_18\">\n<div class=\"tdb-block-inner td-fix-index\">\n<p><strong>Analistul de politic\u0103 extern\u0103 \u0218tefan Popescu a comentat mar\u021bi modul \u00een care Rom\u00e2nia a r\u0103spuns celui de-al treilea incident cu dron\u0103, cel care a dus la <a href=\"https:\/\/r3media.ro\/rusia-romania-drona-ambasador-moscova-porturi-dunare\/\" target=\"_blank\" rel=\"noopener\">convocarea ambasadorului Federa\u021biei Ruse<\/a> la Ministerul Afacerilor Externe, \u0219i a avertizat c\u0103 fermitatea gesturilor diplomatice nu echivaleaz\u0103 cu o strategie de securitate. <\/strong><\/p>\n<p>\u201eO diploma\u021bie nu se m\u0103soar\u0103 prin fermitatea gesturilor sale, ci prin capacitatea de a modifica situa\u021bia \u00een viitor\u201d, a spus Popescu pe canalul s\u0103u de <a href=\"https:\/\/www.youtube.com\/watch?v=6rcirmAWH0Q\" target=\"_blank\" rel=\"noopener\">Youtube<\/a>.<\/p>\n<p>Reac\u021bia Bucure\u0219tiului a inclus expulzarea unui diplomat din schema ambasadei ruse la Bucure\u0219ti \u0219i rechemarea pentru consult\u0103ri a ambasadorului Rom\u00e2niei la Moscova, m\u0103suri care vin dup\u0103 declararea ca persona non grata a consulului general al Federa\u021biei Ruse la Constan\u021ba, \u00eenchiderea acestei reprezentan\u021be \u0219i sesizarea Consiliului de Securitate al ONU.<\/p>\n<h2><strong>Reac\u021bia singur\u0103 nu reprezint\u0103 o strategie<\/strong><\/h2>\n<p>Popescu recunoa\u0219te c\u0103 instrumentele folosite sunt legitime, dar pune \u00een discu\u021bie efectul lor real.<\/p>\n<p>\u201eUn stat este evaluat nu numai dup\u0103 modul \u00een care r\u0103spunde la un incident, ci dup\u0103 capacitatea sa de a influen\u021ba evolu\u021biile ulterioare\u201d, a ar\u0103tat analistul, subliniind c\u0103 \u201e\u00een politica extern\u0103, reac\u021bia este necesar\u0103, dar reac\u021bia singur\u0103 nu reprezint\u0103 o strategie\u201d.<\/p>\n<p>\u00cen opinia sa, incidentul punctual nu este miza real\u0103: \u201eDrona este simptomul, nu boala.\u201d<\/p>\n<p>Analistul explic\u0103 faptul c\u0103 \u201eboala este presiunea exercitat\u0103 asupra fluxurilor care intr\u0103 \u0219i ies din porturile ucrainene\u201d, precum \u0219i asupra \u201erutelor logistice care leag\u0103 Ucraina de Marea Neagr\u0103 \u0219i Dun\u0103rea de jos\u201d.<\/p>\n<p>De aici deriv\u0103, spune el, \u00eentrebarea central\u0103: dac\u0103 m\u0103surile diplomatice rom\u00e2ne\u0219ti au capacitatea de a reduce presiunea rus\u0103 din regiune.<\/p>\n<p>Popescu atrage aten\u021bia c\u0103 un adversar nu \u00ee\u0219i schimb\u0103 comportamentul din cauza unui mesaj politic ferm:<\/p>\n<p>\u201eEa \u00ee\u0219i modific\u0103 ac\u021biunile atunci c\u00e2nd calculeaz\u0103 c\u0103 pre\u021bul continu\u0103rii acelei ac\u021biuni devine prea mare sau c\u0103 spa\u021biul s\u0103u de manevr\u0103 s-a redus.\u201d<\/p>\n<h2><strong>Trei direc\u021bii pentru o strategie<\/strong><\/h2>\n<p>Anticip\u00e2nd repro\u0219ul c\u0103 formuleaz\u0103 critici f\u0103r\u0103 solu\u021bii, analistul propune trei direc\u021bii pe care ar trebui construit\u0103 o strategie.<\/p>\n<p>Prima este dezvoltarea capacit\u0103\u021bilor na\u021bionale de interceptare \u0219i de r\u0103spuns: \u201eUn stat nu \u00ee\u0219i poate proteja interesele strategice exclusiv prin reac\u021bii politice sau prin sprijin extern.\u201d<\/p>\n<p>A doua vizeaz\u0103 solidaritatea aliat\u0103, pe care Popescu o vrea \u201etransformat\u0103 \u00een mecanisme concrete de descurajare\u201d.<\/p>\n<p>Angajamentul NATO, spune el, \u201ese m\u0103soar\u0103 prin echipamente desf\u0103\u0219urate la fa\u021ba locului, ceea ce noi nu observ\u0103m\u201d.<\/p>\n<p>A treia direc\u021bie este men\u021binerea canalelor de dialog, care \u201enu trebuie confundat cu sl\u0103biciunea\u201d.<\/p>\n<h2><strong>Avertisment: lipsa unei reac\u021bii strategice coerente\u2026 e interpretat\u0103 ca o oportunitate<\/strong><\/h2>\n<p>Analistul avertizeaz\u0103 asupra unei posibile strategii ruse de testare progresiv\u0103 \u2014 testare, observare, ajustare \u0219i revenire \u2014 asem\u0103n\u0103toare celei din spa\u021biul baltic, preciz\u00e2nd totodat\u0103 c\u0103 nu crede c\u0103 un asemenea mecanism este deja \u00een derulare \u00een Marea Neagr\u0103.<\/p>\n<p>Riscul, spune el, este ca Rom\u00e2nia \u201es\u0103 r\u0103spund\u0103 cu m\u0103suri diplomatice unei probleme care este strategic\u0103\u201d, f\u0103r\u0103 a-\u0219i defini clar linia ro\u0219ie.<\/p>\n<p>Concluzia lui Popescu este c\u0103 problema nu \u021bine de capacitatea de a reac\u021biona, ci de existen\u021ba unei viziuni:<\/p>\n<p>\u201e\u00cen politica de putere, lipsa unei reac\u021bii strategice coerente nu este interpretat\u0103 ca un gest de pruden\u021b\u0103, e interpretat\u0103 ca o oportunitate.\u201d<\/p>\n<p>Analistul insist\u0103 asupra distinc\u021biei dintre o politic\u0103 extern\u0103 reactiv\u0103 \u0219i una strategic\u0103, capabil\u0103 \u201es\u0103 anticipeze comportamentul adversarului\u201d \u0219i s\u0103 fac\u0103 repetarea ac\u021biunilor \u201emai dificil\u0103 \u0219i mai costisitoare\u201d.<\/p>\n<p>Comentariul s\u0103u se \u00eencheie \u00eens\u0103 pe o not\u0103 sceptic\u0103 privind capacitatea institu\u021bional\u0103 de a duce un astfel de demers: \u201eDar n-avem cu cine.\u201d<\/p>\n<div class=\"crp_related     crp-masonry\">\n<h2>\u00ceN CONTEXT<\/h2>\n<ul>\n<li><a href=\"https:\/\/r3media.ro\/fara-tine-in-google-r3media-dispare-iata-ce-poti-face-in-10-secunde\/\" class=\"crp_link post-119031\"><span class=\"crp_title\">F\u0103r\u0103 tine \u00een Google, R3media dispare. Iat\u0103 ce po\u021bi face \u00een 10 secunde<\/span><\/a><\/li>\n<li><a href=\"https:\/\/r3media.ro\/daca-as-fi-statul-roman-as-face-totul-ca-lukoil-sa-nu-plece-din-romania\/\" class=\"crp_link post-114088\"><span class=\"crp_title\">Dac\u0103 a\u0219 fi statul rom\u00e2n, a\u0219 face totul ca Lukoil s\u0103 nu plece din Rom\u00e2nia<\/span><\/a><\/li>\n<li><a href=\"https:\/\/r3media.ro\/stefan-popescu-romania-intariri-nato-vorbe\/\" class=\"crp_link post-118150\"><span class=\"crp_title\">\u0218tefan Popescu: Rom\u00e2nia a cerut \u00eent\u0103riri din partea NATO, dar a primit doar vorbe frumoase<\/span><\/a><\/li>\n<li><a href=\"https:\/\/r3media.ro\/stefan-popescu-avertisment-germania-hegemon-europa\/\" class=\"crp_link post-117147\"><span class=\"crp_title\">\u0218tefan Popescu avertizeaz\u0103 c\u0103 Germania urm\u0103re\u0219te s\u0103 devin\u0103 hegemonul militar al Europei<\/span><\/a><\/li>\n<li><a href=\"https:\/\/r3media.ro\/stefan-popescu-nato-orient-marea-neagra-periferie\/\" class=\"crp_link post-116253\"><span class=\"crp_title\">Analistul \u0218tefan Popescu: NATO \u00ee\u0219i mut\u0103 privirea spre Orient. Marea Neagr\u0103, o \u201eperiferie\u201d strategic\u0103<\/span><\/a><\/li>\n<li><a href=\"https:\/\/r3media.ro\/stefan-popescu-retragere-militari-sua-europa-romania-incerta\/\" class=\"crp_link post-117482\"><span class=\"crp_title\">\u0218tefan Popescu, despre retragerea militarilor SUA din Europa: Rom\u00e2nia intr\u0103 \u00eentr-o epoc\u0103\u2026<\/span><\/a><\/li>\n<li><a href=\"https:\/\/r3media.ro\/stefan-popescu-rusia-klaus-iohannis-nicusor-dan-romania\/\" class=\"crp_link post-117584\"><span class=\"crp_title\">\u0218tefan Popescu explic\u0103 de ce Rusia l-a numit pe Klaus Iohannis drept pre\u0219edinte, nu pe\u2026<\/span><\/a><\/li>\n<li><a href=\"https:\/\/r3media.ro\/stefan-popescu-miza-reala-intalnire-nicusor-dan-erdogan-romania-turcia\/\" class=\"crp_link post-118714\"><span class=\"crp_title\">\u0218tefan Popescu, despre miza REAL\u0102 a \u00eent\u00e2lnirii Nicu\u0219or Dan &#8211; Erdogan: Securitatea Rom\u00e2niei\u2026<\/span><\/a><\/li>\n<\/ul>\n<\/div>\n<\/div>\n<\/div>\n<div class=\"td_block_wrap tdb_single_tags tdi_19 td-pb-border-top td_block_template_1\" data-td-block-uid=\"tdi_19\">\n<div class=\"tdb-block-inner td-fix-index\">\n<ul class=\"tdb-tags\">\n<li><span>SUBIECTE FIERBIN\u021aI<\/span><\/li>\n<li><a href=\"https:\/\/r3media.ro\/tag\/politica-externa-a-romaniei\/\">politica externa a romaniei<\/a><\/li>\n<li><a href=\"https:\/\/r3media.ro\/tag\/rusia-romania\/\">rusia &#8211; romania<\/a><\/li>\n<li><a href=\"https:\/\/r3media.ro\/tag\/stefan-popescu\/\">stefan popescu<\/a><\/li>\n<\/ul>\n<\/div>\n<\/div>\n<div class=\"td_block_wrap td_block_9 tdi_20 td_with_ajax_pagination td-pb-border-top td_block_template_1 td-column-2 td_block_padding td_block_bot_line\" data-td-block-uid=\"tdi_20\">\n<div class=\"td-block-title-wrap\">\n<h4 class=\"block-title td-block-title\"><span class=\"td-pulldown-size\">CITE\u0218TE MAI MULT<\/span><\/h4>\n<\/div>\n<div id=\"tdi_20\" class=\"td_block_inner\">\n<div class=\"td-block-row\">\n<div class=\"td-block-span6\">\n<div class=\"td_module_8 td_module_wrap\">\n<div class=\"item-details\">\n<h3 class=\"entry-title td-module-title\"><a href=\"https:\/\/r3media.ro\/statul-roman-a-semnat-actul-propriei-disparitii\/\" rel=\"bookmark\" title=\"Statul rom\u00e2n a semnat actul propriei dispari\u021bii?\">Statul rom\u00e2n a semnat actul propriei dispari\u021bii?<\/a><\/h3>\n<div class=\"td-module-meta-info\"><a href=\"https:\/\/r3media.ro\/category\/opinii\/\" class=\"td-post-category\">OPINII<\/a><span class=\"td-post-author-name\"><a href=\"https:\/\/r3media.ro\/author\/gabipopa\/\">Gabriel Popa<\/a><span>&#8211;<\/span><\/span><span class=\"td-post-date\"><time class=\"entry-date updated td-module-date\" datetime=\"2026-07-27T15:07:05+03:00\">27\/07\/2026<\/time><\/span><\/div>\n<\/div>\n<\/div>\n<\/div>\n<div class=\"td-block-span6\">\n<div class=\"td_module_8 td_module_wrap\">\n<div class=\"item-details\">\n<h3 class=\"entry-title td-module-title\"><a href=\"https:\/\/r3media.ro\/prima-oara-istorie-presedintia-document-primplan-patriotism-european\/\" rel=\"bookmark\" title=\"Pentru prima oar\u0103 \u00een istorie, Pre\u0219edin\u021bia Rom\u00e2niei emite un document care pune pe primul plan o alt\u0103 entitate dec\u00e2t \u021bara noastr\u0103: patriotismul european\">Pentru prima oar\u0103 \u00een istorie, Pre\u0219edin\u021bia Rom\u00e2niei emite un document care pune pe primul&#8230;<\/a><\/h3>\n<div class=\"td-module-meta-info\"><a href=\"https:\/\/r3media.ro\/category\/actualitate\/\" class=\"td-post-category\">ACTUALITATE<\/a><span class=\"td-post-author-name\"><a href=\"https:\/\/r3media.ro\/author\/teodor_stan\/\">Teodor Stan<\/a><span>&#8211;<\/span><\/span><span class=\"td-post-date\"><time class=\"entry-date updated td-module-date\" datetime=\"2026-07-26T11:44:31+03:00\">26\/07\/2026<\/time><\/span><\/div>\n<\/div>\n<\/div>\n<\/div>\n<\/div>\n<div class=\"td-block-row\">\n<div class=\"td-block-span6\">\n<div class=\"td_module_8 td_module_wrap\">\n<div class=\"item-details\">\n<h3 class=\"entry-title td-module-title\"><a href=\"https:\/\/r3media.ro\/bnr-recomanda-romani-rezerve-de-cash-atacuri-cibernetice-numerar-relevant-criza\/\" rel=\"bookmark\" title=\"BNR le recomand\u0103 rom\u00e2nilor s\u0103 p\u0103streze rezerve de cash: Numerarul se poate dovedi relevant \u00een criz\u0103\">BNR le recomand\u0103 rom\u00e2nilor s\u0103 p\u0103streze rezerve de cash: Numerarul se poate dovedi relevant&#8230;<\/a><\/h3>\n<div class=\"td-module-meta-info\"><a href=\"https:\/\/r3media.ro\/category\/stiri-prim-plan\/\" class=\"td-post-category\">PRIM PLAN<\/a><span class=\"td-post-author-name\"><a href=\"https:\/\/r3media.ro\/author\/oana\/\">Oana Ivan<\/a><span>&#8211;<\/span><\/span><span class=\"td-post-date\"><time class=\"entry-date updated td-module-date\" datetime=\"2026-07-27T13:11:47+03:00\">27\/07\/2026<\/time><\/span><\/div>\n<\/div>\n<\/div>\n<\/div>\n<div class=\"td-block-span6\">\n<div class=\"td_module_8 td_module_wrap\">\n<div class=\"item-details\">\n<h3 class=\"entry-title td-module-title\"><a href=\"https:\/\/r3media.ro\/film-nou-stapanul-inelelor-corect-politic-regizor-andy-serkis-diversitate-tolkien-mitologie-nordica\/\" rel=\"bookmark\" title=\"Noul film \u201eSt\u0103p\u00e2nul Inelelor\u201d nu va fi corect politic. Regizorul Andy Serkis: J.R.R. Tolkien a fost influen\u021bat de mitologia nordic\u0103. Nu vrem o distribu\u021bie de dragul de a bifa c\u0103su\u021be\">Noul film \u201eSt\u0103p\u00e2nul Inelelor\u201d nu va fi corect politic. Regizorul Andy Serkis: J.R.R. Tolkien&#8230;<\/a><\/h3>\n<div class=\"td-module-meta-info\"><a href=\"https:\/\/r3media.ro\/category\/actualitate\/\" class=\"td-post-category\">ACTUALITATE<\/a><span class=\"td-post-author-name\"><a href=\"https:\/\/r3media.ro\/author\/oana\/\">Oana Ivan<\/a><span>&#8211;<\/span><\/span><span class=\"td-post-date\"><time class=\"entry-date updated td-module-date\" datetime=\"2026-07-26T15:49:31+03:00\">26\/07\/2026<\/time><\/span><\/div>\n<\/div>\n<\/div>\n<\/div>\n<\/div>\n<div class=\"td-block-row\">\n<div class=\"td-block-span6\">\n<div class=\"td_module_8 td_module_wrap\">\n<div class=\"item-details\">\n<h3 class=\"entry-title td-module-title\"><a href=\"https:\/\/r3media.ro\/dictatura-forma-suprema-a-democratiei\/\" rel=\"bookmark\" title=\"Dictatura \u2013 forma suprem\u0103 a democra\u021biei\">Dictatura \u2013 forma suprem\u0103 a democra\u021biei<\/a><\/h3>\n<div class=\"td-module-meta-info\"><a href=\"https:\/\/r3media.ro\/category\/opinii\/\" class=\"td-post-category\">OPINII<\/a><span class=\"td-post-author-name\"><a href=\"https:\/\/r3media.ro\/author\/tru\/\">TRU (Traian Ungureanu)<\/a><span>&#8211;<\/span><\/span><span class=\"td-post-date\"><time class=\"entry-date updated td-module-date\" datetime=\"2026-07-25T16:43:11+03:00\">25\/07\/2026<\/time><\/span><\/div>\n<\/div>\n<\/div>\n<\/div>\n<div class=\"td-block-span6\">\n<div class=\"td_module_8 td_module_wrap\">\n<div class=\"item-details\">\n<h3 class=\"entry-title td-module-title\"><a href=\"https:\/\/r3media.ro\/marea-britanie-apa-inteligenta-artificiala-romania-centru-ai-restrictii-consum-apa\/\" rel=\"bookmark\" title=\"Marea Britanie nu mai are suficient\u0103 ap\u0103 pentru Inteligen\u021ba Artificial\u0103, dar Rom\u00e2nia vrea s\u0103 g\u0103zduiasc\u0103 un centru AI care consum\u0103 c\u00e2t sute de mii de oameni \u0219i impune restric\u021bii la consumul de ap\u0103 al popula\u021biei\">Marea Britanie nu mai are suficient\u0103 ap\u0103 pentru Inteligen\u021ba Artificial\u0103, dar Rom\u00e2nia vrea s\u0103&#8230;<\/a><\/h3>\n<div class=\"td-module-meta-info\"><a href=\"https:\/\/r3media.ro\/category\/actualitate\/\" class=\"td-post-category\">ACTUALITATE<\/a><span class=\"td-post-author-name\"><a href=\"https:\/\/r3media.ro\/author\/radu_ursan\/\">Radu Ursan<\/a><span>&#8211;<\/span><\/span><span class=\"td-post-date\"><time class=\"entry-date updated td-module-date\" datetime=\"2026-07-23T11:44:13+03:00\">23\/07\/2026<\/time><\/span><\/div>\n<\/div>\n<\/div>\n<\/div>\n<\/div>\n<div class=\"td-block-row\">\n<div class=\"td-block-span6\">\n<div class=\"td_module_8 td_module_wrap\">\n<div class=\"item-details\">\n<h3 class=\"entry-title td-module-title\"><a href=\"https:\/\/r3media.ro\/campion-olimpic-olaf-tufte-mort-subit-50-ani\/\" rel=\"bookmark\" title=\"Campionul olimpic Olaf Tufte a murit subit la 50 de ani\">Campionul olimpic Olaf Tufte a murit subit la 50 de ani<\/a><\/h3>\n<div class=\"td-module-meta-info\"><a href=\"https:\/\/r3media.ro\/category\/actualitate\/\" class=\"td-post-category\">ACTUALITATE<\/a><span class=\"td-post-author-name\"><a href=\"https:\/\/r3media.ro\/author\/oana\/\">Oana Ivan<\/a><span>&#8211;<\/span><\/span><span class=\"td-post-date\"><time class=\"entry-date updated td-module-date\" datetime=\"2026-07-22T12:11:02+03:00\">22\/07\/2026<\/time><\/span><\/div>\n<\/div>\n<\/div>\n<\/div>\n<div class=\"td-block-span6\">\n<div class=\"td_module_8 td_module_wrap\">\n<div class=\"item-details\">\n<h3 class=\"entry-title td-module-title\"><a href=\"https:\/\/r3media.ro\/explozie-incendiu-fabrica-kronospan-brasov-video\/\" rel=\"bookmark\" title=\"VIDEO | Explozie urmat\u0103 de un incendiu la fabrica Kronospan din Bra\u0219ov. \u00cen timp ce pompierii \u00eencercau s\u0103 sting\u0103 focul s-a produs o alt\u0103 explozie\">VIDEO | Explozie urmat\u0103 de un incendiu la fabrica Kronospan din Bra\u0219ov. \u00cen timp&#8230;<\/a><\/h3>\n<div class=\"td-module-meta-info\"><a href=\"https:\/\/r3media.ro\/category\/actualitate\/\" class=\"td-post-category\">ACTUALITATE<\/a><span class=\"td-post-author-name\"><a href=\"https:\/\/r3media.ro\/author\/oana\/\">Oana Ivan<\/a><span>&#8211;<\/span><\/span><span class=\"td-post-date\"><time class=\"entry-date updated td-module-date\" datetime=\"2026-07-22T10:01:28+03:00\">22\/07\/2026<\/time><\/span><\/div>\n<\/div>\n<\/div>\n<\/div>\n<\/div>\n<div class=\"td-block-row\">\n<div class=\"td-block-span6\">\n<div class=\"td_module_8 td_module_wrap\">\n<div class=\"item-details\">\n<h3 class=\"entry-title td-module-title\"><a href=\"https:\/\/r3media.ro\/asa-incepe-compania-openai-afirma-un-model-de-inteligenta-artificiala-a-atacat-din-proprie-initiativa-sistemele-unei-alte-companii\/\" rel=\"bookmark\" title=\"A\u0219a \u00eencepe? Compania OpenAI afirm\u0103 un model de inteligen\u021b\u0103 artificial\u0103 a ATACAT din proprie ini\u021biativ\u0103 sistemele unei alte companii\">A\u0219a \u00eencepe? Compania OpenAI afirm\u0103 un model de inteligen\u021b\u0103 artificial\u0103 a ATACAT din proprie&#8230;<\/a><\/h3>\n<div class=\"td-module-meta-info\"><a href=\"https:\/\/r3media.ro\/category\/actualitate\/\" class=\"td-post-category\">ACTUALITATE<\/a><span class=\"td-post-author-name\"><a href=\"https:\/\/r3media.ro\/author\/teodor_stan\/\">Teodor Stan<\/a><span>&#8211;<\/span><\/span><span class=\"td-post-date\"><time class=\"entry-date updated td-module-date\" datetime=\"2026-07-22T09:10:53+03:00\">22\/07\/2026<\/time><\/span><\/div>\n<\/div>\n<\/div>\n<\/div>\n<div class=\"td-block-span6\">\n<div class=\"td_module_8 td_module_wrap\">\n<div class=\"item-details\">\n<h3 class=\"entry-title td-module-title\"><a href=\"https:\/\/r3media.ro\/episcopul-husilor-oameni-animale-therieni-degradare-progresism\/\" rel=\"bookmark\" title=\"Episcopul Hu\u0219ilor, despre oamenii care se cred animale: V\u0103 da\u021bi seama c\u00e2t\u0103 degradare uman\u0103 este? De ce? Pentru c\u0103 se \u00eencred \u00een progresism\">Episcopul Hu\u0219ilor, despre oamenii care se cred animale: V\u0103 da\u021bi seama c\u00e2t\u0103 degradare uman\u0103&#8230;<\/a><\/h3>\n<div class=\"td-module-meta-info\"><a href=\"https:\/\/r3media.ro\/category\/actualitate\/\" class=\"td-post-category\">ACTUALITATE<\/a><span class=\"td-post-author-name\"><a href=\"https:\/\/r3media.ro\/author\/radu_ursan\/\">Radu Ursan<\/a><span>&#8211;<\/span><\/span><span class=\"td-post-date\"><time class=\"entry-date updated td-module-date\" datetime=\"2026-07-21T19:30:46+03:00\">21\/07\/2026<\/time><\/span><\/div>\n<\/div>\n<\/div>\n<\/div>\n<\/div>\n<div class=\"td-block-row\">\n<div class=\"td-block-span6\">\n<div class=\"td_module_8 td_module_wrap\">\n<div class=\"item-details\">\n<h3 class=\"entry-title td-module-title\"><a href=\"https:\/\/r3media.ro\/video-cult-femeie-dumnezeu-mama-romania\/\" rel=\"bookmark\" title=\"VIDEO | Un cult care consider\u0103 o femeie coreean\u0103 drept \u201eDumnezeu Mama\u201d face prozeli\u021bi \u00een Rom\u00e2nia\">VIDEO | Un cult care consider\u0103 o femeie coreean\u0103 drept \u201eDumnezeu Mama\u201d face prozeli\u021bi&#8230;<\/a><\/h3>\n<div class=\"td-module-meta-info\"><a href=\"https:\/\/r3media.ro\/category\/actualitate\/\" class=\"td-post-category\">ACTUALITATE<\/a><span class=\"td-post-author-name\"><a href=\"https:\/\/r3media.ro\/author\/redactia\/\">Redac\u021bia<\/a><span>&#8211;<\/span><\/span><span class=\"td-post-date\"><time class=\"entry-date updated td-module-date\" datetime=\"2026-07-21T11:14:08+03:00\">21\/07\/2026<\/time><\/span><\/div>\n<\/div>\n<\/div>\n<\/div>\n<div class=\"td-block-span6\">\n<div class=\"td_module_8 td_module_wrap\">\n<div class=\"item-details\">\n<h3 class=\"entry-title td-module-title\"><a href=\"https:\/\/r3media.ro\/cehia-interzice-telefoanele-in-scoli\/\" rel=\"bookmark\" title=\"Cehia se preg\u0103te\u0219te s\u0103 interzic\u0103 telefoanele mobile \u00een \u0219coli\">Cehia se preg\u0103te\u0219te s\u0103 interzic\u0103 telefoanele mobile \u00een \u0219coli<\/a><\/h3>\n<div class=\"td-module-meta-info\"><a href=\"https:\/\/r3media.ro\/category\/actualitate\/\" class=\"td-post-category\">ACTUALITATE<\/a><span class=\"td-post-author-name\"><a href=\"https:\/\/r3media.ro\/author\/redactia\/\">Redac\u021bia<\/a><span>&#8211;<\/span><\/span><span class=\"td-post-date\"><time class=\"entry-date updated td-module-date\" datetime=\"2026-07-20T22:34:13+03:00\">20\/07\/2026<\/time><\/span><\/div>\n<\/div>\n<\/div>\n<\/div>\n<\/div>\n<\/div>\n<div class=\"td-load-more-wrap td-load-more-infinite-wrap\" id=\"infinite-lm-tdi_20\"><a href=\"https:\/\/r3media.ro\/stefan-popescu-drona-rusia-romania\/\" class=\"td_ajax_load_more td_ajax_load_more_js\" aria-label=\"\u00cenc\u0103rca\u021bi mai multe\" id=\"next-page-tdi_20\" data-td_block_id=\"tdi_20\">\u00cenc\u0103rca\u021bi mai multe<\/a><\/div>\n<\/div>\n<div class=\"td_block_wrap tdb_single_comments tdi_21 tdb-comm-layout2 td-pb-border-top td_block_template_1\" data-td-block-uid=\"tdi_21\">\n<div class=\"tdb-block-inner td-fix-index\">\n<div class=\"comments\" id=\"comments\">\n<div id=\"respond\" class=\"comment-respond\">\n<h3 id=\"reply-title\" class=\"comment-reply-title\">AI CEVA DE SPUS? <small><a rel=\"nofollow\" id=\"cancel-comment-reply-link\" href=\"https:\/\/r3media.ro\/stefan-popescu-drona-rusia-romania\/#respond\">Renun\u021ba\u021bi la r\u0103spuns<\/a><\/small><\/h3>\n<div class=\"comment-form-input-wrap td-form-comment\">\n<div class=\"td-warning-comment\">V\u0103 rug\u0103m s\u0103 introduce\u021bi comentariul dvs.!<\/div>\n<\/div>\n<div class=\"comment-form-input-wrap td-form-author\">\n<div class=\"td-warning-author\">Introduce\u021bi aici numele dvs.<\/div>\n<\/div>\n<div class=\"comment-form-input-wrap td-form-email\">\n<div class=\"td-warning-email-error\">A\u021bi introdus o adres\u0103 de e-mail incorect\u0103!<\/div>\n<div class=\"td-warning-email\">V\u0103 rug\u0103m s\u0103 introduce\u021bi adresa dvs. de e-mail aici<\/div>\n<\/div>\n<\/div>\n<\/div>\n<\/div>\n<\/div>\n<\/div>\n<\/div>\n<div class=\"vc_column tdi_23  wpb_column vc_column_container tdc-column td-pb-span4 td-is-sticky\">\n<div class=\"wpb_wrapper\" data-sticky-enabled-on=\"W3RydWUsdHJ1ZSx0cnVlLHRydWVd\" data-sticky-offset=\"20\" data-sticky-is-width-auto=\"W2ZhbHNlLGZhbHNlLGZhbHNlLGZhbHNlXQ==\">\n<div class=\"wpb_wrapper td_block_wrap vc_widget_sidebar tdi_25 \">\n<div class=\"td_block_wrap td_block_7 td_block_widget tdi_26 td-pb-border-top td_block_template_1 td-column-1 td_block_padding\" data-td-block-uid=\"tdi_26\">\n<div class=\"td-block-title-wrap\">\n<h4 class=\"block-title td-block-title\"><span class=\"td-pulldown-size\">Articole RELA\u021aIONATE<\/span><\/h4>\n<\/div>\n<div id=\"tdi_26\" class=\"td_block_inner\">\n<div class=\"td-block-span12\">\n<div class=\"td_module_6 td_module_wrap td-animation-stack\">\n<div class=\"td-module-thumb\"><a href=\"https:\/\/r3media.ro\/george-simion-s-a-intalnit-cu-ambasadorul-sua-in-romania\/\" rel=\"bookmark\" class=\"td-image-wrap \" title=\"George Simion s-a \u00eent\u00e2lnit cu ambasadorul SUA \u00een Rom\u00e2nia\"><img loading=\"lazy\" decoding=\"async\" class=\"entry-thumb\" src=\"https:\/\/r3media.ro\/wp-content\/uploads\/2026\/07\/simion-ambasador-sua-100x70.jpg\" alt title=\"George Simion s-a \u00eent\u00e2lnit cu ambasadorul SUA \u00een Rom\u00e2nia\" width=\"100\" height=\"70\"><\/a><\/div>\n<div class=\"item-details\">\n<h3 class=\"entry-title td-module-title\"><a href=\"https:\/\/r3media.ro\/george-simion-s-a-intalnit-cu-ambasadorul-sua-in-romania\/\" rel=\"bookmark\" title=\"George Simion s-a \u00eent\u00e2lnit cu ambasadorul SUA \u00een Rom\u00e2nia\">George Simion s-a \u00eent\u00e2lnit cu ambasadorul SUA \u00een Rom\u00e2nia<\/a><\/h3>\n<div class=\"td-module-meta-info\"><span class=\"td-post-date\"><time class=\"entry-date updated td-module-date\" datetime=\"2026-07-28T14:19:15+03:00\">28\/07\/2026<\/time><\/span><\/div>\n<\/div>\n<\/div>\n<\/div>\n<div class=\"td-block-span12\">\n<div class=\"td_module_6 td_module_wrap td-animation-stack\">\n<div class=\"td-module-thumb\"><a href=\"https:\/\/r3media.ro\/calin-maties-coalitia-interzicere-lemne-de-foc\/\" rel=\"bookmark\" class=\"td-image-wrap \" title=\"Deputatul C\u0103lin Matie\u0219 acuz\u0103 coali\u021bia PSD-PNL-USR-UDMR c\u0103 vrea s\u0103 interzic\u0103 \u00eenc\u0103lzirea cu lemne de foc\"><img loading=\"lazy\" decoding=\"async\" class=\"entry-thumb\" src=\"https:\/\/r3media.ro\/wp-content\/uploads\/2020\/12\/foc-soba-facebook-100x70.jpg\" alt title=\"Deputatul C\u0103lin Matie\u0219 acuz\u0103 coali\u021bia PSD-PNL-USR-UDMR c\u0103 vrea s\u0103 interzic\u0103 \u00eenc\u0103lzirea cu lemne de foc\" width=\"100\" height=\"70\"><\/a><\/div>\n<div class=\"item-details\">\n<h3 class=\"entry-title td-module-title\"><a href=\"https:\/\/r3media.ro\/calin-maties-coalitia-interzicere-lemne-de-foc\/\" rel=\"bookmark\" title=\"Deputatul C\u0103lin Matie\u0219 acuz\u0103 coali\u021bia PSD-PNL-USR-UDMR c\u0103 vrea s\u0103 interzic\u0103 \u00eenc\u0103lzirea cu lemne de foc\">Deputatul C\u0103lin Matie\u0219 acuz\u0103 coali\u021bia PSD-PNL-USR-UDMR c\u0103 vrea s\u0103 interzic\u0103 \u00eenc\u0103lzirea&#8230;<\/a><\/h3>\n<div class=\"td-module-meta-info\"><span class=\"td-post-date\"><time class=\"entry-date updated td-module-date\" datetime=\"2026-07-28T12:43:53+03:00\">28\/07\/2026<\/time><\/span><\/div>\n<\/div>\n<\/div>\n<\/div>\n<div class=\"td-block-span12\">\n<div class=\"td_module_6 td_module_wrap td-animation-stack\">\n<div class=\"td-module-thumb\"><a href=\"https:\/\/r3media.ro\/metrorex-anunt-bucuresti\/\" rel=\"bookmark\" class=\"td-image-wrap \" title=\"Metrorex a f\u0103cut un anun\u021bul pe care \u00eel a\u0219teptau to\u021bi cei locuiesc \u00een Bucure\u0219ti\"><img loading=\"lazy\" decoding=\"async\" class=\"entry-thumb\" src=\"https:\/\/r3media.ro\/wp-content\/uploads\/2020\/09\/metrou-drumul-taberei-deschidere-statii-harta-100x70.jpg\" alt title=\"Metrorex a f\u0103cut un anun\u021bul pe care \u00eel a\u0219teptau to\u021bi cei locuiesc \u00een Bucure\u0219ti\" width=\"100\" height=\"70\"><\/a><\/div>\n<div class=\"item-details\">\n<h3 class=\"entry-title td-module-title\"><a href=\"https:\/\/r3media.ro\/metrorex-anunt-bucuresti\/\" rel=\"bookmark\" title=\"Metrorex a f\u0103cut un anun\u021bul pe care \u00eel a\u0219teptau to\u021bi cei locuiesc \u00een Bucure\u0219ti\">Metrorex a f\u0103cut un anun\u021bul pe care \u00eel a\u0219teptau to\u021bi cei&#8230;<\/a><\/h3>\n<div class=\"td-module-meta-info\"><span class=\"td-post-date\"><time class=\"entry-date updated td-module-date\" datetime=\"2026-07-28T12:10:18+03:00\">28\/07\/2026<\/time><\/span><\/div>\n<\/div>\n<\/div>\n<\/div>\n<div class=\"td-block-span12\">\n<div class=\"td_module_6 td_module_wrap td-animation-stack\">\n<div class=\"td-module-thumb\"><a href=\"https:\/\/r3media.ro\/stapanul-inelelor-nazgul-khamul-interpretat-actor-zubin-varla-serial-rings-of-power\/\" rel=\"bookmark\" class=\"td-image-wrap \" title=\"St\u0103p\u00e2nul Inelelor: Temutul Nazgul Khamul va fi interpretat de actorul Zubin Varla \u00een serialul \u201eRings of Power\u201c\"><img loading=\"lazy\" decoding=\"async\" class=\"entry-thumb\" src=\"https:\/\/r3media.ro\/wp-content\/uploads\/2026\/07\/zubin-varla-nazgul-khamul-100x70.webp\" alt title=\"St\u0103p\u00e2nul Inelelor: Temutul Nazgul Khamul va fi interpretat de actorul Zubin Varla \u00een serialul \u201eRings of Power\u201c\" width=\"100\" height=\"70\"><\/a><\/div>\n<div class=\"item-details\">\n<h3 class=\"entry-title td-module-title\"><a href=\"https:\/\/r3media.ro\/stapanul-inelelor-nazgul-khamul-interpretat-actor-zubin-varla-serial-rings-of-power\/\" rel=\"bookmark\" title=\"St\u0103p\u00e2nul Inelelor: Temutul Nazgul Khamul va fi interpretat de actorul Zubin Varla \u00een serialul \u201eRings of Power\u201c\">St\u0103p\u00e2nul Inelelor: Temutul Nazgul Khamul va fi interpretat de actorul Zubin&#8230;<\/a><\/h3>\n<div class=\"td-module-meta-info\"><span class=\"td-post-date\"><time class=\"entry-date updated td-module-date\" datetime=\"2026-07-28T12:02:31+03:00\">28\/07\/2026<\/time><\/span><\/div>\n<\/div>\n<\/div>\n<\/div>\n<div class=\"td-block-span12\">\n<div class=\"td_module_6 td_module_wrap td-animation-stack\">\n<div class=\"td-module-thumb\"><a href=\"https:\/\/r3media.ro\/cornel-nistorescu-drone-razboi-ucraina\/\" rel=\"bookmark\" class=\"td-image-wrap \" title=\"Cornel Nistorescu, dup\u0103 incidentele cu drone: Adie a aer de r\u0103zboi. De mirare c\u0103 dronele ucrainene nu au st\u00e2rnit at\u00e2ta t\u0103r\u0103boi\"><img loading=\"lazy\" decoding=\"async\" class=\"entry-thumb\" src=\"https:\/\/r3media.ro\/wp-content\/uploads\/2026\/07\/drona-buzau-agerpres-e1785223304948-100x70.jpg\" alt title=\"Cornel Nistorescu, dup\u0103 incidentele cu drone: Adie a aer de r\u0103zboi. De mirare c\u0103 dronele ucrainene nu au st\u00e2rnit at\u00e2ta t\u0103r\u0103boi\" width=\"100\" height=\"70\"><\/a><\/div>\n<div class=\"item-details\">\n<h3 class=\"entry-title td-module-title\"><a href=\"https:\/\/r3media.ro\/cornel-nistorescu-drone-razboi-ucraina\/\" rel=\"bookmark\" title=\"Cornel Nistorescu, dup\u0103 incidentele cu drone: Adie a aer de r\u0103zboi. De mirare c\u0103 dronele ucrainene nu au st\u00e2rnit at\u00e2ta t\u0103r\u0103boi\">Cornel Nistorescu, dup\u0103 incidentele cu drone: Adie a aer de r\u0103zboi&#8230;.<\/a><\/h3>\n<div class=\"td-module-meta-info\"><span class=\"td-post-date\"><time class=\"entry-date updated td-module-date\" datetime=\"2026-07-28T10:21:51+03:00\">28\/07\/2026<\/time><\/span><\/div>\n<\/div>\n<\/div>\n<\/div>\n<div class=\"td-block-span12\">\n<div class=\"td_module_6 td_module_wrap td-animation-stack\">\n<div class=\"td-module-thumb\"><a href=\"https:\/\/r3media.ro\/odissea-lui-nolan\/\" rel=\"bookmark\" class=\"td-image-wrap \" title=\"Odissea lui Nolan\"><img loading=\"lazy\" decoding=\"async\" class=\"entry-thumb\" src=\"https:\/\/r3media.ro\/wp-content\/uploads\/2026\/07\/odiseea-nolan-100x70.webp\" alt title=\"Odissea lui Nolan\" width=\"100\" height=\"70\"><\/a><\/div>\n<div class=\"item-details\">\n<h3 class=\"entry-title td-module-title\"><a href=\"https:\/\/r3media.ro\/odissea-lui-nolan\/\" rel=\"bookmark\" title=\"Odissea lui Nolan\">Odissea lui Nolan<\/a><\/h3>\n<div class=\"td-module-meta-info\"><span class=\"td-post-date\"><time class=\"entry-date updated td-module-date\" datetime=\"2026-07-28T10:06:52+03:00\">28\/07\/2026<\/time><\/span><\/div>\n<\/div>\n<\/div>\n<\/div>\n<div class=\"td-block-span12\">\n<div class=\"td_module_6 td_module_wrap td-animation-stack\">\n<div class=\"td-module-thumb\"><a href=\"https:\/\/r3media.ro\/greva-generala-sanatate-spitale-urgente\/\" rel=\"bookmark\" class=\"td-image-wrap \" title=\"Grev\u0103 general\u0103 \u00een S\u0103n\u0103tate: sute de spitale func\u021bioneaz\u0103 de mar\u021bi doar cu urgen\u021be\"><img loading=\"lazy\" decoding=\"async\" class=\"entry-thumb\" src=\"https:\/\/r3media.ro\/wp-content\/uploads\/2021\/09\/federatia-sanitas-100x70.jpg\" alt title=\"Grev\u0103 general\u0103 \u00een S\u0103n\u0103tate: sute de spitale func\u021bioneaz\u0103 de mar\u021bi doar cu urgen\u021be\" width=\"100\" height=\"70\"><\/a><\/div>\n<div class=\"item-details\">\n<h3 class=\"entry-title td-module-title\"><a href=\"https:\/\/r3media.ro\/greva-generala-sanatate-spitale-urgente\/\" rel=\"bookmark\" title=\"Grev\u0103 general\u0103 \u00een S\u0103n\u0103tate: sute de spitale func\u021bioneaz\u0103 de mar\u021bi doar cu urgen\u021be\">Grev\u0103 general\u0103 \u00een S\u0103n\u0103tate: sute de spitale func\u021bioneaz\u0103 de mar\u021bi doar&#8230;<\/a><\/h3>\n<div class=\"td-module-meta-info\"><span class=\"td-post-date\"><time class=\"entry-date updated td-module-date\" datetime=\"2026-07-28T09:52:36+03:00\">28\/07\/2026<\/time><\/span><\/div>\n<\/div>\n<\/div>\n<\/div>\n<\/div>\n<\/div>\n<aside class=\"td_block_template_1 widget widget_recent_comments\">\n<h4 class=\"block-title\"><span>INTR\u0102 \u00ceN DISCU\u021aIE!<\/span><\/h4>\n<ul id=\"recentcomments\">\n<li class=\"recentcomments\"><span class=\"comment-author-link\">Nicu<\/span> la <a href=\"https:\/\/r3media.ro\/avioane-americane-bulgaria-energie-radev-sua\/#comment-40326\">Avioane americane la Bezmer, la schimb cu avantaje \u00een zona energetic\u0103 pentru Bulgaria: ce a ob\u021binut guvernul Radev de la SUA<\/a><\/li>\n<li class=\"recentcomments\"><span class=\"comment-author-link\">Constantin<\/span> la <a href=\"https:\/\/r3media.ro\/prima-oara-istorie-presedintia-document-primplan-patriotism-european\/#comment-40325\">Pentru prima oar\u0103 \u00een istorie, Pre\u0219edin\u021bia Rom\u00e2niei emite un document care pune pe primul plan o alt\u0103 entitate dec\u00e2t \u021bara noastr\u0103: patriotismul european<\/a><\/li>\n<li class=\"recentcomments\"><span class=\"comment-author-link\">Constantin<\/span> la <a href=\"https:\/\/r3media.ro\/statul-roman-a-semnat-actul-propriei-disparitii\/#comment-40324\">Statul rom\u00e2n a semnat actul propriei dispari\u021bii?<\/a><\/li>\n<li class=\"recentcomments\"><span class=\"comment-author-link\">Nicu<\/span> la <a href=\"https:\/\/r3media.ro\/statul-roman-a-semnat-actul-propriei-disparitii\/#comment-40323\">Statul rom\u00e2n a semnat actul propriei dispari\u021bii?<\/a><\/li>\n<li class=\"recentcomments\"><span class=\"comment-author-link\">Nicu<\/span> la <a href=\"https:\/\/r3media.ro\/dan-dungaciu-patriotism-european-natiunea-identitatea-europeana\/#comment-40322\">Prof. Dan Dungaciu despre raportul privind \u201epatriotismul european\u201d emis de la Cotroceni: Dac\u0103 na\u021biunea e un construct, atunci \u201eidentitatea european\u0103\u201d ce este?<\/a><\/li>\n<li class=\"recentcomments\"><span class=\"comment-author-link\">boiu<\/span> la <a href=\"https:\/\/r3media.ro\/rusia-romania-drona-ambasador-moscova-porturi-dunare\/#comment-40321\">Rusia, avertizat\u0103 de Rom\u00e2nia dup\u0103 incidentele cu drona. Ambasadorul Moscovei acuz\u0103 Bucure\u0219tiul c\u0103 folose\u0219te porturile de la Dun\u0103re pentru a transporta arme \u00een Ucraina<\/a><\/li>\n<li class=\"recentcomments\"><span class=\"comment-author-link\">panda<\/span> la <a href=\"https:\/\/r3media.ro\/urs-sibiu\/#comment-40320\">Un urs a fost v\u0103zut pe unul dintre cele mai circulate bulevarde din Sibiu<\/a><\/li>\n<\/ul>\n<\/aside>\n<aside class=\"td_block_template_1 widget widget_search\">\n<h4 class=\"block-title\"><span>CAUT\u0102 \u0218I VEI G\u0102SI<\/span><\/h4>\n<\/aside>\n<\/div>\n<\/div>\n<\/div>\n<\/div>\n<\/div>\n<\/div>\n<\/div>\n<p><span class=\"td-page-meta\"><\/span><span class=\"td-page-meta\"><span class=\"td-page-meta\"><\/span><\/span><span class=\"td-page-meta\"><\/span><\/article>\n<\/p>\n<div class=\"td_block_wrap tdb_single_content tdi_18 td-pb-border-top td_block_template_1 td-post-content tagdiv-type\" data-td-block-uid=\"tdi_18\">\n<div class=\"tdb-block-inner td-fix-index\">\n<p><strong>Analistul de politic\u0103 extern\u0103 \u0218tefan Popescu a comentat mar\u021bi modul \u00een care Rom\u00e2nia a r\u0103spuns celui de-al treilea incident cu dron\u0103, cel care a dus la <a href=\"https:\/\/r3media.ro\/rusia-romania-drona-ambasador-moscova-porturi-dunare\/\" target=\"_blank\" rel=\"noopener\">convocarea ambasadorului Federa\u021biei Ruse<\/a> la Ministerul Afacerilor Externe, \u0219i a avertizat c\u0103 fermitatea gesturilor diplomatice nu echivaleaz\u0103 cu o strategie de securitate. <\/strong><\/p>\n<p>\u201eO diploma\u021bie nu se m\u0103soar\u0103 prin fermitatea gesturilor sale, ci prin capacitatea de a modifica situa\u021bia \u00een viitor\u201d, a spus Popescu pe canalul s\u0103u de <a href=\"https:\/\/www.youtube.com\/watch?v=6rcirmAWH0Q\" target=\"_blank\" rel=\"noopener\">Youtube<\/a>.<\/p>\n<p>Reac\u021bia Bucure\u0219tiului a inclus expulzarea unui diplomat din schema ambasadei ruse la Bucure\u0219ti \u0219i rechemarea pentru consult\u0103ri a ambasadorului Rom\u00e2niei la Moscova, m\u0103suri care vin dup\u0103 declararea ca persona non grata a consulului general al Federa\u021biei Ruse la Constan\u021ba, \u00eenchiderea acestei reprezentan\u021be \u0219i sesizarea Consiliului de Securitate al ONU.<\/p>\n<h2><strong>Reac\u021bia singur\u0103 nu reprezint\u0103 o strategie<\/strong><\/h2>\n<p>Popescu recunoa\u0219te c\u0103 instrumentele folosite sunt legitime, dar pune \u00een discu\u021bie efectul lor real.<\/p>\n<p>\u201eUn stat este evaluat nu numai dup\u0103 modul \u00een care r\u0103spunde la un incident, ci dup\u0103 capacitatea sa de a influen\u021ba evolu\u021biile ulterioare\u201d, a ar\u0103tat analistul, subliniind c\u0103 \u201e\u00een politica extern\u0103, reac\u021bia este necesar\u0103, dar reac\u021bia singur\u0103 nu reprezint\u0103 o strategie\u201d.<\/p>\n<p>\u00cen opinia sa, incidentul punctual nu este miza real\u0103: \u201eDrona este simptomul, nu boala.\u201d<\/p>\n<p>Analistul explic\u0103 faptul c\u0103 \u201eboala este presiunea exercitat\u0103 asupra fluxurilor care intr\u0103 \u0219i ies din porturile ucrainene\u201d, precum \u0219i asupra \u201erutelor logistice care leag\u0103 Ucraina de Marea Neagr\u0103 \u0219i Dun\u0103rea de jos\u201d.<\/p>\n<p>De aici deriv\u0103, spune el, \u00eentrebarea central\u0103: dac\u0103 m\u0103surile diplomatice rom\u00e2ne\u0219ti au capacitatea de a reduce presiunea rus\u0103 din regiune.<\/p>\n<p>Popescu atrage aten\u021bia c\u0103 un adversar nu \u00ee\u0219i schimb\u0103 comportamentul din cauza unui mesaj politic ferm:<\/p>\n<p>\u201eEa \u00ee\u0219i modific\u0103 ac\u021biunile atunci c\u00e2nd calculeaz\u0103 c\u0103 pre\u021bul continu\u0103rii acelei ac\u021biuni devine prea mare sau c\u0103 spa\u021biul s\u0103u de manevr\u0103 s-a redus.\u201d<\/p>\n<h2><strong>Trei direc\u021bii pentru o strategie<\/strong><\/h2>\n<p>Anticip\u00e2nd repro\u0219ul c\u0103 formuleaz\u0103 critici f\u0103r\u0103 solu\u021bii, analistul propune trei direc\u021bii pe care ar trebui construit\u0103 o strategie.<\/p>\n<p>Prima este dezvoltarea capacit\u0103\u021bilor na\u021bionale de interceptare \u0219i de r\u0103spuns: \u201eUn stat nu \u00ee\u0219i poate proteja interesele strategice exclusiv prin reac\u021bii politice sau prin sprijin extern.\u201d<\/p>\n<p>A doua vizeaz\u0103 solidaritatea aliat\u0103, pe care Popescu o vrea \u201etransformat\u0103 \u00een mecanisme concrete de descurajare\u201d.<\/p>\n<p>Angajamentul NATO, spune el, \u201ese m\u0103soar\u0103 prin echipamente desf\u0103\u0219urate la fa\u021ba locului, ceea ce noi nu observ\u0103m\u201d.<\/p>\n<p>A treia direc\u021bie este men\u021binerea canalelor de dialog, care \u201enu trebuie confundat cu sl\u0103biciunea\u201d.<\/p>\n<h2><strong>Avertisment: lipsa unei reac\u021bii strategice coerente\u2026 e interpretat\u0103 ca o oportunitate<\/strong><\/h2>\n<p>Analistul avertizeaz\u0103 asupra unei posibile strategii ruse de testare progresiv\u0103 \u2014 testare, observare, ajustare \u0219i revenire \u2014 asem\u0103n\u0103toare celei din spa\u021biul baltic, preciz\u00e2nd totodat\u0103 c\u0103 nu crede c\u0103 un asemenea mecanism este deja \u00een derulare \u00een Marea Neagr\u0103.<\/p>\n<p>Riscul, spune el, este ca Rom\u00e2nia \u201es\u0103 r\u0103spund\u0103 cu m\u0103suri diplomatice unei probleme care este strategic\u0103\u201d, f\u0103r\u0103 a-\u0219i defini clar linia ro\u0219ie.<\/p>\n<p>Concluzia lui Popescu este c\u0103 problema nu \u021bine de capacitatea de a reac\u021biona, ci de existen\u021ba unei viziuni:<\/p>\n<p>\u201e\u00cen politica de putere, lipsa unei reac\u021bii strategice coerente nu este interpretat\u0103 ca un gest de pruden\u021b\u0103, e interpretat\u0103 ca o oportunitate.\u201d<\/p>\n<p>Analistul insist\u0103 asupra distinc\u021biei dintre o politic\u0103 extern\u0103 reactiv\u0103 \u0219i una strategic\u0103, capabil\u0103 \u201es\u0103 anticipeze comportamentul adversarului\u201d \u0219i s\u0103 fac\u0103 repetarea ac\u021biunilor \u201emai dificil\u0103 \u0219i mai costisitoare\u201d.<\/p>\n<p>Comentariul s\u0103u se \u00eencheie \u00eens\u0103 pe o not\u0103 sceptic\u0103 privind capacitatea institu\u021bional\u0103 de a duce un astfel de demers: \u201eDar n-avem cu cine.\u201d<\/p>\n<div class=\"crp_related     crp-masonry\">\n<h2>\u00ceN CONTEXT<\/h2>\n<ul>\n<li><a href=\"https:\/\/r3media.ro\/fara-tine-in-google-r3media-dispare-iata-ce-poti-face-in-10-secunde\/\" class=\"crp_link post-119031\"><span class=\"crp_title\">F\u0103r\u0103 tine \u00een Google, R3media dispare. Iat\u0103 ce po\u021bi face \u00een 10 secunde<\/span><\/a><\/li>\n<li><a href=\"https:\/\/r3media.ro\/daca-as-fi-statul-roman-as-face-totul-ca-lukoil-sa-nu-plece-din-romania\/\" class=\"crp_link post-114088\"><span class=\"crp_title\">Dac\u0103 a\u0219 fi statul rom\u00e2n, a\u0219 face totul ca Lukoil s\u0103 nu plece din Rom\u00e2nia<\/span><\/a><\/li>\n<li><a href=\"https:\/\/r3media.ro\/stefan-popescu-romania-intariri-nato-vorbe\/\" class=\"crp_link post-118150\"><span class=\"crp_title\">\u0218tefan Popescu: Rom\u00e2nia a cerut \u00eent\u0103riri din partea NATO, dar a primit doar vorbe frumoase<\/span><\/a><\/li>\n<li><a href=\"https:\/\/r3media.ro\/stefan-popescu-avertisment-germania-hegemon-europa\/\" class=\"crp_link post-117147\"><span class=\"crp_title\">\u0218tefan Popescu avertizeaz\u0103 c\u0103 Germania urm\u0103re\u0219te s\u0103 devin\u0103 hegemonul militar al Europei<\/span><\/a><\/li>\n<li><a href=\"https:\/\/r3media.ro\/stefan-popescu-nato-orient-marea-neagra-periferie\/\" class=\"crp_link post-116253\"><span class=\"crp_title\">Analistul \u0218tefan Popescu: NATO \u00ee\u0219i mut\u0103 privirea spre Orient. Marea Neagr\u0103, o \u201eperiferie\u201d strategic\u0103<\/span><\/a><\/li>\n<li><a href=\"https:\/\/r3media.ro\/stefan-popescu-retragere-militari-sua-europa-romania-incerta\/\" class=\"crp_link post-117482\"><span class=\"crp_title\">\u0218tefan Popescu, despre retragerea militarilor SUA din Europa: Rom\u00e2nia intr\u0103 \u00eentr-o epoc\u0103\u2026<\/span><\/a><\/li>\n<li><a href=\"https:\/\/r3media.ro\/stefan-popescu-rusia-klaus-iohannis-nicusor-dan-romania\/\" class=\"crp_link post-117584\"><span class=\"crp_title\">\u0218tefan Popescu explic\u0103 de ce Rusia l-a numit pe Klaus Iohannis drept pre\u0219edinte, nu pe\u2026<\/span><\/a><\/li>\n<li><a href=\"https:\/\/r3media.ro\/stefan-popescu-miza-reala-intalnire-nicusor-dan-erdogan-romania-turcia\/\" class=\"crp_link post-118714\"><span class=\"crp_title\">\u0218tefan Popescu, despre miza REAL\u0102 a \u00eent\u00e2lnirii Nicu\u0219or Dan &#8211; Erdogan: Securitatea Rom\u00e2niei\u2026<\/span><\/a><\/li>\n<\/ul>\n<\/div>\n<\/div>\n<\/div>\n<p>[analyse_source url=&#8221;https:\/\/r3media.ro\/stefan-popescu-drona-rusia-romania\/&#8221;]<\/p>\n","protected":false},"excerpt":{"rendered":"<p>[analyse_image type=&#8221;featured&#8221; src=&#8221;https:\/\/r3media.ro\/wp-content\/uploads\/2026\/07\/maxresdefault-2.jpghttps:\/\/r3media.ro\/wp-content\/uploads\/2026\/07\/maxresdefault-2.jpg&#8221;] FEATUREDVIDEO \u0218tefan Popescu: Drona este simptomul, nu boala \/ Analistul avertizeaz\u0103 c\u0103&#8230; FEATURED\u0218TIRIVIDEO VIDEO \u0218tefan Popescu: Drona este simptomul, nu boala \/ Analistul avertizeaz\u0103 c\u0103 reac\u021biile diplomatice ale Rom\u00e2niei nu \u021bin loc de strategie Redac\u021bia 28\/07\/2026 Analistul de politic\u0103 extern\u0103 \u0218tefan Popescu a comentat mar\u021bi modul \u00een care Rom\u00e2nia a r\u0103spuns celui [&hellip;]<\/p>\n","protected":false},"author":1,"featured_media":0,"comment_status":"open","ping_status":"","sticky":false,"template":"","format":"standard","meta":{"footnotes":""},"categories":[89],"tags":[226,93],"class_list":["post-2065239","post","type-post","status-publish","format-standard","hentry","category-romania","tag-crawlmanager","tag-r3media-ro"],"_links":{"self":[{"href":"https:\/\/analyse.optim.biz\/index.php?rest_route=\/wp\/v2\/posts\/2065239","targetHints":{"allow":["GET"]}}],"collection":[{"href":"https:\/\/analyse.optim.biz\/index.php?rest_route=\/wp\/v2\/posts"}],"about":[{"href":"https:\/\/analyse.optim.biz\/index.php?rest_route=\/wp\/v2\/types\/post"}],"author":[{"embeddable":true,"href":"https:\/\/analyse.optim.biz\/index.php?rest_route=\/wp\/v2\/users\/1"}],"replies":[{"embeddable":true,"href":"https:\/\/analyse.optim.biz\/index.php?rest_route=%2Fwp%2Fv2%2Fcomments&post=2065239"}],"version-history":[{"count":0,"href":"https:\/\/analyse.optim.biz\/index.php?rest_route=\/wp\/v2\/posts\/2065239\/revisions"}],"wp:attachment":[{"href":"https:\/\/analyse.optim.biz\/index.php?rest_route=%2Fwp%2Fv2%2Fmedia&parent=2065239"}],"wp:term":[{"taxonomy":"category","embeddable":true,"href":"https:\/\/analyse.optim.biz\/index.php?rest_route=%2Fwp%2Fv2%2Fcategories&post=2065239"},{"taxonomy":"post_tag","embeddable":true,"href":"https:\/\/analyse.optim.biz\/index.php?rest_route=%2Fwp%2Fv2%2Ftags&post=2065239"}],"curies":[{"name":"wp","href":"https:\/\/api.w.org\/{rel}","templated":true}]}}