{"id":2065233,"date":"2026-07-28T07:06:52","date_gmt":"2026-07-28T04:06:52","guid":{"rendered":"https:\/\/analyse.optim.biz\/?p=2065233"},"modified":"2026-07-28T07:06:52","modified_gmt":"2026-07-28T04:06:52","slug":"odissea-lui-nolan","status":"publish","type":"post","link":"https:\/\/analyse.optim.biz\/?p=2065233","title":{"rendered":"Odissea lui Nolan"},"content":{"rendered":"<p>[analyse_image type=&#8221;featured&#8221; src=&#8221;https:\/\/r3media.ro\/wp-content\/uploads\/2026\/07\/odiseea-nolan.webphttps:\/\/r3media.ro\/wp-content\/uploads\/2026\/07\/odiseea-nolan.webp&#8221;]<\/p>\n<article id=\"template-id-109\" class=\"post-109 tdb_templates type-tdb_templates status-publish post\">\n<div id=\"tdi_2\" class=\"tdc-zone\">\n<div class=\"tdc_zone tdi_3  wpb_row td-pb-row\">\n<div id=\"tdi_4\" class=\"tdc-row\">\n<div class=\"vc_row tdi_5  wpb_row td-pb-row\">\n<div class=\"vc_column tdi_7  wpb_column vc_column_container tdc-column td-pb-span8\">\n<div class=\"wpb_wrapper\">\n<div class=\"td_block_wrap tdb_breadcrumbs tdi_8 td-pb-border-top td_block_template_1 tdb-breadcrumbs \" data-td-block-uid=\"tdi_8\">\n<div class=\"tdb-block-inner td-fix-index\"><span><a title=\"Vede\u021bi toate articolele \u00een FEATURED\" class=\"tdb-entry-crumb\" href=\"https:\/\/r3media.ro\/category\/featured\/\">FEATURED<\/a><\/span><span class=\"tdb-bred-no-url-last\">Odissea lui Nolan<\/span><\/div>\n<\/div>\n<div class=\"td_block_wrap tdb_single_categories tdi_9 td-pb-border-top td_block_template_1 \" data-td-block-uid=\"tdi_9\">\n<div class=\"tdb-category td-fix-index\"><a class=\"tdb-entry-category\" href=\"https:\/\/r3media.ro\/category\/featured\/\">FEATURED<\/a><a class=\"tdb-entry-category\" href=\"https:\/\/r3media.ro\/category\/opinii\/\">OPINII<\/a><a class=\"tdb-entry-category\" href=\"https:\/\/r3media.ro\/category\/stiri\/\">\u0218TIRI<\/a><\/div>\n<\/div>\n<div class=\"td_block_wrap tdb_title tdi_10 tdb-single-title td-pb-border-top td_block_template_1\" data-td-block-uid=\"tdi_10\">\n<div class=\"tdb-block-inner td-fix-index\">\n<h1 class=\"tdb-title-text\">Odissea lui Nolan<\/h1>\n<\/div>\n<\/div>\n<div class=\"vc_row_inner tdi_12  vc_row vc_inner wpb_row td-pb-row\">\n<div class=\"vc_column_inner tdi_14  wpb_column vc_column_container tdc-inner-column td-pb-span12\">\n<div class=\"vc_column-inner\">\n<div class=\"wpb_wrapper\">\n<div class=\"td_block_wrap tdb_single_author tdi_15 td-pb-border-top td_block_template_1 tdb-post-meta\" data-td-block-uid=\"tdi_15\">\n<div class=\"tdb-block-inner td-fix-index\">\n<div class=\"tdb-author-name-wrap\"><a class=\"tdb-author-name\" href=\"https:\/\/r3media.ro\/author\/buturuga\/\">Buturug\u0103 Anghel<\/a><\/div>\n<\/div>\n<\/div>\n<div class=\"td_block_wrap tdb_single_date tdi_16 td-pb-border-top td_block_template_1 tdb-post-meta\" data-td-block-uid=\"tdi_16\">\n<div class=\"tdb-block-inner td-fix-index\"><time class=\"entry-date updated td-module-date\" datetime=\"2026-07-28T10:06:52+03:00\">28\/07\/2026<\/time><\/div>\n<\/div>\n<\/div>\n<\/div>\n<\/div>\n<\/div>\n<div class=\"td_block_wrap tdb_single_featured_image tdi_17 tdb-content-horiz-left td-pb-border-top td_block_template_1\" data-td-block-uid=\"tdi_17\">\n<div class=\"tdb-block-inner td-fix-index\">\n<figure><figcaption class=\"tdb-caption-text\">Sursa foto: Captura VIDEO<\/figcaption><\/figure>\n<\/div>\n<\/div>\n<div class=\"td_block_wrap tdb_single_content tdi_18 td-pb-border-top td_block_template_1 td-post-content tagdiv-type\" data-td-block-uid=\"tdi_18\">\n<div class=\"tdb-block-inner td-fix-index\">\n<p><strong>Am v\u0103zut, de\u0219i credeam c\u0103 nu voi avea ocazia, <a href=\"https:\/\/www.imdb.com\/title\/tt33764258\/\" target=\"_blank\" rel=\"noopener\">Odissea<\/a> lui Nolan. Regizor ale c\u0103rui filme le-am apreciat.<\/strong><\/p>\n<p>M\u0103 mir de \u00eengustimea \u0219i snobismul unor conservatori, inclusiv mai subtili, ca <a href=\"https:\/\/r3media.ro\/video-rod-dreher-ue-valori-traditionale-hristos-von-der-leyen\/\" target=\"_blank\" rel=\"noopener\">Dreher<\/a>, care nu au reu\u0219it s\u0103 vad\u0103 dincolo de propriile lor a\u0219tept\u0103ri \u0219i reprezent\u0103ri.<\/p>\n<p>Filmul lui Nolan nu e nici woke, nici liberal. E mai degrab\u0103 post liberal, dac\u0103 e s\u0103-l \u00eencadr\u0103m undeva.<\/p>\n<p>Surprinde ceva din sf\u00e2r\u0219itul de lume liberala postbelic\u0103, dar perspectiva nu mai e de acolo.<\/p>\n<p>Sigur, are o viziune umanist\u0103, dar daca ne g\u00e2ndim care e calapodul liberal, inclusiv \u00een cultura popular\u0103, atunci vom \u00een\u021belege c\u0103 respectul legii, cutumelor, al mor\u021bilor, al regelui \u0219i tat\u0103lui, al autorit\u0103\u021bii \u0219i ordinii, sunt orice, numai liberale nu.<\/p>\n<p>Un film liberal ar fi ar\u0103tat c\u0103 ceea ce era putred provenea din tradi\u021bie \u0219i autoritate.<\/p>\n<p>Ar fi creat antagonisme false \u00eentre eroi emancipatori \u0219i reprezentan\u021bi rigizi ai vechii ordini.<\/p>\n<p>Chiar m\u0103 \u00eentreb, oamenii \u0103\u0219tia nu au v\u0103zut destule filme Hollywoodiene ca sa fi re\u021binut acest tipar?<\/p>\n<p>Apoi, argumentul cu Odiseu care are prea multe remu\u0219c\u0103ri pentru ororile r\u0103zboiului e \u0219i el mai degrab\u0103 ca nodul in papur\u0103.<\/p>\n<p>Nu a promis Nolan c\u0103 \u00eel copiaz\u0103 pe Eggert \u0219i face un film-experiment in care s\u0103 \u00eencerce s\u0103 pun\u0103 la lucru viziunea vechilor greci.<\/p>\n<p>Nu pentru asta te duci la filmele lui. Dar chiar \u0219i a\u0219a, m\u0103 \u00eentreb dac\u0103 cei care au adus acest argument au citit, totu\u0219i, Iliada \u0219i Odiseea.<\/p>\n<p>Sigur, nu-l reg\u0103se\u0219ti pe Odiseu in conversa\u021bii terapeutic redemptive, dar durerea \u0219i tragismul celor \u00eent\u00e2mplate str\u0103bate poemele in fibra lor \u0219i \u00een niciun caz nu ai acolo o reprezentare strict encomiastic\u0103, bombastic\u0103 \u0219i laudativ\u0103 a unor eroi \u0219i a ispr\u0103vilor lor viteje\u0219ti.<\/p>\n<p>Cine e antagonistul in Iliada? Dar \u00een Odissea?<\/p>\n<p>Deci preluarea acestei linii in film mi se pare justificabil\u0103.<\/p>\n<p>Iliada \u0219i Odiseea sunt poeme ale tragediei, ale omului ap\u0103sat de soart\u0103, de zei, animat de dragostea de patrie, cas\u0103 \u0219i familie, prins \u00een situa\u021bii f\u0103r\u0103 ie\u0219ire, pus din nou \u0219i nou s\u0103 pl\u0103teasc\u0103 p\u0103cate proprii sau str\u0103ine de el.<\/p>\n<p>E un film frumos, unele scene sunt foarte reu\u0219ite.<\/p>\n<p>Sf\u00e2r\u0219itul \u2013 nu deznod\u0103m\u00e2ntul \u2013 putea lipsi \u00eens\u0103, mi-a adus aminte de ultimele capitole din R\u0103zboi \u0219i pace, unde Tolstoi a p\u0103r\u0103sit rolul povestitorului ca s\u0103 fie tezist.<\/p>\n<div class=\"crp_related     crp-masonry\">\n<h2>\u00ceN CONTEXT<\/h2>\n<ul>\n<li><a href=\"https:\/\/r3media.ro\/fictiunea-woke-2\/\" class=\"crp_link post-115545\"><span class=\"crp_title\">Fic\u021biunea woke (2)<\/span><\/a><\/li>\n<li><a href=\"https:\/\/r3media.ro\/fictiunea-woke-1\/\" class=\"crp_link post-115465\"><span class=\"crp_title\">Fic\u021biunea woke (1)<\/span><\/a><\/li>\n<li><a href=\"https:\/\/r3media.ro\/calendarul-zilei-6-octombrie-petre-tutea\/\" class=\"crp_link post-2891\"><span class=\"crp_title\">Calendarul zilei 6 octombrie | Petre \u021au\u021bea, 123 de ani de la na\u0219tere. 22 de citate\u2026<\/span><\/a><\/li>\n<li><a href=\"https:\/\/r3media.ro\/de-la-a-treia-forta-la-renasterea-romaniei-profunde\/\" class=\"crp_link post-113085\"><span class=\"crp_title\">De la a Treia For\u021b\u0103 la rena\u0219terea Rom\u00e2niei profunde<\/span><\/a><\/li>\n<li><a href=\"https:\/\/r3media.ro\/schimbare-climatica\/\" class=\"crp_link post-113122\"><span class=\"crp_title\">Schimbare climatic\u0103<\/span><\/a><\/li>\n<li><a href=\"https:\/\/r3media.ro\/stapanul-inelelor-rasist-j-r-r-tolkien-acuzat-profesor-universitate-progresista-demonizare-persoane-de-culoare-orci\/\" class=\"crp_link post-113716\"><span class=\"crp_title\">St\u0103p\u00e2nul Inelelor e \u201erasist\u201c: J.R.R. Tolkien e acuzat de un profesor de la o universitate\u2026<\/span><\/a><\/li>\n<li><a href=\"https:\/\/r3media.ro\/american-eagle-conservatori-apara-sydney-sweeney-actrita-isterie-activisti-woke-reclame-blugi\/\" class=\"crp_link post-112107\"><span class=\"crp_title\">American Eagle \u0219i conservatorii o ap\u0103r\u0103 pe Sydney Sweeney, actri\u021ba care i-a isterizat pe\u2026<\/span><\/a><\/li>\n<li><a href=\"https:\/\/r3media.ro\/muzeul-antropologic-panini\/\" class=\"crp_link post-118215\"><span class=\"crp_title\">Muzeul Antropologic Panini<\/span><\/a><\/li>\n<\/ul>\n<\/div>\n<\/div>\n<\/div>\n<div class=\"td_block_wrap tdb_single_tags tdi_19 td-pb-border-top td_block_template_1\" data-td-block-uid=\"tdi_19\">\n<div class=\"tdb-block-inner td-fix-index\">\n<ul class=\"tdb-tags\">\n<li><span>SUBIECTE FIERBIN\u021aI<\/span><\/li>\n<li><a href=\"https:\/\/r3media.ro\/tag\/conservatorism\/\">conservatorism<\/a><\/li>\n<li><a href=\"https:\/\/r3media.ro\/tag\/cultura-woke\/\">cultura woke<\/a><\/li>\n<li><a href=\"https:\/\/r3media.ro\/tag\/hollywood\/\">Hollywood<\/a><\/li>\n<li><a href=\"https:\/\/r3media.ro\/tag\/istoria-filmului\/\">istoria filmului<\/a><\/li>\n<li><a href=\"https:\/\/r3media.ro\/tag\/odiseea\/\">odiseea<\/a><\/li>\n<\/ul>\n<\/div>\n<\/div>\n<div class=\"td_block_wrap td_block_9 tdi_20 td_with_ajax_pagination td-pb-border-top td_block_template_1 td-column-2 td_block_padding td_block_bot_line\" data-td-block-uid=\"tdi_20\">\n<div class=\"td-block-title-wrap\">\n<h4 class=\"block-title td-block-title\"><span class=\"td-pulldown-size\">CITE\u0218TE MAI MULT<\/span><\/h4>\n<\/div>\n<div id=\"tdi_20\" class=\"td_block_inner\">\n<div class=\"td-block-row\">\n<div class=\"td-block-span6\">\n<div class=\"td_module_8 td_module_wrap\">\n<div class=\"item-details\">\n<h3 class=\"entry-title td-module-title\"><a href=\"https:\/\/r3media.ro\/statul-roman-a-semnat-actul-propriei-disparitii\/\" rel=\"bookmark\" title=\"Statul rom\u00e2n a semnat actul propriei dispari\u021bii?\">Statul rom\u00e2n a semnat actul propriei dispari\u021bii?<\/a><\/h3>\n<div class=\"td-module-meta-info\"><a href=\"https:\/\/r3media.ro\/category\/opinii\/\" class=\"td-post-category\">OPINII<\/a><span class=\"td-post-author-name\"><a href=\"https:\/\/r3media.ro\/author\/gabipopa\/\">Gabriel Popa<\/a><span>&#8211;<\/span><\/span><span class=\"td-post-date\"><time class=\"entry-date updated td-module-date\" datetime=\"2026-07-27T15:07:05+03:00\">27\/07\/2026<\/time><\/span><\/div>\n<\/div>\n<\/div>\n<\/div>\n<div class=\"td-block-span6\">\n<div class=\"td_module_8 td_module_wrap\">\n<div class=\"item-details\">\n<h3 class=\"entry-title td-module-title\"><a href=\"https:\/\/r3media.ro\/prima-oara-istorie-presedintia-document-primplan-patriotism-european\/\" rel=\"bookmark\" title=\"Pentru prima oar\u0103 \u00een istorie, Pre\u0219edin\u021bia Rom\u00e2niei emite un document care pune pe primul plan o alt\u0103 entitate dec\u00e2t \u021bara noastr\u0103: patriotismul european\">Pentru prima oar\u0103 \u00een istorie, Pre\u0219edin\u021bia Rom\u00e2niei emite un document care pune pe primul&#8230;<\/a><\/h3>\n<div class=\"td-module-meta-info\"><a href=\"https:\/\/r3media.ro\/category\/actualitate\/\" class=\"td-post-category\">ACTUALITATE<\/a><span class=\"td-post-author-name\"><a href=\"https:\/\/r3media.ro\/author\/teodor_stan\/\">Teodor Stan<\/a><span>&#8211;<\/span><\/span><span class=\"td-post-date\"><time class=\"entry-date updated td-module-date\" datetime=\"2026-07-26T11:44:31+03:00\">26\/07\/2026<\/time><\/span><\/div>\n<\/div>\n<\/div>\n<\/div>\n<\/div>\n<div class=\"td-block-row\">\n<div class=\"td-block-span6\">\n<div class=\"td_module_8 td_module_wrap\">\n<div class=\"item-details\">\n<h3 class=\"entry-title td-module-title\"><a href=\"https:\/\/r3media.ro\/bnr-recomanda-romani-rezerve-de-cash-atacuri-cibernetice-numerar-relevant-criza\/\" rel=\"bookmark\" title=\"BNR le recomand\u0103 rom\u00e2nilor s\u0103 p\u0103streze rezerve de cash: Numerarul se poate dovedi relevant \u00een criz\u0103\">BNR le recomand\u0103 rom\u00e2nilor s\u0103 p\u0103streze rezerve de cash: Numerarul se poate dovedi relevant&#8230;<\/a><\/h3>\n<div class=\"td-module-meta-info\"><a href=\"https:\/\/r3media.ro\/category\/stiri-prim-plan\/\" class=\"td-post-category\">PRIM PLAN<\/a><span class=\"td-post-author-name\"><a href=\"https:\/\/r3media.ro\/author\/oana\/\">Oana Ivan<\/a><span>&#8211;<\/span><\/span><span class=\"td-post-date\"><time class=\"entry-date updated td-module-date\" datetime=\"2026-07-27T13:11:47+03:00\">27\/07\/2026<\/time><\/span><\/div>\n<\/div>\n<\/div>\n<\/div>\n<div class=\"td-block-span6\">\n<div class=\"td_module_8 td_module_wrap\">\n<div class=\"item-details\">\n<h3 class=\"entry-title td-module-title\"><a href=\"https:\/\/r3media.ro\/film-nou-stapanul-inelelor-corect-politic-regizor-andy-serkis-diversitate-tolkien-mitologie-nordica\/\" rel=\"bookmark\" title=\"Noul film \u201eSt\u0103p\u00e2nul Inelelor\u201d nu va fi corect politic. Regizorul Andy Serkis: J.R.R. Tolkien a fost influen\u021bat de mitologia nordic\u0103. Nu vrem o distribu\u021bie de dragul de a bifa c\u0103su\u021be\">Noul film \u201eSt\u0103p\u00e2nul Inelelor\u201d nu va fi corect politic. Regizorul Andy Serkis: J.R.R. Tolkien&#8230;<\/a><\/h3>\n<div class=\"td-module-meta-info\"><a href=\"https:\/\/r3media.ro\/category\/actualitate\/\" class=\"td-post-category\">ACTUALITATE<\/a><span class=\"td-post-author-name\"><a href=\"https:\/\/r3media.ro\/author\/oana\/\">Oana Ivan<\/a><span>&#8211;<\/span><\/span><span class=\"td-post-date\"><time class=\"entry-date updated td-module-date\" datetime=\"2026-07-26T15:49:31+03:00\">26\/07\/2026<\/time><\/span><\/div>\n<\/div>\n<\/div>\n<\/div>\n<\/div>\n<div class=\"td-block-row\">\n<div class=\"td-block-span6\">\n<div class=\"td_module_8 td_module_wrap\">\n<div class=\"item-details\">\n<h3 class=\"entry-title td-module-title\"><a href=\"https:\/\/r3media.ro\/dictatura-forma-suprema-a-democratiei\/\" rel=\"bookmark\" title=\"Dictatura \u2013 forma suprem\u0103 a democra\u021biei\">Dictatura \u2013 forma suprem\u0103 a democra\u021biei<\/a><\/h3>\n<div class=\"td-module-meta-info\"><a href=\"https:\/\/r3media.ro\/category\/opinii\/\" class=\"td-post-category\">OPINII<\/a><span class=\"td-post-author-name\"><a href=\"https:\/\/r3media.ro\/author\/tru\/\">TRU (Traian Ungureanu)<\/a><span>&#8211;<\/span><\/span><span class=\"td-post-date\"><time class=\"entry-date updated td-module-date\" datetime=\"2026-07-25T16:43:11+03:00\">25\/07\/2026<\/time><\/span><\/div>\n<\/div>\n<\/div>\n<\/div>\n<div class=\"td-block-span6\">\n<div class=\"td_module_8 td_module_wrap\">\n<div class=\"item-details\">\n<h3 class=\"entry-title td-module-title\"><a href=\"https:\/\/r3media.ro\/marea-britanie-apa-inteligenta-artificiala-romania-centru-ai-restrictii-consum-apa\/\" rel=\"bookmark\" title=\"Marea Britanie nu mai are suficient\u0103 ap\u0103 pentru Inteligen\u021ba Artificial\u0103, dar Rom\u00e2nia vrea s\u0103 g\u0103zduiasc\u0103 un centru AI care consum\u0103 c\u00e2t sute de mii de oameni \u0219i impune restric\u021bii la consumul de ap\u0103 al popula\u021biei\">Marea Britanie nu mai are suficient\u0103 ap\u0103 pentru Inteligen\u021ba Artificial\u0103, dar Rom\u00e2nia vrea s\u0103&#8230;<\/a><\/h3>\n<div class=\"td-module-meta-info\"><a href=\"https:\/\/r3media.ro\/category\/actualitate\/\" class=\"td-post-category\">ACTUALITATE<\/a><span class=\"td-post-author-name\"><a href=\"https:\/\/r3media.ro\/author\/radu_ursan\/\">Radu Ursan<\/a><span>&#8211;<\/span><\/span><span class=\"td-post-date\"><time class=\"entry-date updated td-module-date\" datetime=\"2026-07-23T11:44:13+03:00\">23\/07\/2026<\/time><\/span><\/div>\n<\/div>\n<\/div>\n<\/div>\n<\/div>\n<div class=\"td-block-row\">\n<div class=\"td-block-span6\">\n<div class=\"td_module_8 td_module_wrap\">\n<div class=\"item-details\">\n<h3 class=\"entry-title td-module-title\"><a href=\"https:\/\/r3media.ro\/campion-olimpic-olaf-tufte-mort-subit-50-ani\/\" rel=\"bookmark\" title=\"Campionul olimpic Olaf Tufte a murit subit la 50 de ani\">Campionul olimpic Olaf Tufte a murit subit la 50 de ani<\/a><\/h3>\n<div class=\"td-module-meta-info\"><a href=\"https:\/\/r3media.ro\/category\/actualitate\/\" class=\"td-post-category\">ACTUALITATE<\/a><span class=\"td-post-author-name\"><a href=\"https:\/\/r3media.ro\/author\/oana\/\">Oana Ivan<\/a><span>&#8211;<\/span><\/span><span class=\"td-post-date\"><time class=\"entry-date updated td-module-date\" datetime=\"2026-07-22T12:11:02+03:00\">22\/07\/2026<\/time><\/span><\/div>\n<\/div>\n<\/div>\n<\/div>\n<div class=\"td-block-span6\">\n<div class=\"td_module_8 td_module_wrap\">\n<div class=\"item-details\">\n<h3 class=\"entry-title td-module-title\"><a href=\"https:\/\/r3media.ro\/explozie-incendiu-fabrica-kronospan-brasov-video\/\" rel=\"bookmark\" title=\"VIDEO | Explozie urmat\u0103 de un incendiu la fabrica Kronospan din Bra\u0219ov. \u00cen timp ce pompierii \u00eencercau s\u0103 sting\u0103 focul s-a produs o alt\u0103 explozie\">VIDEO | Explozie urmat\u0103 de un incendiu la fabrica Kronospan din Bra\u0219ov. \u00cen timp&#8230;<\/a><\/h3>\n<div class=\"td-module-meta-info\"><a href=\"https:\/\/r3media.ro\/category\/actualitate\/\" class=\"td-post-category\">ACTUALITATE<\/a><span class=\"td-post-author-name\"><a href=\"https:\/\/r3media.ro\/author\/oana\/\">Oana Ivan<\/a><span>&#8211;<\/span><\/span><span class=\"td-post-date\"><time class=\"entry-date updated td-module-date\" datetime=\"2026-07-22T10:01:28+03:00\">22\/07\/2026<\/time><\/span><\/div>\n<\/div>\n<\/div>\n<\/div>\n<\/div>\n<div class=\"td-block-row\">\n<div class=\"td-block-span6\">\n<div class=\"td_module_8 td_module_wrap\">\n<div class=\"item-details\">\n<h3 class=\"entry-title td-module-title\"><a href=\"https:\/\/r3media.ro\/asa-incepe-compania-openai-afirma-un-model-de-inteligenta-artificiala-a-atacat-din-proprie-initiativa-sistemele-unei-alte-companii\/\" rel=\"bookmark\" title=\"A\u0219a \u00eencepe? Compania OpenAI afirm\u0103 un model de inteligen\u021b\u0103 artificial\u0103 a ATACAT din proprie ini\u021biativ\u0103 sistemele unei alte companii\">A\u0219a \u00eencepe? Compania OpenAI afirm\u0103 un model de inteligen\u021b\u0103 artificial\u0103 a ATACAT din proprie&#8230;<\/a><\/h3>\n<div class=\"td-module-meta-info\"><a href=\"https:\/\/r3media.ro\/category\/actualitate\/\" class=\"td-post-category\">ACTUALITATE<\/a><span class=\"td-post-author-name\"><a href=\"https:\/\/r3media.ro\/author\/teodor_stan\/\">Teodor Stan<\/a><span>&#8211;<\/span><\/span><span class=\"td-post-date\"><time class=\"entry-date updated td-module-date\" datetime=\"2026-07-22T09:10:53+03:00\">22\/07\/2026<\/time><\/span><\/div>\n<\/div>\n<\/div>\n<\/div>\n<div class=\"td-block-span6\">\n<div class=\"td_module_8 td_module_wrap\">\n<div class=\"item-details\">\n<h3 class=\"entry-title td-module-title\"><a href=\"https:\/\/r3media.ro\/episcopul-husilor-oameni-animale-therieni-degradare-progresism\/\" rel=\"bookmark\" title=\"Episcopul Hu\u0219ilor, despre oamenii care se cred animale: V\u0103 da\u021bi seama c\u00e2t\u0103 degradare uman\u0103 este? De ce? Pentru c\u0103 se \u00eencred \u00een progresism\">Episcopul Hu\u0219ilor, despre oamenii care se cred animale: V\u0103 da\u021bi seama c\u00e2t\u0103 degradare uman\u0103&#8230;<\/a><\/h3>\n<div class=\"td-module-meta-info\"><a href=\"https:\/\/r3media.ro\/category\/actualitate\/\" class=\"td-post-category\">ACTUALITATE<\/a><span class=\"td-post-author-name\"><a href=\"https:\/\/r3media.ro\/author\/radu_ursan\/\">Radu Ursan<\/a><span>&#8211;<\/span><\/span><span class=\"td-post-date\"><time class=\"entry-date updated td-module-date\" datetime=\"2026-07-21T19:30:46+03:00\">21\/07\/2026<\/time><\/span><\/div>\n<\/div>\n<\/div>\n<\/div>\n<\/div>\n<div class=\"td-block-row\">\n<div class=\"td-block-span6\">\n<div class=\"td_module_8 td_module_wrap\">\n<div class=\"item-details\">\n<h3 class=\"entry-title td-module-title\"><a href=\"https:\/\/r3media.ro\/video-cult-femeie-dumnezeu-mama-romania\/\" rel=\"bookmark\" title=\"VIDEO | Un cult care consider\u0103 o femeie coreean\u0103 drept \u201eDumnezeu Mama\u201d face prozeli\u021bi \u00een Rom\u00e2nia\">VIDEO | Un cult care consider\u0103 o femeie coreean\u0103 drept \u201eDumnezeu Mama\u201d face prozeli\u021bi&#8230;<\/a><\/h3>\n<div class=\"td-module-meta-info\"><a href=\"https:\/\/r3media.ro\/category\/actualitate\/\" class=\"td-post-category\">ACTUALITATE<\/a><span class=\"td-post-author-name\"><a href=\"https:\/\/r3media.ro\/author\/redactia\/\">Redac\u021bia<\/a><span>&#8211;<\/span><\/span><span class=\"td-post-date\"><time class=\"entry-date updated td-module-date\" datetime=\"2026-07-21T11:14:08+03:00\">21\/07\/2026<\/time><\/span><\/div>\n<\/div>\n<\/div>\n<\/div>\n<div class=\"td-block-span6\">\n<div class=\"td_module_8 td_module_wrap\">\n<div class=\"item-details\">\n<h3 class=\"entry-title td-module-title\"><a href=\"https:\/\/r3media.ro\/cehia-interzice-telefoanele-in-scoli\/\" rel=\"bookmark\" title=\"Cehia se preg\u0103te\u0219te s\u0103 interzic\u0103 telefoanele mobile \u00een \u0219coli\">Cehia se preg\u0103te\u0219te s\u0103 interzic\u0103 telefoanele mobile \u00een \u0219coli<\/a><\/h3>\n<div class=\"td-module-meta-info\"><a href=\"https:\/\/r3media.ro\/category\/actualitate\/\" class=\"td-post-category\">ACTUALITATE<\/a><span class=\"td-post-author-name\"><a href=\"https:\/\/r3media.ro\/author\/redactia\/\">Redac\u021bia<\/a><span>&#8211;<\/span><\/span><span class=\"td-post-date\"><time class=\"entry-date updated td-module-date\" datetime=\"2026-07-20T22:34:13+03:00\">20\/07\/2026<\/time><\/span><\/div>\n<\/div>\n<\/div>\n<\/div>\n<\/div>\n<\/div>\n<div class=\"td-load-more-wrap td-load-more-infinite-wrap\" id=\"infinite-lm-tdi_20\"><a href=\"https:\/\/r3media.ro\/odissea-lui-nolan\/\" class=\"td_ajax_load_more td_ajax_load_more_js\" aria-label=\"\u00cenc\u0103rca\u021bi mai multe\" id=\"next-page-tdi_20\" data-td_block_id=\"tdi_20\">\u00cenc\u0103rca\u021bi mai multe<\/a><\/div>\n<\/div>\n<div class=\"td_block_wrap tdb_single_comments tdi_21 tdb-comm-layout2 td-pb-border-top td_block_template_1\" data-td-block-uid=\"tdi_21\">\n<div class=\"tdb-block-inner td-fix-index\">\n<div class=\"comments\" id=\"comments\">\n<div id=\"respond\" class=\"comment-respond\">\n<h3 id=\"reply-title\" class=\"comment-reply-title\">AI CEVA DE SPUS? <small><a rel=\"nofollow\" id=\"cancel-comment-reply-link\" href=\"https:\/\/r3media.ro\/odissea-lui-nolan\/#respond\">Renun\u021ba\u021bi la r\u0103spuns<\/a><\/small><\/h3>\n<div class=\"comment-form-input-wrap td-form-comment\">\n<div class=\"td-warning-comment\">V\u0103 rug\u0103m s\u0103 introduce\u021bi comentariul dvs.!<\/div>\n<\/div>\n<div class=\"comment-form-input-wrap td-form-author\">\n<div class=\"td-warning-author\">Introduce\u021bi aici numele dvs.<\/div>\n<\/div>\n<div class=\"comment-form-input-wrap td-form-email\">\n<div class=\"td-warning-email-error\">A\u021bi introdus o adres\u0103 de e-mail incorect\u0103!<\/div>\n<div class=\"td-warning-email\">V\u0103 rug\u0103m s\u0103 introduce\u021bi adresa dvs. de e-mail aici<\/div>\n<\/div>\n<\/div>\n<\/div>\n<\/div>\n<\/div>\n<\/div>\n<\/div>\n<div class=\"vc_column tdi_23  wpb_column vc_column_container tdc-column td-pb-span4 td-is-sticky\">\n<div class=\"wpb_wrapper\" data-sticky-enabled-on=\"W3RydWUsdHJ1ZSx0cnVlLHRydWVd\" data-sticky-offset=\"20\" data-sticky-is-width-auto=\"W2ZhbHNlLGZhbHNlLGZhbHNlLGZhbHNlXQ==\">\n<div class=\"wpb_wrapper td_block_wrap vc_widget_sidebar tdi_25 \">\n<div class=\"td_block_wrap td_block_7 td_block_widget tdi_26 td-pb-border-top td_block_template_1 td-column-1 td_block_padding\" data-td-block-uid=\"tdi_26\">\n<div class=\"td-block-title-wrap\">\n<h4 class=\"block-title td-block-title\"><span class=\"td-pulldown-size\">Articole RELA\u021aIONATE<\/span><\/h4>\n<\/div>\n<div id=\"tdi_26\" class=\"td_block_inner\">\n<div class=\"td-block-span12\">\n<div class=\"td_module_6 td_module_wrap td-animation-stack\">\n<div class=\"td-module-thumb\"><a href=\"https:\/\/r3media.ro\/stefan-popescu-drona-rusia-romania\/\" rel=\"bookmark\" class=\"td-image-wrap \" title=\"VIDEO \u0218tefan Popescu: Drona este simptomul, nu boala \/ Analistul avertizeaz\u0103 c\u0103 reac\u021biile diplomatice ale Rom\u00e2niei nu \u021bin loc de strategie\"><img loading=\"lazy\" decoding=\"async\" class=\"entry-thumb\" src=\"https:\/\/r3media.ro\/wp-content\/uploads\/2026\/07\/maxresdefault-2-100x70.jpg\" alt title=\"VIDEO \u0218tefan Popescu: Drona este simptomul, nu boala \/ Analistul avertizeaz\u0103 c\u0103 reac\u021biile diplomatice ale Rom\u00e2niei nu \u021bin loc de strategie\" width=\"100\" height=\"70\"><\/a><\/div>\n<div class=\"item-details\">\n<h3 class=\"entry-title td-module-title\"><a href=\"https:\/\/r3media.ro\/stefan-popescu-drona-rusia-romania\/\" rel=\"bookmark\" title=\"VIDEO \u0218tefan Popescu: Drona este simptomul, nu boala \/ Analistul avertizeaz\u0103 c\u0103 reac\u021biile diplomatice ale Rom\u00e2niei nu \u021bin loc de strategie\">VIDEO \u0218tefan Popescu: Drona este simptomul, nu boala \/ Analistul avertizeaz\u0103&#8230;<\/a><\/h3>\n<div class=\"td-module-meta-info\"><span class=\"td-post-date\"><time class=\"entry-date updated td-module-date\" datetime=\"2026-07-28T14:09:28+03:00\">28\/07\/2026<\/time><\/span><\/div>\n<\/div>\n<\/div>\n<\/div>\n<div class=\"td-block-span12\">\n<div class=\"td_module_6 td_module_wrap td-animation-stack\">\n<div class=\"td-module-thumb\"><a href=\"https:\/\/r3media.ro\/calin-maties-coalitia-interzicere-lemne-de-foc\/\" rel=\"bookmark\" class=\"td-image-wrap \" title=\"Deputatul C\u0103lin Matie\u0219 acuz\u0103 coali\u021bia PSD-PNL-USR-UDMR c\u0103 vrea s\u0103 interzic\u0103 \u00eenc\u0103lzirea cu lemne de foc\"><img loading=\"lazy\" decoding=\"async\" class=\"entry-thumb\" src=\"https:\/\/r3media.ro\/wp-content\/uploads\/2020\/12\/foc-soba-facebook-100x70.jpg\" alt title=\"Deputatul C\u0103lin Matie\u0219 acuz\u0103 coali\u021bia PSD-PNL-USR-UDMR c\u0103 vrea s\u0103 interzic\u0103 \u00eenc\u0103lzirea cu lemne de foc\" width=\"100\" height=\"70\"><\/a><\/div>\n<div class=\"item-details\">\n<h3 class=\"entry-title td-module-title\"><a href=\"https:\/\/r3media.ro\/calin-maties-coalitia-interzicere-lemne-de-foc\/\" rel=\"bookmark\" title=\"Deputatul C\u0103lin Matie\u0219 acuz\u0103 coali\u021bia PSD-PNL-USR-UDMR c\u0103 vrea s\u0103 interzic\u0103 \u00eenc\u0103lzirea cu lemne de foc\">Deputatul C\u0103lin Matie\u0219 acuz\u0103 coali\u021bia PSD-PNL-USR-UDMR c\u0103 vrea s\u0103 interzic\u0103 \u00eenc\u0103lzirea&#8230;<\/a><\/h3>\n<div class=\"td-module-meta-info\"><span class=\"td-post-date\"><time class=\"entry-date updated td-module-date\" datetime=\"2026-07-28T12:43:53+03:00\">28\/07\/2026<\/time><\/span><\/div>\n<\/div>\n<\/div>\n<\/div>\n<div class=\"td-block-span12\">\n<div class=\"td_module_6 td_module_wrap td-animation-stack\">\n<div class=\"td-module-thumb\"><a href=\"https:\/\/r3media.ro\/metrorex-anunt-bucuresti\/\" rel=\"bookmark\" class=\"td-image-wrap \" title=\"Metrorex a f\u0103cut un anun\u021bul pe care \u00eel a\u0219teptau to\u021bi cei locuiesc \u00een Bucure\u0219ti\"><img loading=\"lazy\" decoding=\"async\" class=\"entry-thumb\" src=\"https:\/\/r3media.ro\/wp-content\/uploads\/2020\/09\/metrou-drumul-taberei-deschidere-statii-harta-100x70.jpg\" alt title=\"Metrorex a f\u0103cut un anun\u021bul pe care \u00eel a\u0219teptau to\u021bi cei locuiesc \u00een Bucure\u0219ti\" width=\"100\" height=\"70\"><\/a><\/div>\n<div class=\"item-details\">\n<h3 class=\"entry-title td-module-title\"><a href=\"https:\/\/r3media.ro\/metrorex-anunt-bucuresti\/\" rel=\"bookmark\" title=\"Metrorex a f\u0103cut un anun\u021bul pe care \u00eel a\u0219teptau to\u021bi cei locuiesc \u00een Bucure\u0219ti\">Metrorex a f\u0103cut un anun\u021bul pe care \u00eel a\u0219teptau to\u021bi cei&#8230;<\/a><\/h3>\n<div class=\"td-module-meta-info\"><span class=\"td-post-date\"><time class=\"entry-date updated td-module-date\" datetime=\"2026-07-28T12:10:18+03:00\">28\/07\/2026<\/time><\/span><\/div>\n<\/div>\n<\/div>\n<\/div>\n<div class=\"td-block-span12\">\n<div class=\"td_module_6 td_module_wrap td-animation-stack\">\n<div class=\"td-module-thumb\"><a href=\"https:\/\/r3media.ro\/stapanul-inelelor-nazgul-khamul-interpretat-actor-zubin-varla-serial-rings-of-power\/\" rel=\"bookmark\" class=\"td-image-wrap \" title=\"St\u0103p\u00e2nul Inelelor: Temutul Nazgul Khamul va fi interpretat de actorul Zubin Varla \u00een serialul \u201eRings of Power\u201c\"><img loading=\"lazy\" decoding=\"async\" class=\"entry-thumb\" src=\"https:\/\/r3media.ro\/wp-content\/uploads\/2026\/07\/zubin-varla-nazgul-khamul-100x70.webp\" alt title=\"St\u0103p\u00e2nul Inelelor: Temutul Nazgul Khamul va fi interpretat de actorul Zubin Varla \u00een serialul \u201eRings of Power\u201c\" width=\"100\" height=\"70\"><\/a><\/div>\n<div class=\"item-details\">\n<h3 class=\"entry-title td-module-title\"><a href=\"https:\/\/r3media.ro\/stapanul-inelelor-nazgul-khamul-interpretat-actor-zubin-varla-serial-rings-of-power\/\" rel=\"bookmark\" title=\"St\u0103p\u00e2nul Inelelor: Temutul Nazgul Khamul va fi interpretat de actorul Zubin Varla \u00een serialul \u201eRings of Power\u201c\">St\u0103p\u00e2nul Inelelor: Temutul Nazgul Khamul va fi interpretat de actorul Zubin&#8230;<\/a><\/h3>\n<div class=\"td-module-meta-info\"><span class=\"td-post-date\"><time class=\"entry-date updated td-module-date\" datetime=\"2026-07-28T12:02:31+03:00\">28\/07\/2026<\/time><\/span><\/div>\n<\/div>\n<\/div>\n<\/div>\n<div class=\"td-block-span12\">\n<div class=\"td_module_6 td_module_wrap td-animation-stack\">\n<div class=\"td-module-thumb\"><a href=\"https:\/\/r3media.ro\/cornel-nistorescu-drone-razboi-ucraina\/\" rel=\"bookmark\" class=\"td-image-wrap \" title=\"Cornel Nistorescu, dup\u0103 incidentele cu drone: Adie a aer de r\u0103zboi. De mirare c\u0103 dronele ucrainene nu au st\u00e2rnit at\u00e2ta t\u0103r\u0103boi\"><img loading=\"lazy\" decoding=\"async\" class=\"entry-thumb\" src=\"https:\/\/r3media.ro\/wp-content\/uploads\/2026\/07\/drona-buzau-agerpres-e1785223304948-100x70.jpg\" alt title=\"Cornel Nistorescu, dup\u0103 incidentele cu drone: Adie a aer de r\u0103zboi. De mirare c\u0103 dronele ucrainene nu au st\u00e2rnit at\u00e2ta t\u0103r\u0103boi\" width=\"100\" height=\"70\"><\/a><\/div>\n<div class=\"item-details\">\n<h3 class=\"entry-title td-module-title\"><a href=\"https:\/\/r3media.ro\/cornel-nistorescu-drone-razboi-ucraina\/\" rel=\"bookmark\" title=\"Cornel Nistorescu, dup\u0103 incidentele cu drone: Adie a aer de r\u0103zboi. De mirare c\u0103 dronele ucrainene nu au st\u00e2rnit at\u00e2ta t\u0103r\u0103boi\">Cornel Nistorescu, dup\u0103 incidentele cu drone: Adie a aer de r\u0103zboi&#8230;.<\/a><\/h3>\n<div class=\"td-module-meta-info\"><span class=\"td-post-date\"><time class=\"entry-date updated td-module-date\" datetime=\"2026-07-28T10:21:51+03:00\">28\/07\/2026<\/time><\/span><\/div>\n<\/div>\n<\/div>\n<\/div>\n<div class=\"td-block-span12\">\n<div class=\"td_module_6 td_module_wrap td-animation-stack\">\n<div class=\"td-module-thumb\"><a href=\"https:\/\/r3media.ro\/greva-generala-sanatate-spitale-urgente\/\" rel=\"bookmark\" class=\"td-image-wrap \" title=\"Grev\u0103 general\u0103 \u00een S\u0103n\u0103tate: sute de spitale func\u021bioneaz\u0103 de mar\u021bi doar cu urgen\u021be\"><img loading=\"lazy\" decoding=\"async\" class=\"entry-thumb\" src=\"https:\/\/r3media.ro\/wp-content\/uploads\/2021\/09\/federatia-sanitas-100x70.jpg\" alt title=\"Grev\u0103 general\u0103 \u00een S\u0103n\u0103tate: sute de spitale func\u021bioneaz\u0103 de mar\u021bi doar cu urgen\u021be\" width=\"100\" height=\"70\"><\/a><\/div>\n<div class=\"item-details\">\n<h3 class=\"entry-title td-module-title\"><a href=\"https:\/\/r3media.ro\/greva-generala-sanatate-spitale-urgente\/\" rel=\"bookmark\" title=\"Grev\u0103 general\u0103 \u00een S\u0103n\u0103tate: sute de spitale func\u021bioneaz\u0103 de mar\u021bi doar cu urgen\u021be\">Grev\u0103 general\u0103 \u00een S\u0103n\u0103tate: sute de spitale func\u021bioneaz\u0103 de mar\u021bi doar&#8230;<\/a><\/h3>\n<div class=\"td-module-meta-info\"><span class=\"td-post-date\"><time class=\"entry-date updated td-module-date\" datetime=\"2026-07-28T09:52:36+03:00\">28\/07\/2026<\/time><\/span><\/div>\n<\/div>\n<\/div>\n<\/div>\n<div class=\"td-block-span12\">\n<div class=\"td_module_6 td_module_wrap td-animation-stack\">\n<div class=\"td-module-thumb\"><a href=\"https:\/\/r3media.ro\/kazahstanul-a-anuntat-ca-au-fost-reluate-operatiunile-de-incarcare-pe-conducta-caspian-pipeline-consortium-cpc\/\" rel=\"bookmark\" class=\"td-image-wrap \" title=\"Kazahstanul a anun\u021bat c\u0103 au fost reluate opera\u0163iunile de \u00eenc\u0103rcare pe conducta Caspian Pipeline Consortium (CPC)\"><img loading=\"lazy\" decoding=\"async\" class=\"entry-thumb\" src=\"https:\/\/r3media.ro\/wp-content\/uploads\/2026\/07\/petrol-kazahstan-100x70.jpg\" alt title=\"Kazahstanul a anun\u021bat c\u0103 au fost reluate opera\u0163iunile de \u00eenc\u0103rcare pe conducta Caspian Pipeline Consortium (CPC)\" width=\"100\" height=\"70\"><\/a><\/div>\n<div class=\"item-details\">\n<h3 class=\"entry-title td-module-title\"><a href=\"https:\/\/r3media.ro\/kazahstanul-a-anuntat-ca-au-fost-reluate-operatiunile-de-incarcare-pe-conducta-caspian-pipeline-consortium-cpc\/\" rel=\"bookmark\" title=\"Kazahstanul a anun\u021bat c\u0103 au fost reluate opera\u0163iunile de \u00eenc\u0103rcare pe conducta Caspian Pipeline Consortium (CPC)\">Kazahstanul a anun\u021bat c\u0103 au fost reluate opera\u0163iunile de \u00eenc\u0103rcare pe&#8230;<\/a><\/h3>\n<div class=\"td-module-meta-info\"><span class=\"td-post-date\"><time class=\"entry-date updated td-module-date\" datetime=\"2026-07-28T09:29:57+03:00\">28\/07\/2026<\/time><\/span><\/div>\n<\/div>\n<\/div>\n<\/div>\n<\/div>\n<\/div>\n<aside class=\"td_block_template_1 widget widget_recent_comments\">\n<h4 class=\"block-title\"><span>INTR\u0102 \u00ceN DISCU\u021aIE!<\/span><\/h4>\n<ul id=\"recentcomments\">\n<li class=\"recentcomments\"><span class=\"comment-author-link\">Nicu<\/span> la <a href=\"https:\/\/r3media.ro\/avioane-americane-bulgaria-energie-radev-sua\/#comment-40326\">Avioane americane la Bezmer, la schimb cu avantaje \u00een zona energetic\u0103 pentru Bulgaria: ce a ob\u021binut guvernul Radev de la SUA<\/a><\/li>\n<li class=\"recentcomments\"><span class=\"comment-author-link\">Constantin<\/span> la <a href=\"https:\/\/r3media.ro\/prima-oara-istorie-presedintia-document-primplan-patriotism-european\/#comment-40325\">Pentru prima oar\u0103 \u00een istorie, Pre\u0219edin\u021bia Rom\u00e2niei emite un document care pune pe primul plan o alt\u0103 entitate dec\u00e2t \u021bara noastr\u0103: patriotismul european<\/a><\/li>\n<li class=\"recentcomments\"><span class=\"comment-author-link\">Constantin<\/span> la <a href=\"https:\/\/r3media.ro\/statul-roman-a-semnat-actul-propriei-disparitii\/#comment-40324\">Statul rom\u00e2n a semnat actul propriei dispari\u021bii?<\/a><\/li>\n<li class=\"recentcomments\"><span class=\"comment-author-link\">Nicu<\/span> la <a href=\"https:\/\/r3media.ro\/statul-roman-a-semnat-actul-propriei-disparitii\/#comment-40323\">Statul rom\u00e2n a semnat actul propriei dispari\u021bii?<\/a><\/li>\n<li class=\"recentcomments\"><span class=\"comment-author-link\">Nicu<\/span> la <a href=\"https:\/\/r3media.ro\/dan-dungaciu-patriotism-european-natiunea-identitatea-europeana\/#comment-40322\">Prof. Dan Dungaciu despre raportul privind \u201epatriotismul european\u201d emis de la Cotroceni: Dac\u0103 na\u021biunea e un construct, atunci \u201eidentitatea european\u0103\u201d ce este?<\/a><\/li>\n<li class=\"recentcomments\"><span class=\"comment-author-link\">boiu<\/span> la <a href=\"https:\/\/r3media.ro\/rusia-romania-drona-ambasador-moscova-porturi-dunare\/#comment-40321\">Rusia, avertizat\u0103 de Rom\u00e2nia dup\u0103 incidentele cu drona. Ambasadorul Moscovei acuz\u0103 Bucure\u0219tiul c\u0103 folose\u0219te porturile de la Dun\u0103re pentru a transporta arme \u00een Ucraina<\/a><\/li>\n<li class=\"recentcomments\"><span class=\"comment-author-link\">panda<\/span> la <a href=\"https:\/\/r3media.ro\/urs-sibiu\/#comment-40320\">Un urs a fost v\u0103zut pe unul dintre cele mai circulate bulevarde din Sibiu<\/a><\/li>\n<\/ul>\n<\/aside>\n<aside class=\"td_block_template_1 widget widget_search\">\n<h4 class=\"block-title\"><span>CAUT\u0102 \u0218I VEI G\u0102SI<\/span><\/h4>\n<\/aside>\n<\/div>\n<\/div>\n<\/div>\n<\/div>\n<\/div>\n<\/div>\n<\/div>\n<p><span class=\"td-page-meta\"><\/span><span class=\"td-page-meta\"><span class=\"td-page-meta\"><\/span><\/span><span class=\"td-page-meta\"><\/span><\/article>\n<\/p>\n<div class=\"td_block_wrap tdb_single_content tdi_18 td-pb-border-top td_block_template_1 td-post-content tagdiv-type\" data-td-block-uid=\"tdi_18\">\n<div class=\"tdb-block-inner td-fix-index\">\n<p><strong>Am v\u0103zut, de\u0219i credeam c\u0103 nu voi avea ocazia, <a href=\"https:\/\/www.imdb.com\/title\/tt33764258\/\" target=\"_blank\" rel=\"noopener\">Odissea<\/a> lui Nolan. Regizor ale c\u0103rui filme le-am apreciat.<\/strong><\/p>\n<p>M\u0103 mir de \u00eengustimea \u0219i snobismul unor conservatori, inclusiv mai subtili, ca <a href=\"https:\/\/r3media.ro\/video-rod-dreher-ue-valori-traditionale-hristos-von-der-leyen\/\" target=\"_blank\" rel=\"noopener\">Dreher<\/a>, care nu au reu\u0219it s\u0103 vad\u0103 dincolo de propriile lor a\u0219tept\u0103ri \u0219i reprezent\u0103ri.<\/p>\n<p>Filmul lui Nolan nu e nici woke, nici liberal. E mai degrab\u0103 post liberal, dac\u0103 e s\u0103-l \u00eencadr\u0103m undeva.<\/p>\n<p>Surprinde ceva din sf\u00e2r\u0219itul de lume liberala postbelic\u0103, dar perspectiva nu mai e de acolo.<\/p>\n<p>Sigur, are o viziune umanist\u0103, dar daca ne g\u00e2ndim care e calapodul liberal, inclusiv \u00een cultura popular\u0103, atunci vom \u00een\u021belege c\u0103 respectul legii, cutumelor, al mor\u021bilor, al regelui \u0219i tat\u0103lui, al autorit\u0103\u021bii \u0219i ordinii, sunt orice, numai liberale nu.<\/p>\n<p>Un film liberal ar fi ar\u0103tat c\u0103 ceea ce era putred provenea din tradi\u021bie \u0219i autoritate.<\/p>\n<p>Ar fi creat antagonisme false \u00eentre eroi emancipatori \u0219i reprezentan\u021bi rigizi ai vechii ordini.<\/p>\n<p>Chiar m\u0103 \u00eentreb, oamenii \u0103\u0219tia nu au v\u0103zut destule filme Hollywoodiene ca sa fi re\u021binut acest tipar?<\/p>\n<p>Apoi, argumentul cu Odiseu care are prea multe remu\u0219c\u0103ri pentru ororile r\u0103zboiului e \u0219i el mai degrab\u0103 ca nodul in papur\u0103.<\/p>\n<p>Nu a promis Nolan c\u0103 \u00eel copiaz\u0103 pe Eggert \u0219i face un film-experiment in care s\u0103 \u00eencerce s\u0103 pun\u0103 la lucru viziunea vechilor greci.<\/p>\n<p>Nu pentru asta te duci la filmele lui. Dar chiar \u0219i a\u0219a, m\u0103 \u00eentreb dac\u0103 cei care au adus acest argument au citit, totu\u0219i, Iliada \u0219i Odiseea.<\/p>\n<p>Sigur, nu-l reg\u0103se\u0219ti pe Odiseu in conversa\u021bii terapeutic redemptive, dar durerea \u0219i tragismul celor \u00eent\u00e2mplate str\u0103bate poemele in fibra lor \u0219i \u00een niciun caz nu ai acolo o reprezentare strict encomiastic\u0103, bombastic\u0103 \u0219i laudativ\u0103 a unor eroi \u0219i a ispr\u0103vilor lor viteje\u0219ti.<\/p>\n<p>Cine e antagonistul in Iliada? Dar \u00een Odissea?<\/p>\n<p>Deci preluarea acestei linii in film mi se pare justificabil\u0103.<\/p>\n<p>Iliada \u0219i Odiseea sunt poeme ale tragediei, ale omului ap\u0103sat de soart\u0103, de zei, animat de dragostea de patrie, cas\u0103 \u0219i familie, prins \u00een situa\u021bii f\u0103r\u0103 ie\u0219ire, pus din nou \u0219i nou s\u0103 pl\u0103teasc\u0103 p\u0103cate proprii sau str\u0103ine de el.<\/p>\n<p>E un film frumos, unele scene sunt foarte reu\u0219ite.<\/p>\n<p>Sf\u00e2r\u0219itul \u2013 nu deznod\u0103m\u00e2ntul \u2013 putea lipsi \u00eens\u0103, mi-a adus aminte de ultimele capitole din R\u0103zboi \u0219i pace, unde Tolstoi a p\u0103r\u0103sit rolul povestitorului ca s\u0103 fie tezist.<\/p>\n<div class=\"crp_related     crp-masonry\">\n<h2>\u00ceN CONTEXT<\/h2>\n<ul>\n<li><a href=\"https:\/\/r3media.ro\/fictiunea-woke-2\/\" class=\"crp_link post-115545\"><span class=\"crp_title\">Fic\u021biunea woke (2)<\/span><\/a><\/li>\n<li><a href=\"https:\/\/r3media.ro\/fictiunea-woke-1\/\" class=\"crp_link post-115465\"><span class=\"crp_title\">Fic\u021biunea woke (1)<\/span><\/a><\/li>\n<li><a href=\"https:\/\/r3media.ro\/calendarul-zilei-6-octombrie-petre-tutea\/\" class=\"crp_link post-2891\"><span class=\"crp_title\">Calendarul zilei 6 octombrie | Petre \u021au\u021bea, 123 de ani de la na\u0219tere. 22 de citate\u2026<\/span><\/a><\/li>\n<li><a href=\"https:\/\/r3media.ro\/de-la-a-treia-forta-la-renasterea-romaniei-profunde\/\" class=\"crp_link post-113085\"><span class=\"crp_title\">De la a Treia For\u021b\u0103 la rena\u0219terea Rom\u00e2niei profunde<\/span><\/a><\/li>\n<li><a href=\"https:\/\/r3media.ro\/schimbare-climatica\/\" class=\"crp_link post-113122\"><span class=\"crp_title\">Schimbare climatic\u0103<\/span><\/a><\/li>\n<li><a href=\"https:\/\/r3media.ro\/stapanul-inelelor-rasist-j-r-r-tolkien-acuzat-profesor-universitate-progresista-demonizare-persoane-de-culoare-orci\/\" class=\"crp_link post-113716\"><span class=\"crp_title\">St\u0103p\u00e2nul Inelelor e \u201erasist\u201c: J.R.R. Tolkien e acuzat de un profesor de la o universitate\u2026<\/span><\/a><\/li>\n<li><a href=\"https:\/\/r3media.ro\/american-eagle-conservatori-apara-sydney-sweeney-actrita-isterie-activisti-woke-reclame-blugi\/\" class=\"crp_link post-112107\"><span class=\"crp_title\">American Eagle \u0219i conservatorii o ap\u0103r\u0103 pe Sydney Sweeney, actri\u021ba care i-a isterizat pe\u2026<\/span><\/a><\/li>\n<li><a href=\"https:\/\/r3media.ro\/muzeul-antropologic-panini\/\" class=\"crp_link post-118215\"><span class=\"crp_title\">Muzeul Antropologic Panini<\/span><\/a><\/li>\n<\/ul>\n<\/div>\n<\/div>\n<\/div>\n<p>[analyse_source url=&#8221;https:\/\/r3media.ro\/odissea-lui-nolan\/&#8221;]<\/p>\n","protected":false},"excerpt":{"rendered":"<p>[analyse_image type=&#8221;featured&#8221; src=&#8221;https:\/\/r3media.ro\/wp-content\/uploads\/2026\/07\/odiseea-nolan.webphttps:\/\/r3media.ro\/wp-content\/uploads\/2026\/07\/odiseea-nolan.webp&#8221;] FEATUREDOdissea lui Nolan FEATUREDOPINII\u0218TIRI Odissea lui Nolan Buturug\u0103 Anghel 28\/07\/2026 Sursa foto: Captura VIDEO Am v\u0103zut, de\u0219i credeam c\u0103 nu voi avea ocazia, Odissea lui Nolan. Regizor ale c\u0103rui filme le-am apreciat. M\u0103 mir de \u00eengustimea \u0219i snobismul unor conservatori, inclusiv mai subtili, ca Dreher, care nu au reu\u0219it s\u0103 vad\u0103 dincolo [&hellip;]<\/p>\n","protected":false},"author":1,"featured_media":0,"comment_status":"open","ping_status":"","sticky":false,"template":"","format":"standard","meta":{"footnotes":""},"categories":[89],"tags":[226,93],"class_list":["post-2065233","post","type-post","status-publish","format-standard","hentry","category-romania","tag-crawlmanager","tag-r3media-ro"],"_links":{"self":[{"href":"https:\/\/analyse.optim.biz\/index.php?rest_route=\/wp\/v2\/posts\/2065233","targetHints":{"allow":["GET"]}}],"collection":[{"href":"https:\/\/analyse.optim.biz\/index.php?rest_route=\/wp\/v2\/posts"}],"about":[{"href":"https:\/\/analyse.optim.biz\/index.php?rest_route=\/wp\/v2\/types\/post"}],"author":[{"embeddable":true,"href":"https:\/\/analyse.optim.biz\/index.php?rest_route=\/wp\/v2\/users\/1"}],"replies":[{"embeddable":true,"href":"https:\/\/analyse.optim.biz\/index.php?rest_route=%2Fwp%2Fv2%2Fcomments&post=2065233"}],"version-history":[{"count":0,"href":"https:\/\/analyse.optim.biz\/index.php?rest_route=\/wp\/v2\/posts\/2065233\/revisions"}],"wp:attachment":[{"href":"https:\/\/analyse.optim.biz\/index.php?rest_route=%2Fwp%2Fv2%2Fmedia&parent=2065233"}],"wp:term":[{"taxonomy":"category","embeddable":true,"href":"https:\/\/analyse.optim.biz\/index.php?rest_route=%2Fwp%2Fv2%2Fcategories&post=2065233"},{"taxonomy":"post_tag","embeddable":true,"href":"https:\/\/analyse.optim.biz\/index.php?rest_route=%2Fwp%2Fv2%2Ftags&post=2065233"}],"curies":[{"name":"wp","href":"https:\/\/api.w.org\/{rel}","templated":true}]}}