{"id":2065232,"date":"2026-07-28T09:43:53","date_gmt":"2026-07-28T06:43:53","guid":{"rendered":"https:\/\/analyse.optim.biz\/?p=2065232"},"modified":"2026-07-28T09:43:53","modified_gmt":"2026-07-28T06:43:53","slug":"deputatul-calin-maties-acuza-coalitia-psd-pnl-usr-udmr-ca-vrea-sa-interzica-incalzirea-cu-lemne-de-foc","status":"publish","type":"post","link":"https:\/\/analyse.optim.biz\/?p=2065232","title":{"rendered":"Deputatul C\u0103lin Matie\u0219 acuz\u0103 coali\u021bia PSD-PNL-USR-UDMR c\u0103 vrea s\u0103 interzic\u0103 \u00eenc\u0103lzirea cu lemne de foc"},"content":{"rendered":"<p>[analyse_image type=&#8221;featured&#8221; src=&#8221;https:\/\/r3media.ro\/wp-content\/uploads\/2020\/12\/foc-soba-facebook.jpghttps:\/\/r3media.ro\/wp-content\/uploads\/2020\/12\/foc-soba-facebook.jpg&#8221;]<\/p>\n<article id=\"template-id-109\" class=\"post-109 tdb_templates type-tdb_templates status-publish post\">\n<div id=\"tdi_2\" class=\"tdc-zone\">\n<div class=\"tdc_zone tdi_3  wpb_row td-pb-row\">\n<div id=\"tdi_4\" class=\"tdc-row\">\n<div class=\"vc_row tdi_5  wpb_row td-pb-row\">\n<div class=\"vc_column tdi_7  wpb_column vc_column_container tdc-column td-pb-span8\">\n<div class=\"wpb_wrapper\">\n<div class=\"td_block_wrap tdb_breadcrumbs tdi_8 td-pb-border-top td_block_template_1 tdb-breadcrumbs \" data-td-block-uid=\"tdi_8\">\n<div class=\"tdb-block-inner td-fix-index\"><span><a title=\"Vede\u021bi toate articolele \u00een FEATURED\" class=\"tdb-entry-crumb\" href=\"https:\/\/r3media.ro\/category\/featured\/\">FEATURED<\/a><\/span><span class=\"tdb-bred-no-url-last\">Deputatul C\u0103lin Matie\u0219 acuz\u0103 coali\u021bia PSD-PNL-USR-UDMR c\u0103 vrea s\u0103 interzic\u0103 \u00eenc\u0103lzirea cu&#8230;<\/span><\/div>\n<\/div>\n<div class=\"td_block_wrap tdb_single_categories tdi_9 td-pb-border-top td_block_template_1 \" data-td-block-uid=\"tdi_9\">\n<div class=\"tdb-category td-fix-index\"><a class=\"tdb-entry-category\" href=\"https:\/\/r3media.ro\/category\/featured\/\">FEATURED<\/a><a class=\"tdb-entry-category\" href=\"https:\/\/r3media.ro\/category\/stiri\/\">\u0218TIRI<\/a><\/div>\n<\/div>\n<div class=\"td_block_wrap tdb_title tdi_10 tdb-single-title td-pb-border-top td_block_template_1\" data-td-block-uid=\"tdi_10\">\n<div class=\"tdb-block-inner td-fix-index\">\n<h1 class=\"tdb-title-text\">Deputatul C\u0103lin Matie\u0219 acuz\u0103 coali\u021bia PSD-PNL-USR-UDMR c\u0103 vrea s\u0103 interzic\u0103 \u00eenc\u0103lzirea cu lemne de foc<\/h1>\n<\/div>\n<\/div>\n<div class=\"vc_row_inner tdi_12  vc_row vc_inner wpb_row td-pb-row\">\n<div class=\"vc_column_inner tdi_14  wpb_column vc_column_container tdc-inner-column td-pb-span12\">\n<div class=\"vc_column-inner\">\n<div class=\"wpb_wrapper\">\n<div class=\"td_block_wrap tdb_single_author tdi_15 td-pb-border-top td_block_template_1 tdb-post-meta\" data-td-block-uid=\"tdi_15\">\n<div class=\"tdb-block-inner td-fix-index\">\n<div class=\"tdb-author-name-wrap\"><a class=\"tdb-author-name\" href=\"https:\/\/r3media.ro\/author\/radu_ursan\/\">Radu Ursan<\/a><\/div>\n<\/div>\n<\/div>\n<div class=\"td_block_wrap tdb_single_date tdi_16 td-pb-border-top td_block_template_1 tdb-post-meta\" data-td-block-uid=\"tdi_16\">\n<div class=\"tdb-block-inner td-fix-index\"><time class=\"entry-date updated td-module-date\" datetime=\"2026-07-28T12:43:53+03:00\">28\/07\/2026<\/time><\/div>\n<\/div>\n<\/div>\n<\/div>\n<\/div>\n<\/div>\n<div class=\"td_block_wrap tdb_single_featured_image tdi_17 tdb-content-horiz-left td-pb-border-top td_block_template_1\" data-td-block-uid=\"tdi_17\">\n<div class=\"tdb-block-inner td-fix-index\">\n<figure><figcaption class=\"tdb-caption-text\">Sursa foto: Facebook<\/figcaption><\/figure>\n<\/div>\n<\/div>\n<div class=\"td_block_wrap tdb_single_content tdi_18 td-pb-border-top td_block_template_1 td-post-content tagdiv-type\" data-td-block-uid=\"tdi_18\">\n<div class=\"tdb-block-inner td-fix-index\">\n<p><strong>Deputatul C\u0103lin Matie\u0219a acuz\u0103 coali\u021bia PSD-PNL-USR-UDMR c\u0103 vrea s\u0103 interzic\u0103 \u00eenc\u0103lzirea cu lemne, informeaz\u0103 un <a href=\"https:\/\/partidulaur.ro\/calin-maties-deputat-aur-opt-milioane-de-romani-risca-sa-nu-mai-poata-folosi-lemne-pentru-incalzire-asta-pregateste-coalitia-psd-pnl-usr-udmr\/\" target=\"_blank\" rel=\"noopener\">comunicat de pres\u0103<\/a> al AUR.<\/strong><\/p>\n<p>Potrivit sursei citate, Matie\u0219 sus\u021bine c\u0103 se preg\u0103te\u0219te adoptarea unei legi care prevede interzicerea folosirii a orice altceva \u00een afara biomasei certificate.<\/p>\n<p>Lemnele de foc nu fac parte din biomasa certificat\u0103.<\/p>\n<p>\u201eSe interzice, prin articolul 3, alineatul (1), ca locuin\u021bele s\u0103 foloseasc\u0103 altceva dec\u00e2t biomas\u0103 certificat\u0103 pentru \u00eenc\u0103lzire. Locuin\u021bele trebuie s\u0103 foloseasc\u0103 exclusiv biomas\u0103 certificat\u0103. Asta spune aceast\u0103 lege.<\/p>\n<p>\u0218i ne ducem \u00een urm\u0103 la o ordonan\u021b\u0103 de urgen\u021b\u0103 care explic\u0103, pentru c\u0103 nu o s\u0103 g\u0103si\u021bi acest lucru \u00een lege, ce \u00eenseamn\u0103 biomasa certificat\u0103.<\/p>\n<p>Biomasa certificat\u0103 \u00eenseamn\u0103 rumegu\u0219, a\u0219chii sau reziduuri lemnoase. Nu lemn rotund, nu butuci, nimic din toate acestea. Rumegu\u0219, a\u0219chii sau reziduuri. Cu asta vor s\u0103 ne \u00eenc\u0103lzim sau s\u0103 g\u0103tim \u00een continuare cei de la USR, PNL \u0219i UDMR\u201d, a spus C\u0103lin Matie\u0219.<\/p>\n<p>Deputatul AUR sus\u021bine c\u0103 peste opt milioane de rom\u00e2ni folosesc <a href=\"https:\/\/r3media.ro\/ue-se-submineaza-din-interior-vrea-sa-interzica-sobele-si-semineele-pe-lemne-din-2027-peste-35-milioane-de-gospodarii-din-romania-vor-fi-afectate\/\" target=\"_blank\" rel=\"noopener\">lemne de foc<\/a> pentru \u00eenc\u0103lzire.<\/p>\n<h2>Ce este biomasa certificat\u0103?<\/h2>\n<p>Defini\u021bia legal\u0103 a biomasei se g\u0103se\u0219te \u00een <a href=\"https:\/\/lege5.ro\/Gratuit\/geztmnrtgq\/dispozitii-generale-lege-220-2008?dp=gqztomzrgi4tg\" target=\"_blank\" rel=\"noopener\">Legea nr. 220\/2008<\/a> (privind promovarea energiei din surse regenerabile).<\/p>\n<p>Potrivit acesteia, biomasa este frac\u021biunea biodegradabil\u0103 a produselor, de\u0219eurilor \u0219i reziduurilor de origine biologic\u0103 din agricultur\u0103 (inclusiv substan\u021be vegetale \u0219i animale), silvicultur\u0103 \u0219i industriile conexe, inclusiv pescuitul \u0219i acvacultura, precum \u0219i frac\u021biunea biodegradabil\u0103 a de\u0219eurilor industriale \u0219i municipale.<\/p>\n<p>Sistemul certificatului de origine din Legea 220\/2008 vizeaz\u0103 biomasa folosit\u0103 pentru producerea de energie electric\u0103 (\u00een centrale), nu lemnul de foc v\u00e2ndut popula\u021biei pentru \u00eenc\u0103lzirea locuin\u021bei.<\/p>\n<p>Pentru lemnul de foc destinat consumului casnic, \u201ecertificarea\u201d relevant\u0103 nu este cea de tip energetic, ci trasabilitatea \u0219i provenien\u021ba legal\u0103, reglementate prin Codul silvic \u0219i sistemul de urm\u0103rire a materialelor lemnoase (avizul de \u00eenso\u021bire, sistemul SUMAL).<\/p>\n<p>Acolo se atest\u0103 c\u0103 lemnul provine legal, nu c\u0103 \u00eendepline\u0219te criterii energetice de durabilitate.<\/p>\n<p>A\u0219adar, lemnul de foc poate fi biomas\u0103 \u00een sensul legii, dar nu este automat \u201ebiomas\u0103 certificat\u0103\u201d.<\/p>\n<div class=\"crp_related     crp-masonry\">\n<h2>\u00ceN CONTEXT<\/h2>\n<ul>\n<li><a href=\"https:\/\/r3media.ro\/britanicii-trezire-realitate-scepticism-criza-climatica-crescut-dornici-renuntare-masini-benzina-motorina-vehicule-electrice\/\" class=\"crp_link post-113139\"><span class=\"crp_title\">Britanicii se trezesc la realitate: Scepticismul cu privire la criza climatic\u0103 a crescut cu\u2026<\/span><\/a><\/li>\n<li><a href=\"https:\/\/r3media.ro\/baraje-demolate-2025-europa\/\" class=\"crp_link post-116874\"><span class=\"crp_title\">Sute de baraje au fost demolate \u00een 2025, \u00een Europa: Scopul oficial este re\u00eentregirea\u2026<\/span><\/a><\/li>\n<\/ul>\n<\/div>\n<\/div>\n<\/div>\n<div class=\"td_block_wrap tdb_single_tags tdi_19 td-pb-border-top td_block_template_1\" data-td-block-uid=\"tdi_19\">\n<div class=\"tdb-block-inner td-fix-index\">\n<ul class=\"tdb-tags\">\n<li><span>SUBIECTE FIERBIN\u021aI<\/span><\/li>\n<li><a href=\"https:\/\/r3media.ro\/tag\/calin-maties\/\">calin maties<\/a><\/li>\n<li><a href=\"https:\/\/r3media.ro\/tag\/incalzirea-globala-si-ecologism\/\">incalzirea globala si ecologism<\/a><\/li>\n<li><a href=\"https:\/\/r3media.ro\/tag\/interzicerea-incalzirii-cu-lemne\/\">interzicerea incalzirii cu lemne<\/a><\/li>\n<li><a href=\"https:\/\/r3media.ro\/tag\/soba-pe-lemne\/\">soba pe lemne<\/a><\/li>\n<\/ul>\n<\/div>\n<\/div>\n<div class=\"td_block_wrap td_block_9 tdi_20 td_with_ajax_pagination td-pb-border-top td_block_template_1 td-column-2 td_block_padding td_block_bot_line\" data-td-block-uid=\"tdi_20\">\n<div class=\"td-block-title-wrap\">\n<h4 class=\"block-title td-block-title\"><span class=\"td-pulldown-size\">CITE\u0218TE MAI MULT<\/span><\/h4>\n<\/div>\n<div id=\"tdi_20\" class=\"td_block_inner\">\n<div class=\"td-block-row\">\n<div class=\"td-block-span6\">\n<div class=\"td_module_8 td_module_wrap\">\n<div class=\"item-details\">\n<h3 class=\"entry-title td-module-title\"><a href=\"https:\/\/r3media.ro\/statul-roman-a-semnat-actul-propriei-disparitii\/\" rel=\"bookmark\" title=\"Statul rom\u00e2n a semnat actul propriei dispari\u021bii?\">Statul rom\u00e2n a semnat actul propriei dispari\u021bii?<\/a><\/h3>\n<div class=\"td-module-meta-info\"><a href=\"https:\/\/r3media.ro\/category\/opinii\/\" class=\"td-post-category\">OPINII<\/a><span class=\"td-post-author-name\"><a href=\"https:\/\/r3media.ro\/author\/gabipopa\/\">Gabriel Popa<\/a><span>&#8211;<\/span><\/span><span class=\"td-post-date\"><time class=\"entry-date updated td-module-date\" datetime=\"2026-07-27T15:07:05+03:00\">27\/07\/2026<\/time><\/span><\/div>\n<\/div>\n<\/div>\n<\/div>\n<div class=\"td-block-span6\">\n<div class=\"td_module_8 td_module_wrap\">\n<div class=\"item-details\">\n<h3 class=\"entry-title td-module-title\"><a href=\"https:\/\/r3media.ro\/prima-oara-istorie-presedintia-document-primplan-patriotism-european\/\" rel=\"bookmark\" title=\"Pentru prima oar\u0103 \u00een istorie, Pre\u0219edin\u021bia Rom\u00e2niei emite un document care pune pe primul plan o alt\u0103 entitate dec\u00e2t \u021bara noastr\u0103: patriotismul european\">Pentru prima oar\u0103 \u00een istorie, Pre\u0219edin\u021bia Rom\u00e2niei emite un document care pune pe primul&#8230;<\/a><\/h3>\n<div class=\"td-module-meta-info\"><a href=\"https:\/\/r3media.ro\/category\/actualitate\/\" class=\"td-post-category\">ACTUALITATE<\/a><span class=\"td-post-author-name\"><a href=\"https:\/\/r3media.ro\/author\/teodor_stan\/\">Teodor Stan<\/a><span>&#8211;<\/span><\/span><span class=\"td-post-date\"><time class=\"entry-date updated td-module-date\" datetime=\"2026-07-26T11:44:31+03:00\">26\/07\/2026<\/time><\/span><\/div>\n<\/div>\n<\/div>\n<\/div>\n<\/div>\n<div class=\"td-block-row\">\n<div class=\"td-block-span6\">\n<div class=\"td_module_8 td_module_wrap\">\n<div class=\"item-details\">\n<h3 class=\"entry-title td-module-title\"><a href=\"https:\/\/r3media.ro\/bnr-recomanda-romani-rezerve-de-cash-atacuri-cibernetice-numerar-relevant-criza\/\" rel=\"bookmark\" title=\"BNR le recomand\u0103 rom\u00e2nilor s\u0103 p\u0103streze rezerve de cash: Numerarul se poate dovedi relevant \u00een criz\u0103\">BNR le recomand\u0103 rom\u00e2nilor s\u0103 p\u0103streze rezerve de cash: Numerarul se poate dovedi relevant&#8230;<\/a><\/h3>\n<div class=\"td-module-meta-info\"><a href=\"https:\/\/r3media.ro\/category\/stiri-prim-plan\/\" class=\"td-post-category\">PRIM PLAN<\/a><span class=\"td-post-author-name\"><a href=\"https:\/\/r3media.ro\/author\/oana\/\">Oana Ivan<\/a><span>&#8211;<\/span><\/span><span class=\"td-post-date\"><time class=\"entry-date updated td-module-date\" datetime=\"2026-07-27T13:11:47+03:00\">27\/07\/2026<\/time><\/span><\/div>\n<\/div>\n<\/div>\n<\/div>\n<div class=\"td-block-span6\">\n<div class=\"td_module_8 td_module_wrap\">\n<div class=\"item-details\">\n<h3 class=\"entry-title td-module-title\"><a href=\"https:\/\/r3media.ro\/film-nou-stapanul-inelelor-corect-politic-regizor-andy-serkis-diversitate-tolkien-mitologie-nordica\/\" rel=\"bookmark\" title=\"Noul film \u201eSt\u0103p\u00e2nul Inelelor\u201d nu va fi corect politic. Regizorul Andy Serkis: J.R.R. Tolkien a fost influen\u021bat de mitologia nordic\u0103. Nu vrem o distribu\u021bie de dragul de a bifa c\u0103su\u021be\">Noul film \u201eSt\u0103p\u00e2nul Inelelor\u201d nu va fi corect politic. Regizorul Andy Serkis: J.R.R. Tolkien&#8230;<\/a><\/h3>\n<div class=\"td-module-meta-info\"><a href=\"https:\/\/r3media.ro\/category\/actualitate\/\" class=\"td-post-category\">ACTUALITATE<\/a><span class=\"td-post-author-name\"><a href=\"https:\/\/r3media.ro\/author\/oana\/\">Oana Ivan<\/a><span>&#8211;<\/span><\/span><span class=\"td-post-date\"><time class=\"entry-date updated td-module-date\" datetime=\"2026-07-26T15:49:31+03:00\">26\/07\/2026<\/time><\/span><\/div>\n<\/div>\n<\/div>\n<\/div>\n<\/div>\n<div class=\"td-block-row\">\n<div class=\"td-block-span6\">\n<div class=\"td_module_8 td_module_wrap\">\n<div class=\"item-details\">\n<h3 class=\"entry-title td-module-title\"><a href=\"https:\/\/r3media.ro\/dictatura-forma-suprema-a-democratiei\/\" rel=\"bookmark\" title=\"Dictatura \u2013 forma suprem\u0103 a democra\u021biei\">Dictatura \u2013 forma suprem\u0103 a democra\u021biei<\/a><\/h3>\n<div class=\"td-module-meta-info\"><a href=\"https:\/\/r3media.ro\/category\/opinii\/\" class=\"td-post-category\">OPINII<\/a><span class=\"td-post-author-name\"><a href=\"https:\/\/r3media.ro\/author\/tru\/\">TRU (Traian Ungureanu)<\/a><span>&#8211;<\/span><\/span><span class=\"td-post-date\"><time class=\"entry-date updated td-module-date\" datetime=\"2026-07-25T16:43:11+03:00\">25\/07\/2026<\/time><\/span><\/div>\n<\/div>\n<\/div>\n<\/div>\n<div class=\"td-block-span6\">\n<div class=\"td_module_8 td_module_wrap\">\n<div class=\"item-details\">\n<h3 class=\"entry-title td-module-title\"><a href=\"https:\/\/r3media.ro\/marea-britanie-apa-inteligenta-artificiala-romania-centru-ai-restrictii-consum-apa\/\" rel=\"bookmark\" title=\"Marea Britanie nu mai are suficient\u0103 ap\u0103 pentru Inteligen\u021ba Artificial\u0103, dar Rom\u00e2nia vrea s\u0103 g\u0103zduiasc\u0103 un centru AI care consum\u0103 c\u00e2t sute de mii de oameni \u0219i impune restric\u021bii la consumul de ap\u0103 al popula\u021biei\">Marea Britanie nu mai are suficient\u0103 ap\u0103 pentru Inteligen\u021ba Artificial\u0103, dar Rom\u00e2nia vrea s\u0103&#8230;<\/a><\/h3>\n<div class=\"td-module-meta-info\"><a href=\"https:\/\/r3media.ro\/category\/actualitate\/\" class=\"td-post-category\">ACTUALITATE<\/a><span class=\"td-post-author-name\"><a href=\"https:\/\/r3media.ro\/author\/radu_ursan\/\">Radu Ursan<\/a><span>&#8211;<\/span><\/span><span class=\"td-post-date\"><time class=\"entry-date updated td-module-date\" datetime=\"2026-07-23T11:44:13+03:00\">23\/07\/2026<\/time><\/span><\/div>\n<\/div>\n<\/div>\n<\/div>\n<\/div>\n<div class=\"td-block-row\">\n<div class=\"td-block-span6\">\n<div class=\"td_module_8 td_module_wrap\">\n<div class=\"item-details\">\n<h3 class=\"entry-title td-module-title\"><a href=\"https:\/\/r3media.ro\/campion-olimpic-olaf-tufte-mort-subit-50-ani\/\" rel=\"bookmark\" title=\"Campionul olimpic Olaf Tufte a murit subit la 50 de ani\">Campionul olimpic Olaf Tufte a murit subit la 50 de ani<\/a><\/h3>\n<div class=\"td-module-meta-info\"><a href=\"https:\/\/r3media.ro\/category\/actualitate\/\" class=\"td-post-category\">ACTUALITATE<\/a><span class=\"td-post-author-name\"><a href=\"https:\/\/r3media.ro\/author\/oana\/\">Oana Ivan<\/a><span>&#8211;<\/span><\/span><span class=\"td-post-date\"><time class=\"entry-date updated td-module-date\" datetime=\"2026-07-22T12:11:02+03:00\">22\/07\/2026<\/time><\/span><\/div>\n<\/div>\n<\/div>\n<\/div>\n<div class=\"td-block-span6\">\n<div class=\"td_module_8 td_module_wrap\">\n<div class=\"item-details\">\n<h3 class=\"entry-title td-module-title\"><a href=\"https:\/\/r3media.ro\/explozie-incendiu-fabrica-kronospan-brasov-video\/\" rel=\"bookmark\" title=\"VIDEO | Explozie urmat\u0103 de un incendiu la fabrica Kronospan din Bra\u0219ov. \u00cen timp ce pompierii \u00eencercau s\u0103 sting\u0103 focul s-a produs o alt\u0103 explozie\">VIDEO | Explozie urmat\u0103 de un incendiu la fabrica Kronospan din Bra\u0219ov. \u00cen timp&#8230;<\/a><\/h3>\n<div class=\"td-module-meta-info\"><a href=\"https:\/\/r3media.ro\/category\/actualitate\/\" class=\"td-post-category\">ACTUALITATE<\/a><span class=\"td-post-author-name\"><a href=\"https:\/\/r3media.ro\/author\/oana\/\">Oana Ivan<\/a><span>&#8211;<\/span><\/span><span class=\"td-post-date\"><time class=\"entry-date updated td-module-date\" datetime=\"2026-07-22T10:01:28+03:00\">22\/07\/2026<\/time><\/span><\/div>\n<\/div>\n<\/div>\n<\/div>\n<\/div>\n<div class=\"td-block-row\">\n<div class=\"td-block-span6\">\n<div class=\"td_module_8 td_module_wrap\">\n<div class=\"item-details\">\n<h3 class=\"entry-title td-module-title\"><a href=\"https:\/\/r3media.ro\/asa-incepe-compania-openai-afirma-un-model-de-inteligenta-artificiala-a-atacat-din-proprie-initiativa-sistemele-unei-alte-companii\/\" rel=\"bookmark\" title=\"A\u0219a \u00eencepe? Compania OpenAI afirm\u0103 un model de inteligen\u021b\u0103 artificial\u0103 a ATACAT din proprie ini\u021biativ\u0103 sistemele unei alte companii\">A\u0219a \u00eencepe? Compania OpenAI afirm\u0103 un model de inteligen\u021b\u0103 artificial\u0103 a ATACAT din proprie&#8230;<\/a><\/h3>\n<div class=\"td-module-meta-info\"><a href=\"https:\/\/r3media.ro\/category\/actualitate\/\" class=\"td-post-category\">ACTUALITATE<\/a><span class=\"td-post-author-name\"><a href=\"https:\/\/r3media.ro\/author\/teodor_stan\/\">Teodor Stan<\/a><span>&#8211;<\/span><\/span><span class=\"td-post-date\"><time class=\"entry-date updated td-module-date\" datetime=\"2026-07-22T09:10:53+03:00\">22\/07\/2026<\/time><\/span><\/div>\n<\/div>\n<\/div>\n<\/div>\n<div class=\"td-block-span6\">\n<div class=\"td_module_8 td_module_wrap\">\n<div class=\"item-details\">\n<h3 class=\"entry-title td-module-title\"><a href=\"https:\/\/r3media.ro\/episcopul-husilor-oameni-animale-therieni-degradare-progresism\/\" rel=\"bookmark\" title=\"Episcopul Hu\u0219ilor, despre oamenii care se cred animale: V\u0103 da\u021bi seama c\u00e2t\u0103 degradare uman\u0103 este? De ce? Pentru c\u0103 se \u00eencred \u00een progresism\">Episcopul Hu\u0219ilor, despre oamenii care se cred animale: V\u0103 da\u021bi seama c\u00e2t\u0103 degradare uman\u0103&#8230;<\/a><\/h3>\n<div class=\"td-module-meta-info\"><a href=\"https:\/\/r3media.ro\/category\/actualitate\/\" class=\"td-post-category\">ACTUALITATE<\/a><span class=\"td-post-author-name\"><a href=\"https:\/\/r3media.ro\/author\/radu_ursan\/\">Radu Ursan<\/a><span>&#8211;<\/span><\/span><span class=\"td-post-date\"><time class=\"entry-date updated td-module-date\" datetime=\"2026-07-21T19:30:46+03:00\">21\/07\/2026<\/time><\/span><\/div>\n<\/div>\n<\/div>\n<\/div>\n<\/div>\n<div class=\"td-block-row\">\n<div class=\"td-block-span6\">\n<div class=\"td_module_8 td_module_wrap\">\n<div class=\"item-details\">\n<h3 class=\"entry-title td-module-title\"><a href=\"https:\/\/r3media.ro\/video-cult-femeie-dumnezeu-mama-romania\/\" rel=\"bookmark\" title=\"VIDEO | Un cult care consider\u0103 o femeie coreean\u0103 drept \u201eDumnezeu Mama\u201d face prozeli\u021bi \u00een Rom\u00e2nia\">VIDEO | Un cult care consider\u0103 o femeie coreean\u0103 drept \u201eDumnezeu Mama\u201d face prozeli\u021bi&#8230;<\/a><\/h3>\n<div class=\"td-module-meta-info\"><a href=\"https:\/\/r3media.ro\/category\/actualitate\/\" class=\"td-post-category\">ACTUALITATE<\/a><span class=\"td-post-author-name\"><a href=\"https:\/\/r3media.ro\/author\/redactia\/\">Redac\u021bia<\/a><span>&#8211;<\/span><\/span><span class=\"td-post-date\"><time class=\"entry-date updated td-module-date\" datetime=\"2026-07-21T11:14:08+03:00\">21\/07\/2026<\/time><\/span><\/div>\n<\/div>\n<\/div>\n<\/div>\n<div class=\"td-block-span6\">\n<div class=\"td_module_8 td_module_wrap\">\n<div class=\"item-details\">\n<h3 class=\"entry-title td-module-title\"><a href=\"https:\/\/r3media.ro\/cehia-interzice-telefoanele-in-scoli\/\" rel=\"bookmark\" title=\"Cehia se preg\u0103te\u0219te s\u0103 interzic\u0103 telefoanele mobile \u00een \u0219coli\">Cehia se preg\u0103te\u0219te s\u0103 interzic\u0103 telefoanele mobile \u00een \u0219coli<\/a><\/h3>\n<div class=\"td-module-meta-info\"><a href=\"https:\/\/r3media.ro\/category\/actualitate\/\" class=\"td-post-category\">ACTUALITATE<\/a><span class=\"td-post-author-name\"><a href=\"https:\/\/r3media.ro\/author\/redactia\/\">Redac\u021bia<\/a><span>&#8211;<\/span><\/span><span class=\"td-post-date\"><time class=\"entry-date updated td-module-date\" datetime=\"2026-07-20T22:34:13+03:00\">20\/07\/2026<\/time><\/span><\/div>\n<\/div>\n<\/div>\n<\/div>\n<\/div>\n<\/div>\n<div class=\"td-load-more-wrap td-load-more-infinite-wrap\" id=\"infinite-lm-tdi_20\"><a href=\"https:\/\/r3media.ro\/calin-maties-coalitia-interzicere-lemne-de-foc\/\" class=\"td_ajax_load_more td_ajax_load_more_js\" aria-label=\"\u00cenc\u0103rca\u021bi mai multe\" id=\"next-page-tdi_20\" data-td_block_id=\"tdi_20\">\u00cenc\u0103rca\u021bi mai multe<\/a><\/div>\n<\/div>\n<div class=\"td_block_wrap tdb_single_comments tdi_21 tdb-comm-layout2 td-pb-border-top td_block_template_1\" data-td-block-uid=\"tdi_21\">\n<div class=\"tdb-block-inner td-fix-index\">\n<div class=\"comments\" id=\"comments\">\n<div id=\"respond\" class=\"comment-respond\">\n<h3 id=\"reply-title\" class=\"comment-reply-title\">AI CEVA DE SPUS? <small><a rel=\"nofollow\" id=\"cancel-comment-reply-link\" href=\"https:\/\/r3media.ro\/calin-maties-coalitia-interzicere-lemne-de-foc\/#respond\">Renun\u021ba\u021bi la r\u0103spuns<\/a><\/small><\/h3>\n<div class=\"comment-form-input-wrap td-form-comment\">\n<div class=\"td-warning-comment\">V\u0103 rug\u0103m s\u0103 introduce\u021bi comentariul dvs.!<\/div>\n<\/div>\n<div class=\"comment-form-input-wrap td-form-author\">\n<div class=\"td-warning-author\">Introduce\u021bi aici numele dvs.<\/div>\n<\/div>\n<div class=\"comment-form-input-wrap td-form-email\">\n<div class=\"td-warning-email-error\">A\u021bi introdus o adres\u0103 de e-mail incorect\u0103!<\/div>\n<div class=\"td-warning-email\">V\u0103 rug\u0103m s\u0103 introduce\u021bi adresa dvs. de e-mail aici<\/div>\n<\/div>\n<\/div>\n<\/div>\n<\/div>\n<\/div>\n<\/div>\n<\/div>\n<div class=\"vc_column tdi_23  wpb_column vc_column_container tdc-column td-pb-span4 td-is-sticky\">\n<div class=\"wpb_wrapper\" data-sticky-enabled-on=\"W3RydWUsdHJ1ZSx0cnVlLHRydWVd\" data-sticky-offset=\"20\" data-sticky-is-width-auto=\"W2ZhbHNlLGZhbHNlLGZhbHNlLGZhbHNlXQ==\">\n<div class=\"wpb_wrapper td_block_wrap vc_widget_sidebar tdi_25 \">\n<div class=\"td_block_wrap td_block_7 td_block_widget tdi_26 td-pb-border-top td_block_template_1 td-column-1 td_block_padding\" data-td-block-uid=\"tdi_26\">\n<div class=\"td-block-title-wrap\">\n<h4 class=\"block-title td-block-title\"><span class=\"td-pulldown-size\">Articole RELA\u021aIONATE<\/span><\/h4>\n<\/div>\n<div id=\"tdi_26\" class=\"td_block_inner\">\n<div class=\"td-block-span12\">\n<div class=\"td_module_6 td_module_wrap td-animation-stack\">\n<div class=\"td-module-thumb\"><a href=\"https:\/\/r3media.ro\/stefan-popescu-drona-rusia-romania\/\" rel=\"bookmark\" class=\"td-image-wrap \" title=\"VIDEO \u0218tefan Popescu: Drona este simptomul, nu boala \/ Analistul avertizeaz\u0103 c\u0103 reac\u021biile diplomatice ale Rom\u00e2niei nu \u021bin loc de strategie\"><img loading=\"lazy\" decoding=\"async\" class=\"entry-thumb\" src=\"https:\/\/r3media.ro\/wp-content\/uploads\/2026\/07\/maxresdefault-2-100x70.jpg\" alt title=\"VIDEO \u0218tefan Popescu: Drona este simptomul, nu boala \/ Analistul avertizeaz\u0103 c\u0103 reac\u021biile diplomatice ale Rom\u00e2niei nu \u021bin loc de strategie\" width=\"100\" height=\"70\"><\/a><\/div>\n<div class=\"item-details\">\n<h3 class=\"entry-title td-module-title\"><a href=\"https:\/\/r3media.ro\/stefan-popescu-drona-rusia-romania\/\" rel=\"bookmark\" title=\"VIDEO \u0218tefan Popescu: Drona este simptomul, nu boala \/ Analistul avertizeaz\u0103 c\u0103 reac\u021biile diplomatice ale Rom\u00e2niei nu \u021bin loc de strategie\">VIDEO \u0218tefan Popescu: Drona este simptomul, nu boala \/ Analistul avertizeaz\u0103&#8230;<\/a><\/h3>\n<div class=\"td-module-meta-info\"><span class=\"td-post-date\"><time class=\"entry-date updated td-module-date\" datetime=\"2026-07-28T14:09:28+03:00\">28\/07\/2026<\/time><\/span><\/div>\n<\/div>\n<\/div>\n<\/div>\n<div class=\"td-block-span12\">\n<div class=\"td_module_6 td_module_wrap td-animation-stack\">\n<div class=\"td-module-thumb\"><a href=\"https:\/\/r3media.ro\/metrorex-anunt-bucuresti\/\" rel=\"bookmark\" class=\"td-image-wrap \" title=\"Metrorex a f\u0103cut un anun\u021bul pe care \u00eel a\u0219teptau to\u021bi cei locuiesc \u00een Bucure\u0219ti\"><img loading=\"lazy\" decoding=\"async\" class=\"entry-thumb\" src=\"https:\/\/r3media.ro\/wp-content\/uploads\/2020\/09\/metrou-drumul-taberei-deschidere-statii-harta-100x70.jpg\" alt title=\"Metrorex a f\u0103cut un anun\u021bul pe care \u00eel a\u0219teptau to\u021bi cei locuiesc \u00een Bucure\u0219ti\" width=\"100\" height=\"70\"><\/a><\/div>\n<div class=\"item-details\">\n<h3 class=\"entry-title td-module-title\"><a href=\"https:\/\/r3media.ro\/metrorex-anunt-bucuresti\/\" rel=\"bookmark\" title=\"Metrorex a f\u0103cut un anun\u021bul pe care \u00eel a\u0219teptau to\u021bi cei locuiesc \u00een Bucure\u0219ti\">Metrorex a f\u0103cut un anun\u021bul pe care \u00eel a\u0219teptau to\u021bi cei&#8230;<\/a><\/h3>\n<div class=\"td-module-meta-info\"><span class=\"td-post-date\"><time class=\"entry-date updated td-module-date\" datetime=\"2026-07-28T12:10:18+03:00\">28\/07\/2026<\/time><\/span><\/div>\n<\/div>\n<\/div>\n<\/div>\n<div class=\"td-block-span12\">\n<div class=\"td_module_6 td_module_wrap td-animation-stack\">\n<div class=\"td-module-thumb\"><a href=\"https:\/\/r3media.ro\/stapanul-inelelor-nazgul-khamul-interpretat-actor-zubin-varla-serial-rings-of-power\/\" rel=\"bookmark\" class=\"td-image-wrap \" title=\"St\u0103p\u00e2nul Inelelor: Temutul Nazgul Khamul va fi interpretat de actorul Zubin Varla \u00een serialul \u201eRings of Power\u201c\"><img loading=\"lazy\" decoding=\"async\" class=\"entry-thumb\" src=\"https:\/\/r3media.ro\/wp-content\/uploads\/2026\/07\/zubin-varla-nazgul-khamul-100x70.webp\" alt title=\"St\u0103p\u00e2nul Inelelor: Temutul Nazgul Khamul va fi interpretat de actorul Zubin Varla \u00een serialul \u201eRings of Power\u201c\" width=\"100\" height=\"70\"><\/a><\/div>\n<div class=\"item-details\">\n<h3 class=\"entry-title td-module-title\"><a href=\"https:\/\/r3media.ro\/stapanul-inelelor-nazgul-khamul-interpretat-actor-zubin-varla-serial-rings-of-power\/\" rel=\"bookmark\" title=\"St\u0103p\u00e2nul Inelelor: Temutul Nazgul Khamul va fi interpretat de actorul Zubin Varla \u00een serialul \u201eRings of Power\u201c\">St\u0103p\u00e2nul Inelelor: Temutul Nazgul Khamul va fi interpretat de actorul Zubin&#8230;<\/a><\/h3>\n<div class=\"td-module-meta-info\"><span class=\"td-post-date\"><time class=\"entry-date updated td-module-date\" datetime=\"2026-07-28T12:02:31+03:00\">28\/07\/2026<\/time><\/span><\/div>\n<\/div>\n<\/div>\n<\/div>\n<div class=\"td-block-span12\">\n<div class=\"td_module_6 td_module_wrap td-animation-stack\">\n<div class=\"td-module-thumb\"><a href=\"https:\/\/r3media.ro\/cornel-nistorescu-drone-razboi-ucraina\/\" rel=\"bookmark\" class=\"td-image-wrap \" title=\"Cornel Nistorescu, dup\u0103 incidentele cu drone: Adie a aer de r\u0103zboi. De mirare c\u0103 dronele ucrainene nu au st\u00e2rnit at\u00e2ta t\u0103r\u0103boi\"><img loading=\"lazy\" decoding=\"async\" class=\"entry-thumb\" src=\"https:\/\/r3media.ro\/wp-content\/uploads\/2026\/07\/drona-buzau-agerpres-e1785223304948-100x70.jpg\" alt title=\"Cornel Nistorescu, dup\u0103 incidentele cu drone: Adie a aer de r\u0103zboi. De mirare c\u0103 dronele ucrainene nu au st\u00e2rnit at\u00e2ta t\u0103r\u0103boi\" width=\"100\" height=\"70\"><\/a><\/div>\n<div class=\"item-details\">\n<h3 class=\"entry-title td-module-title\"><a href=\"https:\/\/r3media.ro\/cornel-nistorescu-drone-razboi-ucraina\/\" rel=\"bookmark\" title=\"Cornel Nistorescu, dup\u0103 incidentele cu drone: Adie a aer de r\u0103zboi. De mirare c\u0103 dronele ucrainene nu au st\u00e2rnit at\u00e2ta t\u0103r\u0103boi\">Cornel Nistorescu, dup\u0103 incidentele cu drone: Adie a aer de r\u0103zboi&#8230;.<\/a><\/h3>\n<div class=\"td-module-meta-info\"><span class=\"td-post-date\"><time class=\"entry-date updated td-module-date\" datetime=\"2026-07-28T10:21:51+03:00\">28\/07\/2026<\/time><\/span><\/div>\n<\/div>\n<\/div>\n<\/div>\n<div class=\"td-block-span12\">\n<div class=\"td_module_6 td_module_wrap td-animation-stack\">\n<div class=\"td-module-thumb\"><a href=\"https:\/\/r3media.ro\/odissea-lui-nolan\/\" rel=\"bookmark\" class=\"td-image-wrap \" title=\"Odissea lui Nolan\"><img loading=\"lazy\" decoding=\"async\" class=\"entry-thumb\" src=\"https:\/\/r3media.ro\/wp-content\/uploads\/2026\/07\/odiseea-nolan-100x70.webp\" alt title=\"Odissea lui Nolan\" width=\"100\" height=\"70\"><\/a><\/div>\n<div class=\"item-details\">\n<h3 class=\"entry-title td-module-title\"><a href=\"https:\/\/r3media.ro\/odissea-lui-nolan\/\" rel=\"bookmark\" title=\"Odissea lui Nolan\">Odissea lui Nolan<\/a><\/h3>\n<div class=\"td-module-meta-info\"><span class=\"td-post-date\"><time class=\"entry-date updated td-module-date\" datetime=\"2026-07-28T10:06:52+03:00\">28\/07\/2026<\/time><\/span><\/div>\n<\/div>\n<\/div>\n<\/div>\n<div class=\"td-block-span12\">\n<div class=\"td_module_6 td_module_wrap td-animation-stack\">\n<div class=\"td-module-thumb\"><a href=\"https:\/\/r3media.ro\/greva-generala-sanatate-spitale-urgente\/\" rel=\"bookmark\" class=\"td-image-wrap \" title=\"Grev\u0103 general\u0103 \u00een S\u0103n\u0103tate: sute de spitale func\u021bioneaz\u0103 de mar\u021bi doar cu urgen\u021be\"><img loading=\"lazy\" decoding=\"async\" class=\"entry-thumb\" src=\"https:\/\/r3media.ro\/wp-content\/uploads\/2021\/09\/federatia-sanitas-100x70.jpg\" alt title=\"Grev\u0103 general\u0103 \u00een S\u0103n\u0103tate: sute de spitale func\u021bioneaz\u0103 de mar\u021bi doar cu urgen\u021be\" width=\"100\" height=\"70\"><\/a><\/div>\n<div class=\"item-details\">\n<h3 class=\"entry-title td-module-title\"><a href=\"https:\/\/r3media.ro\/greva-generala-sanatate-spitale-urgente\/\" rel=\"bookmark\" title=\"Grev\u0103 general\u0103 \u00een S\u0103n\u0103tate: sute de spitale func\u021bioneaz\u0103 de mar\u021bi doar cu urgen\u021be\">Grev\u0103 general\u0103 \u00een S\u0103n\u0103tate: sute de spitale func\u021bioneaz\u0103 de mar\u021bi doar&#8230;<\/a><\/h3>\n<div class=\"td-module-meta-info\"><span class=\"td-post-date\"><time class=\"entry-date updated td-module-date\" datetime=\"2026-07-28T09:52:36+03:00\">28\/07\/2026<\/time><\/span><\/div>\n<\/div>\n<\/div>\n<\/div>\n<div class=\"td-block-span12\">\n<div class=\"td_module_6 td_module_wrap td-animation-stack\">\n<div class=\"td-module-thumb\"><a href=\"https:\/\/r3media.ro\/kazahstanul-a-anuntat-ca-au-fost-reluate-operatiunile-de-incarcare-pe-conducta-caspian-pipeline-consortium-cpc\/\" rel=\"bookmark\" class=\"td-image-wrap \" title=\"Kazahstanul a anun\u021bat c\u0103 au fost reluate opera\u0163iunile de \u00eenc\u0103rcare pe conducta Caspian Pipeline Consortium (CPC)\"><img loading=\"lazy\" decoding=\"async\" class=\"entry-thumb\" src=\"https:\/\/r3media.ro\/wp-content\/uploads\/2026\/07\/petrol-kazahstan-100x70.jpg\" alt title=\"Kazahstanul a anun\u021bat c\u0103 au fost reluate opera\u0163iunile de \u00eenc\u0103rcare pe conducta Caspian Pipeline Consortium (CPC)\" width=\"100\" height=\"70\"><\/a><\/div>\n<div class=\"item-details\">\n<h3 class=\"entry-title td-module-title\"><a href=\"https:\/\/r3media.ro\/kazahstanul-a-anuntat-ca-au-fost-reluate-operatiunile-de-incarcare-pe-conducta-caspian-pipeline-consortium-cpc\/\" rel=\"bookmark\" title=\"Kazahstanul a anun\u021bat c\u0103 au fost reluate opera\u0163iunile de \u00eenc\u0103rcare pe conducta Caspian Pipeline Consortium (CPC)\">Kazahstanul a anun\u021bat c\u0103 au fost reluate opera\u0163iunile de \u00eenc\u0103rcare pe&#8230;<\/a><\/h3>\n<div class=\"td-module-meta-info\"><span class=\"td-post-date\"><time class=\"entry-date updated td-module-date\" datetime=\"2026-07-28T09:29:57+03:00\">28\/07\/2026<\/time><\/span><\/div>\n<\/div>\n<\/div>\n<\/div>\n<\/div>\n<\/div>\n<aside class=\"td_block_template_1 widget widget_recent_comments\">\n<h4 class=\"block-title\"><span>INTR\u0102 \u00ceN DISCU\u021aIE!<\/span><\/h4>\n<ul id=\"recentcomments\">\n<li class=\"recentcomments\"><span class=\"comment-author-link\">Nicu<\/span> la <a href=\"https:\/\/r3media.ro\/avioane-americane-bulgaria-energie-radev-sua\/#comment-40326\">Avioane americane la Bezmer, la schimb cu avantaje \u00een zona energetic\u0103 pentru Bulgaria: ce a ob\u021binut guvernul Radev de la SUA<\/a><\/li>\n<li class=\"recentcomments\"><span class=\"comment-author-link\">Constantin<\/span> la <a href=\"https:\/\/r3media.ro\/prima-oara-istorie-presedintia-document-primplan-patriotism-european\/#comment-40325\">Pentru prima oar\u0103 \u00een istorie, Pre\u0219edin\u021bia Rom\u00e2niei emite un document care pune pe primul plan o alt\u0103 entitate dec\u00e2t \u021bara noastr\u0103: patriotismul european<\/a><\/li>\n<li class=\"recentcomments\"><span class=\"comment-author-link\">Constantin<\/span> la <a href=\"https:\/\/r3media.ro\/statul-roman-a-semnat-actul-propriei-disparitii\/#comment-40324\">Statul rom\u00e2n a semnat actul propriei dispari\u021bii?<\/a><\/li>\n<li class=\"recentcomments\"><span class=\"comment-author-link\">Nicu<\/span> la <a href=\"https:\/\/r3media.ro\/statul-roman-a-semnat-actul-propriei-disparitii\/#comment-40323\">Statul rom\u00e2n a semnat actul propriei dispari\u021bii?<\/a><\/li>\n<li class=\"recentcomments\"><span class=\"comment-author-link\">Nicu<\/span> la <a href=\"https:\/\/r3media.ro\/dan-dungaciu-patriotism-european-natiunea-identitatea-europeana\/#comment-40322\">Prof. Dan Dungaciu despre raportul privind \u201epatriotismul european\u201d emis de la Cotroceni: Dac\u0103 na\u021biunea e un construct, atunci \u201eidentitatea european\u0103\u201d ce este?<\/a><\/li>\n<li class=\"recentcomments\"><span class=\"comment-author-link\">boiu<\/span> la <a href=\"https:\/\/r3media.ro\/rusia-romania-drona-ambasador-moscova-porturi-dunare\/#comment-40321\">Rusia, avertizat\u0103 de Rom\u00e2nia dup\u0103 incidentele cu drona. Ambasadorul Moscovei acuz\u0103 Bucure\u0219tiul c\u0103 folose\u0219te porturile de la Dun\u0103re pentru a transporta arme \u00een Ucraina<\/a><\/li>\n<li class=\"recentcomments\"><span class=\"comment-author-link\">panda<\/span> la <a href=\"https:\/\/r3media.ro\/urs-sibiu\/#comment-40320\">Un urs a fost v\u0103zut pe unul dintre cele mai circulate bulevarde din Sibiu<\/a><\/li>\n<\/ul>\n<\/aside>\n<aside class=\"td_block_template_1 widget widget_search\">\n<h4 class=\"block-title\"><span>CAUT\u0102 \u0218I VEI G\u0102SI<\/span><\/h4>\n<\/aside>\n<\/div>\n<\/div>\n<\/div>\n<\/div>\n<\/div>\n<\/div>\n<\/div>\n<p><span class=\"td-page-meta\"><\/span><span class=\"td-page-meta\"><span class=\"td-page-meta\"><\/span><\/span><span class=\"td-page-meta\"><\/span><\/article>\n<\/p>\n<div class=\"td_block_wrap tdb_single_content tdi_18 td-pb-border-top td_block_template_1 td-post-content tagdiv-type\" data-td-block-uid=\"tdi_18\">\n<div class=\"tdb-block-inner td-fix-index\">\n<p><strong>Deputatul C\u0103lin Matie\u0219a acuz\u0103 coali\u021bia PSD-PNL-USR-UDMR c\u0103 vrea s\u0103 interzic\u0103 \u00eenc\u0103lzirea cu lemne, informeaz\u0103 un <a href=\"https:\/\/partidulaur.ro\/calin-maties-deputat-aur-opt-milioane-de-romani-risca-sa-nu-mai-poata-folosi-lemne-pentru-incalzire-asta-pregateste-coalitia-psd-pnl-usr-udmr\/\" target=\"_blank\" rel=\"noopener\">comunicat de pres\u0103<\/a> al AUR.<\/strong><\/p>\n<p>Potrivit sursei citate, Matie\u0219 sus\u021bine c\u0103 se preg\u0103te\u0219te adoptarea unei legi care prevede interzicerea folosirii a orice altceva \u00een afara biomasei certificate.<\/p>\n<p>Lemnele de foc nu fac parte din biomasa certificat\u0103.<\/p>\n<p>\u201eSe interzice, prin articolul 3, alineatul (1), ca locuin\u021bele s\u0103 foloseasc\u0103 altceva dec\u00e2t biomas\u0103 certificat\u0103 pentru \u00eenc\u0103lzire. Locuin\u021bele trebuie s\u0103 foloseasc\u0103 exclusiv biomas\u0103 certificat\u0103. Asta spune aceast\u0103 lege.<\/p>\n<p>\u0218i ne ducem \u00een urm\u0103 la o ordonan\u021b\u0103 de urgen\u021b\u0103 care explic\u0103, pentru c\u0103 nu o s\u0103 g\u0103si\u021bi acest lucru \u00een lege, ce \u00eenseamn\u0103 biomasa certificat\u0103.<\/p>\n<p>Biomasa certificat\u0103 \u00eenseamn\u0103 rumegu\u0219, a\u0219chii sau reziduuri lemnoase. Nu lemn rotund, nu butuci, nimic din toate acestea. Rumegu\u0219, a\u0219chii sau reziduuri. Cu asta vor s\u0103 ne \u00eenc\u0103lzim sau s\u0103 g\u0103tim \u00een continuare cei de la USR, PNL \u0219i UDMR\u201d, a spus C\u0103lin Matie\u0219.<\/p>\n<p>Deputatul AUR sus\u021bine c\u0103 peste opt milioane de rom\u00e2ni folosesc <a href=\"https:\/\/r3media.ro\/ue-se-submineaza-din-interior-vrea-sa-interzica-sobele-si-semineele-pe-lemne-din-2027-peste-35-milioane-de-gospodarii-din-romania-vor-fi-afectate\/\" target=\"_blank\" rel=\"noopener\">lemne de foc<\/a> pentru \u00eenc\u0103lzire.<\/p>\n<h2>Ce este biomasa certificat\u0103?<\/h2>\n<p>Defini\u021bia legal\u0103 a biomasei se g\u0103se\u0219te \u00een <a href=\"https:\/\/lege5.ro\/Gratuit\/geztmnrtgq\/dispozitii-generale-lege-220-2008?dp=gqztomzrgi4tg\" target=\"_blank\" rel=\"noopener\">Legea nr. 220\/2008<\/a> (privind promovarea energiei din surse regenerabile).<\/p>\n<p>Potrivit acesteia, biomasa este frac\u021biunea biodegradabil\u0103 a produselor, de\u0219eurilor \u0219i reziduurilor de origine biologic\u0103 din agricultur\u0103 (inclusiv substan\u021be vegetale \u0219i animale), silvicultur\u0103 \u0219i industriile conexe, inclusiv pescuitul \u0219i acvacultura, precum \u0219i frac\u021biunea biodegradabil\u0103 a de\u0219eurilor industriale \u0219i municipale.<\/p>\n<p>Sistemul certificatului de origine din Legea 220\/2008 vizeaz\u0103 biomasa folosit\u0103 pentru producerea de energie electric\u0103 (\u00een centrale), nu lemnul de foc v\u00e2ndut popula\u021biei pentru \u00eenc\u0103lzirea locuin\u021bei.<\/p>\n<p>Pentru lemnul de foc destinat consumului casnic, \u201ecertificarea\u201d relevant\u0103 nu este cea de tip energetic, ci trasabilitatea \u0219i provenien\u021ba legal\u0103, reglementate prin Codul silvic \u0219i sistemul de urm\u0103rire a materialelor lemnoase (avizul de \u00eenso\u021bire, sistemul SUMAL).<\/p>\n<p>Acolo se atest\u0103 c\u0103 lemnul provine legal, nu c\u0103 \u00eendepline\u0219te criterii energetice de durabilitate.<\/p>\n<p>A\u0219adar, lemnul de foc poate fi biomas\u0103 \u00een sensul legii, dar nu este automat \u201ebiomas\u0103 certificat\u0103\u201d.<\/p>\n<div class=\"crp_related     crp-masonry\">\n<h2>\u00ceN CONTEXT<\/h2>\n<ul>\n<li><a href=\"https:\/\/r3media.ro\/britanicii-trezire-realitate-scepticism-criza-climatica-crescut-dornici-renuntare-masini-benzina-motorina-vehicule-electrice\/\" class=\"crp_link post-113139\"><span class=\"crp_title\">Britanicii se trezesc la realitate: Scepticismul cu privire la criza climatic\u0103 a crescut cu\u2026<\/span><\/a><\/li>\n<li><a href=\"https:\/\/r3media.ro\/baraje-demolate-2025-europa\/\" class=\"crp_link post-116874\"><span class=\"crp_title\">Sute de baraje au fost demolate \u00een 2025, \u00een Europa: Scopul oficial este re\u00eentregirea\u2026<\/span><\/a><\/li>\n<\/ul>\n<\/div>\n<\/div>\n<\/div>\n<p>[analyse_source url=&#8221;https:\/\/r3media.ro\/calin-maties-coalitia-interzicere-lemne-de-foc\/&#8221;]<\/p>\n","protected":false},"excerpt":{"rendered":"<p>[analyse_image type=&#8221;featured&#8221; src=&#8221;https:\/\/r3media.ro\/wp-content\/uploads\/2020\/12\/foc-soba-facebook.jpghttps:\/\/r3media.ro\/wp-content\/uploads\/2020\/12\/foc-soba-facebook.jpg&#8221;] FEATUREDDeputatul C\u0103lin Matie\u0219 acuz\u0103 coali\u021bia PSD-PNL-USR-UDMR c\u0103 vrea s\u0103 interzic\u0103 \u00eenc\u0103lzirea cu&#8230; FEATURED\u0218TIRI Deputatul C\u0103lin Matie\u0219 acuz\u0103 coali\u021bia PSD-PNL-USR-UDMR c\u0103 vrea s\u0103 interzic\u0103 \u00eenc\u0103lzirea cu lemne de foc Radu Ursan 28\/07\/2026 Sursa foto: Facebook Deputatul C\u0103lin Matie\u0219a acuz\u0103 coali\u021bia PSD-PNL-USR-UDMR c\u0103 vrea s\u0103 interzic\u0103 \u00eenc\u0103lzirea cu lemne, informeaz\u0103 un comunicat de pres\u0103 [&hellip;]<\/p>\n","protected":false},"author":1,"featured_media":0,"comment_status":"open","ping_status":"","sticky":false,"template":"","format":"standard","meta":{"footnotes":""},"categories":[89],"tags":[226,93],"class_list":["post-2065232","post","type-post","status-publish","format-standard","hentry","category-romania","tag-crawlmanager","tag-r3media-ro"],"_links":{"self":[{"href":"https:\/\/analyse.optim.biz\/index.php?rest_route=\/wp\/v2\/posts\/2065232","targetHints":{"allow":["GET"]}}],"collection":[{"href":"https:\/\/analyse.optim.biz\/index.php?rest_route=\/wp\/v2\/posts"}],"about":[{"href":"https:\/\/analyse.optim.biz\/index.php?rest_route=\/wp\/v2\/types\/post"}],"author":[{"embeddable":true,"href":"https:\/\/analyse.optim.biz\/index.php?rest_route=\/wp\/v2\/users\/1"}],"replies":[{"embeddable":true,"href":"https:\/\/analyse.optim.biz\/index.php?rest_route=%2Fwp%2Fv2%2Fcomments&post=2065232"}],"version-history":[{"count":0,"href":"https:\/\/analyse.optim.biz\/index.php?rest_route=\/wp\/v2\/posts\/2065232\/revisions"}],"wp:attachment":[{"href":"https:\/\/analyse.optim.biz\/index.php?rest_route=%2Fwp%2Fv2%2Fmedia&parent=2065232"}],"wp:term":[{"taxonomy":"category","embeddable":true,"href":"https:\/\/analyse.optim.biz\/index.php?rest_route=%2Fwp%2Fv2%2Fcategories&post=2065232"},{"taxonomy":"post_tag","embeddable":true,"href":"https:\/\/analyse.optim.biz\/index.php?rest_route=%2Fwp%2Fv2%2Ftags&post=2065232"}],"curies":[{"name":"wp","href":"https:\/\/api.w.org\/{rel}","templated":true}]}}