{"id":206515,"date":"2014-05-03T23:21:03","date_gmt":"2014-05-03T20:21:03","guid":{"rendered":"https:\/\/analyse.optim.biz\/?p=206515"},"modified":"2014-05-03T23:21:03","modified_gmt":"2014-05-03T20:21:03","slug":"ponta-vrea-discutie-in-csat-despre-r-moldova-replica-lui-basescu-s-a-discutat-demult-dar-nu-si-a-dat-seama-cand","status":"publish","type":"post","link":"https:\/\/analyse.optim.biz\/?p=206515","title":{"rendered":"Ponta vrea discu\u021bie \u00een CSAT despre R. Moldova. Replica lui B\u0103sescu: \u201eS-a discutat demult, dar nu \u0219i-a dat seama c\u00e2nd\u201d"},"content":{"rendered":"<div class=\"entry data-app-meta data-app-meta-article\" data-embed-base-url-canonical=\"https:\/\/www.digi24.ro\/embed\/stiri\/actualitate\/politica\/ponta-vrea-discutie-in-csat-despre-r-moldova-replica-lui-basescu-s-a-discutat-demult-dar-nu-si-a-dat-seama-cand-238071\">\n<p data-index=\"1\"><img decoding=\"async\" src=\"https:\/\/analyse.optim.biz\/wp-content\/uploads\/2024\/09\/lmpwzyz3ptgwmczoyxnoptizmwzmmjq0ndnlyju1owi0zwu0ztlhmzq3zjfhytiy-thumb_.jpg\" data-skip-htmlfix=\"1\" title=\"lmpwzyz3ptgwmczoyxnoptizmwzmmjq0ndnlyju1owi0zwu0ztlhmzq3zjfhytiy-thumb_\">\u201ePremierul Victor Ponta a declarat c\u0103 se va discuta despre situa\u0163ia Ucrainei \u00een \u015fedin\u0163a CSAT. A\u015fa este?\u201d, a fost \u00eentrebat, s\u00e2mb\u0103t\u0103 seara, \u0219eful statului. \u201eS-a discutat demult, dar nu \u015fi-a dat seama c\u00e2nd\u201d, a fost r\u0103spunsul pre\u0219edintelui <strong>Traian B\u0103sescu<\/strong>.<\/p>\n<p data-index=\"2\">Replica vine dup\u0103 ce premierul <strong>Victor Ponta<\/strong> a declarat c\u0103 Rom\u00e2nia trebuie s\u0103 fie atent\u0103, \u00een contextul situa\u0163iei din Ucraina. \u015eeful Executivului a cerut<a href=\"https:\/\/www.digi24.ro\/Stiri\/Digi24\/Actualitate\/Politica\/Victor+Ponta+Moldova+CSAT\" target=\"_blank\" data-skip-linkfix=\"1\" rel=\"noopener\"> planuri pentru ca Republica Moldova s\u0103 fie ap\u0103rat\u0103.<\/a><\/p>\n<p data-index=\"3\">\u201eLuni, cu ministrul Ap\u0103r\u0103rii, o s\u0103 facem o analiz\u0103 \u015fi o s\u0103 v\u0103 inform\u0103m \u015fi pe dvs \u0219i o s\u0103 preg\u0103tim pentru prima sedin\u021b\u0103 CSAT toate datele \u0219i strategia pe care Guvernul o are pentru a da aceste asigur\u0103ri popula\u021biei Rom\u00e2niei, dar \u015fi popula\u0163iei de peste Prut\u201d, a declarat premierul Victor Ponta.<\/p>\n<p data-index=\"4\">\u0218eful Executivului a reac\u0163ionat \u015fi dup\u0103 ce <a href=\"https:\/\/www.digi24.ro\/Stiri\/Digi24\/Actualitate\/Stiri\/Traian+Basescu+Ne-am+evaluat+rezervistii+Vocea+Rusiei+Romania+ce\" target=\"_blank\" data-skip-linkfix=\"1\" rel=\"noopener\">postul de radio Vocea Rusiei a ironizat capacit\u0103\u0163ile de lupt\u0103 ale armatei rom\u00e2ne<\/a> despre care a spus c\u0103 nu ar rezista mai mult de 30 de minute \u00een cazul unui conflict.<\/p>\n<p data-index=\"5\">\u201eRom\u00e2nia ar rezista mult mai mult dec\u00e2t at\u00e2t. \u00cen primul r\u00e2nd prin capacitatea na\u021bional\u0103, \u00een al doilea r\u00e2nd prin faptul c\u0103 Rom\u00e2nia a intrat \u00een planul de contingen\u021b\u0103 NATO\u201d, <a href=\"https:\/\/www.digi24.ro\/Stiri\/Digi24\/Actualitate\/Politica\/Victor+Ponta+raspunde+Vocii+Rusiei+Romania+ar+rezista+mai+mult+d\" target=\"_blank\" data-skip-linkfix=\"1\" rel=\"noopener\">a explicat Victor Ponta<\/a>.<\/p>\n<p data-index=\"6\">De altfel, americanii au cerut \u0163\u0103rilor membre <strong>NATO<\/strong> m\u0103rirea bugetelor militare \u00een contextul conflictului din Ucraina. Guvernul de la Bucure\u015fti a decis deja suplimentarea bugetului cu 700 de milioane de lei. Banii vor fi investi\u0163i \u00een fabricile de armament \u015fi \u00een revitalizarea tehnicii de lupt\u0103 din dotarea solda\u0163ilor rom\u00e2ni. \u00a0<\/p>\n<\/div>\n<p> Source URL: https:\/\/www.digi24.ro\/stiri\/actualitate\/politica\/ponta-vrea-discutie-in-csat-despre-r-moldova-replica-lui-basescu-s-a-discutat-demult-dar-nu-si-a-dat-seama-cand-238071<\/p>\n","protected":false},"excerpt":{"rendered":"<p>\u201ePremierul Victor Ponta a declarat c\u0103 se va discuta despre situa\u0163ia Ucrainei \u00een \u015fedin\u0163a CSAT. A\u015fa este?\u201d, a fost \u00eentrebat, s\u00e2mb\u0103t\u0103 seara, \u0219eful statului. \u201eS-a discutat demult, dar nu \u015fi-a dat seama c\u00e2nd\u201d, a fost r\u0103spunsul pre\u0219edintelui Traian B\u0103sescu. Replica vine dup\u0103 ce premierul Victor Ponta a declarat c\u0103 Rom\u00e2nia trebuie s\u0103 fie atent\u0103, \u00een [&hellip;]<\/p>\n","protected":false},"author":1,"featured_media":206516,"comment_status":"open","ping_status":"","sticky":false,"template":"","format":"standard","meta":{"footnotes":""},"categories":[2],"tags":[11],"class_list":["post-206515","post","type-post","status-publish","format-standard","has-post-thumbnail","hentry","category-politics","tag-digi24"],"_links":{"self":[{"href":"https:\/\/analyse.optim.biz\/index.php?rest_route=\/wp\/v2\/posts\/206515","targetHints":{"allow":["GET"]}}],"collection":[{"href":"https:\/\/analyse.optim.biz\/index.php?rest_route=\/wp\/v2\/posts"}],"about":[{"href":"https:\/\/analyse.optim.biz\/index.php?rest_route=\/wp\/v2\/types\/post"}],"author":[{"embeddable":true,"href":"https:\/\/analyse.optim.biz\/index.php?rest_route=\/wp\/v2\/users\/1"}],"replies":[{"embeddable":true,"href":"https:\/\/analyse.optim.biz\/index.php?rest_route=%2Fwp%2Fv2%2Fcomments&post=206515"}],"version-history":[{"count":0,"href":"https:\/\/analyse.optim.biz\/index.php?rest_route=\/wp\/v2\/posts\/206515\/revisions"}],"wp:featuredmedia":[{"embeddable":true,"href":"https:\/\/analyse.optim.biz\/index.php?rest_route=\/wp\/v2\/media\/206516"}],"wp:attachment":[{"href":"https:\/\/analyse.optim.biz\/index.php?rest_route=%2Fwp%2Fv2%2Fmedia&parent=206515"}],"wp:term":[{"taxonomy":"category","embeddable":true,"href":"https:\/\/analyse.optim.biz\/index.php?rest_route=%2Fwp%2Fv2%2Fcategories&post=206515"},{"taxonomy":"post_tag","embeddable":true,"href":"https:\/\/analyse.optim.biz\/index.php?rest_route=%2Fwp%2Fv2%2Ftags&post=206515"}],"curies":[{"name":"wp","href":"https:\/\/api.w.org\/{rel}","templated":true}]}}