{"id":2065050,"date":"2026-07-28T07:28:46","date_gmt":"2026-07-28T04:28:46","guid":{"rendered":"https:\/\/analyse.optim.biz\/?p=2065050"},"modified":"2026-07-28T07:28:46","modified_gmt":"2026-07-28T04:28:46","slug":"primaria-suceava-revine-la-cererile-online-pentru-abonamentele-de-parcare-inscrierile-pentru-zona-marasesti-1-incep-vineri-31-iulie","status":"publish","type":"post","link":"https:\/\/analyse.optim.biz\/?p=2065050","title":{"rendered":"Prim\u0103ria Suceava revine la cererile online pentru abonamentele de parcare. \u00censcrierile pentru zona M\u0103r\u0103\u0219e\u0219ti 1 \u00eencep vineri, 31 iulie"},"content":{"rendered":"<p>[analyse_image type=&#8221;featured&#8221; src=&#8221;https:\/\/www.radiotop.ro\/img\/media\/2023\/11\/parcare-goala-marasesti.jpg&#8221;]<\/p>\n<div class=\"entry-content no-share\">\n<div class=\"content-inner \">\n<p>Prim\u0103ria Suceava a anun\u021bat c\u0103 reia emiterea abonamentelor de parcare pentru noi zone din municipiu, iar cererile vor putea fi depuse exclusiv online. La rundele anterioare, c\u00eend solicit\u0103rile au fost depuse fizic, s-au format cozi uria\u0219e.<\/p>\n<p>\u00centr-un mesaj public, primarul Vasile R\u00eembu a transmis c\u0103 municipalitatea va continua procedurile de atribuire a locurilor de parcare, apreciind c\u0103 acestea trebuie s\u0103 fie bazate pe \u201dreguli corecte\u201d \u0219i \u201dechitate, nu privilegii\u201d.<\/p>\n<p>Astfel, pentru zona M\u0103r\u0103\u0219e\u0219ti 1, cererile vor putea fi depuse \u00eencep\u00eend de vineri, 31 iulie, de la ora 14.00, iar pentru zona Sf\u00eenta Vineri, \u00eencep\u00eend de mar\u021bi, 4 august, de la aceea\u0219i or\u0103, pe platforma parcari.primariasv.ro.<\/p>\n<p>Solicitan\u021bii trebuie s\u0103 \u00eencarce cartea de identitate, din care s\u0103 rezulte domiciliul sau re\u0219edin\u021ba \u00een zona parcajului, certificatul de \u00eenmatriculare al autoturismului \u0219i s\u0103 aib\u0103 taxele \u0219i impozitele locale achitate la zi. Harta zonelor \u0219i a locurilor de parcare este disponibil\u0103 pe aceea\u0219i platform\u0103.<\/p>\n<p>\u00a0<\/p>\n<\/div>\n<\/div>\n<div class=\"content-inner \">\n<p>Prim\u0103ria Suceava a anun\u021bat c\u0103 reia emiterea abonamentelor de parcare pentru noi zone din municipiu, iar cererile vor putea fi depuse exclusiv online. La rundele anterioare, c\u00eend solicit\u0103rile au fost depuse fizic, s-au format cozi uria\u0219e.<\/p>\n<p>\u00centr-un mesaj public, primarul Vasile R\u00eembu a transmis c\u0103 municipalitatea va continua procedurile de atribuire a locurilor de parcare, apreciind c\u0103 acestea trebuie s\u0103 fie bazate pe \u201dreguli corecte\u201d \u0219i \u201dechitate, nu privilegii\u201d.<\/p>\n<p>Astfel, pentru zona M\u0103r\u0103\u0219e\u0219ti 1, cererile vor putea fi depuse \u00eencep\u00eend de vineri, 31 iulie, de la ora 14.00, iar pentru zona Sf\u00eenta Vineri, \u00eencep\u00eend de mar\u021bi, 4 august, de la aceea\u0219i or\u0103, pe platforma parcari.primariasv.ro.<\/p>\n<p>Solicitan\u021bii trebuie s\u0103 \u00eencarce cartea de identitate, din care s\u0103 rezulte domiciliul sau re\u0219edin\u021ba \u00een zona parcajului, certificatul de \u00eenmatriculare al autoturismului \u0219i s\u0103 aib\u0103 taxele \u0219i impozitele locale achitate la zi. Harta zonelor \u0219i a locurilor de parcare este disponibil\u0103 pe aceea\u0219i platform\u0103.<\/p>\n<p>\u00a0<\/p>\n<\/div>\n<p>[analyse_source url=&#8221;https:\/\/www.radiotop.ro\/administratie\/primaria-suceava-revine-la-cererile-online-pentru-abonamentele-de-parcare-inscrierile-pentru-zona-marasesti-1-incep-vineri-31-iulie.html&#8221;]<\/p>\n","protected":false},"excerpt":{"rendered":"<p>[analyse_image type=&#8221;featured&#8221; src=&#8221;https:\/\/www.radiotop.ro\/img\/media\/2023\/11\/parcare-goala-marasesti.jpg&#8221;] Prim\u0103ria Suceava a anun\u021bat c\u0103 reia emiterea abonamentelor de parcare pentru noi zone din municipiu, iar cererile vor putea fi depuse exclusiv online. La rundele anterioare, c\u00eend solicit\u0103rile au fost depuse fizic, s-au format cozi uria\u0219e. \u00centr-un mesaj public, primarul Vasile R\u00eembu a transmis c\u0103 municipalitatea va continua procedurile de atribuire a [&hellip;]<\/p>\n","protected":false},"author":1,"featured_media":0,"comment_status":"open","ping_status":"","sticky":false,"template":"","format":"standard","meta":{"footnotes":""},"categories":[89],"tags":[226,163],"class_list":["post-2065050","post","type-post","status-publish","format-standard","hentry","category-romania","tag-crawlmanager","tag-radiotop-ro"],"_links":{"self":[{"href":"https:\/\/analyse.optim.biz\/index.php?rest_route=\/wp\/v2\/posts\/2065050","targetHints":{"allow":["GET"]}}],"collection":[{"href":"https:\/\/analyse.optim.biz\/index.php?rest_route=\/wp\/v2\/posts"}],"about":[{"href":"https:\/\/analyse.optim.biz\/index.php?rest_route=\/wp\/v2\/types\/post"}],"author":[{"embeddable":true,"href":"https:\/\/analyse.optim.biz\/index.php?rest_route=\/wp\/v2\/users\/1"}],"replies":[{"embeddable":true,"href":"https:\/\/analyse.optim.biz\/index.php?rest_route=%2Fwp%2Fv2%2Fcomments&post=2065050"}],"version-history":[{"count":0,"href":"https:\/\/analyse.optim.biz\/index.php?rest_route=\/wp\/v2\/posts\/2065050\/revisions"}],"wp:attachment":[{"href":"https:\/\/analyse.optim.biz\/index.php?rest_route=%2Fwp%2Fv2%2Fmedia&parent=2065050"}],"wp:term":[{"taxonomy":"category","embeddable":true,"href":"https:\/\/analyse.optim.biz\/index.php?rest_route=%2Fwp%2Fv2%2Fcategories&post=2065050"},{"taxonomy":"post_tag","embeddable":true,"href":"https:\/\/analyse.optim.biz\/index.php?rest_route=%2Fwp%2Fv2%2Ftags&post=2065050"}],"curies":[{"name":"wp","href":"https:\/\/api.w.org\/{rel}","templated":true}]}}