{"id":2065048,"date":"2026-07-28T07:21:51","date_gmt":"2026-07-28T04:21:51","guid":{"rendered":"https:\/\/analyse.optim.biz\/?p=2065048"},"modified":"2026-07-28T07:21:51","modified_gmt":"2026-07-28T04:21:51","slug":"cornel-nistorescu-dupa-incidentele-cu-drone-adie-a-aer-de-razboi-de-mirare-ca-dronele-ucrainene-nu-au-starnit-atata-taraboi","status":"publish","type":"post","link":"https:\/\/analyse.optim.biz\/?p=2065048","title":{"rendered":"Cornel Nistorescu, dup\u0103 incidentele cu drone: Adie a aer de r\u0103zboi. De mirare c\u0103 dronele ucrainene nu au st\u00e2rnit at\u00e2ta t\u0103r\u0103boi"},"content":{"rendered":"<p>[analyse_image type=&#8221;featured&#8221; src=&#8221;https:\/\/r3media.ro\/wp-content\/uploads\/2026\/07\/drona-buzau-agerpres-e1785223304948.jpghttps:\/\/r3media.ro\/wp-content\/uploads\/2026\/07\/drona-buzau-agerpres-e1785223304948.jpg&#8221;]<\/p>\n<article id=\"template-id-109\" class=\"post-109 tdb_templates type-tdb_templates status-publish post\">\n<div id=\"tdi_2\" class=\"tdc-zone\">\n<div class=\"tdc_zone tdi_3  wpb_row td-pb-row\">\n<div id=\"tdi_4\" class=\"tdc-row\">\n<div class=\"vc_row tdi_5  wpb_row td-pb-row\">\n<div class=\"vc_column tdi_7  wpb_column vc_column_container tdc-column td-pb-span8\">\n<div class=\"wpb_wrapper\">\n<div class=\"td_block_wrap tdb_breadcrumbs tdi_8 td-pb-border-top td_block_template_1 tdb-breadcrumbs \" data-td-block-uid=\"tdi_8\">\n<div class=\"tdb-block-inner td-fix-index\"><span><a title=\"Vede\u021bi toate articolele \u00een FEATURED\" class=\"tdb-entry-crumb\" href=\"https:\/\/r3media.ro\/category\/featured\/\">FEATURED<\/a><\/span><span class=\"tdb-bred-no-url-last\">Cornel Nistorescu, dup\u0103 incidentele cu drone: Adie a aer de r\u0103zboi. De&#8230;<\/span><\/div>\n<\/div>\n<div class=\"td_block_wrap tdb_single_categories tdi_9 td-pb-border-top td_block_template_1 \" data-td-block-uid=\"tdi_9\">\n<div class=\"tdb-category td-fix-index\"><a class=\"tdb-entry-category\" href=\"https:\/\/r3media.ro\/category\/featured\/\">FEATURED<\/a><a class=\"tdb-entry-category\" href=\"https:\/\/r3media.ro\/category\/stiri\/\">\u0218TIRI<\/a><\/div>\n<\/div>\n<div class=\"td_block_wrap tdb_title tdi_10 tdb-single-title td-pb-border-top td_block_template_1\" data-td-block-uid=\"tdi_10\">\n<div class=\"tdb-block-inner td-fix-index\">\n<h1 class=\"tdb-title-text\">Cornel Nistorescu, dup\u0103 incidentele cu drone: Adie a aer de r\u0103zboi. De mirare c\u0103 dronele ucrainene nu au st\u00e2rnit at\u00e2ta t\u0103r\u0103boi<\/h1>\n<\/div>\n<\/div>\n<div class=\"vc_row_inner tdi_12  vc_row vc_inner wpb_row td-pb-row\">\n<div class=\"vc_column_inner tdi_14  wpb_column vc_column_container tdc-inner-column td-pb-span12\">\n<div class=\"vc_column-inner\">\n<div class=\"wpb_wrapper\">\n<div class=\"td_block_wrap tdb_single_author tdi_15 td-pb-border-top td_block_template_1 tdb-post-meta\" data-td-block-uid=\"tdi_15\">\n<div class=\"tdb-block-inner td-fix-index\">\n<div class=\"tdb-author-name-wrap\"><a class=\"tdb-author-name\" href=\"https:\/\/r3media.ro\/author\/radu_ursan\/\">Radu Ursan<\/a><\/div>\n<\/div>\n<\/div>\n<div class=\"td_block_wrap tdb_single_date tdi_16 td-pb-border-top td_block_template_1 tdb-post-meta\" data-td-block-uid=\"tdi_16\">\n<div class=\"tdb-block-inner td-fix-index\"><time class=\"entry-date updated td-module-date\" datetime=\"2026-07-28T10:21:51+03:00\">28\/07\/2026<\/time><\/div>\n<\/div>\n<\/div>\n<\/div>\n<\/div>\n<\/div>\n<div class=\"td_block_wrap tdb_single_featured_image tdi_17 tdb-content-horiz-left td-pb-border-top td_block_template_1\" data-td-block-uid=\"tdi_17\">\n<div class=\"tdb-block-inner td-fix-index\">\n<figure><figcaption class=\"tdb-caption-text\">Sursa foto: Agerpres<\/figcaption><\/figure>\n<\/div>\n<\/div>\n<div class=\"td_block_wrap tdb_single_content tdi_18 td-pb-border-top td_block_template_1 td-post-content tagdiv-type\" data-td-block-uid=\"tdi_18\">\n<div class=\"tdb-block-inner td-fix-index\">\n<p><strong>\u201ePentru prima dat\u0103 adie un aer de r\u0103zboi\u201d, a scris Cornel Nistorescu \u00een <a href=\"https:\/\/www.cotidianul.ro\/dronele-romanesti-de-neinvins\/\" target=\"_blank\" rel=\"noopener\">Cotidianul<\/a>.<\/strong><\/p>\n<p>Jurnalistul a comentat, astfel, <a href=\"https:\/\/r3media.ro\/rusia-romania-drona-ambasador-moscova-porturi-dunare\/\" target=\"_blank\" rel=\"noopener\">incidentele cu drone dobor\u00e2te<\/a> pe teritoriul Rom\u00e2niei \u00een ultimul timp.<\/p>\n<p>Experimentatul ziarist s-a \u00eentrebat de ce dronele ucrainene nu au st\u00e2rnit \u201eat\u00e2ta t\u0103r\u0103boi\u201d, afirm\u00e2nd c\u0103 \u201earat\u0103 ca o cre\u0219tere programat\u0103 de tensiune\u201d.<\/p>\n<p>\u201eDronele dobor\u00eete \u00een ultimele zile au m\u0103rit tensiunile cu ajutorul micului ecran \u0219i al propagandi\u0219tilor.<\/p>\n<p>Pentru prima dat\u0103 adie un aer de r\u0103zboi. Parc\u0103 \u00eenmul\u021birea dronelor ar m\u0103ri miza \u0219i pericolul. Poate fi un mesaj, un joc sau chiar un \u00eenceput de r\u0103zboi. De mirare doar c\u0103 dronele ucrainene nu au st\u00eernit at\u00eeta t\u0103r\u0103boi. Unele ne-au survolat doar cu b\u00eez\u00eeituri, altele cu alarme sau cu aplauze.<\/p>\n<p>Acum arat\u0103 ca o cre\u0219tere programat\u0103 de tensiune care ne-a prins cu pantalonii \u00een vine.<\/p>\n<p>MINISTRUL DE R\u0102ZBOI este \u00een vacan\u0163\u0103, \u0219eful Marelui Stat Major este contestat, iar pre\u0219edintele se fug\u0103re\u0219te cu primul-ministru. Cele dou\u0103 armate din propagand\u0103, ro\u0219ii \u0219i progresi\u0219tii, se chinuie s\u0103 scoat\u0103 un vinovat.<\/p>\n<p>Mesajele lor sunt eliminatorii. S\u0103 moar\u0103 PSD sau S\u0103 crape USR \u0219i liberalii revopsi\u0163i!<\/p>\n<p>Lumea \u00eenc\u0103 \u00ee\u0219i vede de treab\u0103 \u0219i cei mai mul\u021bi nu se tem dec\u00eet de cei care ne conduc. Prostia, ambi\u021biile \u0219i nepriceperea lor sunt dronele cele mai periculoase care zboar\u0103 zilnic pe deasupra \u021b\u0103rii noastre. \u0218i nu cad nici de-ale dracului\u201d, a remarcat Cornel Nistorescu.<\/p>\n<div class=\"crp_related     crp-masonry\">\n<h2>\u00ceN CONTEXT<\/h2>\n<ul>\n<li><a href=\"https:\/\/r3media.ro\/cornel-nistorescu-a-analizat-prezenta-lui-nicusor-dan-la-consiliul-pentru-pace-n-a-fost-rau\/\" class=\"crp_link post-115292\"><span class=\"crp_title\">Cornel Nistorescu a analizat prezen\u021ba lui Nicu\u0219or Dan la Consiliul pentru Pace: N-a fost r\u0103u!<\/span><\/a><\/li>\n<li><a href=\"https:\/\/r3media.ro\/cornel-nistorescu-eugen-tomac-conducator\/\" class=\"crp_link post-117983\"><span class=\"crp_title\">Cornel Nistorescu: Experien\u021ba lui Tomac \u00een materie de conduc\u0103tor este nul\u0103. N-a condus dec\u00eet\u2026<\/span><\/a><\/li>\n<li><a href=\"https:\/\/r3media.ro\/cornel-nistorescu-demeter-andras\/\" class=\"crp_link post-117071\"><span class=\"crp_title\">Cornel Nistorescu despre cazul Demeter Andras: Ne r\u0103zbun\u0103m pe un actor care, culmea, \u0219i-a\u2026<\/span><\/a><\/li>\n<li><a href=\"https:\/\/r3media.ro\/cornel-nistorescu-program-radacini-pnl-sorosism-progresism\/\" class=\"crp_link post-118763\"><span class=\"crp_title\">Cornel Nistorescu: Care este noul program cu \u201er\u0103d\u0103cini\u201d al PNL? Cu r\u0103d\u0103cini \u00een sorosism \u0219i\u2026<\/span><\/a><\/li>\n<li><a href=\"https:\/\/r3media.ro\/cornel-nistorescusiegfried-muresan-premier-presiunile-germane-romania\/\" class=\"crp_link post-119159\"><span class=\"crp_title\">Cornel Nistorescu dup\u0103 propunerea lui Siegfried Mure\u0219an ca premier: Cresc presiunile germane\u2026<\/span><\/a><\/li>\n<li><a href=\"https:\/\/r3media.ro\/cornel-nistorescu-oengistii-temere-fonduri\/\" class=\"crp_link post-116754\"><span class=\"crp_title\">Cornel Nistorescu: Oengi\u0219tii no\u0219tri patrio\u021bi cu g\u00eendire de import se tem de moarte s\u0103 afl\u0103m\u2026<\/span><\/a><\/li>\n<li><a href=\"https:\/\/r3media.ro\/cornel-nistorescu-aberatia-extremism-aur\/\" class=\"crp_link post-118601\"><span class=\"crp_title\">Cornel Nistorescu: Se clatin\u0103 abera\u021bia cu \u201eextremismul\u201d pompat\u0103 pe seama AUR<\/span><\/a><\/li>\n<li><a href=\"https:\/\/r3media.ro\/cornel-nistorescu-vestea-proiect-nicusor-dan-partid-prezidential\/\" class=\"crp_link post-118411\"><span class=\"crp_title\">Cornel Nistorescu: Desemnarea lui Ve\u0219tea face parte din proiectul lui Nicu\u0219or Dan de a pune\u2026<\/span><\/a><\/li>\n<\/ul>\n<\/div>\n<\/div>\n<\/div>\n<div class=\"td_block_wrap tdb_single_tags tdi_19 td-pb-border-top td_block_template_1\" data-td-block-uid=\"tdi_19\">\n<div class=\"tdb-block-inner td-fix-index\">\n<ul class=\"tdb-tags\">\n<li><span>SUBIECTE FIERBIN\u021aI<\/span><\/li>\n<li><a href=\"https:\/\/r3media.ro\/tag\/cornel-nistorescu\/\">cornel nistorescu<\/a><\/li>\n<li><a href=\"https:\/\/r3media.ro\/tag\/drone\/\">drone<\/a><\/li>\n<li><a href=\"https:\/\/r3media.ro\/tag\/ministerul-apararii-nationale-mapn\/\">ministerul apararii nationale (mapn)<\/a><\/li>\n<\/ul>\n<\/div>\n<\/div>\n<div class=\"td_block_wrap td_block_9 tdi_20 td_with_ajax_pagination td-pb-border-top td_block_template_1 td-column-2 td_block_padding td_block_bot_line\" data-td-block-uid=\"tdi_20\">\n<div class=\"td-block-title-wrap\">\n<h4 class=\"block-title td-block-title\"><span class=\"td-pulldown-size\">CITE\u0218TE MAI MULT<\/span><\/h4>\n<\/div>\n<div id=\"tdi_20\" class=\"td_block_inner\">\n<div class=\"td-block-row\">\n<div class=\"td-block-span6\">\n<div class=\"td_module_8 td_module_wrap\">\n<div class=\"item-details\">\n<h3 class=\"entry-title td-module-title\"><a href=\"https:\/\/r3media.ro\/prima-oara-istorie-presedintia-document-primplan-patriotism-european\/\" rel=\"bookmark\" title=\"Pentru prima oar\u0103 \u00een istorie, Pre\u0219edin\u021bia Rom\u00e2niei emite un document care pune pe primul plan o alt\u0103 entitate dec\u00e2t \u021bara noastr\u0103: patriotismul european\">Pentru prima oar\u0103 \u00een istorie, Pre\u0219edin\u021bia Rom\u00e2niei emite un document care pune pe primul&#8230;<\/a><\/h3>\n<div class=\"td-module-meta-info\"><a href=\"https:\/\/r3media.ro\/category\/actualitate\/\" class=\"td-post-category\">ACTUALITATE<\/a><span class=\"td-post-author-name\"><a href=\"https:\/\/r3media.ro\/author\/teodor_stan\/\">Teodor Stan<\/a><span>&#8211;<\/span><\/span><span class=\"td-post-date\"><time class=\"entry-date updated td-module-date\" datetime=\"2026-07-26T11:44:31+03:00\">26\/07\/2026<\/time><\/span><\/div>\n<\/div>\n<\/div>\n<\/div>\n<div class=\"td-block-span6\">\n<div class=\"td_module_8 td_module_wrap\">\n<div class=\"item-details\">\n<h3 class=\"entry-title td-module-title\"><a href=\"https:\/\/r3media.ro\/bnr-recomanda-romani-rezerve-de-cash-atacuri-cibernetice-numerar-relevant-criza\/\" rel=\"bookmark\" title=\"BNR le recomand\u0103 rom\u00e2nilor s\u0103 p\u0103streze rezerve de cash: Numerarul se poate dovedi relevant \u00een criz\u0103\">BNR le recomand\u0103 rom\u00e2nilor s\u0103 p\u0103streze rezerve de cash: Numerarul se poate dovedi relevant&#8230;<\/a><\/h3>\n<div class=\"td-module-meta-info\"><a href=\"https:\/\/r3media.ro\/category\/stiri-prim-plan\/\" class=\"td-post-category\">PRIM PLAN<\/a><span class=\"td-post-author-name\"><a href=\"https:\/\/r3media.ro\/author\/oana\/\">Oana Ivan<\/a><span>&#8211;<\/span><\/span><span class=\"td-post-date\"><time class=\"entry-date updated td-module-date\" datetime=\"2026-07-27T13:11:47+03:00\">27\/07\/2026<\/time><\/span><\/div>\n<\/div>\n<\/div>\n<\/div>\n<\/div>\n<div class=\"td-block-row\">\n<div class=\"td-block-span6\">\n<div class=\"td_module_8 td_module_wrap\">\n<div class=\"item-details\">\n<h3 class=\"entry-title td-module-title\"><a href=\"https:\/\/r3media.ro\/statul-roman-a-semnat-actul-propriei-disparitii\/\" rel=\"bookmark\" title=\"Statul rom\u00e2n a semnat actul propriei dispari\u021bii?\">Statul rom\u00e2n a semnat actul propriei dispari\u021bii?<\/a><\/h3>\n<div class=\"td-module-meta-info\"><a href=\"https:\/\/r3media.ro\/category\/featured\/\" class=\"td-post-category\">FEATURED<\/a><span class=\"td-post-author-name\"><a href=\"https:\/\/r3media.ro\/author\/gabipopa\/\">Gabriel Popa<\/a><span>&#8211;<\/span><\/span><span class=\"td-post-date\"><time class=\"entry-date updated td-module-date\" datetime=\"2026-07-27T15:07:05+03:00\">27\/07\/2026<\/time><\/span><\/div>\n<\/div>\n<\/div>\n<\/div>\n<div class=\"td-block-span6\">\n<div class=\"td_module_8 td_module_wrap\">\n<div class=\"item-details\">\n<h3 class=\"entry-title td-module-title\"><a href=\"https:\/\/r3media.ro\/film-nou-stapanul-inelelor-corect-politic-regizor-andy-serkis-diversitate-tolkien-mitologie-nordica\/\" rel=\"bookmark\" title=\"Noul film \u201eSt\u0103p\u00e2nul Inelelor\u201d nu va fi corect politic. Regizorul Andy Serkis: J.R.R. Tolkien a fost influen\u021bat de mitologia nordic\u0103. Nu vrem o distribu\u021bie de dragul de a bifa c\u0103su\u021be\">Noul film \u201eSt\u0103p\u00e2nul Inelelor\u201d nu va fi corect politic. Regizorul Andy Serkis: J.R.R. Tolkien&#8230;<\/a><\/h3>\n<div class=\"td-module-meta-info\"><a href=\"https:\/\/r3media.ro\/category\/actualitate\/\" class=\"td-post-category\">ACTUALITATE<\/a><span class=\"td-post-author-name\"><a href=\"https:\/\/r3media.ro\/author\/oana\/\">Oana Ivan<\/a><span>&#8211;<\/span><\/span><span class=\"td-post-date\"><time class=\"entry-date updated td-module-date\" datetime=\"2026-07-26T15:49:31+03:00\">26\/07\/2026<\/time><\/span><\/div>\n<\/div>\n<\/div>\n<\/div>\n<\/div>\n<div class=\"td-block-row\">\n<div class=\"td-block-span6\">\n<div class=\"td_module_8 td_module_wrap\">\n<div class=\"item-details\">\n<h3 class=\"entry-title td-module-title\"><a href=\"https:\/\/r3media.ro\/dictatura-forma-suprema-a-democratiei\/\" rel=\"bookmark\" title=\"Dictatura \u2013 forma suprem\u0103 a democra\u021biei\">Dictatura \u2013 forma suprem\u0103 a democra\u021biei<\/a><\/h3>\n<div class=\"td-module-meta-info\"><a href=\"https:\/\/r3media.ro\/category\/opinii\/\" class=\"td-post-category\">OPINII<\/a><span class=\"td-post-author-name\"><a href=\"https:\/\/r3media.ro\/author\/tru\/\">TRU (Traian Ungureanu)<\/a><span>&#8211;<\/span><\/span><span class=\"td-post-date\"><time class=\"entry-date updated td-module-date\" datetime=\"2026-07-25T16:43:11+03:00\">25\/07\/2026<\/time><\/span><\/div>\n<\/div>\n<\/div>\n<\/div>\n<div class=\"td-block-span6\">\n<div class=\"td_module_8 td_module_wrap\">\n<div class=\"item-details\">\n<h3 class=\"entry-title td-module-title\"><a href=\"https:\/\/r3media.ro\/marea-britanie-apa-inteligenta-artificiala-romania-centru-ai-restrictii-consum-apa\/\" rel=\"bookmark\" title=\"Marea Britanie nu mai are suficient\u0103 ap\u0103 pentru Inteligen\u021ba Artificial\u0103, dar Rom\u00e2nia vrea s\u0103 g\u0103zduiasc\u0103 un centru AI care consum\u0103 c\u00e2t sute de mii de oameni \u0219i impune restric\u021bii la consumul de ap\u0103 al popula\u021biei\">Marea Britanie nu mai are suficient\u0103 ap\u0103 pentru Inteligen\u021ba Artificial\u0103, dar Rom\u00e2nia vrea s\u0103&#8230;<\/a><\/h3>\n<div class=\"td-module-meta-info\"><a href=\"https:\/\/r3media.ro\/category\/actualitate\/\" class=\"td-post-category\">ACTUALITATE<\/a><span class=\"td-post-author-name\"><a href=\"https:\/\/r3media.ro\/author\/radu_ursan\/\">Radu Ursan<\/a><span>&#8211;<\/span><\/span><span class=\"td-post-date\"><time class=\"entry-date updated td-module-date\" datetime=\"2026-07-23T11:44:13+03:00\">23\/07\/2026<\/time><\/span><\/div>\n<\/div>\n<\/div>\n<\/div>\n<\/div>\n<div class=\"td-block-row\">\n<div class=\"td-block-span6\">\n<div class=\"td_module_8 td_module_wrap\">\n<div class=\"item-details\">\n<h3 class=\"entry-title td-module-title\"><a href=\"https:\/\/r3media.ro\/campion-olimpic-olaf-tufte-mort-subit-50-ani\/\" rel=\"bookmark\" title=\"Campionul olimpic Olaf Tufte a murit subit la 50 de ani\">Campionul olimpic Olaf Tufte a murit subit la 50 de ani<\/a><\/h3>\n<div class=\"td-module-meta-info\"><a href=\"https:\/\/r3media.ro\/category\/actualitate\/\" class=\"td-post-category\">ACTUALITATE<\/a><span class=\"td-post-author-name\"><a href=\"https:\/\/r3media.ro\/author\/oana\/\">Oana Ivan<\/a><span>&#8211;<\/span><\/span><span class=\"td-post-date\"><time class=\"entry-date updated td-module-date\" datetime=\"2026-07-22T12:11:02+03:00\">22\/07\/2026<\/time><\/span><\/div>\n<\/div>\n<\/div>\n<\/div>\n<div class=\"td-block-span6\">\n<div class=\"td_module_8 td_module_wrap\">\n<div class=\"item-details\">\n<h3 class=\"entry-title td-module-title\"><a href=\"https:\/\/r3media.ro\/explozie-incendiu-fabrica-kronospan-brasov-video\/\" rel=\"bookmark\" title=\"VIDEO | Explozie urmat\u0103 de un incendiu la fabrica Kronospan din Bra\u0219ov. \u00cen timp ce pompierii \u00eencercau s\u0103 sting\u0103 focul s-a produs o alt\u0103 explozie\">VIDEO | Explozie urmat\u0103 de un incendiu la fabrica Kronospan din Bra\u0219ov. \u00cen timp&#8230;<\/a><\/h3>\n<div class=\"td-module-meta-info\"><a href=\"https:\/\/r3media.ro\/category\/actualitate\/\" class=\"td-post-category\">ACTUALITATE<\/a><span class=\"td-post-author-name\"><a href=\"https:\/\/r3media.ro\/author\/oana\/\">Oana Ivan<\/a><span>&#8211;<\/span><\/span><span class=\"td-post-date\"><time class=\"entry-date updated td-module-date\" datetime=\"2026-07-22T10:01:28+03:00\">22\/07\/2026<\/time><\/span><\/div>\n<\/div>\n<\/div>\n<\/div>\n<\/div>\n<div class=\"td-block-row\">\n<div class=\"td-block-span6\">\n<div class=\"td_module_8 td_module_wrap\">\n<div class=\"item-details\">\n<h3 class=\"entry-title td-module-title\"><a href=\"https:\/\/r3media.ro\/asa-incepe-compania-openai-afirma-un-model-de-inteligenta-artificiala-a-atacat-din-proprie-initiativa-sistemele-unei-alte-companii\/\" rel=\"bookmark\" title=\"A\u0219a \u00eencepe? Compania OpenAI afirm\u0103 un model de inteligen\u021b\u0103 artificial\u0103 a ATACAT din proprie ini\u021biativ\u0103 sistemele unei alte companii\">A\u0219a \u00eencepe? Compania OpenAI afirm\u0103 un model de inteligen\u021b\u0103 artificial\u0103 a ATACAT din proprie&#8230;<\/a><\/h3>\n<div class=\"td-module-meta-info\"><a href=\"https:\/\/r3media.ro\/category\/actualitate\/\" class=\"td-post-category\">ACTUALITATE<\/a><span class=\"td-post-author-name\"><a href=\"https:\/\/r3media.ro\/author\/teodor_stan\/\">Teodor Stan<\/a><span>&#8211;<\/span><\/span><span class=\"td-post-date\"><time class=\"entry-date updated td-module-date\" datetime=\"2026-07-22T09:10:53+03:00\">22\/07\/2026<\/time><\/span><\/div>\n<\/div>\n<\/div>\n<\/div>\n<div class=\"td-block-span6\">\n<div class=\"td_module_8 td_module_wrap\">\n<div class=\"item-details\">\n<h3 class=\"entry-title td-module-title\"><a href=\"https:\/\/r3media.ro\/episcopul-husilor-oameni-animale-therieni-degradare-progresism\/\" rel=\"bookmark\" title=\"Episcopul Hu\u0219ilor, despre oamenii care se cred animale: V\u0103 da\u021bi seama c\u00e2t\u0103 degradare uman\u0103 este? De ce? Pentru c\u0103 se \u00eencred \u00een progresism\">Episcopul Hu\u0219ilor, despre oamenii care se cred animale: V\u0103 da\u021bi seama c\u00e2t\u0103 degradare uman\u0103&#8230;<\/a><\/h3>\n<div class=\"td-module-meta-info\"><a href=\"https:\/\/r3media.ro\/category\/actualitate\/\" class=\"td-post-category\">ACTUALITATE<\/a><span class=\"td-post-author-name\"><a href=\"https:\/\/r3media.ro\/author\/radu_ursan\/\">Radu Ursan<\/a><span>&#8211;<\/span><\/span><span class=\"td-post-date\"><time class=\"entry-date updated td-module-date\" datetime=\"2026-07-21T19:30:46+03:00\">21\/07\/2026<\/time><\/span><\/div>\n<\/div>\n<\/div>\n<\/div>\n<\/div>\n<div class=\"td-block-row\">\n<div class=\"td-block-span6\">\n<div class=\"td_module_8 td_module_wrap\">\n<div class=\"item-details\">\n<h3 class=\"entry-title td-module-title\"><a href=\"https:\/\/r3media.ro\/video-cult-femeie-dumnezeu-mama-romania\/\" rel=\"bookmark\" title=\"VIDEO | Un cult care consider\u0103 o femeie coreean\u0103 drept \u201eDumnezeu Mama\u201d face prozeli\u021bi \u00een Rom\u00e2nia\">VIDEO | Un cult care consider\u0103 o femeie coreean\u0103 drept \u201eDumnezeu Mama\u201d face prozeli\u021bi&#8230;<\/a><\/h3>\n<div class=\"td-module-meta-info\"><a href=\"https:\/\/r3media.ro\/category\/actualitate\/\" class=\"td-post-category\">ACTUALITATE<\/a><span class=\"td-post-author-name\"><a href=\"https:\/\/r3media.ro\/author\/redactia\/\">Redac\u021bia<\/a><span>&#8211;<\/span><\/span><span class=\"td-post-date\"><time class=\"entry-date updated td-module-date\" datetime=\"2026-07-21T11:14:08+03:00\">21\/07\/2026<\/time><\/span><\/div>\n<\/div>\n<\/div>\n<\/div>\n<div class=\"td-block-span6\">\n<div class=\"td_module_8 td_module_wrap\">\n<div class=\"item-details\">\n<h3 class=\"entry-title td-module-title\"><a href=\"https:\/\/r3media.ro\/cehia-interzice-telefoanele-in-scoli\/\" rel=\"bookmark\" title=\"Cehia se preg\u0103te\u0219te s\u0103 interzic\u0103 telefoanele mobile \u00een \u0219coli\">Cehia se preg\u0103te\u0219te s\u0103 interzic\u0103 telefoanele mobile \u00een \u0219coli<\/a><\/h3>\n<div class=\"td-module-meta-info\"><a href=\"https:\/\/r3media.ro\/category\/actualitate\/\" class=\"td-post-category\">ACTUALITATE<\/a><span class=\"td-post-author-name\"><a href=\"https:\/\/r3media.ro\/author\/redactia\/\">Redac\u021bia<\/a><span>&#8211;<\/span><\/span><span class=\"td-post-date\"><time class=\"entry-date updated td-module-date\" datetime=\"2026-07-20T22:34:13+03:00\">20\/07\/2026<\/time><\/span><\/div>\n<\/div>\n<\/div>\n<\/div>\n<\/div>\n<\/div>\n<div class=\"td-load-more-wrap td-load-more-infinite-wrap\" id=\"infinite-lm-tdi_20\"><a href=\"https:\/\/r3media.ro\/cornel-nistorescu-drone-razboi-ucraina\/\" class=\"td_ajax_load_more td_ajax_load_more_js\" aria-label=\"\u00cenc\u0103rca\u021bi mai multe\" id=\"next-page-tdi_20\" data-td_block_id=\"tdi_20\">\u00cenc\u0103rca\u021bi mai multe<\/a><\/div>\n<\/div>\n<div class=\"td_block_wrap tdb_single_comments tdi_21 tdb-comm-layout2 td-pb-border-top td_block_template_1\" data-td-block-uid=\"tdi_21\">\n<div class=\"tdb-block-inner td-fix-index\">\n<div class=\"comments\" id=\"comments\">\n<div id=\"respond\" class=\"comment-respond\">\n<h3 id=\"reply-title\" class=\"comment-reply-title\">AI CEVA DE SPUS? <small><a rel=\"nofollow\" id=\"cancel-comment-reply-link\" href=\"https:\/\/r3media.ro\/cornel-nistorescu-drone-razboi-ucraina\/#respond\">Renun\u021ba\u021bi la r\u0103spuns<\/a><\/small><\/h3>\n<div class=\"comment-form-input-wrap td-form-comment\">\n<div class=\"td-warning-comment\">V\u0103 rug\u0103m s\u0103 introduce\u021bi comentariul dvs.!<\/div>\n<\/div>\n<div class=\"comment-form-input-wrap td-form-author\">\n<div class=\"td-warning-author\">Introduce\u021bi aici numele dvs.<\/div>\n<\/div>\n<div class=\"comment-form-input-wrap td-form-email\">\n<div class=\"td-warning-email-error\">A\u021bi introdus o adres\u0103 de e-mail incorect\u0103!<\/div>\n<div class=\"td-warning-email\">V\u0103 rug\u0103m s\u0103 introduce\u021bi adresa dvs. de e-mail aici<\/div>\n<\/div>\n<\/div>\n<\/div>\n<\/div>\n<\/div>\n<\/div>\n<\/div>\n<div class=\"vc_column tdi_23  wpb_column vc_column_container tdc-column td-pb-span4 td-is-sticky\">\n<div class=\"wpb_wrapper\" data-sticky-enabled-on=\"W3RydWUsdHJ1ZSx0cnVlLHRydWVd\" data-sticky-offset=\"20\" data-sticky-is-width-auto=\"W2ZhbHNlLGZhbHNlLGZhbHNlLGZhbHNlXQ==\">\n<div class=\"wpb_wrapper td_block_wrap vc_widget_sidebar tdi_25 \">\n<div class=\"td_block_wrap td_block_7 td_block_widget tdi_26 td-pb-border-top td_block_template_1 td-column-1 td_block_padding\" data-td-block-uid=\"tdi_26\">\n<div class=\"td-block-title-wrap\">\n<h4 class=\"block-title td-block-title\"><span class=\"td-pulldown-size\">Articole RELA\u021aIONATE<\/span><\/h4>\n<\/div>\n<div id=\"tdi_26\" class=\"td_block_inner\">\n<div class=\"td-block-span12\">\n<div class=\"td_module_6 td_module_wrap td-animation-stack\">\n<div class=\"td-module-thumb\"><a href=\"https:\/\/r3media.ro\/greva-generala-sanatate-spitale-urgente\/\" rel=\"bookmark\" class=\"td-image-wrap \" title=\"Grev\u0103 general\u0103 \u00een S\u0103n\u0103tate: sute de spitale func\u021bioneaz\u0103 de mar\u021bi doar cu urgen\u021be\"><img loading=\"lazy\" decoding=\"async\" class=\"entry-thumb\" src=\"https:\/\/r3media.ro\/wp-content\/uploads\/2021\/09\/federatia-sanitas-100x70.jpg\" alt title=\"Grev\u0103 general\u0103 \u00een S\u0103n\u0103tate: sute de spitale func\u021bioneaz\u0103 de mar\u021bi doar cu urgen\u021be\" width=\"100\" height=\"70\"><\/a><\/div>\n<div class=\"item-details\">\n<h3 class=\"entry-title td-module-title\"><a href=\"https:\/\/r3media.ro\/greva-generala-sanatate-spitale-urgente\/\" rel=\"bookmark\" title=\"Grev\u0103 general\u0103 \u00een S\u0103n\u0103tate: sute de spitale func\u021bioneaz\u0103 de mar\u021bi doar cu urgen\u021be\">Grev\u0103 general\u0103 \u00een S\u0103n\u0103tate: sute de spitale func\u021bioneaz\u0103 de mar\u021bi doar&#8230;<\/a><\/h3>\n<div class=\"td-module-meta-info\"><span class=\"td-post-date\"><time class=\"entry-date updated td-module-date\" datetime=\"2026-07-28T09:52:36+03:00\">28\/07\/2026<\/time><\/span><\/div>\n<\/div>\n<\/div>\n<\/div>\n<div class=\"td-block-span12\">\n<div class=\"td_module_6 td_module_wrap td-animation-stack\">\n<div class=\"td-module-thumb\"><a href=\"https:\/\/r3media.ro\/kazahstanul-a-anuntat-ca-au-fost-reluate-operatiunile-de-incarcare-pe-conducta-caspian-pipeline-consortium-cpc\/\" rel=\"bookmark\" class=\"td-image-wrap \" title=\"Kazahstanul a anun\u021bat c\u0103 au fost reluate opera\u0163iunile de \u00eenc\u0103rcare pe conducta Caspian Pipeline Consortium (CPC)\"><img loading=\"lazy\" decoding=\"async\" class=\"entry-thumb\" src=\"https:\/\/r3media.ro\/wp-content\/uploads\/2026\/07\/petrol-kazahstan-100x70.jpg\" alt title=\"Kazahstanul a anun\u021bat c\u0103 au fost reluate opera\u0163iunile de \u00eenc\u0103rcare pe conducta Caspian Pipeline Consortium (CPC)\" width=\"100\" height=\"70\"><\/a><\/div>\n<div class=\"item-details\">\n<h3 class=\"entry-title td-module-title\"><a href=\"https:\/\/r3media.ro\/kazahstanul-a-anuntat-ca-au-fost-reluate-operatiunile-de-incarcare-pe-conducta-caspian-pipeline-consortium-cpc\/\" rel=\"bookmark\" title=\"Kazahstanul a anun\u021bat c\u0103 au fost reluate opera\u0163iunile de \u00eenc\u0103rcare pe conducta Caspian Pipeline Consortium (CPC)\">Kazahstanul a anun\u021bat c\u0103 au fost reluate opera\u0163iunile de \u00eenc\u0103rcare pe&#8230;<\/a><\/h3>\n<div class=\"td-module-meta-info\"><span class=\"td-post-date\"><time class=\"entry-date updated td-module-date\" datetime=\"2026-07-28T09:29:57+03:00\">28\/07\/2026<\/time><\/span><\/div>\n<\/div>\n<\/div>\n<\/div>\n<div class=\"td-block-span12\">\n<div class=\"td_module_6 td_module_wrap td-animation-stack\">\n<div class=\"td-module-thumb\"><a href=\"https:\/\/r3media.ro\/28-iulie-3-august-1919-unirea-banatului-romania\/\" rel=\"bookmark\" class=\"td-image-wrap \" title=\"28 iulie \u2013 3 august 1919: Unirea Banatului cu Rom\u00e2nia\"><img loading=\"lazy\" decoding=\"async\" class=\"entry-thumb\" src=\"https:\/\/r3media.ro\/wp-content\/uploads\/2021\/08\/10-mai-1920-timisoara-100x70.jpg\" alt title=\"28 iulie \u2013 3 august 1919: Unirea Banatului cu Rom\u00e2nia\" width=\"100\" height=\"70\"><\/a><\/div>\n<div class=\"item-details\">\n<h3 class=\"entry-title td-module-title\"><a href=\"https:\/\/r3media.ro\/28-iulie-3-august-1919-unirea-banatului-romania\/\" rel=\"bookmark\" title=\"28 iulie \u2013 3 august 1919: Unirea Banatului cu Rom\u00e2nia\">28 iulie \u2013 3 august 1919: Unirea Banatului cu Rom\u00e2nia<\/a><\/h3>\n<div class=\"td-module-meta-info\"><span class=\"td-post-date\"><time class=\"entry-date updated td-module-date\" datetime=\"2026-07-27T21:40:14+03:00\">27\/07\/2026<\/time><\/span><\/div>\n<\/div>\n<\/div>\n<\/div>\n<div class=\"td-block-span12\">\n<div class=\"td_module_6 td_module_wrap td-animation-stack\">\n<div class=\"td-module-thumb\"><a href=\"https:\/\/r3media.ro\/avioane-americane-bulgaria-energie-radev-sua\/\" rel=\"bookmark\" class=\"td-image-wrap \" title=\"Avioane americane la Bezmer, la schimb cu avantaje \u00een zona energetic\u0103 pentru Bulgaria: ce a ob\u021binut guvernul Radev de la SUA\"><img loading=\"lazy\" decoding=\"async\" class=\"entry-thumb\" src=\"https:\/\/r3media.ro\/wp-content\/uploads\/2026\/06\/rumen-radev-bulgaria-100x70.webp\" alt title=\"Avioane americane la Bezmer, la schimb cu avantaje \u00een zona energetic\u0103 pentru Bulgaria: ce a ob\u021binut guvernul Radev de la SUA\" width=\"100\" height=\"70\"><\/a><\/div>\n<div class=\"item-details\">\n<h3 class=\"entry-title td-module-title\"><a href=\"https:\/\/r3media.ro\/avioane-americane-bulgaria-energie-radev-sua\/\" rel=\"bookmark\" title=\"Avioane americane la Bezmer, la schimb cu avantaje \u00een zona energetic\u0103 pentru Bulgaria: ce a ob\u021binut guvernul Radev de la SUA\">Avioane americane la Bezmer, la schimb cu avantaje \u00een zona energetic\u0103&#8230;<\/a><\/h3>\n<div class=\"td-module-meta-info\"><span class=\"td-post-date\"><time class=\"entry-date updated td-module-date\" datetime=\"2026-07-27T21:38:24+03:00\">27\/07\/2026<\/time><\/span><\/div>\n<\/div>\n<\/div>\n<\/div>\n<div class=\"td-block-span12\">\n<div class=\"td_module_6 td_module_wrap td-animation-stack\">\n<div class=\"td-module-thumb\"><a href=\"https:\/\/r3media.ro\/28-iulie-sfintii-apostoli-si-diaconi-prohor-nicanor-timon-si-parmena-dintre-cei-70\/\" rel=\"bookmark\" class=\"td-image-wrap \" title=\"Calendarul zilei 28 iulie: Sfin\u021bii Apostoli \u0219i Diaconi Prohor, Nicanor, Timon \u0219i Parmena, dintre cei 70\"><img loading=\"lazy\" decoding=\"async\" class=\"entry-thumb\" src=\"https:\/\/r3media.ro\/wp-content\/uploads\/2023\/07\/sddefault-4-100x70.jpg\" alt title=\"Calendarul zilei 28 iulie: Sfin\u021bii Apostoli \u0219i Diaconi Prohor, Nicanor, Timon \u0219i Parmena, dintre cei 70\" width=\"100\" height=\"70\"><\/a><\/div>\n<div class=\"item-details\">\n<h3 class=\"entry-title td-module-title\"><a href=\"https:\/\/r3media.ro\/28-iulie-sfintii-apostoli-si-diaconi-prohor-nicanor-timon-si-parmena-dintre-cei-70\/\" rel=\"bookmark\" title=\"Calendarul zilei 28 iulie: Sfin\u021bii Apostoli \u0219i Diaconi Prohor, Nicanor, Timon \u0219i Parmena, dintre cei 70\">Calendarul zilei 28 iulie: Sfin\u021bii Apostoli \u0219i Diaconi Prohor, Nicanor, Timon&#8230;<\/a><\/h3>\n<div class=\"td-module-meta-info\"><span class=\"td-post-date\"><time class=\"entry-date updated td-module-date\" datetime=\"2026-07-27T21:33:31+03:00\">27\/07\/2026<\/time><\/span><\/div>\n<\/div>\n<\/div>\n<\/div>\n<div class=\"td-block-span12\">\n<div class=\"td_module_6 td_module_wrap td-animation-stack\">\n<div class=\"td-module-thumb\"><a href=\"https:\/\/r3media.ro\/iranul-respinge-orice-negociere-cu-statele-unite\/\" rel=\"bookmark\" class=\"td-image-wrap \" title=\"Iranul respinge orice negociere cu Statele Unite\"><img loading=\"lazy\" decoding=\"async\" class=\"entry-thumb\" src=\"https:\/\/r3media.ro\/wp-content\/uploads\/2026\/07\/steag-iran-100x70.jpg\" alt title=\"Iranul respinge orice negociere cu Statele Unite\" width=\"100\" height=\"70\"><\/a><\/div>\n<div class=\"item-details\">\n<h3 class=\"entry-title td-module-title\"><a href=\"https:\/\/r3media.ro\/iranul-respinge-orice-negociere-cu-statele-unite\/\" rel=\"bookmark\" title=\"Iranul respinge orice negociere cu Statele Unite\">Iranul respinge orice negociere cu Statele Unite<\/a><\/h3>\n<div class=\"td-module-meta-info\"><span class=\"td-post-date\"><time class=\"entry-date updated td-module-date\" datetime=\"2026-07-27T20:59:23+03:00\">27\/07\/2026<\/time><\/span><\/div>\n<\/div>\n<\/div>\n<\/div>\n<div class=\"td-block-span12\">\n<div class=\"td_module_6 td_module_wrap td-animation-stack\">\n<div class=\"td-module-thumb\"><a href=\"https:\/\/r3media.ro\/rusia-romania-drona-ambasador-moscova-porturi-dunare\/\" rel=\"bookmark\" class=\"td-image-wrap \" title=\"Rusia, avertizat\u0103 de Rom\u00e2nia dup\u0103 incidentele cu drona. Ambasadorul Moscovei acuz\u0103 Bucure\u0219tiul c\u0103 folose\u0219te porturile de la Dun\u0103re pentru a transporta arme \u00een Ucraina\"><img loading=\"lazy\" decoding=\"async\" class=\"entry-thumb\" src=\"https:\/\/r3media.ro\/wp-content\/uploads\/2024\/04\/vladimir-lipaev-mid-ru-100x70.jpg\" alt title=\"Rusia, avertizat\u0103 de Rom\u00e2nia dup\u0103 incidentele cu drona. Ambasadorul Moscovei acuz\u0103 Bucure\u0219tiul c\u0103 folose\u0219te porturile de la Dun\u0103re pentru a transporta arme \u00een Ucraina\" width=\"100\" height=\"70\"><\/a><\/div>\n<div class=\"item-details\">\n<h3 class=\"entry-title td-module-title\"><a href=\"https:\/\/r3media.ro\/rusia-romania-drona-ambasador-moscova-porturi-dunare\/\" rel=\"bookmark\" title=\"Rusia, avertizat\u0103 de Rom\u00e2nia dup\u0103 incidentele cu drona. Ambasadorul Moscovei acuz\u0103 Bucure\u0219tiul c\u0103 folose\u0219te porturile de la Dun\u0103re pentru a transporta arme \u00een Ucraina\">Rusia, avertizat\u0103 de Rom\u00e2nia dup\u0103 incidentele cu drona. Ambasadorul Moscovei acuz\u0103&#8230;<\/a><\/h3>\n<div class=\"td-module-meta-info\"><span class=\"td-post-date\"><time class=\"entry-date updated td-module-date\" datetime=\"2026-07-27T20:15:53+03:00\">27\/07\/2026<\/time><\/span><\/div>\n<\/div>\n<\/div>\n<\/div>\n<\/div>\n<\/div>\n<aside class=\"td_block_template_1 widget widget_recent_comments\">\n<h4 class=\"block-title\"><span>INTR\u0102 \u00ceN DISCU\u021aIE!<\/span><\/h4>\n<ul id=\"recentcomments\">\n<li class=\"recentcomments\"><span class=\"comment-author-link\">Nicu<\/span> la <a href=\"https:\/\/r3media.ro\/avioane-americane-bulgaria-energie-radev-sua\/#comment-40326\">Avioane americane la Bezmer, la schimb cu avantaje \u00een zona energetic\u0103 pentru Bulgaria: ce a ob\u021binut guvernul Radev de la SUA<\/a><\/li>\n<li class=\"recentcomments\"><span class=\"comment-author-link\">Constantin<\/span> la <a href=\"https:\/\/r3media.ro\/prima-oara-istorie-presedintia-document-primplan-patriotism-european\/#comment-40325\">Pentru prima oar\u0103 \u00een istorie, Pre\u0219edin\u021bia Rom\u00e2niei emite un document care pune pe primul plan o alt\u0103 entitate dec\u00e2t \u021bara noastr\u0103: patriotismul european<\/a><\/li>\n<li class=\"recentcomments\"><span class=\"comment-author-link\">Constantin<\/span> la <a href=\"https:\/\/r3media.ro\/statul-roman-a-semnat-actul-propriei-disparitii\/#comment-40324\">Statul rom\u00e2n a semnat actul propriei dispari\u021bii?<\/a><\/li>\n<li class=\"recentcomments\"><span class=\"comment-author-link\">Nicu<\/span> la <a href=\"https:\/\/r3media.ro\/statul-roman-a-semnat-actul-propriei-disparitii\/#comment-40323\">Statul rom\u00e2n a semnat actul propriei dispari\u021bii?<\/a><\/li>\n<li class=\"recentcomments\"><span class=\"comment-author-link\">Nicu<\/span> la <a href=\"https:\/\/r3media.ro\/dan-dungaciu-patriotism-european-natiunea-identitatea-europeana\/#comment-40322\">Prof. Dan Dungaciu despre raportul privind \u201epatriotismul european\u201d emis de la Cotroceni: Dac\u0103 na\u021biunea e un construct, atunci \u201eidentitatea european\u0103\u201d ce este?<\/a><\/li>\n<li class=\"recentcomments\"><span class=\"comment-author-link\">boiu<\/span> la <a href=\"https:\/\/r3media.ro\/rusia-romania-drona-ambasador-moscova-porturi-dunare\/#comment-40321\">Rusia, avertizat\u0103 de Rom\u00e2nia dup\u0103 incidentele cu drona. Ambasadorul Moscovei acuz\u0103 Bucure\u0219tiul c\u0103 folose\u0219te porturile de la Dun\u0103re pentru a transporta arme \u00een Ucraina<\/a><\/li>\n<li class=\"recentcomments\"><span class=\"comment-author-link\">panda<\/span> la <a href=\"https:\/\/r3media.ro\/urs-sibiu\/#comment-40320\">Un urs a fost v\u0103zut pe unul dintre cele mai circulate bulevarde din Sibiu<\/a><\/li>\n<\/ul>\n<\/aside>\n<aside class=\"td_block_template_1 widget widget_search\">\n<h4 class=\"block-title\"><span>CAUT\u0102 \u0218I VEI G\u0102SI<\/span><\/h4>\n<\/aside>\n<\/div>\n<\/div>\n<\/div>\n<\/div>\n<\/div>\n<\/div>\n<\/div>\n<p><span class=\"td-page-meta\"><\/span><span class=\"td-page-meta\"><span class=\"td-page-meta\"><\/span><\/span><span class=\"td-page-meta\"><\/span><\/article>\n<\/p>\n<div class=\"td_block_wrap tdb_single_content tdi_18 td-pb-border-top td_block_template_1 td-post-content tagdiv-type\" data-td-block-uid=\"tdi_18\">\n<div class=\"tdb-block-inner td-fix-index\">\n<p><strong>\u201ePentru prima dat\u0103 adie un aer de r\u0103zboi\u201d, a scris Cornel Nistorescu \u00een <a href=\"https:\/\/www.cotidianul.ro\/dronele-romanesti-de-neinvins\/\" target=\"_blank\" rel=\"noopener\">Cotidianul<\/a>.<\/strong><\/p>\n<p>Jurnalistul a comentat, astfel, <a href=\"https:\/\/r3media.ro\/rusia-romania-drona-ambasador-moscova-porturi-dunare\/\" target=\"_blank\" rel=\"noopener\">incidentele cu drone dobor\u00e2te<\/a> pe teritoriul Rom\u00e2niei \u00een ultimul timp.<\/p>\n<p>Experimentatul ziarist s-a \u00eentrebat de ce dronele ucrainene nu au st\u00e2rnit \u201eat\u00e2ta t\u0103r\u0103boi\u201d, afirm\u00e2nd c\u0103 \u201earat\u0103 ca o cre\u0219tere programat\u0103 de tensiune\u201d.<\/p>\n<p>\u201eDronele dobor\u00eete \u00een ultimele zile au m\u0103rit tensiunile cu ajutorul micului ecran \u0219i al propagandi\u0219tilor.<\/p>\n<p>Pentru prima dat\u0103 adie un aer de r\u0103zboi. Parc\u0103 \u00eenmul\u021birea dronelor ar m\u0103ri miza \u0219i pericolul. Poate fi un mesaj, un joc sau chiar un \u00eenceput de r\u0103zboi. De mirare doar c\u0103 dronele ucrainene nu au st\u00eernit at\u00eeta t\u0103r\u0103boi. Unele ne-au survolat doar cu b\u00eez\u00eeituri, altele cu alarme sau cu aplauze.<\/p>\n<p>Acum arat\u0103 ca o cre\u0219tere programat\u0103 de tensiune care ne-a prins cu pantalonii \u00een vine.<\/p>\n<p>MINISTRUL DE R\u0102ZBOI este \u00een vacan\u0163\u0103, \u0219eful Marelui Stat Major este contestat, iar pre\u0219edintele se fug\u0103re\u0219te cu primul-ministru. Cele dou\u0103 armate din propagand\u0103, ro\u0219ii \u0219i progresi\u0219tii, se chinuie s\u0103 scoat\u0103 un vinovat.<\/p>\n<p>Mesajele lor sunt eliminatorii. S\u0103 moar\u0103 PSD sau S\u0103 crape USR \u0219i liberalii revopsi\u0163i!<\/p>\n<p>Lumea \u00eenc\u0103 \u00ee\u0219i vede de treab\u0103 \u0219i cei mai mul\u021bi nu se tem dec\u00eet de cei care ne conduc. Prostia, ambi\u021biile \u0219i nepriceperea lor sunt dronele cele mai periculoase care zboar\u0103 zilnic pe deasupra \u021b\u0103rii noastre. \u0218i nu cad nici de-ale dracului\u201d, a remarcat Cornel Nistorescu.<\/p>\n<div class=\"crp_related     crp-masonry\">\n<h2>\u00ceN CONTEXT<\/h2>\n<ul>\n<li><a href=\"https:\/\/r3media.ro\/cornel-nistorescu-a-analizat-prezenta-lui-nicusor-dan-la-consiliul-pentru-pace-n-a-fost-rau\/\" class=\"crp_link post-115292\"><span class=\"crp_title\">Cornel Nistorescu a analizat prezen\u021ba lui Nicu\u0219or Dan la Consiliul pentru Pace: N-a fost r\u0103u!<\/span><\/a><\/li>\n<li><a href=\"https:\/\/r3media.ro\/cornel-nistorescu-eugen-tomac-conducator\/\" class=\"crp_link post-117983\"><span class=\"crp_title\">Cornel Nistorescu: Experien\u021ba lui Tomac \u00een materie de conduc\u0103tor este nul\u0103. N-a condus dec\u00eet\u2026<\/span><\/a><\/li>\n<li><a href=\"https:\/\/r3media.ro\/cornel-nistorescu-demeter-andras\/\" class=\"crp_link post-117071\"><span class=\"crp_title\">Cornel Nistorescu despre cazul Demeter Andras: Ne r\u0103zbun\u0103m pe un actor care, culmea, \u0219i-a\u2026<\/span><\/a><\/li>\n<li><a href=\"https:\/\/r3media.ro\/cornel-nistorescu-program-radacini-pnl-sorosism-progresism\/\" class=\"crp_link post-118763\"><span class=\"crp_title\">Cornel Nistorescu: Care este noul program cu \u201er\u0103d\u0103cini\u201d al PNL? Cu r\u0103d\u0103cini \u00een sorosism \u0219i\u2026<\/span><\/a><\/li>\n<li><a href=\"https:\/\/r3media.ro\/cornel-nistorescusiegfried-muresan-premier-presiunile-germane-romania\/\" class=\"crp_link post-119159\"><span class=\"crp_title\">Cornel Nistorescu dup\u0103 propunerea lui Siegfried Mure\u0219an ca premier: Cresc presiunile germane\u2026<\/span><\/a><\/li>\n<li><a href=\"https:\/\/r3media.ro\/cornel-nistorescu-oengistii-temere-fonduri\/\" class=\"crp_link post-116754\"><span class=\"crp_title\">Cornel Nistorescu: Oengi\u0219tii no\u0219tri patrio\u021bi cu g\u00eendire de import se tem de moarte s\u0103 afl\u0103m\u2026<\/span><\/a><\/li>\n<li><a href=\"https:\/\/r3media.ro\/cornel-nistorescu-aberatia-extremism-aur\/\" class=\"crp_link post-118601\"><span class=\"crp_title\">Cornel Nistorescu: Se clatin\u0103 abera\u021bia cu \u201eextremismul\u201d pompat\u0103 pe seama AUR<\/span><\/a><\/li>\n<li><a href=\"https:\/\/r3media.ro\/cornel-nistorescu-vestea-proiect-nicusor-dan-partid-prezidential\/\" class=\"crp_link post-118411\"><span class=\"crp_title\">Cornel Nistorescu: Desemnarea lui Ve\u0219tea face parte din proiectul lui Nicu\u0219or Dan de a pune\u2026<\/span><\/a><\/li>\n<\/ul>\n<\/div>\n<\/div>\n<\/div>\n<p>[analyse_source url=&#8221;https:\/\/r3media.ro\/cornel-nistorescu-drone-razboi-ucraina\/&#8221;]<\/p>\n","protected":false},"excerpt":{"rendered":"<p>[analyse_image type=&#8221;featured&#8221; src=&#8221;https:\/\/r3media.ro\/wp-content\/uploads\/2026\/07\/drona-buzau-agerpres-e1785223304948.jpghttps:\/\/r3media.ro\/wp-content\/uploads\/2026\/07\/drona-buzau-agerpres-e1785223304948.jpg&#8221;] FEATUREDCornel Nistorescu, dup\u0103 incidentele cu drone: Adie a aer de r\u0103zboi. De&#8230; FEATURED\u0218TIRI Cornel Nistorescu, dup\u0103 incidentele cu drone: Adie a aer de r\u0103zboi. De mirare c\u0103 dronele ucrainene nu au st\u00e2rnit at\u00e2ta t\u0103r\u0103boi Radu Ursan 28\/07\/2026 Sursa foto: Agerpres \u201ePentru prima dat\u0103 adie un aer de r\u0103zboi\u201d, a scris Cornel Nistorescu [&hellip;]<\/p>\n","protected":false},"author":1,"featured_media":0,"comment_status":"open","ping_status":"","sticky":false,"template":"","format":"standard","meta":{"footnotes":""},"categories":[89],"tags":[226,93],"class_list":["post-2065048","post","type-post","status-publish","format-standard","hentry","category-romania","tag-crawlmanager","tag-r3media-ro"],"_links":{"self":[{"href":"https:\/\/analyse.optim.biz\/index.php?rest_route=\/wp\/v2\/posts\/2065048","targetHints":{"allow":["GET"]}}],"collection":[{"href":"https:\/\/analyse.optim.biz\/index.php?rest_route=\/wp\/v2\/posts"}],"about":[{"href":"https:\/\/analyse.optim.biz\/index.php?rest_route=\/wp\/v2\/types\/post"}],"author":[{"embeddable":true,"href":"https:\/\/analyse.optim.biz\/index.php?rest_route=\/wp\/v2\/users\/1"}],"replies":[{"embeddable":true,"href":"https:\/\/analyse.optim.biz\/index.php?rest_route=%2Fwp%2Fv2%2Fcomments&post=2065048"}],"version-history":[{"count":0,"href":"https:\/\/analyse.optim.biz\/index.php?rest_route=\/wp\/v2\/posts\/2065048\/revisions"}],"wp:attachment":[{"href":"https:\/\/analyse.optim.biz\/index.php?rest_route=%2Fwp%2Fv2%2Fmedia&parent=2065048"}],"wp:term":[{"taxonomy":"category","embeddable":true,"href":"https:\/\/analyse.optim.biz\/index.php?rest_route=%2Fwp%2Fv2%2Fcategories&post=2065048"},{"taxonomy":"post_tag","embeddable":true,"href":"https:\/\/analyse.optim.biz\/index.php?rest_route=%2Fwp%2Fv2%2Ftags&post=2065048"}],"curies":[{"name":"wp","href":"https:\/\/api.w.org\/{rel}","templated":true}]}}