{"id":2065046,"date":"2026-07-28T06:52:36","date_gmt":"2026-07-28T03:52:36","guid":{"rendered":"https:\/\/analyse.optim.biz\/?p=2065046"},"modified":"2026-07-28T06:52:36","modified_gmt":"2026-07-28T03:52:36","slug":"greva-generala-in-sanatate-sute-de-spitale-functioneaza-de-marti-doar-cu-urgente","status":"publish","type":"post","link":"https:\/\/analyse.optim.biz\/?p=2065046","title":{"rendered":"Grev\u0103 general\u0103 \u00een S\u0103n\u0103tate: sute de spitale func\u021bioneaz\u0103 de mar\u021bi doar cu urgen\u021be"},"content":{"rendered":"<p>[analyse_image type=&#8221;featured&#8221; src=&#8221;https:\/\/r3media.ro\/wp-content\/uploads\/2021\/09\/federatia-sanitas-e1632815997707.jpghttps:\/\/r3media.ro\/wp-content\/uploads\/2021\/09\/federatia-sanitas-e1632815997707.jpg&#8221;]<\/p>\n<article id=\"template-id-109\" class=\"post-109 tdb_templates type-tdb_templates status-publish post\">\n<div id=\"tdi_2\" class=\"tdc-zone\">\n<div class=\"tdc_zone tdi_3  wpb_row td-pb-row\">\n<div id=\"tdi_4\" class=\"tdc-row\">\n<div class=\"vc_row tdi_5  wpb_row td-pb-row\">\n<div class=\"vc_column tdi_7  wpb_column vc_column_container tdc-column td-pb-span8\">\n<div class=\"wpb_wrapper\">\n<div class=\"td_block_wrap tdb_breadcrumbs tdi_8 td-pb-border-top td_block_template_1 tdb-breadcrumbs \" data-td-block-uid=\"tdi_8\">\n<div class=\"tdb-block-inner td-fix-index\"><span><a title=\"Vede\u021bi toate articolele \u00een PRIM PLAN\" class=\"tdb-entry-crumb\" href=\"https:\/\/r3media.ro\/category\/stiri-prim-plan\/\">PRIM PLAN<\/a><\/span><span class=\"tdb-bred-no-url-last\">Grev\u0103 general\u0103 \u00een S\u0103n\u0103tate: sute de spitale func\u021bioneaz\u0103 de mar\u021bi doar cu&#8230;<\/span><\/div>\n<\/div>\n<div class=\"td_block_wrap tdb_single_categories tdi_9 td-pb-border-top td_block_template_1 \" data-td-block-uid=\"tdi_9\">\n<div class=\"tdb-category td-fix-index\"><a class=\"tdb-entry-category\" href=\"https:\/\/r3media.ro\/category\/stiri-prim-plan\/\">PRIM PLAN<\/a><a class=\"tdb-entry-category\" href=\"https:\/\/r3media.ro\/category\/stiri\/\">\u0218TIRI<\/a><\/div>\n<\/div>\n<div class=\"td_block_wrap tdb_title tdi_10 tdb-single-title td-pb-border-top td_block_template_1\" data-td-block-uid=\"tdi_10\">\n<div class=\"tdb-block-inner td-fix-index\">\n<h1 class=\"tdb-title-text\">Grev\u0103 general\u0103 \u00een S\u0103n\u0103tate: sute de spitale func\u021bioneaz\u0103 de mar\u021bi doar cu urgen\u021be<\/h1>\n<\/div>\n<\/div>\n<div class=\"vc_row_inner tdi_12  vc_row vc_inner wpb_row td-pb-row\">\n<div class=\"vc_column_inner tdi_14  wpb_column vc_column_container tdc-inner-column td-pb-span12\">\n<div class=\"vc_column-inner\">\n<div class=\"wpb_wrapper\">\n<div class=\"td_block_wrap tdb_single_author tdi_15 td-pb-border-top td_block_template_1 tdb-post-meta\" data-td-block-uid=\"tdi_15\">\n<div class=\"tdb-block-inner td-fix-index\">\n<div class=\"tdb-author-name-wrap\"><a class=\"tdb-author-name\" href=\"https:\/\/r3media.ro\/author\/redactia\/\">Redac\u021bia<\/a><\/div>\n<\/div>\n<\/div>\n<div class=\"td_block_wrap tdb_single_date tdi_16 td-pb-border-top td_block_template_1 tdb-post-meta\" data-td-block-uid=\"tdi_16\">\n<div class=\"tdb-block-inner td-fix-index\"><time class=\"entry-date updated td-module-date\" datetime=\"2026-07-28T09:52:36+03:00\">28\/07\/2026<\/time><\/div>\n<\/div>\n<\/div>\n<\/div>\n<\/div>\n<\/div>\n<div class=\"td_block_wrap tdb_single_content tdi_18 td-pb-border-top td_block_template_1 td-post-content tagdiv-type\" data-td-block-uid=\"tdi_18\">\n<div class=\"tdb-block-inner td-fix-index\">\n<p><strong>Sistemul public de s\u0103n\u0103tate din Rom\u00e2nia a intrat mar\u021bi, 28 iulie 2026, \u00eentr-o grev\u0103 general\u0103 pe termen nelimitat, declan\u0219at\u0103 de Federa\u021bia SANITAS, scrie <a href=\"https:\/\/www.news.ro\/social\/sanatate\/greva-generala-sanatate-sindicalistii-sanitas-au-declansat-conflictul-nemultumiti-legea-salarizarii-lipsa-dialogului-social-peste-500-spitale-vor-asigura-asistenta-medicala-serviciile-esentiale-1922400028002026070622548524\" target=\"_blank\" rel=\"noopener\">News.ro<\/a>.<\/strong><\/p>\n<p><a href=\"https:\/\/r3media.ro\/tag\/sanitas\/\" target=\"_blank\" rel=\"noopener\">SANITAS<\/a> este cea mai mare organiza\u021bie sindical\u0103 din s\u0103n\u0103tate, reprezent\u00e2nd aproape 100.000 de angaja\u021bi din s\u0103n\u0103tate \u0219i asisten\u021b\u0103 social\u0103, iar protestul afecteaz\u0103, practic, toate unit\u0103\u021bile sanitare din \u021bar\u0103.<\/p>\n<p>Potrivit sindicali\u0219tilor, protestul va afecta activitatea din aproximativ 400 de spitale publice din \u00eentreaga \u021bar\u0103.<\/p>\n<p>Angaja\u021bii din s\u0103n\u0103tate protesteaz\u0103 \u00eempotriva noii legi a salariz\u0103rii \u0219i solicit\u0103 deblocarea urgent\u0103 a angaj\u0103rilor \u00een spitale.<\/p>\n<p>Greva nu \u00eenseamn\u0103 \u00eenchiderea spitalelor. Conform prevederilor legale aplicabile \u00een timpul grevei, unit\u0103\u021bile sanitare vor asigura doar o treime din activitatea normal\u0103.<\/p>\n<p>Vor fi tratate urgen\u021bele medicale majore, cazurile care nu pot fi am\u00e2nate \u0219i interven\u021biile chirurgicale de urgen\u021b\u0103.<\/p>\n<p>Urgen\u021bele medicale r\u0103m\u00e2n asigurate \u00een toate unit\u0103\u021bile sanitare, inclusiv terapiile intensive, dializa \u0219i oncologia. \u00cen schimb, consulta\u021biile \u0219i opera\u021biile programate care pot fi reprogramate nu vor fi efectuate \u00een perioada protestului.<\/p>\n<p>Pacien\u021bii cu program\u0103ri \u00een aceast\u0103 perioad\u0103 sunt sf\u0103tui\u021bi s\u0103 contacteze unit\u0103\u021bile sanitare pentru a verifica disponibilitatea serviciilor.<\/p>\n<h2>Care sunt revendic\u0103rile<\/h2>\n<p>Nemul\u021bumirile vizeaz\u0103 un set de m\u0103suri guvernamentale recente.<\/p>\n<p>Printre revendic\u0103ri se num\u0103r\u0103, \u00een privin\u021ba legii salariz\u0103rii, stabilirea unor coeficien\u021bi de salarizare corespunz\u0103tori pentru personalul din s\u0103n\u0103tate, men\u021binerea sporului de tur\u0103 la 15%, men\u021binerea sporului de 100% pentru munc\u0103 \u00een weekend \u0219i s\u0103rb\u0103tori legale \u0219i reintroducerea sporului pentru condi\u021bii de munc\u0103. Sindicali\u0219tii cer \u0219i deblocarea angaj\u0103rilor, \u00een contextul unui deficit sever de personal.<\/p>\n<p>\u201eAvem un deficit de personal groaznic, aproape 25 de mii de posturi, din toate categoriile profesionale\u201d, a declarat pentru Agerpres Romeo Sandu, vicepre\u0219edintele Federa\u021biei SANITAS.<\/p>\n<p>Decizia a fost adoptat\u0103 \u00eenc\u0103 din 7 iulie 2026, \u00een cadrul unei sesiuni extraordinare a Consiliului Na\u021bional al Federa\u021biei SANITAS, dup\u0103 ce Guvernul nu a r\u0103spuns notific\u0103rii transmise de federa\u021bie.<\/p>\n<p>Protestul a fost precedat de o grev\u0103 de avertisment, desf\u0103\u0219urat\u0103 la nivel na\u021bional pe 20 iulie 2026, \u00eentre orele 9:00 \u0219i 11:00, \u00een cadrul c\u0103reia angaja\u021bii din sute de spitale au \u00eentrerupt temporar intern\u0103rile \u0219i opera\u021biile programate, men\u021bin\u00e2nd doar urgen\u021bele.<\/p>\n<h2>Presiuni asupra angaja\u021bilor<\/h2>\n<p>Cu o zi \u00eenainte de declan\u0219are, federa\u021bia a reclamat presiuni asupra angaja\u021bilor.<\/p>\n<p>SANITAS a primit informa\u021bii din mai multe spitale privind solicitarea unor liste cu numele salaria\u021bilor care au semnat pentru participarea la grev\u0103, \u00een vederea suspend\u0103rii contractelor individuale de munc\u0103 ale acestora.<\/p>\n<p>Sindicatul a calificat aceste demersuri drept intimidare, subliniind c\u0103 semnarea pentru declan\u0219area grevei nu echivaleaz\u0103 cu participarea efectiv\u0103 la aceasta \u0219i nu justific\u0103 suspendarea anticipat\u0103 a contractului individual de munc\u0103.<\/p>\n<p>\u00cen sus\u021binerea pozi\u021biei, federa\u021bia a invocat dispozi\u021biile Legii dialogului social nr. 367\/2022 \u0219i Decizia nr. 5 din 5 mai 2025 a \u00cenaltei Cur\u021bi de Casa\u021bie \u0219i Justi\u021bie.<\/p>\n<p>Protestul din s\u0103n\u0103tate a generat \u0219i ac\u021biuni de solidaritate: mar\u021bi are loc o grev\u0103 \u0219i \u00een ANAF, Vam\u0103 \u0219i Ministerul Finan\u021belor, func\u021bionarii solidariz\u00e2ndu-se cu protestul din s\u0103n\u0103tate.<\/p>\n<div class=\"crp_related     crp-masonry\">\n<h2>\u00ceN CONTEXT<\/h2>\n<ul>\n<li><a href=\"https:\/\/r3media.ro\/jurnalist-imprumut-safe-autostrazi-moldova-ucraina-spitale-neterminate\/\" class=\"crp_link post-116968\"><span class=\"crp_title\">Jurnalist: Vor s\u0103 ne \u00eemprumut\u0103m prin SAFE pentru autostr\u0103zile spre Moldova \u0219i Ucraina, dar\u2026<\/span><\/a><\/li>\n<li><a href=\"https:\/\/r3media.ro\/ancheta-dsu-raed-arafat\/\" class=\"crp_link post-115652\"><span class=\"crp_title\">Anchet\u0103 de amploare la DSU: Medicin\u0103 \u201epe h\u00e2rtie\u201d \u0219i telefoane ridicate, inclusiv cel al lui\u2026<\/span><\/a><\/li>\n<li><a href=\"https:\/\/r3media.ro\/kafka-asigurarilor-de-sanatate\/\" class=\"crp_link post-112063\"><span class=\"crp_title\">Kafka asigur\u0103rilor de s\u0103n\u0103tate<\/span><\/a><\/li>\n<li><a href=\"https:\/\/r3media.ro\/patriarhia-romana-colaborare-institutul-matei-bals\/\" class=\"crp_link post-116534\"><span class=\"crp_title\">Patriarhia Rom\u00e2n\u0103 a semnat un protocol de colaborare cu Institutul de Boli Infec\u021bioase \u201eMatei Bal\u0219\u201d<\/span><\/a><\/li>\n<\/ul>\n<\/div>\n<\/div>\n<\/div>\n<div class=\"td_block_wrap tdb_single_tags tdi_19 td-pb-border-top td_block_template_1\" data-td-block-uid=\"tdi_19\">\n<div class=\"tdb-block-inner td-fix-index\">\n<ul class=\"tdb-tags\">\n<li><span>SUBIECTE FIERBIN\u021aI<\/span><\/li>\n<li><a href=\"https:\/\/r3media.ro\/tag\/ministerul-sanatatii-romania\/\">ministerul s\u0103n\u0103t\u0103tii romania<\/a><\/li>\n<li><a href=\"https:\/\/r3media.ro\/tag\/sanitas\/\">sanitas<\/a><\/li>\n<li><a href=\"https:\/\/r3media.ro\/tag\/sistemul-medical\/\">sistemul medical<\/a><\/li>\n<li><a href=\"https:\/\/r3media.ro\/tag\/solidaritatea-sanitara\/\">solidaritatea sanitara<\/a><\/li>\n<\/ul>\n<\/div>\n<\/div>\n<div class=\"td_block_wrap td_block_9 tdi_20 td_with_ajax_pagination td-pb-border-top td_block_template_1 td-column-2 td_block_padding td_block_bot_line\" data-td-block-uid=\"tdi_20\">\n<div class=\"td-block-title-wrap\">\n<h4 class=\"block-title td-block-title\"><span class=\"td-pulldown-size\">CITE\u0218TE MAI MULT<\/span><\/h4>\n<\/div>\n<div id=\"tdi_20\" class=\"td_block_inner\">\n<div class=\"td-block-row\">\n<div class=\"td-block-span6\">\n<div class=\"td_module_8 td_module_wrap\">\n<div class=\"item-details\">\n<h3 class=\"entry-title td-module-title\"><a href=\"https:\/\/r3media.ro\/prima-oara-istorie-presedintia-document-primplan-patriotism-european\/\" rel=\"bookmark\" title=\"Pentru prima oar\u0103 \u00een istorie, Pre\u0219edin\u021bia Rom\u00e2niei emite un document care pune pe primul plan o alt\u0103 entitate dec\u00e2t \u021bara noastr\u0103: patriotismul european\">Pentru prima oar\u0103 \u00een istorie, Pre\u0219edin\u021bia Rom\u00e2niei emite un document care pune pe primul&#8230;<\/a><\/h3>\n<div class=\"td-module-meta-info\"><a href=\"https:\/\/r3media.ro\/category\/actualitate\/\" class=\"td-post-category\">ACTUALITATE<\/a><span class=\"td-post-author-name\"><a href=\"https:\/\/r3media.ro\/author\/teodor_stan\/\">Teodor Stan<\/a><span>&#8211;<\/span><\/span><span class=\"td-post-date\"><time class=\"entry-date updated td-module-date\" datetime=\"2026-07-26T11:44:31+03:00\">26\/07\/2026<\/time><\/span><\/div>\n<\/div>\n<\/div>\n<\/div>\n<div class=\"td-block-span6\">\n<div class=\"td_module_8 td_module_wrap\">\n<div class=\"item-details\">\n<h3 class=\"entry-title td-module-title\"><a href=\"https:\/\/r3media.ro\/bnr-recomanda-romani-rezerve-de-cash-atacuri-cibernetice-numerar-relevant-criza\/\" rel=\"bookmark\" title=\"BNR le recomand\u0103 rom\u00e2nilor s\u0103 p\u0103streze rezerve de cash: Numerarul se poate dovedi relevant \u00een criz\u0103\">BNR le recomand\u0103 rom\u00e2nilor s\u0103 p\u0103streze rezerve de cash: Numerarul se poate dovedi relevant&#8230;<\/a><\/h3>\n<div class=\"td-module-meta-info\"><a href=\"https:\/\/r3media.ro\/category\/stiri-prim-plan\/\" class=\"td-post-category\">PRIM PLAN<\/a><span class=\"td-post-author-name\"><a href=\"https:\/\/r3media.ro\/author\/oana\/\">Oana Ivan<\/a><span>&#8211;<\/span><\/span><span class=\"td-post-date\"><time class=\"entry-date updated td-module-date\" datetime=\"2026-07-27T13:11:47+03:00\">27\/07\/2026<\/time><\/span><\/div>\n<\/div>\n<\/div>\n<\/div>\n<\/div>\n<div class=\"td-block-row\">\n<div class=\"td-block-span6\">\n<div class=\"td_module_8 td_module_wrap\">\n<div class=\"item-details\">\n<h3 class=\"entry-title td-module-title\"><a href=\"https:\/\/r3media.ro\/statul-roman-a-semnat-actul-propriei-disparitii\/\" rel=\"bookmark\" title=\"Statul rom\u00e2n a semnat actul propriei dispari\u021bii?\">Statul rom\u00e2n a semnat actul propriei dispari\u021bii?<\/a><\/h3>\n<div class=\"td-module-meta-info\"><a href=\"https:\/\/r3media.ro\/category\/featured\/\" class=\"td-post-category\">FEATURED<\/a><span class=\"td-post-author-name\"><a href=\"https:\/\/r3media.ro\/author\/gabipopa\/\">Gabriel Popa<\/a><span>&#8211;<\/span><\/span><span class=\"td-post-date\"><time class=\"entry-date updated td-module-date\" datetime=\"2026-07-27T15:07:05+03:00\">27\/07\/2026<\/time><\/span><\/div>\n<\/div>\n<\/div>\n<\/div>\n<div class=\"td-block-span6\">\n<div class=\"td_module_8 td_module_wrap\">\n<div class=\"item-details\">\n<h3 class=\"entry-title td-module-title\"><a href=\"https:\/\/r3media.ro\/film-nou-stapanul-inelelor-corect-politic-regizor-andy-serkis-diversitate-tolkien-mitologie-nordica\/\" rel=\"bookmark\" title=\"Noul film \u201eSt\u0103p\u00e2nul Inelelor\u201d nu va fi corect politic. Regizorul Andy Serkis: J.R.R. Tolkien a fost influen\u021bat de mitologia nordic\u0103. Nu vrem o distribu\u021bie de dragul de a bifa c\u0103su\u021be\">Noul film \u201eSt\u0103p\u00e2nul Inelelor\u201d nu va fi corect politic. Regizorul Andy Serkis: J.R.R. Tolkien&#8230;<\/a><\/h3>\n<div class=\"td-module-meta-info\"><a href=\"https:\/\/r3media.ro\/category\/actualitate\/\" class=\"td-post-category\">ACTUALITATE<\/a><span class=\"td-post-author-name\"><a href=\"https:\/\/r3media.ro\/author\/oana\/\">Oana Ivan<\/a><span>&#8211;<\/span><\/span><span class=\"td-post-date\"><time class=\"entry-date updated td-module-date\" datetime=\"2026-07-26T15:49:31+03:00\">26\/07\/2026<\/time><\/span><\/div>\n<\/div>\n<\/div>\n<\/div>\n<\/div>\n<div class=\"td-block-row\">\n<div class=\"td-block-span6\">\n<div class=\"td_module_8 td_module_wrap\">\n<div class=\"item-details\">\n<h3 class=\"entry-title td-module-title\"><a href=\"https:\/\/r3media.ro\/dictatura-forma-suprema-a-democratiei\/\" rel=\"bookmark\" title=\"Dictatura \u2013 forma suprem\u0103 a democra\u021biei\">Dictatura \u2013 forma suprem\u0103 a democra\u021biei<\/a><\/h3>\n<div class=\"td-module-meta-info\"><a href=\"https:\/\/r3media.ro\/category\/opinii\/\" class=\"td-post-category\">OPINII<\/a><span class=\"td-post-author-name\"><a href=\"https:\/\/r3media.ro\/author\/tru\/\">TRU (Traian Ungureanu)<\/a><span>&#8211;<\/span><\/span><span class=\"td-post-date\"><time class=\"entry-date updated td-module-date\" datetime=\"2026-07-25T16:43:11+03:00\">25\/07\/2026<\/time><\/span><\/div>\n<\/div>\n<\/div>\n<\/div>\n<div class=\"td-block-span6\">\n<div class=\"td_module_8 td_module_wrap\">\n<div class=\"item-details\">\n<h3 class=\"entry-title td-module-title\"><a href=\"https:\/\/r3media.ro\/marea-britanie-apa-inteligenta-artificiala-romania-centru-ai-restrictii-consum-apa\/\" rel=\"bookmark\" title=\"Marea Britanie nu mai are suficient\u0103 ap\u0103 pentru Inteligen\u021ba Artificial\u0103, dar Rom\u00e2nia vrea s\u0103 g\u0103zduiasc\u0103 un centru AI care consum\u0103 c\u00e2t sute de mii de oameni \u0219i impune restric\u021bii la consumul de ap\u0103 al popula\u021biei\">Marea Britanie nu mai are suficient\u0103 ap\u0103 pentru Inteligen\u021ba Artificial\u0103, dar Rom\u00e2nia vrea s\u0103&#8230;<\/a><\/h3>\n<div class=\"td-module-meta-info\"><a href=\"https:\/\/r3media.ro\/category\/actualitate\/\" class=\"td-post-category\">ACTUALITATE<\/a><span class=\"td-post-author-name\"><a href=\"https:\/\/r3media.ro\/author\/radu_ursan\/\">Radu Ursan<\/a><span>&#8211;<\/span><\/span><span class=\"td-post-date\"><time class=\"entry-date updated td-module-date\" datetime=\"2026-07-23T11:44:13+03:00\">23\/07\/2026<\/time><\/span><\/div>\n<\/div>\n<\/div>\n<\/div>\n<\/div>\n<div class=\"td-block-row\">\n<div class=\"td-block-span6\">\n<div class=\"td_module_8 td_module_wrap\">\n<div class=\"item-details\">\n<h3 class=\"entry-title td-module-title\"><a href=\"https:\/\/r3media.ro\/campion-olimpic-olaf-tufte-mort-subit-50-ani\/\" rel=\"bookmark\" title=\"Campionul olimpic Olaf Tufte a murit subit la 50 de ani\">Campionul olimpic Olaf Tufte a murit subit la 50 de ani<\/a><\/h3>\n<div class=\"td-module-meta-info\"><a href=\"https:\/\/r3media.ro\/category\/actualitate\/\" class=\"td-post-category\">ACTUALITATE<\/a><span class=\"td-post-author-name\"><a href=\"https:\/\/r3media.ro\/author\/oana\/\">Oana Ivan<\/a><span>&#8211;<\/span><\/span><span class=\"td-post-date\"><time class=\"entry-date updated td-module-date\" datetime=\"2026-07-22T12:11:02+03:00\">22\/07\/2026<\/time><\/span><\/div>\n<\/div>\n<\/div>\n<\/div>\n<div class=\"td-block-span6\">\n<div class=\"td_module_8 td_module_wrap\">\n<div class=\"item-details\">\n<h3 class=\"entry-title td-module-title\"><a href=\"https:\/\/r3media.ro\/explozie-incendiu-fabrica-kronospan-brasov-video\/\" rel=\"bookmark\" title=\"VIDEO | Explozie urmat\u0103 de un incendiu la fabrica Kronospan din Bra\u0219ov. \u00cen timp ce pompierii \u00eencercau s\u0103 sting\u0103 focul s-a produs o alt\u0103 explozie\">VIDEO | Explozie urmat\u0103 de un incendiu la fabrica Kronospan din Bra\u0219ov. \u00cen timp&#8230;<\/a><\/h3>\n<div class=\"td-module-meta-info\"><a href=\"https:\/\/r3media.ro\/category\/actualitate\/\" class=\"td-post-category\">ACTUALITATE<\/a><span class=\"td-post-author-name\"><a href=\"https:\/\/r3media.ro\/author\/oana\/\">Oana Ivan<\/a><span>&#8211;<\/span><\/span><span class=\"td-post-date\"><time class=\"entry-date updated td-module-date\" datetime=\"2026-07-22T10:01:28+03:00\">22\/07\/2026<\/time><\/span><\/div>\n<\/div>\n<\/div>\n<\/div>\n<\/div>\n<div class=\"td-block-row\">\n<div class=\"td-block-span6\">\n<div class=\"td_module_8 td_module_wrap\">\n<div class=\"item-details\">\n<h3 class=\"entry-title td-module-title\"><a href=\"https:\/\/r3media.ro\/asa-incepe-compania-openai-afirma-un-model-de-inteligenta-artificiala-a-atacat-din-proprie-initiativa-sistemele-unei-alte-companii\/\" rel=\"bookmark\" title=\"A\u0219a \u00eencepe? Compania OpenAI afirm\u0103 un model de inteligen\u021b\u0103 artificial\u0103 a ATACAT din proprie ini\u021biativ\u0103 sistemele unei alte companii\">A\u0219a \u00eencepe? Compania OpenAI afirm\u0103 un model de inteligen\u021b\u0103 artificial\u0103 a ATACAT din proprie&#8230;<\/a><\/h3>\n<div class=\"td-module-meta-info\"><a href=\"https:\/\/r3media.ro\/category\/actualitate\/\" class=\"td-post-category\">ACTUALITATE<\/a><span class=\"td-post-author-name\"><a href=\"https:\/\/r3media.ro\/author\/teodor_stan\/\">Teodor Stan<\/a><span>&#8211;<\/span><\/span><span class=\"td-post-date\"><time class=\"entry-date updated td-module-date\" datetime=\"2026-07-22T09:10:53+03:00\">22\/07\/2026<\/time><\/span><\/div>\n<\/div>\n<\/div>\n<\/div>\n<div class=\"td-block-span6\">\n<div class=\"td_module_8 td_module_wrap\">\n<div class=\"item-details\">\n<h3 class=\"entry-title td-module-title\"><a href=\"https:\/\/r3media.ro\/episcopul-husilor-oameni-animale-therieni-degradare-progresism\/\" rel=\"bookmark\" title=\"Episcopul Hu\u0219ilor, despre oamenii care se cred animale: V\u0103 da\u021bi seama c\u00e2t\u0103 degradare uman\u0103 este? De ce? Pentru c\u0103 se \u00eencred \u00een progresism\">Episcopul Hu\u0219ilor, despre oamenii care se cred animale: V\u0103 da\u021bi seama c\u00e2t\u0103 degradare uman\u0103&#8230;<\/a><\/h3>\n<div class=\"td-module-meta-info\"><a href=\"https:\/\/r3media.ro\/category\/actualitate\/\" class=\"td-post-category\">ACTUALITATE<\/a><span class=\"td-post-author-name\"><a href=\"https:\/\/r3media.ro\/author\/radu_ursan\/\">Radu Ursan<\/a><span>&#8211;<\/span><\/span><span class=\"td-post-date\"><time class=\"entry-date updated td-module-date\" datetime=\"2026-07-21T19:30:46+03:00\">21\/07\/2026<\/time><\/span><\/div>\n<\/div>\n<\/div>\n<\/div>\n<\/div>\n<div class=\"td-block-row\">\n<div class=\"td-block-span6\">\n<div class=\"td_module_8 td_module_wrap\">\n<div class=\"item-details\">\n<h3 class=\"entry-title td-module-title\"><a href=\"https:\/\/r3media.ro\/video-cult-femeie-dumnezeu-mama-romania\/\" rel=\"bookmark\" title=\"VIDEO | Un cult care consider\u0103 o femeie coreean\u0103 drept \u201eDumnezeu Mama\u201d face prozeli\u021bi \u00een Rom\u00e2nia\">VIDEO | Un cult care consider\u0103 o femeie coreean\u0103 drept \u201eDumnezeu Mama\u201d face prozeli\u021bi&#8230;<\/a><\/h3>\n<div class=\"td-module-meta-info\"><a href=\"https:\/\/r3media.ro\/category\/actualitate\/\" class=\"td-post-category\">ACTUALITATE<\/a><span class=\"td-post-author-name\"><a href=\"https:\/\/r3media.ro\/author\/redactia\/\">Redac\u021bia<\/a><span>&#8211;<\/span><\/span><span class=\"td-post-date\"><time class=\"entry-date updated td-module-date\" datetime=\"2026-07-21T11:14:08+03:00\">21\/07\/2026<\/time><\/span><\/div>\n<\/div>\n<\/div>\n<\/div>\n<div class=\"td-block-span6\">\n<div class=\"td_module_8 td_module_wrap\">\n<div class=\"item-details\">\n<h3 class=\"entry-title td-module-title\"><a href=\"https:\/\/r3media.ro\/cehia-interzice-telefoanele-in-scoli\/\" rel=\"bookmark\" title=\"Cehia se preg\u0103te\u0219te s\u0103 interzic\u0103 telefoanele mobile \u00een \u0219coli\">Cehia se preg\u0103te\u0219te s\u0103 interzic\u0103 telefoanele mobile \u00een \u0219coli<\/a><\/h3>\n<div class=\"td-module-meta-info\"><a href=\"https:\/\/r3media.ro\/category\/actualitate\/\" class=\"td-post-category\">ACTUALITATE<\/a><span class=\"td-post-author-name\"><a href=\"https:\/\/r3media.ro\/author\/redactia\/\">Redac\u021bia<\/a><span>&#8211;<\/span><\/span><span class=\"td-post-date\"><time class=\"entry-date updated td-module-date\" datetime=\"2026-07-20T22:34:13+03:00\">20\/07\/2026<\/time><\/span><\/div>\n<\/div>\n<\/div>\n<\/div>\n<\/div>\n<\/div>\n<div class=\"td-load-more-wrap td-load-more-infinite-wrap\" id=\"infinite-lm-tdi_20\"><a href=\"https:\/\/r3media.ro\/greva-generala-sanatate-spitale-urgente\/\" class=\"td_ajax_load_more td_ajax_load_more_js\" aria-label=\"\u00cenc\u0103rca\u021bi mai multe\" id=\"next-page-tdi_20\" data-td_block_id=\"tdi_20\">\u00cenc\u0103rca\u021bi mai multe<\/a><\/div>\n<\/div>\n<div class=\"td_block_wrap tdb_single_comments tdi_21 tdb-comm-layout2 td-pb-border-top td_block_template_1\" data-td-block-uid=\"tdi_21\">\n<div class=\"tdb-block-inner td-fix-index\">\n<div class=\"comments\" id=\"comments\">\n<div id=\"respond\" class=\"comment-respond\">\n<h3 id=\"reply-title\" class=\"comment-reply-title\">AI CEVA DE SPUS? <small><a rel=\"nofollow\" id=\"cancel-comment-reply-link\" href=\"https:\/\/r3media.ro\/greva-generala-sanatate-spitale-urgente\/#respond\">Renun\u021ba\u021bi la r\u0103spuns<\/a><\/small><\/h3>\n<div class=\"comment-form-input-wrap td-form-comment\">\n<div class=\"td-warning-comment\">V\u0103 rug\u0103m s\u0103 introduce\u021bi comentariul dvs.!<\/div>\n<\/div>\n<div class=\"comment-form-input-wrap td-form-author\">\n<div class=\"td-warning-author\">Introduce\u021bi aici numele dvs.<\/div>\n<\/div>\n<div class=\"comment-form-input-wrap td-form-email\">\n<div class=\"td-warning-email-error\">A\u021bi introdus o adres\u0103 de e-mail incorect\u0103!<\/div>\n<div class=\"td-warning-email\">V\u0103 rug\u0103m s\u0103 introduce\u021bi adresa dvs. de e-mail aici<\/div>\n<\/div>\n<\/div>\n<\/div>\n<\/div>\n<\/div>\n<\/div>\n<\/div>\n<div class=\"vc_column tdi_23  wpb_column vc_column_container tdc-column td-pb-span4 td-is-sticky\">\n<div class=\"wpb_wrapper\" data-sticky-enabled-on=\"W3RydWUsdHJ1ZSx0cnVlLHRydWVd\" data-sticky-offset=\"20\" data-sticky-is-width-auto=\"W2ZhbHNlLGZhbHNlLGZhbHNlLGZhbHNlXQ==\">\n<div class=\"wpb_wrapper td_block_wrap vc_widget_sidebar tdi_25 \">\n<div class=\"td_block_wrap td_block_7 td_block_widget tdi_26 td-pb-border-top td_block_template_1 td-column-1 td_block_padding\" data-td-block-uid=\"tdi_26\">\n<div class=\"td-block-title-wrap\">\n<h4 class=\"block-title td-block-title\"><span class=\"td-pulldown-size\">Articole RELA\u021aIONATE<\/span><\/h4>\n<\/div>\n<div id=\"tdi_26\" class=\"td_block_inner\">\n<div class=\"td-block-span12\">\n<div class=\"td_module_6 td_module_wrap td-animation-stack\">\n<div class=\"td-module-thumb\"><a href=\"https:\/\/r3media.ro\/cornel-nistorescu-drone-razboi-ucraina\/\" rel=\"bookmark\" class=\"td-image-wrap \" title=\"Cornel Nistorescu, dup\u0103 incidentele cu drone: Adie a aer de r\u0103zboi. De mirare c\u0103 dronele ucrainene nu au st\u00e2rnit at\u00e2ta t\u0103r\u0103boi\"><img loading=\"lazy\" decoding=\"async\" class=\"entry-thumb\" src=\"https:\/\/r3media.ro\/wp-content\/uploads\/2026\/07\/drona-buzau-agerpres-e1785223304948-100x70.jpg\" alt title=\"Cornel Nistorescu, dup\u0103 incidentele cu drone: Adie a aer de r\u0103zboi. De mirare c\u0103 dronele ucrainene nu au st\u00e2rnit at\u00e2ta t\u0103r\u0103boi\" width=\"100\" height=\"70\"><\/a><\/div>\n<div class=\"item-details\">\n<h3 class=\"entry-title td-module-title\"><a href=\"https:\/\/r3media.ro\/cornel-nistorescu-drone-razboi-ucraina\/\" rel=\"bookmark\" title=\"Cornel Nistorescu, dup\u0103 incidentele cu drone: Adie a aer de r\u0103zboi. De mirare c\u0103 dronele ucrainene nu au st\u00e2rnit at\u00e2ta t\u0103r\u0103boi\">Cornel Nistorescu, dup\u0103 incidentele cu drone: Adie a aer de r\u0103zboi&#8230;.<\/a><\/h3>\n<div class=\"td-module-meta-info\"><span class=\"td-post-date\"><time class=\"entry-date updated td-module-date\" datetime=\"2026-07-28T10:21:51+03:00\">28\/07\/2026<\/time><\/span><\/div>\n<\/div>\n<\/div>\n<\/div>\n<div class=\"td-block-span12\">\n<div class=\"td_module_6 td_module_wrap td-animation-stack\">\n<div class=\"td-module-thumb\"><a href=\"https:\/\/r3media.ro\/kazahstanul-a-anuntat-ca-au-fost-reluate-operatiunile-de-incarcare-pe-conducta-caspian-pipeline-consortium-cpc\/\" rel=\"bookmark\" class=\"td-image-wrap \" title=\"Kazahstanul a anun\u021bat c\u0103 au fost reluate opera\u0163iunile de \u00eenc\u0103rcare pe conducta Caspian Pipeline Consortium (CPC)\"><img loading=\"lazy\" decoding=\"async\" class=\"entry-thumb\" src=\"https:\/\/r3media.ro\/wp-content\/uploads\/2026\/07\/petrol-kazahstan-100x70.jpg\" alt title=\"Kazahstanul a anun\u021bat c\u0103 au fost reluate opera\u0163iunile de \u00eenc\u0103rcare pe conducta Caspian Pipeline Consortium (CPC)\" width=\"100\" height=\"70\"><\/a><\/div>\n<div class=\"item-details\">\n<h3 class=\"entry-title td-module-title\"><a href=\"https:\/\/r3media.ro\/kazahstanul-a-anuntat-ca-au-fost-reluate-operatiunile-de-incarcare-pe-conducta-caspian-pipeline-consortium-cpc\/\" rel=\"bookmark\" title=\"Kazahstanul a anun\u021bat c\u0103 au fost reluate opera\u0163iunile de \u00eenc\u0103rcare pe conducta Caspian Pipeline Consortium (CPC)\">Kazahstanul a anun\u021bat c\u0103 au fost reluate opera\u0163iunile de \u00eenc\u0103rcare pe&#8230;<\/a><\/h3>\n<div class=\"td-module-meta-info\"><span class=\"td-post-date\"><time class=\"entry-date updated td-module-date\" datetime=\"2026-07-28T09:29:57+03:00\">28\/07\/2026<\/time><\/span><\/div>\n<\/div>\n<\/div>\n<\/div>\n<div class=\"td-block-span12\">\n<div class=\"td_module_6 td_module_wrap td-animation-stack\">\n<div class=\"td-module-thumb\"><a href=\"https:\/\/r3media.ro\/28-iulie-3-august-1919-unirea-banatului-romania\/\" rel=\"bookmark\" class=\"td-image-wrap \" title=\"28 iulie \u2013 3 august 1919: Unirea Banatului cu Rom\u00e2nia\"><img loading=\"lazy\" decoding=\"async\" class=\"entry-thumb\" src=\"https:\/\/r3media.ro\/wp-content\/uploads\/2021\/08\/10-mai-1920-timisoara-100x70.jpg\" alt title=\"28 iulie \u2013 3 august 1919: Unirea Banatului cu Rom\u00e2nia\" width=\"100\" height=\"70\"><\/a><\/div>\n<div class=\"item-details\">\n<h3 class=\"entry-title td-module-title\"><a href=\"https:\/\/r3media.ro\/28-iulie-3-august-1919-unirea-banatului-romania\/\" rel=\"bookmark\" title=\"28 iulie \u2013 3 august 1919: Unirea Banatului cu Rom\u00e2nia\">28 iulie \u2013 3 august 1919: Unirea Banatului cu Rom\u00e2nia<\/a><\/h3>\n<div class=\"td-module-meta-info\"><span class=\"td-post-date\"><time class=\"entry-date updated td-module-date\" datetime=\"2026-07-27T21:40:14+03:00\">27\/07\/2026<\/time><\/span><\/div>\n<\/div>\n<\/div>\n<\/div>\n<div class=\"td-block-span12\">\n<div class=\"td_module_6 td_module_wrap td-animation-stack\">\n<div class=\"td-module-thumb\"><a href=\"https:\/\/r3media.ro\/avioane-americane-bulgaria-energie-radev-sua\/\" rel=\"bookmark\" class=\"td-image-wrap \" title=\"Avioane americane la Bezmer, la schimb cu avantaje \u00een zona energetic\u0103 pentru Bulgaria: ce a ob\u021binut guvernul Radev de la SUA\"><img loading=\"lazy\" decoding=\"async\" class=\"entry-thumb\" src=\"https:\/\/r3media.ro\/wp-content\/uploads\/2026\/06\/rumen-radev-bulgaria-100x70.webp\" alt title=\"Avioane americane la Bezmer, la schimb cu avantaje \u00een zona energetic\u0103 pentru Bulgaria: ce a ob\u021binut guvernul Radev de la SUA\" width=\"100\" height=\"70\"><\/a><\/div>\n<div class=\"item-details\">\n<h3 class=\"entry-title td-module-title\"><a href=\"https:\/\/r3media.ro\/avioane-americane-bulgaria-energie-radev-sua\/\" rel=\"bookmark\" title=\"Avioane americane la Bezmer, la schimb cu avantaje \u00een zona energetic\u0103 pentru Bulgaria: ce a ob\u021binut guvernul Radev de la SUA\">Avioane americane la Bezmer, la schimb cu avantaje \u00een zona energetic\u0103&#8230;<\/a><\/h3>\n<div class=\"td-module-meta-info\"><span class=\"td-post-date\"><time class=\"entry-date updated td-module-date\" datetime=\"2026-07-27T21:38:24+03:00\">27\/07\/2026<\/time><\/span><\/div>\n<\/div>\n<\/div>\n<\/div>\n<div class=\"td-block-span12\">\n<div class=\"td_module_6 td_module_wrap td-animation-stack\">\n<div class=\"td-module-thumb\"><a href=\"https:\/\/r3media.ro\/28-iulie-sfintii-apostoli-si-diaconi-prohor-nicanor-timon-si-parmena-dintre-cei-70\/\" rel=\"bookmark\" class=\"td-image-wrap \" title=\"Calendarul zilei 28 iulie: Sfin\u021bii Apostoli \u0219i Diaconi Prohor, Nicanor, Timon \u0219i Parmena, dintre cei 70\"><img loading=\"lazy\" decoding=\"async\" class=\"entry-thumb\" src=\"https:\/\/r3media.ro\/wp-content\/uploads\/2023\/07\/sddefault-4-100x70.jpg\" alt title=\"Calendarul zilei 28 iulie: Sfin\u021bii Apostoli \u0219i Diaconi Prohor, Nicanor, Timon \u0219i Parmena, dintre cei 70\" width=\"100\" height=\"70\"><\/a><\/div>\n<div class=\"item-details\">\n<h3 class=\"entry-title td-module-title\"><a href=\"https:\/\/r3media.ro\/28-iulie-sfintii-apostoli-si-diaconi-prohor-nicanor-timon-si-parmena-dintre-cei-70\/\" rel=\"bookmark\" title=\"Calendarul zilei 28 iulie: Sfin\u021bii Apostoli \u0219i Diaconi Prohor, Nicanor, Timon \u0219i Parmena, dintre cei 70\">Calendarul zilei 28 iulie: Sfin\u021bii Apostoli \u0219i Diaconi Prohor, Nicanor, Timon&#8230;<\/a><\/h3>\n<div class=\"td-module-meta-info\"><span class=\"td-post-date\"><time class=\"entry-date updated td-module-date\" datetime=\"2026-07-27T21:33:31+03:00\">27\/07\/2026<\/time><\/span><\/div>\n<\/div>\n<\/div>\n<\/div>\n<div class=\"td-block-span12\">\n<div class=\"td_module_6 td_module_wrap td-animation-stack\">\n<div class=\"td-module-thumb\"><a href=\"https:\/\/r3media.ro\/iranul-respinge-orice-negociere-cu-statele-unite\/\" rel=\"bookmark\" class=\"td-image-wrap \" title=\"Iranul respinge orice negociere cu Statele Unite\"><img loading=\"lazy\" decoding=\"async\" class=\"entry-thumb\" src=\"https:\/\/r3media.ro\/wp-content\/uploads\/2026\/07\/steag-iran-100x70.jpg\" alt title=\"Iranul respinge orice negociere cu Statele Unite\" width=\"100\" height=\"70\"><\/a><\/div>\n<div class=\"item-details\">\n<h3 class=\"entry-title td-module-title\"><a href=\"https:\/\/r3media.ro\/iranul-respinge-orice-negociere-cu-statele-unite\/\" rel=\"bookmark\" title=\"Iranul respinge orice negociere cu Statele Unite\">Iranul respinge orice negociere cu Statele Unite<\/a><\/h3>\n<div class=\"td-module-meta-info\"><span class=\"td-post-date\"><time class=\"entry-date updated td-module-date\" datetime=\"2026-07-27T20:59:23+03:00\">27\/07\/2026<\/time><\/span><\/div>\n<\/div>\n<\/div>\n<\/div>\n<div class=\"td-block-span12\">\n<div class=\"td_module_6 td_module_wrap td-animation-stack\">\n<div class=\"td-module-thumb\"><a href=\"https:\/\/r3media.ro\/rusia-romania-drona-ambasador-moscova-porturi-dunare\/\" rel=\"bookmark\" class=\"td-image-wrap \" title=\"Rusia, avertizat\u0103 de Rom\u00e2nia dup\u0103 incidentele cu drona. Ambasadorul Moscovei acuz\u0103 Bucure\u0219tiul c\u0103 folose\u0219te porturile de la Dun\u0103re pentru a transporta arme \u00een Ucraina\"><img loading=\"lazy\" decoding=\"async\" class=\"entry-thumb\" src=\"https:\/\/r3media.ro\/wp-content\/uploads\/2024\/04\/vladimir-lipaev-mid-ru-100x70.jpg\" alt title=\"Rusia, avertizat\u0103 de Rom\u00e2nia dup\u0103 incidentele cu drona. Ambasadorul Moscovei acuz\u0103 Bucure\u0219tiul c\u0103 folose\u0219te porturile de la Dun\u0103re pentru a transporta arme \u00een Ucraina\" width=\"100\" height=\"70\"><\/a><\/div>\n<div class=\"item-details\">\n<h3 class=\"entry-title td-module-title\"><a href=\"https:\/\/r3media.ro\/rusia-romania-drona-ambasador-moscova-porturi-dunare\/\" rel=\"bookmark\" title=\"Rusia, avertizat\u0103 de Rom\u00e2nia dup\u0103 incidentele cu drona. Ambasadorul Moscovei acuz\u0103 Bucure\u0219tiul c\u0103 folose\u0219te porturile de la Dun\u0103re pentru a transporta arme \u00een Ucraina\">Rusia, avertizat\u0103 de Rom\u00e2nia dup\u0103 incidentele cu drona. Ambasadorul Moscovei acuz\u0103&#8230;<\/a><\/h3>\n<div class=\"td-module-meta-info\"><span class=\"td-post-date\"><time class=\"entry-date updated td-module-date\" datetime=\"2026-07-27T20:15:53+03:00\">27\/07\/2026<\/time><\/span><\/div>\n<\/div>\n<\/div>\n<\/div>\n<\/div>\n<\/div>\n<aside class=\"td_block_template_1 widget widget_recent_comments\">\n<h4 class=\"block-title\"><span>INTR\u0102 \u00ceN DISCU\u021aIE!<\/span><\/h4>\n<ul id=\"recentcomments\">\n<li class=\"recentcomments\"><span class=\"comment-author-link\">Nicu<\/span> la <a href=\"https:\/\/r3media.ro\/avioane-americane-bulgaria-energie-radev-sua\/#comment-40326\">Avioane americane la Bezmer, la schimb cu avantaje \u00een zona energetic\u0103 pentru Bulgaria: ce a ob\u021binut guvernul Radev de la SUA<\/a><\/li>\n<li class=\"recentcomments\"><span class=\"comment-author-link\">Constantin<\/span> la <a href=\"https:\/\/r3media.ro\/prima-oara-istorie-presedintia-document-primplan-patriotism-european\/#comment-40325\">Pentru prima oar\u0103 \u00een istorie, Pre\u0219edin\u021bia Rom\u00e2niei emite un document care pune pe primul plan o alt\u0103 entitate dec\u00e2t \u021bara noastr\u0103: patriotismul european<\/a><\/li>\n<li class=\"recentcomments\"><span class=\"comment-author-link\">Constantin<\/span> la <a href=\"https:\/\/r3media.ro\/statul-roman-a-semnat-actul-propriei-disparitii\/#comment-40324\">Statul rom\u00e2n a semnat actul propriei dispari\u021bii?<\/a><\/li>\n<li class=\"recentcomments\"><span class=\"comment-author-link\">Nicu<\/span> la <a href=\"https:\/\/r3media.ro\/statul-roman-a-semnat-actul-propriei-disparitii\/#comment-40323\">Statul rom\u00e2n a semnat actul propriei dispari\u021bii?<\/a><\/li>\n<li class=\"recentcomments\"><span class=\"comment-author-link\">Nicu<\/span> la <a href=\"https:\/\/r3media.ro\/dan-dungaciu-patriotism-european-natiunea-identitatea-europeana\/#comment-40322\">Prof. Dan Dungaciu despre raportul privind \u201epatriotismul european\u201d emis de la Cotroceni: Dac\u0103 na\u021biunea e un construct, atunci \u201eidentitatea european\u0103\u201d ce este?<\/a><\/li>\n<li class=\"recentcomments\"><span class=\"comment-author-link\">boiu<\/span> la <a href=\"https:\/\/r3media.ro\/rusia-romania-drona-ambasador-moscova-porturi-dunare\/#comment-40321\">Rusia, avertizat\u0103 de Rom\u00e2nia dup\u0103 incidentele cu drona. Ambasadorul Moscovei acuz\u0103 Bucure\u0219tiul c\u0103 folose\u0219te porturile de la Dun\u0103re pentru a transporta arme \u00een Ucraina<\/a><\/li>\n<li class=\"recentcomments\"><span class=\"comment-author-link\">panda<\/span> la <a href=\"https:\/\/r3media.ro\/urs-sibiu\/#comment-40320\">Un urs a fost v\u0103zut pe unul dintre cele mai circulate bulevarde din Sibiu<\/a><\/li>\n<\/ul>\n<\/aside>\n<aside class=\"td_block_template_1 widget widget_search\">\n<h4 class=\"block-title\"><span>CAUT\u0102 \u0218I VEI G\u0102SI<\/span><\/h4>\n<\/aside>\n<\/div>\n<\/div>\n<\/div>\n<\/div>\n<\/div>\n<\/div>\n<\/div>\n<p><span class=\"td-page-meta\"><\/span><span class=\"td-page-meta\"><span class=\"td-page-meta\"><\/span><\/span><span class=\"td-page-meta\"><\/span><\/article>\n<\/p>\n<div class=\"td_block_wrap tdb_single_content tdi_18 td-pb-border-top td_block_template_1 td-post-content tagdiv-type\" data-td-block-uid=\"tdi_18\">\n<div class=\"tdb-block-inner td-fix-index\">\n<p><strong>Sistemul public de s\u0103n\u0103tate din Rom\u00e2nia a intrat mar\u021bi, 28 iulie 2026, \u00eentr-o grev\u0103 general\u0103 pe termen nelimitat, declan\u0219at\u0103 de Federa\u021bia SANITAS, scrie <a href=\"https:\/\/www.news.ro\/social\/sanatate\/greva-generala-sanatate-sindicalistii-sanitas-au-declansat-conflictul-nemultumiti-legea-salarizarii-lipsa-dialogului-social-peste-500-spitale-vor-asigura-asistenta-medicala-serviciile-esentiale-1922400028002026070622548524\" target=\"_blank\" rel=\"noopener\">News.ro<\/a>.<\/strong><\/p>\n<p><a href=\"https:\/\/r3media.ro\/tag\/sanitas\/\" target=\"_blank\" rel=\"noopener\">SANITAS<\/a> este cea mai mare organiza\u021bie sindical\u0103 din s\u0103n\u0103tate, reprezent\u00e2nd aproape 100.000 de angaja\u021bi din s\u0103n\u0103tate \u0219i asisten\u021b\u0103 social\u0103, iar protestul afecteaz\u0103, practic, toate unit\u0103\u021bile sanitare din \u021bar\u0103.<\/p>\n<p>Potrivit sindicali\u0219tilor, protestul va afecta activitatea din aproximativ 400 de spitale publice din \u00eentreaga \u021bar\u0103.<\/p>\n<p>Angaja\u021bii din s\u0103n\u0103tate protesteaz\u0103 \u00eempotriva noii legi a salariz\u0103rii \u0219i solicit\u0103 deblocarea urgent\u0103 a angaj\u0103rilor \u00een spitale.<\/p>\n<p>Greva nu \u00eenseamn\u0103 \u00eenchiderea spitalelor. Conform prevederilor legale aplicabile \u00een timpul grevei, unit\u0103\u021bile sanitare vor asigura doar o treime din activitatea normal\u0103.<\/p>\n<p>Vor fi tratate urgen\u021bele medicale majore, cazurile care nu pot fi am\u00e2nate \u0219i interven\u021biile chirurgicale de urgen\u021b\u0103.<\/p>\n<p>Urgen\u021bele medicale r\u0103m\u00e2n asigurate \u00een toate unit\u0103\u021bile sanitare, inclusiv terapiile intensive, dializa \u0219i oncologia. \u00cen schimb, consulta\u021biile \u0219i opera\u021biile programate care pot fi reprogramate nu vor fi efectuate \u00een perioada protestului.<\/p>\n<p>Pacien\u021bii cu program\u0103ri \u00een aceast\u0103 perioad\u0103 sunt sf\u0103tui\u021bi s\u0103 contacteze unit\u0103\u021bile sanitare pentru a verifica disponibilitatea serviciilor.<\/p>\n<h2>Care sunt revendic\u0103rile<\/h2>\n<p>Nemul\u021bumirile vizeaz\u0103 un set de m\u0103suri guvernamentale recente.<\/p>\n<p>Printre revendic\u0103ri se num\u0103r\u0103, \u00een privin\u021ba legii salariz\u0103rii, stabilirea unor coeficien\u021bi de salarizare corespunz\u0103tori pentru personalul din s\u0103n\u0103tate, men\u021binerea sporului de tur\u0103 la 15%, men\u021binerea sporului de 100% pentru munc\u0103 \u00een weekend \u0219i s\u0103rb\u0103tori legale \u0219i reintroducerea sporului pentru condi\u021bii de munc\u0103. Sindicali\u0219tii cer \u0219i deblocarea angaj\u0103rilor, \u00een contextul unui deficit sever de personal.<\/p>\n<p>\u201eAvem un deficit de personal groaznic, aproape 25 de mii de posturi, din toate categoriile profesionale\u201d, a declarat pentru Agerpres Romeo Sandu, vicepre\u0219edintele Federa\u021biei SANITAS.<\/p>\n<p>Decizia a fost adoptat\u0103 \u00eenc\u0103 din 7 iulie 2026, \u00een cadrul unei sesiuni extraordinare a Consiliului Na\u021bional al Federa\u021biei SANITAS, dup\u0103 ce Guvernul nu a r\u0103spuns notific\u0103rii transmise de federa\u021bie.<\/p>\n<p>Protestul a fost precedat de o grev\u0103 de avertisment, desf\u0103\u0219urat\u0103 la nivel na\u021bional pe 20 iulie 2026, \u00eentre orele 9:00 \u0219i 11:00, \u00een cadrul c\u0103reia angaja\u021bii din sute de spitale au \u00eentrerupt temporar intern\u0103rile \u0219i opera\u021biile programate, men\u021bin\u00e2nd doar urgen\u021bele.<\/p>\n<h2>Presiuni asupra angaja\u021bilor<\/h2>\n<p>Cu o zi \u00eenainte de declan\u0219are, federa\u021bia a reclamat presiuni asupra angaja\u021bilor.<\/p>\n<p>SANITAS a primit informa\u021bii din mai multe spitale privind solicitarea unor liste cu numele salaria\u021bilor care au semnat pentru participarea la grev\u0103, \u00een vederea suspend\u0103rii contractelor individuale de munc\u0103 ale acestora.<\/p>\n<p>Sindicatul a calificat aceste demersuri drept intimidare, subliniind c\u0103 semnarea pentru declan\u0219area grevei nu echivaleaz\u0103 cu participarea efectiv\u0103 la aceasta \u0219i nu justific\u0103 suspendarea anticipat\u0103 a contractului individual de munc\u0103.<\/p>\n<p>\u00cen sus\u021binerea pozi\u021biei, federa\u021bia a invocat dispozi\u021biile Legii dialogului social nr. 367\/2022 \u0219i Decizia nr. 5 din 5 mai 2025 a \u00cenaltei Cur\u021bi de Casa\u021bie \u0219i Justi\u021bie.<\/p>\n<p>Protestul din s\u0103n\u0103tate a generat \u0219i ac\u021biuni de solidaritate: mar\u021bi are loc o grev\u0103 \u0219i \u00een ANAF, Vam\u0103 \u0219i Ministerul Finan\u021belor, func\u021bionarii solidariz\u00e2ndu-se cu protestul din s\u0103n\u0103tate.<\/p>\n<div class=\"crp_related     crp-masonry\">\n<h2>\u00ceN CONTEXT<\/h2>\n<ul>\n<li><a href=\"https:\/\/r3media.ro\/jurnalist-imprumut-safe-autostrazi-moldova-ucraina-spitale-neterminate\/\" class=\"crp_link post-116968\"><span class=\"crp_title\">Jurnalist: Vor s\u0103 ne \u00eemprumut\u0103m prin SAFE pentru autostr\u0103zile spre Moldova \u0219i Ucraina, dar\u2026<\/span><\/a><\/li>\n<li><a href=\"https:\/\/r3media.ro\/ancheta-dsu-raed-arafat\/\" class=\"crp_link post-115652\"><span class=\"crp_title\">Anchet\u0103 de amploare la DSU: Medicin\u0103 \u201epe h\u00e2rtie\u201d \u0219i telefoane ridicate, inclusiv cel al lui\u2026<\/span><\/a><\/li>\n<li><a href=\"https:\/\/r3media.ro\/kafka-asigurarilor-de-sanatate\/\" class=\"crp_link post-112063\"><span class=\"crp_title\">Kafka asigur\u0103rilor de s\u0103n\u0103tate<\/span><\/a><\/li>\n<li><a href=\"https:\/\/r3media.ro\/patriarhia-romana-colaborare-institutul-matei-bals\/\" class=\"crp_link post-116534\"><span class=\"crp_title\">Patriarhia Rom\u00e2n\u0103 a semnat un protocol de colaborare cu Institutul de Boli Infec\u021bioase \u201eMatei Bal\u0219\u201d<\/span><\/a><\/li>\n<\/ul>\n<\/div>\n<\/div>\n<\/div>\n<p>[analyse_source url=&#8221;https:\/\/r3media.ro\/greva-generala-sanatate-spitale-urgente\/&#8221;]<\/p>\n","protected":false},"excerpt":{"rendered":"<p>[analyse_image type=&#8221;featured&#8221; src=&#8221;https:\/\/r3media.ro\/wp-content\/uploads\/2021\/09\/federatia-sanitas-e1632815997707.jpghttps:\/\/r3media.ro\/wp-content\/uploads\/2021\/09\/federatia-sanitas-e1632815997707.jpg&#8221;] PRIM PLANGrev\u0103 general\u0103 \u00een S\u0103n\u0103tate: sute de spitale func\u021bioneaz\u0103 de mar\u021bi doar cu&#8230; PRIM PLAN\u0218TIRI Grev\u0103 general\u0103 \u00een S\u0103n\u0103tate: sute de spitale func\u021bioneaz\u0103 de mar\u021bi doar cu urgen\u021be Redac\u021bia 28\/07\/2026 Sistemul public de s\u0103n\u0103tate din Rom\u00e2nia a intrat mar\u021bi, 28 iulie 2026, \u00eentr-o grev\u0103 general\u0103 pe termen nelimitat, declan\u0219at\u0103 de Federa\u021bia SANITAS, [&hellip;]<\/p>\n","protected":false},"author":1,"featured_media":0,"comment_status":"open","ping_status":"","sticky":false,"template":"","format":"standard","meta":{"footnotes":""},"categories":[89],"tags":[226,93],"class_list":["post-2065046","post","type-post","status-publish","format-standard","hentry","category-romania","tag-crawlmanager","tag-r3media-ro"],"_links":{"self":[{"href":"https:\/\/analyse.optim.biz\/index.php?rest_route=\/wp\/v2\/posts\/2065046","targetHints":{"allow":["GET"]}}],"collection":[{"href":"https:\/\/analyse.optim.biz\/index.php?rest_route=\/wp\/v2\/posts"}],"about":[{"href":"https:\/\/analyse.optim.biz\/index.php?rest_route=\/wp\/v2\/types\/post"}],"author":[{"embeddable":true,"href":"https:\/\/analyse.optim.biz\/index.php?rest_route=\/wp\/v2\/users\/1"}],"replies":[{"embeddable":true,"href":"https:\/\/analyse.optim.biz\/index.php?rest_route=%2Fwp%2Fv2%2Fcomments&post=2065046"}],"version-history":[{"count":0,"href":"https:\/\/analyse.optim.biz\/index.php?rest_route=\/wp\/v2\/posts\/2065046\/revisions"}],"wp:attachment":[{"href":"https:\/\/analyse.optim.biz\/index.php?rest_route=%2Fwp%2Fv2%2Fmedia&parent=2065046"}],"wp:term":[{"taxonomy":"category","embeddable":true,"href":"https:\/\/analyse.optim.biz\/index.php?rest_route=%2Fwp%2Fv2%2Fcategories&post=2065046"},{"taxonomy":"post_tag","embeddable":true,"href":"https:\/\/analyse.optim.biz\/index.php?rest_route=%2Fwp%2Fv2%2Ftags&post=2065046"}],"curies":[{"name":"wp","href":"https:\/\/api.w.org\/{rel}","templated":true}]}}