{"id":206492,"date":"2014-05-04T14:00:28","date_gmt":"2014-05-04T11:00:28","guid":{"rendered":"https:\/\/analyse.optim.biz\/?p=206492"},"modified":"2014-05-04T14:00:28","modified_gmt":"2014-05-04T11:00:28","slug":"traian-basescu-tipul-de-dialog-intre-washington-si-moscova-nu-va-duce-nicaieri","status":"publish","type":"post","link":"https:\/\/analyse.optim.biz\/?p=206492","title":{"rendered":"Traian B\u0103sescu: \u201eTipul de dialog \u00eentre Washington \u0219i Moscova nu va duce nic\u0103ieri\u201d"},"content":{"rendered":"<div class=\"entry data-app-meta data-app-meta-article\" data-embed-base-url-canonical=\"https:\/\/www.digi24.ro\/embed\/stiri\/actualitate\/politica\/traian-basescu-tipul-de-dialog-intre-washington-si-moscova-nu-va-duce-nicaieri-238170\">\n<p data-index=\"1\"><img decoding=\"async\" src=\"https:\/\/analyse.optim.biz\/wp-content\/uploads\/2024\/09\/yxnoptiwowq3zmfmmzmynmflmme0mwqzmtiyywi0mdrin2e2-thumb_.jpg\" data-skip-htmlfix=\"1\" title=\"yxnoptiwowq3zmfmmzmynmflmme0mwqzmtiyywi0mdrin2e2-thumb_\"><\/p>\n<p data-index=\"2\">\u201eMoscova \u0219i Washingtonul s\u0103-\u0219i asume \u00een cel mai scurt timp declan\u0219area dialogului \u00eentre puterea de la Kiev \u0219i separati\u0219ti\u201d, a cerut \u0219eful statului.<\/p>\n<p data-index=\"3\">\u00cen acest context, \u015feful statului pune, pentru prima dat\u0103, \u00een discu\u0163ie organizarea alegerilor preziden\u0163iale din 25 mai din Ucraina: \u201eCred c\u0103 s-a ajuns la un punct \u00een care legitimitatea alegerilor din 25 mai pentru func\u021bia de pre\u0219edinte al Ucrainei este pus\u0103 sub semnul \u00eentreb\u0103rii. Un pre\u0219edinte ales cu voturile din centru \u0219i din vest risc\u0103 s\u0103 stimuleze ruperea Ucrainei\u201d, a argumentat \u0219eful statului.<\/p>\n<p data-index=\"4\">El a men\u021bionat \u0219i posibilitatea trimiterii unei misiuni NATO de men\u021binere a p\u0103cii \u00een Ucraina, la care Rom\u00e2nia \u0219i-ar putea aduce contribu\u021bia, dac\u0103 va fi validat\u0103 de Consillul de Securitate al ONU: \u201eRom\u00e2nia nu este amenin\u0163at\u0103 de un r\u0103zboi, ceea ce nu \u00eenseamn\u0103 c\u0103 Rom\u00e2nia nu particip\u0103 la efortul de descurajare a instabilit\u0103\u0163ii \u00een regiune, pentru c\u0103 <strong>oric\u00e2nd NATO poate primi o misiune de men\u0163inere a p\u0103cii \u00een regiune printr-o hot\u0103r\u00e2re a Consiliului de Securitate<\/strong>\u201d.<\/p>\n<p data-index=\"5\">Trebuie men\u021bionat \u00eens\u0103 c\u0103 Rusia are drept de veto \u00een Consiliul de Securitate al ONU.<\/p>\n<p data-index=\"6\"><strong>Declara\u0163iile pre\u015fedintelui:<\/strong><\/p>\n<p data-index=\"7\">&#8220;Rom\u00e2nia este un sus\u0163in\u0103tor f\u0103r\u0103 rezerve al integrit\u0103\u0163ii teritoriale a Ucrainei.<\/p>\n<p data-index=\"8\">Din p\u0103cate \u00een estul \u015fi sudul Ucrainei, lucrurile se complic\u0103.<\/p>\n<p data-index=\"9\">Acum <strong>sunt toate elementele care pot identifica \u00een Ucraina un \u00eenceput de r\u0103zboi civil.<\/strong><\/p>\n<p data-index=\"10\">Guvernul legitim de la Kiev are obliga\u0163ia s\u0103 men\u0163in\u0103 func\u0163ionarea \u015fi func\u0163ionalitatea tuturor institu\u0163iilor statului pe \u00eentreg teritoriul.<\/p>\n<p data-index=\"11\"><strong>Evenimentele de la Odesa devin periculoase. Ele se pot constitui \u00een elementul de declan\u015fare a unui r\u0103zboi civil masiv.<\/strong> Credem c\u0103 propunerea doamnei Ashton de a se forma urgent o comisie de anchet\u0103 este absolut necesar\u0103.<\/p>\n<p data-index=\"12\">Cred c\u0103 s-a ajuns la un punct la care legitimitatea alegerilor din 25 mai pentru func\u0163ia de pre\u015fedinte al Ucrainei este pus\u0103 sub semnul \u00eentreb\u0103rii. Constat\u0103m un dialog ineficient \u00eentre Moscova \u015fi Washington.<\/p>\n<p data-index=\"13\">Rom\u00e2nia nu poate s\u0103 nu observe acest lucru, c\u0103 <strong>tipul de dialog \u00eentre Moscova \u015fi Washington nu va duce nic\u0103ieri. Ba, dimpotriv\u0103, va netezi drumul spre un r\u0103zboi civil.<\/strong><\/p>\n<p data-index=\"14\">Propunerea pe care o fac \u00een numele Rom\u00e2niei este ca Moscova \u015fi Washingtonul s\u0103 \u00ee\u015fi asume \u00een cel mai scurt timp declan\u015farea dialogului \u00eentre putere \u015fi separati\u015fti.<\/p>\n<p data-index=\"15\">\u00cen caz contrar, <strong>riscul unui r\u0103zboi civil este major, iar Rom\u00e2nia, ca vecin al Ucrainei, este extrem de interesat\u0103 ca acest lucru s\u0103 nu se \u00eent\u00e2mple.<\/strong><\/p>\n<p data-index=\"16\"><strong><span>A\u015f vrea s\u0103 comentez \u015fi ni\u015fte afirma\u0163ii ale premierului f\u0103cute cu lejeritate \u00eentr-o campanie preziden\u0163ial\u0103 pe care o desf\u0103\u015foar\u0103. Una din afirmatiile f\u0103cute la vizita la Craiova a fost aceea c\u0103 ne pa\u015fte un r\u0103zboi, dar care are \u015fi p\u0103r\u0163i bune, c\u0103 se d\u0103 de lucru la industria de ap\u0103rare. Vreau s\u0103 afirm pentru to\u0163i rom\u00e2nii \u015fi pentru partenerii no\u015ftri: Rom\u00e2nia nu are sentimentul c\u0103 va fi atacat\u0103 de Federa\u0163ia Rus\u0103, niciun element de analiz\u0103 nu acoper\u0103 afirma\u0163ia pe care a f\u0103cut-o premierul ieri. \u00a0<\/span><\/strong><\/p>\n<p data-index=\"17\"><strong>Conflictul nu are \u015fanse s\u0103 implice Rom\u00e2nia. Nu exist\u0103 riscul ca Rom\u00e2nia s\u0103 fie antrenat\u0103 \u00eentr-un r\u0103zboi<\/strong>, \u00eens\u0103 Rom\u00e2nia <strong>poate fi foarte puternic afectat\u0103 de situa\u0163ia de instabilitate generat\u0103 de un r\u0103zboi civil \u00een Ucraina \u015fi instabilitatea se va materializa \u00een modul \u00een care Rom\u00e2nia se va putea \u00eemprumuta pe pie\u0163ele externe pentru propriile ei nevoi.<\/strong><\/p>\n<p data-index=\"18\">\u00cen Marea Neagr\u0103 sunt distrug\u0103toare \u015fi fregate ale SUA, nave militare ale marinei franceze, s-au desf\u0103\u015furat exerci\u0163ii comune ale flotei Rom\u00e2niei \u015fi Bulgariei cu nave militare ale SUA \u015fi Fran\u0163ei. Nu avem niciun motiv c\u0103 aceste ac\u0163iuni nu sunt suficient de puternice pentru a descuraja continuarea agresiunilor Federa\u0163iei Ruse \u00een regiune. \u00a0<\/p>\n<p data-index=\"19\"><strong>Este exclus ca Rom\u00e2nia s\u0103 fie atacat\u0103. Afirma\u0163ia c\u0103 ne pa\u015fte r\u0103zboiul nu are acoperire, iar cet\u0103\u0163enii Rom\u00e2niei sunt \u00een deplin\u0103 siguran\u0163\u0103. \u00a0<\/strong><\/p>\n<p data-index=\"20\"><strong>Rom\u00e2nia nu are planificat\u0103 \u00een niciun fel ap\u0103rarea Republicii Moldova prin mijloace militare.<\/strong>\u00a0Cred c\u0103 ceea ce ar trebui s\u0103 \u00eel preocupe pe premier pentru a ajuta Republica Moldova este s\u0103 treac\u0103 de la declara\u0163ii la fapte.<\/p>\n<p data-index=\"21\">Dac\u0103 vrea s\u0103 apere Moldova trebuie s\u0103 dea prioritate proiectelor de interconectare energetic\u0103, eu nu am mijloace, modalit\u0103\u0163ile sunt la Guvern.<\/p>\n<p data-index=\"22\">Acestea sunt modalit\u0103\u0163ile prin care putem ap\u0103ra Republica Moldova, altfel este demagogie.<\/p>\n<p data-index=\"23\"><strong>Armata rom\u00e2n\u0103 este una dintre cele mai bine instruite armate din regiune,<\/strong> este mult mai eficient\u0103 dec\u00e2t o armat\u0103 neprofesionist\u0103 care \u00ee\u015fi \u00eenroleaz\u0103 pentru c\u00e2teva luni tinerii de 18 ani. De 11 ani, armata rom\u00e2n\u0103 s-a c\u0103lit \u00een teatre de opera\u0163iuni reale. Din acest punct de vedere pute\u0163i sta lini\u015fti\u0163i&#8221;.<\/p>\n<\/div>\n<p> Source URL: https:\/\/www.digi24.ro\/stiri\/actualitate\/politica\/traian-basescu-tipul-de-dialog-intre-washington-si-moscova-nu-va-duce-nicaieri-238170<\/p>\n","protected":false},"excerpt":{"rendered":"<p>\u201eMoscova \u0219i Washingtonul s\u0103-\u0219i asume \u00een cel mai scurt timp declan\u0219area dialogului \u00eentre puterea de la Kiev \u0219i separati\u0219ti\u201d, a cerut \u0219eful statului. \u00cen acest context, \u015feful statului pune, pentru prima dat\u0103, \u00een discu\u0163ie organizarea alegerilor preziden\u0163iale din 25 mai din Ucraina: \u201eCred c\u0103 s-a ajuns la un punct \u00een care legitimitatea alegerilor din 25 [&hellip;]<\/p>\n","protected":false},"author":1,"featured_media":206493,"comment_status":"open","ping_status":"","sticky":false,"template":"","format":"standard","meta":{"footnotes":""},"categories":[2],"tags":[11],"class_list":["post-206492","post","type-post","status-publish","format-standard","has-post-thumbnail","hentry","category-politics","tag-digi24"],"_links":{"self":[{"href":"https:\/\/analyse.optim.biz\/index.php?rest_route=\/wp\/v2\/posts\/206492","targetHints":{"allow":["GET"]}}],"collection":[{"href":"https:\/\/analyse.optim.biz\/index.php?rest_route=\/wp\/v2\/posts"}],"about":[{"href":"https:\/\/analyse.optim.biz\/index.php?rest_route=\/wp\/v2\/types\/post"}],"author":[{"embeddable":true,"href":"https:\/\/analyse.optim.biz\/index.php?rest_route=\/wp\/v2\/users\/1"}],"replies":[{"embeddable":true,"href":"https:\/\/analyse.optim.biz\/index.php?rest_route=%2Fwp%2Fv2%2Fcomments&post=206492"}],"version-history":[{"count":0,"href":"https:\/\/analyse.optim.biz\/index.php?rest_route=\/wp\/v2\/posts\/206492\/revisions"}],"wp:featuredmedia":[{"embeddable":true,"href":"https:\/\/analyse.optim.biz\/index.php?rest_route=\/wp\/v2\/media\/206493"}],"wp:attachment":[{"href":"https:\/\/analyse.optim.biz\/index.php?rest_route=%2Fwp%2Fv2%2Fmedia&parent=206492"}],"wp:term":[{"taxonomy":"category","embeddable":true,"href":"https:\/\/analyse.optim.biz\/index.php?rest_route=%2Fwp%2Fv2%2Fcategories&post=206492"},{"taxonomy":"post_tag","embeddable":true,"href":"https:\/\/analyse.optim.biz\/index.php?rest_route=%2Fwp%2Fv2%2Ftags&post=206492"}],"curies":[{"name":"wp","href":"https:\/\/api.w.org\/{rel}","templated":true}]}}