{"id":206481,"date":"2014-05-04T15:55:59","date_gmt":"2014-05-04T12:55:59","guid":{"rendered":"https:\/\/analyse.optim.biz\/?p=206481"},"modified":"2014-05-04T15:55:59","modified_gmt":"2014-05-04T12:55:59","slug":"traian-basescu-voi-vota-partidul-miscarea-populara-am-dreptul-sa-ma-imbrac-cum-vreau","status":"publish","type":"post","link":"https:\/\/analyse.optim.biz\/?p=206481","title":{"rendered":"Traian B\u0103sescu: Voi vota Partidul Mi\u015fcarea Popular\u0103. Am dreptul s\u0103 m\u0103 \u00eembrac cum vreau"},"content":{"rendered":"<div class=\"entry data-app-meta data-app-meta-article\" data-embed-base-url-canonical=\"https:\/\/www.digi24.ro\/embed\/stiri\/actualitate\/politica\/traian-basescu-voi-vota-partidul-miscarea-populara-am-dreptul-sa-ma-imbrac-cum-vreau-238180\">\n<p data-index=\"1\">\u201eP\u0103cat c\u0103 sunt cu steagurile \u00een spate, a\u015f fi venit tot cu acel tricou. Am dreptul s\u0103 m\u0103 \u00eembrac cum vreau\u201d, a spus Traian B\u0103sescu.<\/p>\n<p data-index=\"2\">El a evitat s\u0103 r\u0103spund\u0103 \u00eentreb\u0103rii legat de moralitatea acestui gest.<\/p>\n<p data-index=\"3\">\u201eVoi vota Partidul Mi\u015fcarea Popular\u0103. Prin Constitu\u0163ie nu mi se interzice s\u0103 votez\u201d, a subliniat pre\u015fedintele.<\/p>\n<p data-index=\"4\">Elena Udrea a postat vineri 13<strong><a href=\"https:\/\/www.digi24.ro\/Stiri\/Digi24\/Actualitate\/Politica\/FOTO+Elena+Udrea+si+Traian+Basescu+la+mare\" target=\"_blank\" data-skip-linkfix=\"1\" rel=\"noopener\">fotografii \u00een albumul &#8220;Traian B\u0103sescu cu tinerii \u015fi femeile din PMP&#8221;.<\/a><\/strong><\/p>\n<p data-index=\"5\">\u00cen imagini, \u015feful statului poart\u0103 un tricou cu mesaj electoral \u00een favoarea acestei forma\u0163iuni.<\/p>\n<p data-index=\"6\">Partidul Mi\u015fcarea Popular\u0103 a fost creat la ini\u021biativa pre\u0219edintelui Traian B\u0103sescu, dup\u0103 ce sus\u021bin\u0103torii s\u0103i au p\u0103r\u0103sit PDL.<\/p>\n<h5>Gheorghe Iancu:\u00a0<span>\u00cenc\u0103lcarea exist\u0103 \u015fi el nu este \u015fi nu mai poate fi un simplu cet\u0103\u0163ean cel pu\u0163in p\u00e2n\u0103 \u00een decembrie. E \u015feful statului.<\/span><\/h5>\n<p data-index=\"7\">\u201ePoate invoca faptul c\u0103 poate s\u0103-\u015fi exprime o op\u0163iune politic\u0103. <strong>Numai c\u0103 el e pre\u015fedintele Rom\u00e2niei iar art. 80, alin 2, la ultimele dou\u0103 r\u00e2nduri spune c\u0103 el e mediator \u015fi define\u015fte ce \u00eenseamn\u0103 mediator: \u00eentre puterile statului \u015fi stat \u015fi societate. Din societate fac parte \u015fi partidele. Nu \u015ftiu dac\u0103 el mai poate fi mediator.<\/strong> \u00cenc\u0103lcarea exist\u0103 \u015fi el nu este \u015fi nu mai poate fi un simplu cet\u0103\u0163ean cel pu\u0163in p\u00e2n\u0103 \u00een decembrie. E \u015feful statului.<\/p>\n<p data-index=\"8\"><strong>(VIDEO: Gheorghe Iancu)<\/strong><\/p>\n<p data-index=\"9\">Eu cred c\u0103 nu-l mai intereseaz\u0103,<strong> face campanie deschis\u0103 pentru c\u0103 pre\u015fedin\u0163ia pentru el nu mai reprezint\u0103 o miz\u0103<\/strong>. Ar putea s\u0103 fac\u0103 campanie pentru partidul care vrea s\u0103 c\u00e2\u015ftige \u015fi pe ajutorul c\u0103ruia ar putea s\u0103 c\u00e2\u015ftige o alt\u0103 func\u0163ie important\u0103 \u00een stat. Ar trebui s\u0103 existe un respect fa\u0163\u0103 de Constitu\u0163ie, ceea ce nu prea v\u0103d azi la politicieni\u201d, a comentat aceast\u0103 situa\u0163ie, pentru Digi24, Gheorghe Iancu, profesor de drept constitu\u0163ional.<\/p>\n<h5>Politolog:\u00a0<span>El nu mai are o miz\u0103 politic\u0103 electoral\u0103 acum \u015fi \u015ftie c\u0103 PMP are nevoie de un vehicul care s\u0103-l trag\u0103 \u00een ceea ce prive\u015fte imaginea<\/span><\/h5>\n<p data-index=\"10\">\u201eAceast\u0103 declara\u0163ie e f\u0103cut\u0103 \u00een calitate de cet\u0103\u0163ean. Are dreptul s\u0103 voteze cu cine vrea, dar <strong>teoretic nu are dreptul s\u0103-\u015fi exprime op\u0163iunea \u00een calitate de pre\u015fedinte<\/strong>. Func\u0163ia preziden\u0163ial\u0103 e deasupra partidelor, pre\u015fedintele e un mediator \u015fi cel pu\u0163in \u00een calitate de pre\u015fedinte, cu steagurile \u00een spate nu poate face aceste declara\u0163ii.<\/p>\n<p data-index=\"11\"><strong>(VIDEO: Andrei \u0162\u0103ranu)<\/strong><\/p>\n<p data-index=\"12\"><strong>El nu mai are o miz\u0103 politic\u0103 electoral\u0103 acum \u015fi \u015ftie c\u0103 PMP are nevoie de un vehicul care s\u0103-l trag\u0103 \u00een ceea ce prive\u015fte imaginea.<\/strong> Din sondaje PMP nu a dep\u0103\u015fit \u00eenc\u0103 7%. Or, pentru a-\u015fi atinge scopul nu numai la europarlamentare, dar ele sunt un semnal pentru alian\u0163ele de dup\u0103, are nevoie de un scor foarte bun \u015fi atunci <strong>B\u0103sescu intervine pentru a-i da posibilitatea s\u0103 fie indentificat cu el, \u00eenc\u00e2t s\u0103 str\u00e2ng\u0103 to\u0163i b\u0103si\u015ftii \u00een jurul PMP, astfel \u00eenc\u00e2t s\u0103 lipseasc\u0103 PDL de electoratul s\u0103u tradi\u0163ional care e \u015fi electoratul lui B\u0103sescu<\/strong>\u201d, a spus la Digi24 <strong>politologul Andrei \u0162\u0103ranu.<\/strong><\/p>\n<p data-index=\"13\">\n<\/div>\n<p> Source URL: https:\/\/www.digi24.ro\/stiri\/actualitate\/politica\/traian-basescu-voi-vota-partidul-miscarea-populara-am-dreptul-sa-ma-imbrac-cum-vreau-238180<\/p>\n","protected":false},"excerpt":{"rendered":"<p>\u201eP\u0103cat c\u0103 sunt cu steagurile \u00een spate, a\u015f fi venit tot cu acel tricou. Am dreptul s\u0103 m\u0103 \u00eembrac cum vreau\u201d, a spus Traian B\u0103sescu. El a evitat s\u0103 r\u0103spund\u0103 \u00eentreb\u0103rii legat de moralitatea acestui gest. \u201eVoi vota Partidul Mi\u015fcarea Popular\u0103. Prin Constitu\u0163ie nu mi se interzice s\u0103 votez\u201d, a subliniat pre\u015fedintele. Elena Udrea a [&hellip;]<\/p>\n","protected":false},"author":1,"featured_media":206482,"comment_status":"open","ping_status":"","sticky":false,"template":"","format":"standard","meta":{"footnotes":""},"categories":[2],"tags":[11],"class_list":["post-206481","post","type-post","status-publish","format-standard","has-post-thumbnail","hentry","category-politics","tag-digi24"],"_links":{"self":[{"href":"https:\/\/analyse.optim.biz\/index.php?rest_route=\/wp\/v2\/posts\/206481","targetHints":{"allow":["GET"]}}],"collection":[{"href":"https:\/\/analyse.optim.biz\/index.php?rest_route=\/wp\/v2\/posts"}],"about":[{"href":"https:\/\/analyse.optim.biz\/index.php?rest_route=\/wp\/v2\/types\/post"}],"author":[{"embeddable":true,"href":"https:\/\/analyse.optim.biz\/index.php?rest_route=\/wp\/v2\/users\/1"}],"replies":[{"embeddable":true,"href":"https:\/\/analyse.optim.biz\/index.php?rest_route=%2Fwp%2Fv2%2Fcomments&post=206481"}],"version-history":[{"count":0,"href":"https:\/\/analyse.optim.biz\/index.php?rest_route=\/wp\/v2\/posts\/206481\/revisions"}],"wp:featuredmedia":[{"embeddable":true,"href":"https:\/\/analyse.optim.biz\/index.php?rest_route=\/wp\/v2\/media\/206482"}],"wp:attachment":[{"href":"https:\/\/analyse.optim.biz\/index.php?rest_route=%2Fwp%2Fv2%2Fmedia&parent=206481"}],"wp:term":[{"taxonomy":"category","embeddable":true,"href":"https:\/\/analyse.optim.biz\/index.php?rest_route=%2Fwp%2Fv2%2Fcategories&post=206481"},{"taxonomy":"post_tag","embeddable":true,"href":"https:\/\/analyse.optim.biz\/index.php?rest_route=%2Fwp%2Fv2%2Ftags&post=206481"}],"curies":[{"name":"wp","href":"https:\/\/api.w.org\/{rel}","templated":true}]}}