{"id":2064732,"date":"2026-07-19T11:01:55","date_gmt":"2026-07-19T08:01:55","guid":{"rendered":"https:\/\/analyse.optim.biz\/?p=2064732"},"modified":"2026-07-19T11:01:55","modified_gmt":"2026-07-19T08:01:55","slug":"l-ati-vazut-2","status":"publish","type":"post","link":"https:\/\/analyse.optim.biz\/?p=2064732","title":{"rendered":"L-a\u021bi v\u0103zut ?"},"content":{"rendered":"<p>[analyse_image type=&#8221;featured&#8221; src=&#8221;https:\/\/infotulcea.ro\/wp-content\/uploads\/2026\/07\/ipj-1-2.jpeghttps:\/\/infotulcea.ro\/wp-content\/uploads\/2026\/07\/ipj-1-2.jpeg&#8221;]<\/p>\n<div id=\"content\" class=\"site-content container\">\n<div id=\"main-content-row\" class=\"tie-row main-content-row\">\n<div class=\"main-content tie-col-md-8 tie-col-xs-12\" role=\"main\">\n<article id=\"the-post\" class=\"container-wrapper post-content tie-standard\">\n<header class=\"entry-header-outer\">\n<nav id=\"breadcrumb\"><a href=\"https:\/\/infotulcea.ro\/\"> Home<\/a><em class=\"delimiter\">\/<\/em><a href=\"https:\/\/infotulcea.ro\/categorie\/comunicate\/\">Comunicate<\/a><em class=\"delimiter\">\/<\/em><span class=\"current\">L-a\u021bi v\u0103zut ?<\/span><\/nav>\n<div class=\"entry-header\"><span class=\"post-cat-wrap\"><a class=\"post-cat tie-cat-35\" href=\"https:\/\/infotulcea.ro\/categorie\/comunicate\/\">Comunicate<\/a><\/span><\/p>\n<h1 class=\"post-title entry-title\">\n\t\t\tL-a\u021bi v\u0103zut ?\t\t<\/h1>\n<div class=\"single-post-meta post-meta clearfix\"><span class=\"author-meta single-author no-avatars\"><span class=\"meta-item meta-author-wrapper meta-author-9\"><span class=\"meta-author\"><a href=\"https:\/\/infotulcea.ro\/author\/redactia-2\/\" class=\"author-name tie-icon\" title=\"Redactia\">Redactia<\/a><\/span><\/span><\/span><span class=\"date meta-item tie-icon\">19 iulie 2026<\/span><\/p>\n<div class=\"tie-alignright\"><span class=\"meta-comment tie-icon meta-item fa-before\">0<\/span><span class=\"meta-views meta-item \"> 445 <\/span><span class=\"meta-reading-time meta-item\"> Less than a minute<\/span><\/div>\n<\/div>\n<\/div>\n<\/header>\n<div class=\"entry-content entry clearfix\">\n<p><strong>Poli\u021bi\u0219tii din cadrul Inspectoratului de Poli\u021bie Jude\u021bean Tulcea au fost sesiza\u021bi la data de 18 iulie 2026, cu privire la dispari\u021bia minorului Agafi\u021bei David, \u00een v\u00e2rst\u0103 de 14 ani, din ora\u0219ul Babadag.<\/strong><\/p>\n<p>Potrivit sesiz\u0103rii acesta a plecat voluntar de la domiciliul s\u0103u din ora\u0219ul Babadag \u0219i nu a mai revenit p\u00e2n\u0103 \u00een prezent.<\/p>\n<source sizes=\"(max-width: 264px) 100vw, 264px\" type=\"image\/webp\" data-srcset=\"https:\/\/infotulcea.ro\/wp-content\/uploads\/2026\/07\/ipj-1-2-346x500.jpeg.webp 346w, https:\/\/infotulcea.ro\/wp-content\/uploads\/2026\/07\/ipj-1-2-708x1024.jpeg.webp 708w, https:\/\/infotulcea.ro\/wp-content\/uploads\/2026\/07\/ipj-1-2-768x1111.jpeg.webp 768w, https:\/\/infotulcea.ro\/wp-content\/uploads\/2026\/07\/ipj-1-2.jpeg.webp 794w\" \/>\n<p><img loading=\"lazy\" decoding=\"async\" class=\" wp-image-40142 alignleft\" src=\"https:\/\/infotulcea.ro\/wp-content\/uploads\/2026\/07\/ipj-1-2-346x500.jpeg\" alt width=\"264\" height=\"382\">Minorul are aproximativ 1,70 m \u00een\u0103l\u021bime, c\u00e2nt\u0103re\u0219te aproximativ 90 kg, are p\u0103rul castaniu \u0219i cre\u021b, iar la momentul dispari\u021biei purta un tricou galben, pantaloni scur\u021bi de culoare deschis\u0103 \u0219i papuci.<\/p>\n<p>Poli\u021bi\u0219tii desf\u0103\u0219oar\u0103 activit\u0103\u021bi specifice pentru depistarea minorului.<\/p>\n<p>Persoanele care pot furniza informa\u021bii ce pot conduce la g\u0103sirea acestuia sunt rugate s\u0103 apeleze de urgen\u021b\u0103 num\u0103rul unic 112 sau s\u0103 se adreseze celei mai apropiate unit\u0103\u021bi de poli\u021bie.<\/p>\n<\/div>\n<div id=\"post-extra-info\">\n<div class=\"theiaStickySidebar\">\n<div class=\"single-post-meta post-meta clearfix\"><span class=\"author-meta single-author no-avatars\"><span class=\"meta-item meta-author-wrapper meta-author-9\"><span class=\"meta-author\"><a href=\"https:\/\/infotulcea.ro\/author\/redactia-2\/\" class=\"author-name tie-icon\" title=\"Redactia\">Redactia<\/a><\/span><\/span><\/span><span class=\"date meta-item tie-icon\">19 iulie 2026<\/span><\/p>\n<div class=\"tie-alignright\"><span class=\"meta-comment tie-icon meta-item fa-before\">0<\/span><span class=\"meta-views meta-item \"> 445 <\/span><span class=\"meta-reading-time meta-item\"> Less than a minute<\/span><\/div>\n<\/div>\n<\/div>\n<\/div>\n<div id=\"share-buttons-bottom\" class=\"share-buttons share-buttons-bottom\">\n<div class=\"share-links  icons-only\">\n<div class=\"share-title\"><span> Share<\/span><\/div>\n<p><a href=\"https:\/\/www.facebook.com\/sharer.php?u=https:\/\/infotulcea.ro\/l-ati-vazut-2\/\" rel=\"external noopener nofollow\" title=\"Facebook\" target=\"_blank\" class=\"facebook-share-btn \" data-raw=\"https:\/\/www.facebook.com\/sharer.php?u={post_link}\"><span class=\"screen-reader-text\">Facebook<\/span><\/a><a href=\"https:\/\/twitter.com\/intent\/tweet?text=L-a%C8%9Bi%20v%C4%83zut%20%3F&amp;url=https:\/\/infotulcea.ro\/l-ati-vazut-2\/\" rel=\"external noopener nofollow\" title=\"X\" target=\"_blank\" class=\"twitter-share-btn \" data-raw=\"https:\/\/twitter.com\/intent\/tweet?text={post_title}&amp;url={post_link}\"><span class=\"screen-reader-text\">X<\/span><\/a><a href=\"https:\/\/api.whatsapp.com\/send?text=L-a%C8%9Bi%20v%C4%83zut%20%3F%20https:\/\/infotulcea.ro\/l-ati-vazut-2\/\" rel=\"external noopener nofollow\" title=\"WhatsApp\" target=\"_blank\" class=\"whatsapp-share-btn \" data-raw=\"https:\/\/api.whatsapp.com\/send?text={post_title}%20{post_link}\"><span class=\"screen-reader-text\">WhatsApp<\/span><\/a><a href=\"https:\/\/telegram.me\/share\/url?url=https:\/\/infotulcea.ro\/l-ati-vazut-2\/&amp;text=L-a%C8%9Bi%20v%C4%83zut%20%3F\" rel=\"external noopener nofollow\" title=\"Telegram\" target=\"_blank\" class=\"telegram-share-btn \" data-raw=\"https:\/\/telegram.me\/share\/url?url={post_link}&amp;text={post_title}\"><span class=\"screen-reader-text\">Telegram<\/span><\/a><a href=\"mailto:?subject=L-a%C8%9Bi%20v%C4%83zut%20%3F&amp;body=https:\/\/infotulcea.ro\/l-ati-vazut-2\/\" rel=\"external noopener nofollow\" title=\"Share via Email\" target=\"_blank\" class=\"email-share-btn \" data-raw=\"mailto:?subject={post_title}&amp;body={post_link}\"><span class=\"screen-reader-text\">Share via Email<\/span><\/a><a href=\"https:\/\/infotulcea.ro\/l-ati-vazut-2\/\" rel=\"external noopener nofollow\" title=\"Print\" target=\"_blank\" class=\"print-share-btn \" data-raw=\"#\"><span class=\"screen-reader-text\">Print<\/span><\/a><\/div>\n<\/div>\n<\/article>\n<div class=\"post-components\">\n<div id=\"related-posts\" class=\"container-wrapper has-extra-post\">\n<div class=\"mag-box-title the-global-title\">\n<h3>Related Articles<\/h3>\n<\/div>\n<div class=\"related-posts-list\">\n<div class=\"related-item tie-standard\"><a aria-label=\"Ordin de protec\u021bie emis pentru un b\u0103rbat violent din C\u00e2rjelari\" href=\"https:\/\/infotulcea.ro\/ordin-de-protectie-emis-pentru-un-barbat-violent-din-carjelari\/\" class=\"post-thumb\"><img loading=\"lazy\" decoding=\"async\" width=\"390\" height=\"220\" src=\"https:\/\/infotulcea.ro\/wp-content\/uploads\/2021\/03\/violenta-in-familie-va-fi-pedepsita-cu-inchisoarea-chiar-daca-partile-se-impaca-si-renunta-la-acuzatii-390x220.jpg\" class=\"attachment-jannah-image-large size-jannah-image-large wp-post-image lazyload\" alt><img loading=\"lazy\" decoding=\"async\" width=\"390\" height=\"220\" src=\"https:\/\/infotulcea.ro\/wp-content\/uploads\/2021\/03\/violenta-in-familie-va-fi-pedepsita-cu-inchisoarea-chiar-daca-partile-se-impaca-si-renunta-la-acuzatii-390x220.jpg\" class=\"attachment-jannah-image-large size-jannah-image-large wp-post-image\" alt><\/a><\/p>\n<h3 class=\"post-title\"><a href=\"https:\/\/infotulcea.ro\/ordin-de-protectie-emis-pentru-un-barbat-violent-din-carjelari\/\">Ordin de protec\u021bie emis pentru un b\u0103rbat violent din C\u00e2rjelari<\/a><\/h3>\n<div class=\"post-meta clearfix\"><span class=\"date meta-item tie-icon\">27 februarie 2023<\/span><\/div>\n<\/div>\n<div class=\"related-item tie-standard\"><a aria-label=\"PROIECTUL RIZE: Solidaritate \u00een Tulcea pentru refugia\u021bii ucraineni!\" href=\"https:\/\/infotulcea.ro\/proiectul-rize-solidaritate-in-tulcea-pentru-refugiatii-ucraineni\/\" class=\"post-thumb\"><source type=\"image\/webp\" data-srcset=\"https:\/\/infotulcea.ro\/wp-content\/uploads\/2025\/08\/roua-390x220.jpg.webp\" \/><img loading=\"lazy\" decoding=\"async\" width=\"390\" height=\"220\" src=\"https:\/\/infotulcea.ro\/wp-content\/uploads\/2025\/08\/roua-390x220.jpg\" class=\"attachment-jannah-image-large size-jannah-image-large wp-post-image\" alt><\/a><\/p>\n<h3 class=\"post-title\"><a href=\"https:\/\/infotulcea.ro\/proiectul-rize-solidaritate-in-tulcea-pentru-refugiatii-ucraineni\/\">PROIECTUL RIZE: Solidaritate \u00een Tulcea pentru refugia\u021bii ucraineni!<\/a><\/h3>\n<div class=\"post-meta clearfix\"><span class=\"date meta-item tie-icon\">20 august 2025<\/span><\/div>\n<\/div>\n<div class=\"related-item tie-standard\"><a aria-label=\"Festivalul Interna\u021bional de Folclor ,,Pe\u0219ti\u0219orul de Aur\u201d \u00eencepe ast\u0103zi \u00een municipiul Tulcea, iar jandarmii vor asigura buna desf\u0103\u0219urare a evenimentului\" href=\"https:\/\/infotulcea.ro\/festivalul-international-de-folclor-pestisorul-de-aur-incepe-astazi-in-municipiul-tulcea-iar-jandarmii-vor-asigura-buna-desfasurare-a-evenimentului\/\" class=\"post-thumb\"><source type=\"image\/webp\" data-srcset=\"https:\/\/infotulcea.ro\/wp-content\/uploads\/2023\/08\/asigurare-Pestisorul-de-Aur-390x220.jpg.webp\" \/><img loading=\"lazy\" decoding=\"async\" width=\"390\" height=\"220\" src=\"https:\/\/infotulcea.ro\/wp-content\/uploads\/2023\/08\/asigurare-Pestisorul-de-Aur-390x220.jpg\" class=\"attachment-jannah-image-large size-jannah-image-large wp-post-image\" alt><\/a><\/p>\n<h3 class=\"post-title\"><a href=\"https:\/\/infotulcea.ro\/festivalul-international-de-folclor-pestisorul-de-aur-incepe-astazi-in-municipiul-tulcea-iar-jandarmii-vor-asigura-buna-desfasurare-a-evenimentului\/\">Festivalul Interna\u021bional de Folclor ,,Pe\u0219ti\u0219orul de Aur\u201d \u00eencepe ast\u0103zi \u00een municipiul Tulcea, iar jandarmii vor asigura buna desf\u0103\u0219urare a evenimentului<\/a><\/h3>\n<div class=\"post-meta clearfix\"><span class=\"date meta-item tie-icon\">8 august 2023<\/span><\/div>\n<\/div>\n<div class=\"related-item tie-standard\"><a aria-label=\"Prins de radar cu 125kmh prin Ciucurova!\" href=\"https:\/\/infotulcea.ro\/prins-de-radar-cu-125kmh-prin-ciucurova\/\" class=\"post-thumb\"><source type=\"image\/webp\" data-srcset=\"https:\/\/infotulcea.ro\/wp-content\/uploads\/2023\/05\/IMG-20230528-WA0004-390x220.jpg.webp\" \/><img loading=\"lazy\" decoding=\"async\" width=\"390\" height=\"220\" src=\"https:\/\/infotulcea.ro\/wp-content\/uploads\/2023\/05\/IMG-20230528-WA0004-390x220.jpg\" class=\"attachment-jannah-image-large size-jannah-image-large wp-post-image\" alt><\/a><\/p>\n<h3 class=\"post-title\"><a href=\"https:\/\/infotulcea.ro\/prins-de-radar-cu-125kmh-prin-ciucurova\/\">Prins de radar cu 125kmh prin Ciucurova!<\/a><\/h3>\n<div class=\"post-meta clearfix\"><span class=\"date meta-item tie-icon\">11 iunie 2023<\/span><\/div>\n<\/div>\n<\/div>\n<\/div>\n<div id=\"comments\" class=\"comments-area\">\n<div id=\"add-comment-block\" class=\"container-wrapper\">\n<div id=\"respond\" class=\"comment-respond\">\n<h3 id=\"reply-title\" class=\"comment-reply-title the-global-title\">Las\u0103 un r\u0103spuns <small><a rel=\"nofollow\" id=\"cancel-comment-reply-link\" href=\"https:\/\/infotulcea.ro\/l-ati-vazut-2\/#respond\">Anuleaz\u0103 r\u0103spunsul<\/a><\/small><\/h3>\n<p class=\"comment-notes\"><span id=\"email-notes\">Adresa ta de email nu va fi publicat\u0103.<\/span><span class=\"required-field-message\">C\u00e2mpurile obligatorii sunt marcate cu <span class=\"required\">*<\/span><\/span><\/p>\n<\/div>\n<\/div>\n<\/div>\n<\/div>\n<\/div>\n<div id=\"check-also-box\" class=\"container-wrapper check-also-right\">\n<div class=\"widget-title the-global-title\">\n<div class=\"the-subtitle\">Check Also<\/div>\n<p><a href=\"https:\/\/infotulcea.ro\/l-ati-vazut-2\/\" id=\"check-also-close\" class=\"remove\"><span class=\"screen-reader-text\">Close<\/span><\/a><\/div>\n<div class=\"widget posts-list-big-first has-first-big-post\">\n<ul class=\"posts-list-items\">\n<li class=\"widget-single-post-item widget-post-list tie-standard\">\n<div class=\"post-widget-thumbnail\"><a aria-label=\"T\u00e2n\u0103r din Vaslui, disp\u0103rut dup\u0103 ce a plecat la munc\u0103 \u00een Babadag. Familia cere ajutorul popula\u021biei\" href=\"https:\/\/infotulcea.ro\/tanar-din-babadag-cautat-dupa-ce-a-disparut-fara-urma-familia-cere-ajutorul-populatiei\/\" class=\"post-thumb\"><span class=\"post-cat-wrap\"><span class=\"post-cat tie-cat-35\">Comunicate<\/span><\/span><source type=\"image\/webp\" data-srcset=\"https:\/\/infotulcea.ro\/wp-content\/uploads\/2026\/07\/babadag-390x220.jpeg.webp\" \/><img loading=\"lazy\" decoding=\"async\" width=\"390\" height=\"220\" src=\"https:\/\/infotulcea.ro\/wp-content\/uploads\/2026\/07\/babadag-390x220.jpeg\" class=\"attachment-jannah-image-large size-jannah-image-large wp-post-image\" alt><\/a><\/div>\n<div class=\"post-widget-body \"><a class=\"post-title the-subtitle\" href=\"https:\/\/infotulcea.ro\/tanar-din-babadag-cautat-dupa-ce-a-disparut-fara-urma-familia-cere-ajutorul-populatiei\/\">T\u00e2n\u0103r din Vaslui, disp\u0103rut dup\u0103 ce a plecat la munc\u0103 \u00een Babadag. Familia cere ajutorul popula\u021biei<\/a><\/p>\n<div class=\"post-meta\"><span class=\"date meta-item tie-icon\">22 iulie 2026<\/span><\/div>\n<\/div>\n<\/li>\n<\/ul>\n<\/div>\n<\/div>\n<aside class=\"sidebar tie-col-md-4 tie-col-xs-12 normal-side is-sticky\" aria-label=\"Primary Sidebar\">\n<div class=\"theiaStickySidebar\">\n<div id=\"media_image-19\" class=\"container-wrapper widget widget_media_image\"><a href=\"https:\/\/infotulcea.ro\/delta-dunarii-mai-accesibila-navrom-delta-creste-numarul-curselor-regulate-de-la-1-mai-2025\/\"><source sizes=\"(max-width: 500px) 100vw, 500px\" type=\"image\/webp\" data-srcset=\"https:\/\/infotulcea.ro\/wp-content\/uploads\/2025\/04\/navrom-delta-500x271.jpg.webp 500w, https:\/\/infotulcea.ro\/wp-content\/uploads\/2025\/04\/navrom-delta-1024x555.jpg.webp 1024w, https:\/\/infotulcea.ro\/wp-content\/uploads\/2025\/04\/navrom-delta-768x416.jpg.webp 768w, https:\/\/infotulcea.ro\/wp-content\/uploads\/2025\/04\/navrom-delta.jpg.webp 1080w\" \/><img loading=\"lazy\" decoding=\"async\" width=\"500\" height=\"271\" src=\"https:\/\/infotulcea.ro\/wp-content\/uploads\/2025\/04\/navrom-delta-500x271.jpg\" class=\"image wp-image-34487  attachment-medium size-medium\" alt><\/a><\/div>\n<div id=\"media_image-17\" class=\"container-wrapper widget widget_media_image\"><a href=\"https:\/\/www.facebook.com\/share\/p\/1DGAD1tLWN\/?mibextid=wwXIfr\" target=\"_blank\"><source sizes=\"(max-width: 500px) 100vw, 500px\" type=\"image\/webp\" data-srcset=\"https:\/\/infotulcea.ro\/wp-content\/uploads\/2026\/01\/IMG_1563-500x500.jpeg.webp 500w, https:\/\/infotulcea.ro\/wp-content\/uploads\/2026\/01\/IMG_1563-1024x1024.jpeg.webp 1024w, https:\/\/infotulcea.ro\/wp-content\/uploads\/2026\/01\/IMG_1563-250x250.jpeg.webp 250w, https:\/\/infotulcea.ro\/wp-content\/uploads\/2026\/01\/IMG_1563-768x768.jpeg.webp 768w, https:\/\/infotulcea.ro\/wp-content\/uploads\/2026\/01\/IMG_1563.jpeg.webp 1080w\" \/><img loading=\"lazy\" decoding=\"async\" width=\"500\" height=\"500\" src=\"https:\/\/infotulcea.ro\/wp-content\/uploads\/2026\/01\/IMG_1563-500x500.jpeg\" class=\"image wp-image-37932  attachment-medium size-medium\" alt title=\"Centrale pe lemne\"><\/a><\/div>\n<div id=\"media_image-18\" class=\"container-wrapper widget widget_media_image\"><a href=\"https:\/\/www.licitatia.ro\/site\/index-guest\"><img loading=\"lazy\" decoding=\"async\" width=\"500\" height=\"262\" src=\"https:\/\/infotulcea.ro\/wp-content\/uploads\/2025\/09\/licitatia-500x262.png\" class=\"image wp-image-36670  attachment-medium size-medium lazyload\" alt><img loading=\"lazy\" decoding=\"async\" width=\"500\" height=\"262\" src=\"https:\/\/infotulcea.ro\/wp-content\/uploads\/2025\/09\/licitatia-500x262.png\" class=\"image wp-image-36670  attachment-medium size-medium\" alt><\/a><\/div>\n<div id=\"media_image-27\" class=\"container-wrapper widget widget_media_image\"><a href=\"https:\/\/www.centrale-lemne-liepsnele.ro\/\"><img loading=\"lazy\" decoding=\"async\" width=\"500\" height=\"500\" src=\"https:\/\/infotulcea.ro\/wp-content\/uploads\/2025\/09\/Centrale-pe-Lemne-Liepsnele-500x500.png\" class=\"image wp-image-36541  attachment-medium size-medium lazyload\" alt=\"Centrala pe lemne\"><img loading=\"lazy\" decoding=\"async\" width=\"500\" height=\"500\" src=\"https:\/\/infotulcea.ro\/wp-content\/uploads\/2025\/09\/Centrale-pe-Lemne-Liepsnele-500x500.png\" class=\"image wp-image-36541  attachment-medium size-medium\" alt=\"Centrala pe lemne\"><\/a><\/div>\n<div id=\"media_image-28\" class=\"container-wrapper widget widget_media_image\"><a href=\"https:\/\/infotulcea.ro\/angajeaza-te-ro-platforma-ta-online-de-angajari-si-forta-de-munca\/\"><source sizes=\"(max-width: 500px) 100vw, 500px\" type=\"image\/webp\" data-srcset=\"https:\/\/infotulcea.ro\/wp-content\/uploads\/2025\/04\/banner-angajazate-1-500x305.jpg.webp 500w, https:\/\/infotulcea.ro\/wp-content\/uploads\/2025\/04\/banner-angajazate-1-1024x625.jpg.webp 1024w, https:\/\/infotulcea.ro\/wp-content\/uploads\/2025\/04\/banner-angajazate-1-768x469.jpg.webp 768w, https:\/\/infotulcea.ro\/wp-content\/uploads\/2025\/04\/banner-angajazate-1.jpg.webp 1080w\" \/><img loading=\"lazy\" decoding=\"async\" width=\"500\" height=\"305\" src=\"https:\/\/infotulcea.ro\/wp-content\/uploads\/2025\/04\/banner-angajazate-1-500x305.jpg\" class=\"image wp-image-34317  attachment-medium size-medium\" alt><\/a><\/div>\n<\/div>\n<\/aside>\n<\/div>\n<\/div>\n<div class=\"entry-content entry clearfix\">\n<p><strong>Poli\u021bi\u0219tii din cadrul Inspectoratului de Poli\u021bie Jude\u021bean Tulcea au fost sesiza\u021bi la data de 18 iulie 2026, cu privire la dispari\u021bia minorului Agafi\u021bei David, \u00een v\u00e2rst\u0103 de 14 ani, din ora\u0219ul Babadag.<\/strong><\/p>\n<p>Potrivit sesiz\u0103rii acesta a plecat voluntar de la domiciliul s\u0103u din ora\u0219ul Babadag \u0219i nu a mai revenit p\u00e2n\u0103 \u00een prezent.<\/p>\n<source sizes=\"(max-width: 264px) 100vw, 264px\" type=\"image\/webp\" data-srcset=\"https:\/\/infotulcea.ro\/wp-content\/uploads\/2026\/07\/ipj-1-2-346x500.jpeg.webp 346w, https:\/\/infotulcea.ro\/wp-content\/uploads\/2026\/07\/ipj-1-2-708x1024.jpeg.webp 708w, https:\/\/infotulcea.ro\/wp-content\/uploads\/2026\/07\/ipj-1-2-768x1111.jpeg.webp 768w, https:\/\/infotulcea.ro\/wp-content\/uploads\/2026\/07\/ipj-1-2.jpeg.webp 794w\" \/>\n<p><img loading=\"lazy\" decoding=\"async\" class=\" wp-image-40142 alignleft\" src=\"https:\/\/infotulcea.ro\/wp-content\/uploads\/2026\/07\/ipj-1-2-346x500.jpeg\" alt width=\"264\" height=\"382\">Minorul are aproximativ 1,70 m \u00een\u0103l\u021bime, c\u00e2nt\u0103re\u0219te aproximativ 90 kg, are p\u0103rul castaniu \u0219i cre\u021b, iar la momentul dispari\u021biei purta un tricou galben, pantaloni scur\u021bi de culoare deschis\u0103 \u0219i papuci.<\/p>\n<p>Poli\u021bi\u0219tii desf\u0103\u0219oar\u0103 activit\u0103\u021bi specifice pentru depistarea minorului.<\/p>\n<p>Persoanele care pot furniza informa\u021bii ce pot conduce la g\u0103sirea acestuia sunt rugate s\u0103 apeleze de urgen\u021b\u0103 num\u0103rul unic 112 sau s\u0103 se adreseze celei mai apropiate unit\u0103\u021bi de poli\u021bie.<\/p>\n<\/div>\n<div class=\"articleBody\" data-key=\"articleBody\">Poli\u021bi\u0219tii din cadrul Inspectoratului de Poli\u021bie Jude\u021bean Tulcea au fost sesiza\u021bi la data de 18 iulie 2026, cu privire la dispari\u021bia minorului Agafi\u021bei David, \u00een v\u00e2rst\u0103 de 14 ani, din ora\u0219ul Babadag.<\/p>\n<p>Potrivit sesiz\u0103rii acesta a plecat voluntar de la domiciliul s\u0103u din ora\u0219ul Babadag \u0219i nu a mai revenit p\u00e2n\u0103 \u00een prezent.<\/p>\n<p>Minorul are aproximativ 1,70 m \u00een\u0103l\u021bime, c\u00e2nt\u0103re\u0219te aproximativ 90 kg, are p\u0103rul castaniu \u0219i cre\u021b, iar la momentul dispari\u021biei purta un tricou galben, pantaloni scur\u021bi de culoare deschis\u0103 \u0219i papuci.<\/p>\n<p>Poli\u021bi\u0219tii desf\u0103\u0219oar\u0103 activit\u0103\u021bi specifice pentru depistarea minorului.<\/p>\n<p>Persoanele care pot furniza informa\u021bii ce pot conduce la g\u0103sirea acestuia sunt rugate s\u0103 apeleze de urgen\u021b\u0103 num\u0103rul unic 112 sau s\u0103 se adreseze celei mai apropiate unit\u0103\u021bi de poli\u021bie.<\/p><\/div>\n<p>[analyse_source url=&#8221;https:\/\/infotulcea.ro\/l-ati-vazut-2\/&#8221;]<\/p>\n","protected":false},"excerpt":{"rendered":"<p>[analyse_image type=&#8221;featured&#8221; src=&#8221;https:\/\/infotulcea.ro\/wp-content\/uploads\/2026\/07\/ipj-1-2.jpeghttps:\/\/infotulcea.ro\/wp-content\/uploads\/2026\/07\/ipj-1-2.jpeg&#8221;] Home\/Comunicate\/L-a\u021bi v\u0103zut ? Comunicate L-a\u021bi v\u0103zut ? Redactia19 iulie 2026 0 445 Less than a minute Poli\u021bi\u0219tii din cadrul Inspectoratului de Poli\u021bie Jude\u021bean Tulcea au fost sesiza\u021bi la data de 18 iulie 2026, cu privire la dispari\u021bia minorului Agafi\u021bei David, \u00een v\u00e2rst\u0103 de 14 ani, din ora\u0219ul Babadag. Potrivit sesiz\u0103rii acesta a [&hellip;]<\/p>\n","protected":false},"author":1,"featured_media":0,"comment_status":"open","ping_status":"","sticky":false,"template":"","format":"standard","meta":{"footnotes":""},"categories":[89],"tags":[226,221],"class_list":["post-2064732","post","type-post","status-publish","format-standard","hentry","category-romania","tag-crawlmanager","tag-infotulcea-ro"],"_links":{"self":[{"href":"https:\/\/analyse.optim.biz\/index.php?rest_route=\/wp\/v2\/posts\/2064732","targetHints":{"allow":["GET"]}}],"collection":[{"href":"https:\/\/analyse.optim.biz\/index.php?rest_route=\/wp\/v2\/posts"}],"about":[{"href":"https:\/\/analyse.optim.biz\/index.php?rest_route=\/wp\/v2\/types\/post"}],"author":[{"embeddable":true,"href":"https:\/\/analyse.optim.biz\/index.php?rest_route=\/wp\/v2\/users\/1"}],"replies":[{"embeddable":true,"href":"https:\/\/analyse.optim.biz\/index.php?rest_route=%2Fwp%2Fv2%2Fcomments&post=2064732"}],"version-history":[{"count":0,"href":"https:\/\/analyse.optim.biz\/index.php?rest_route=\/wp\/v2\/posts\/2064732\/revisions"}],"wp:attachment":[{"href":"https:\/\/analyse.optim.biz\/index.php?rest_route=%2Fwp%2Fv2%2Fmedia&parent=2064732"}],"wp:term":[{"taxonomy":"category","embeddable":true,"href":"https:\/\/analyse.optim.biz\/index.php?rest_route=%2Fwp%2Fv2%2Fcategories&post=2064732"},{"taxonomy":"post_tag","embeddable":true,"href":"https:\/\/analyse.optim.biz\/index.php?rest_route=%2Fwp%2Fv2%2Ftags&post=2064732"}],"curies":[{"name":"wp","href":"https:\/\/api.w.org\/{rel}","templated":true}]}}