{"id":2064731,"date":"2026-07-18T13:48:13","date_gmt":"2026-07-18T10:48:13","guid":{"rendered":"https:\/\/analyse.optim.biz\/?p=2064731"},"modified":"2026-07-18T13:48:13","modified_gmt":"2026-07-18T10:48:13","slug":"rezultatele-jandarmilor-tulceni-in-primul-semestru-al-anului-2026","status":"publish","type":"post","link":"https:\/\/analyse.optim.biz\/?p=2064731","title":{"rendered":"Rezultatele jandarmilor tulceni \u00een primul semestru al anului 2026"},"content":{"rendered":"<p>[analyse_image type=&#8221;featured&#8221; src=&#8221;https:\/\/infotulcea.ro\/wp-content\/uploads\/2026\/07\/ijj.jpeghttps:\/\/infotulcea.ro\/wp-content\/uploads\/2026\/07\/ijj.jpeg&#8221;]<\/p>\n<div id=\"content\" class=\"site-content container\">\n<div id=\"main-content-row\" class=\"tie-row main-content-row\">\n<div class=\"main-content tie-col-md-8 tie-col-xs-12\" role=\"main\">\n<article id=\"the-post\" class=\"container-wrapper post-content tie-standard\">\n<header class=\"entry-header-outer\">\n<nav id=\"breadcrumb\"><a href=\"https:\/\/infotulcea.ro\/\"> Home<\/a><em class=\"delimiter\">\/<\/em><a href=\"https:\/\/infotulcea.ro\/categorie\/comunicate\/\">Comunicate<\/a><em class=\"delimiter\">\/<\/em><span class=\"current\">Rezultatele jandarmilor tulceni \u00een primul semestru al anului 2026<\/span><\/nav>\n<div class=\"entry-header\"><span class=\"post-cat-wrap\"><a class=\"post-cat tie-cat-35\" href=\"https:\/\/infotulcea.ro\/categorie\/comunicate\/\">Comunicate<\/a><\/span><\/p>\n<h1 class=\"post-title entry-title\">\n\t\t\tRezultatele jandarmilor tulceni \u00een primul semestru al anului 2026\t\t<\/h1>\n<div class=\"single-post-meta post-meta clearfix\"><span class=\"author-meta single-author no-avatars\"><span class=\"meta-item meta-author-wrapper meta-author-9\"><span class=\"meta-author\"><a href=\"https:\/\/infotulcea.ro\/author\/redactia-2\/\" class=\"author-name tie-icon\" title=\"Redactia\">Redactia<\/a><\/span><\/span><\/span><span class=\"date meta-item tie-icon\">18 iulie 2026<\/span><\/p>\n<div class=\"tie-alignright\"><span class=\"meta-comment tie-icon meta-item fa-before\">0<\/span><span class=\"meta-views meta-item \"> 438 <\/span><span class=\"meta-reading-time meta-item\"> 1 minute read<\/span><\/div>\n<\/div>\n<\/div>\n<\/header>\n<div class=\"entry-content entry clearfix\">\n<p><strong>Cre\u0219terea gradului de siguran\u021b\u0103 al cet\u0103\u021benilor prin asigurarea m\u0103surilor de ordine la manifest\u0103rile cu public numeros \u0219i participarea la misiuni de men\u0163inere \u00een sistem integrat au fost principalele obiective ale Jandarmeriei Tulcea \u00een primul semestru al anului 2026.<\/strong><br \/>\nEfectivele Inspectoratului de Jandarmi Jude\u021bean Tulcea au desf\u0103\u0219urat, \u00een primul semestru al anului 2026, 61 \ud835\udc26\ud835\udc22\ud835\udc2c\ud835\udc22\ud835\udc2e\ud835\udc27\ud835\udc22 \ud835\udc1d\ud835\udc1e \ud835\udc1a\ud835\udc2c\ud835\udc22\ud835\udc20\ud835\udc2e\ud835\udc2b\ud835\udc1a\ud835\udc2b\ud835\udc1e \ud835\udc1a \ud835\udc28\ud835\udc2b\ud835\udc1d\ud835\udc22\ud835\udc27\ud835\udc22\ud835\udc22 \ud835\udc29\ud835\udc2e\ud835\udc1b\ud835\udc25\ud835\udc22\ud835\udc1c\ud835\udc1e la manifest\u0103ri sportive, religioase, cultural artistice, activit\u0103\u021bi de protest, manifesta\u021bii comerciale sau vizite oficiale \u0219i 641 \ud835\udc1d\ud835\udc1e \ud835\udc26\ud835\udc22\ud835\udc2c\ud835\udc22\ud835\udc2e\ud835\udc27\ud835\udc22 \ud835\udc1d\ud835\udc1e \ud835\udc26\ud835\udc1e\ud835\udc27\ud835\udc2d\u0326\ud835\udc22\ud835\udc27\ud835\udc1e\ud835\udc2b\ud835\udc1e \ud835\udc1a \ud835\udc28\ud835\udc2b\ud835\udc1d\ud835\udc22\ud835\udc27\ud835\udc22\ud835\udc22 \ud835\udc2c\u0326\ud835\udc22 \ud835\udc2c\ud835\udc22\ud835\udc20\ud835\udc2e\ud835\udc2b\ud835\udc1a\ud835\udc27\ud835\udc2d\u0326\ud835\udc1e\ud835\udc22 \ud835\udc29\ud835\udc2e\ud835\udc1b\ud835\udc25\ud835\udc22\ud835\udc1c\ud835\udc1e, prioritatea fiind asigurarea unui climat de siguran\u021b\u0103 civic\u0103 \u0219i interven\u021bia prompt\u0103 pentru solu\u021bionarea problemelor sesizate de cet\u0103\u021beni.<br \/>\n\u00cen perioada evaluat\u0103, jandarmii tulceni au asigurat interven\u021bia la 286 evenimente semnalate prin sistemul unic de urgen\u021b\u0103 112. De asemenea au fost puse \u00een aplicare 458 de mandate de aducere a unor persoane \u00een fa\u021ba instan\u021belor de judecat\u0103.<br \/><source sizes=\"(max-width: 480px) 100vw, 480px\" type=\"image\/webp\" data-srcset=\"https:\/\/infotulcea.ro\/wp-content\/uploads\/2026\/07\/ijj-500x350.jpeg.webp 500w, https:\/\/infotulcea.ro\/wp-content\/uploads\/2026\/07\/ijj-1024x716.jpeg.webp 1024w, https:\/\/infotulcea.ro\/wp-content\/uploads\/2026\/07\/ijj-768x537.jpeg.webp 768w, https:\/\/infotulcea.ro\/wp-content\/uploads\/2026\/07\/ijj.jpeg.webp 1080w\" \/><\/p>\n<p><img loading=\"lazy\" decoding=\"async\" class=\" wp-image-40136 alignleft\" src=\"https:\/\/infotulcea.ro\/wp-content\/uploads\/2026\/07\/ijj-500x350.jpeg\" alt width=\"480\" height=\"336\">A fost asigurat\u0103 paza la un num\u0103r de 6 transporturi de produse cu caracter special pentru armament \u0219i muni\u021bie, la un num\u0103r de 33 de transporturi de valori \u0219i la 229 transporturi de coresponden\u021b\u0103 clasificat\u0103.<br \/>\n\u00cen urma misiunilor executate, jandarmii tulceni au constatat 61 de fapte care au perturbat ordinea \u0219i lini\u0219tea public\u0103. \u00cen perioada de referin\u021b\u0103, au fost aplicate 466 de sanc\u021biuni contraven\u021bionale, \u00een cuantum total 193.300 lei \u0219i au fost realizate 3250 de verific\u0103ri cu ajutorul aplica\u021biei e-Dac.<br \/>\nAu fost desf\u0103\u0219urate 28 de activit\u0103\u021bi preventiv-informative \u00een cadrul programelor: \u201e\u0218coala ta \u00een siguran\u021b\u0103\u201d, \u201eMAI mult\u0103 grij\u0103, MAI mult\u0103 siguran\u021b\u0103\u201d, dar \u0219i alte programe, la care au participat aproximativ 1052 de persoane, fiind distribuite un num\u0103r de 140 de materiale de informare.<br \/>\nReamintim cet\u0103\u021benilor faptul c\u0103 pot solicita, ori de c\u00e2te ori este nevoie, sprijinul jandarmilor afla\u021bi \u00een dispozitivele de ordine public\u0103 sau prin apelarea num\u0103rul unic pentru apeluri de urgen\u021b\u0103 112.\n<\/div>\n<div id=\"post-extra-info\">\n<div class=\"theiaStickySidebar\">\n<div class=\"single-post-meta post-meta clearfix\"><span class=\"author-meta single-author no-avatars\"><span class=\"meta-item meta-author-wrapper meta-author-9\"><span class=\"meta-author\"><a href=\"https:\/\/infotulcea.ro\/author\/redactia-2\/\" class=\"author-name tie-icon\" title=\"Redactia\">Redactia<\/a><\/span><\/span><\/span><span class=\"date meta-item tie-icon\">18 iulie 2026<\/span><\/p>\n<div class=\"tie-alignright\"><span class=\"meta-comment tie-icon meta-item fa-before\">0<\/span><span class=\"meta-views meta-item \"> 438 <\/span><span class=\"meta-reading-time meta-item\"> 1 minute read<\/span><\/div>\n<\/div>\n<\/div>\n<\/div>\n<div id=\"share-buttons-bottom\" class=\"share-buttons share-buttons-bottom\">\n<div class=\"share-links  icons-only\">\n<div class=\"share-title\"><span> Share<\/span><\/div>\n<p><a href=\"https:\/\/www.facebook.com\/sharer.php?u=https:\/\/infotulcea.ro\/rezultatele-jandarmilor-tulceni-in-primul-semestru-al-anului-2026\/\" rel=\"external noopener nofollow\" title=\"Facebook\" target=\"_blank\" class=\"facebook-share-btn \" data-raw=\"https:\/\/www.facebook.com\/sharer.php?u={post_link}\"><span class=\"screen-reader-text\">Facebook<\/span><\/a><a href=\"https:\/\/twitter.com\/intent\/tweet?text=Rezultatele%20jandarmilor%20tulceni%20%C3%AEn%20primul%20semestru%20al%20anului%202026&amp;url=https:\/\/infotulcea.ro\/rezultatele-jandarmilor-tulceni-in-primul-semestru-al-anului-2026\/\" rel=\"external noopener nofollow\" title=\"X\" target=\"_blank\" class=\"twitter-share-btn \" data-raw=\"https:\/\/twitter.com\/intent\/tweet?text={post_title}&amp;url={post_link}\"><span class=\"screen-reader-text\">X<\/span><\/a><a href=\"https:\/\/api.whatsapp.com\/send?text=Rezultatele%20jandarmilor%20tulceni%20%C3%AEn%20primul%20semestru%20al%20anului%202026%20https:\/\/infotulcea.ro\/rezultatele-jandarmilor-tulceni-in-primul-semestru-al-anului-2026\/\" rel=\"external noopener nofollow\" title=\"WhatsApp\" target=\"_blank\" class=\"whatsapp-share-btn \" data-raw=\"https:\/\/api.whatsapp.com\/send?text={post_title}%20{post_link}\"><span class=\"screen-reader-text\">WhatsApp<\/span><\/a><a href=\"https:\/\/telegram.me\/share\/url?url=https:\/\/infotulcea.ro\/rezultatele-jandarmilor-tulceni-in-primul-semestru-al-anului-2026\/&amp;text=Rezultatele%20jandarmilor%20tulceni%20%C3%AEn%20primul%20semestru%20al%20anului%202026\" rel=\"external noopener nofollow\" title=\"Telegram\" target=\"_blank\" class=\"telegram-share-btn \" data-raw=\"https:\/\/telegram.me\/share\/url?url={post_link}&amp;text={post_title}\"><span class=\"screen-reader-text\">Telegram<\/span><\/a><a href=\"mailto:?subject=Rezultatele%20jandarmilor%20tulceni%20%C3%AEn%20primul%20semestru%20al%20anului%202026&amp;body=https:\/\/infotulcea.ro\/rezultatele-jandarmilor-tulceni-in-primul-semestru-al-anului-2026\/\" rel=\"external noopener nofollow\" title=\"Share via Email\" target=\"_blank\" class=\"email-share-btn \" data-raw=\"mailto:?subject={post_title}&amp;body={post_link}\"><span class=\"screen-reader-text\">Share via Email<\/span><\/a><a href=\"https:\/\/infotulcea.ro\/rezultatele-jandarmilor-tulceni-in-primul-semestru-al-anului-2026\/\" rel=\"external noopener nofollow\" title=\"Print\" target=\"_blank\" class=\"print-share-btn \" data-raw=\"#\"><span class=\"screen-reader-text\">Print<\/span><\/a><\/div>\n<\/div>\n<\/article>\n<div class=\"post-components\">\n<div id=\"related-posts\" class=\"container-wrapper has-extra-post\">\n<div class=\"mag-box-title the-global-title\">\n<h3>Related Articles<\/h3>\n<\/div>\n<div class=\"related-posts-list\">\n<div class=\"related-item tie-standard\"><a aria-label=\"Dosar penal pentru t\u0103inuirea unei ma\u0219ini disp\u0103rute din Danemarca!\" href=\"https:\/\/infotulcea.ro\/dosar-penal-pentru-tainuirea-unei-masini-disparute-din-danemarca\/\" class=\"post-thumb\"><source type=\"image\/webp\" data-srcset=\"https:\/\/infotulcea.ro\/wp-content\/uploads\/2025\/12\/masina-danemarca-390x220.jpg.webp\" \/><img loading=\"lazy\" decoding=\"async\" width=\"390\" height=\"220\" src=\"https:\/\/infotulcea.ro\/wp-content\/uploads\/2025\/12\/masina-danemarca-390x220.jpg\" class=\"attachment-jannah-image-large size-jannah-image-large wp-post-image\" alt><\/a><\/p>\n<h3 class=\"post-title\"><a href=\"https:\/\/infotulcea.ro\/dosar-penal-pentru-tainuirea-unei-masini-disparute-din-danemarca\/\">Dosar penal pentru t\u0103inuirea unei ma\u0219ini disp\u0103rute din Danemarca!<\/a><\/h3>\n<div class=\"post-meta clearfix\"><span class=\"date meta-item tie-icon\">15 decembrie 2025<\/span><\/div>\n<\/div>\n<div class=\"related-item tie-standard\">\n<h3 class=\"post-title\"><a href=\"https:\/\/infotulcea.ro\/actiuni-pentru-cresterea-sigurantei-pietonilor-desfasurate-de-politistii-tulceni\/\">Ac\u021biuni pentru cre\u0219terea siguran\u021bei pietonilor, desf\u0103\u0219urate de poli\u021bi\u0219tii tulceni<\/a><\/h3>\n<div class=\"post-meta clearfix\"><span class=\"date meta-item tie-icon\">25 iunie 2026<\/span><\/div>\n<\/div>\n<div class=\"related-item tie-standard\"><a aria-label=\"Magazine de l\u00e2ng\u0103 \u0219coli amendate de inspectorii de la Protec\u021bia Consumatorului\" href=\"https:\/\/infotulcea.ro\/magazine-de-langa-scoli-amendate-de-inspectorii-de-la-protectia-consumatorului\/\" class=\"post-thumb\"><source type=\"image\/webp\" data-srcset=\"https:\/\/infotulcea.ro\/wp-content\/uploads\/2022\/11\/cronos-390x220.jpg.webp\" \/><img loading=\"lazy\" decoding=\"async\" width=\"390\" height=\"220\" src=\"https:\/\/infotulcea.ro\/wp-content\/uploads\/2022\/11\/cronos-390x220.jpg\" class=\"attachment-jannah-image-large size-jannah-image-large wp-post-image\" alt><\/a><\/p>\n<h3 class=\"post-title\"><a href=\"https:\/\/infotulcea.ro\/magazine-de-langa-scoli-amendate-de-inspectorii-de-la-protectia-consumatorului\/\">Magazine de l\u00e2ng\u0103 \u0219coli amendate de inspectorii de la Protec\u021bia Consumatorului<\/a><\/h3>\n<div class=\"post-meta clearfix\"><span class=\"date meta-item tie-icon\">3 noiembrie 2022<\/span><\/div>\n<\/div>\n<div class=\"related-item tie-standard\"><a aria-label=\"Disp\u0103rut\u0103 din Mahmudia, g\u0103sit\u0103 tocmai la Timi\u0219oara\" href=\"https:\/\/infotulcea.ro\/disparuta-din-mahmudia-gasita-tocmai-la-timisoara\/\" class=\"post-thumb\"><source type=\"image\/webp\" data-srcset=\"https:\/\/infotulcea.ro\/wp-content\/uploads\/2023\/03\/IMG_20230305_085933-390x220.jpg.webp\" \/><img loading=\"lazy\" decoding=\"async\" width=\"390\" height=\"220\" src=\"https:\/\/infotulcea.ro\/wp-content\/uploads\/2023\/03\/IMG_20230305_085933-390x220.jpg\" class=\"attachment-jannah-image-large size-jannah-image-large wp-post-image\" alt><\/a><\/p>\n<h3 class=\"post-title\"><a href=\"https:\/\/infotulcea.ro\/disparuta-din-mahmudia-gasita-tocmai-la-timisoara\/\">Disp\u0103rut\u0103 din Mahmudia, g\u0103sit\u0103 tocmai la Timi\u0219oara<\/a><\/h3>\n<div class=\"post-meta clearfix\"><span class=\"date meta-item tie-icon\">5 martie 2023<\/span><\/div>\n<\/div>\n<\/div>\n<\/div>\n<div id=\"comments\" class=\"comments-area\">\n<div id=\"add-comment-block\" class=\"container-wrapper\">\n<div id=\"respond\" class=\"comment-respond\">\n<h3 id=\"reply-title\" class=\"comment-reply-title the-global-title\">Las\u0103 un r\u0103spuns <small><a rel=\"nofollow\" id=\"cancel-comment-reply-link\" href=\"https:\/\/infotulcea.ro\/rezultatele-jandarmilor-tulceni-in-primul-semestru-al-anului-2026\/#respond\">Anuleaz\u0103 r\u0103spunsul<\/a><\/small><\/h3>\n<p class=\"comment-notes\"><span id=\"email-notes\">Adresa ta de email nu va fi publicat\u0103.<\/span><span class=\"required-field-message\">C\u00e2mpurile obligatorii sunt marcate cu <span class=\"required\">*<\/span><\/span><\/p>\n<\/div>\n<\/div>\n<\/div>\n<\/div>\n<\/div>\n<div id=\"check-also-box\" class=\"container-wrapper check-also-right\">\n<div class=\"widget-title the-global-title\">\n<div class=\"the-subtitle\">Check Also<\/div>\n<p><a href=\"https:\/\/infotulcea.ro\/rezultatele-jandarmilor-tulceni-in-primul-semestru-al-anului-2026\/\" id=\"check-also-close\" class=\"remove\"><span class=\"screen-reader-text\">Close<\/span><\/a><\/div>\n<div class=\"widget posts-list-big-first has-first-big-post\">\n<ul class=\"posts-list-items\">\n<li class=\"widget-single-post-item widget-post-list tie-standard\">\n<div class=\"post-widget-thumbnail\"><a aria-label=\"Salaria\u021bii de la AJPIS \u0219i CJP Tulcea au protestat \u0219i ei: Profesioni\u0219tii merit\u0103 respect \u0219i condi\u021bii de munc\u0103 adecvate!\" href=\"https:\/\/infotulcea.ro\/salariatii-de-la-ajpis-si-cjp-tulcea-au-protestat-si-ei-profesionistii-merita-respect-si-conditii-de-munca-adecvate\/\" class=\"post-thumb\"><span class=\"post-cat-wrap\"><span class=\"post-cat tie-cat-35\">Comunicate<\/span><\/span><source type=\"image\/webp\" data-srcset=\"https:\/\/infotulcea.ro\/wp-content\/uploads\/2023\/11\/prtest-390x220.jpg.webp\" \/><img loading=\"lazy\" decoding=\"async\" width=\"390\" height=\"220\" src=\"https:\/\/infotulcea.ro\/wp-content\/uploads\/2023\/11\/prtest-390x220.jpg\" class=\"attachment-jannah-image-large size-jannah-image-large wp-post-image\" alt><\/a><\/div>\n<div class=\"post-widget-body \"><a class=\"post-title the-subtitle\" href=\"https:\/\/infotulcea.ro\/salariatii-de-la-ajpis-si-cjp-tulcea-au-protestat-si-ei-profesionistii-merita-respect-si-conditii-de-munca-adecvate\/\">Salaria\u021bii de la AJPIS \u0219i CJP Tulcea au protestat \u0219i ei: Profesioni\u0219tii merit\u0103 respect \u0219i condi\u021bii de munc\u0103 adecvate!<\/a><\/p>\n<div class=\"post-meta\"><span class=\"date meta-item tie-icon\">16 noiembrie 2023<\/span><\/div>\n<\/div>\n<\/li>\n<\/ul>\n<\/div>\n<\/div>\n<aside class=\"sidebar tie-col-md-4 tie-col-xs-12 normal-side is-sticky\" aria-label=\"Primary Sidebar\">\n<div class=\"theiaStickySidebar\">\n<div id=\"media_image-19\" class=\"container-wrapper widget widget_media_image\"><a href=\"https:\/\/infotulcea.ro\/delta-dunarii-mai-accesibila-navrom-delta-creste-numarul-curselor-regulate-de-la-1-mai-2025\/\"><source sizes=\"(max-width: 500px) 100vw, 500px\" type=\"image\/webp\" data-srcset=\"https:\/\/infotulcea.ro\/wp-content\/uploads\/2025\/04\/navrom-delta-500x271.jpg.webp 500w, https:\/\/infotulcea.ro\/wp-content\/uploads\/2025\/04\/navrom-delta-1024x555.jpg.webp 1024w, https:\/\/infotulcea.ro\/wp-content\/uploads\/2025\/04\/navrom-delta-768x416.jpg.webp 768w, https:\/\/infotulcea.ro\/wp-content\/uploads\/2025\/04\/navrom-delta.jpg.webp 1080w\" \/><img loading=\"lazy\" decoding=\"async\" width=\"500\" height=\"271\" src=\"https:\/\/infotulcea.ro\/wp-content\/uploads\/2025\/04\/navrom-delta-500x271.jpg\" class=\"image wp-image-34487  attachment-medium size-medium\" alt><\/a><\/div>\n<div id=\"media_image-17\" class=\"container-wrapper widget widget_media_image\"><a href=\"https:\/\/www.facebook.com\/share\/p\/1DGAD1tLWN\/?mibextid=wwXIfr\" target=\"_blank\"><source sizes=\"(max-width: 500px) 100vw, 500px\" type=\"image\/webp\" data-srcset=\"https:\/\/infotulcea.ro\/wp-content\/uploads\/2026\/01\/IMG_1563-500x500.jpeg.webp 500w, https:\/\/infotulcea.ro\/wp-content\/uploads\/2026\/01\/IMG_1563-1024x1024.jpeg.webp 1024w, https:\/\/infotulcea.ro\/wp-content\/uploads\/2026\/01\/IMG_1563-250x250.jpeg.webp 250w, https:\/\/infotulcea.ro\/wp-content\/uploads\/2026\/01\/IMG_1563-768x768.jpeg.webp 768w, https:\/\/infotulcea.ro\/wp-content\/uploads\/2026\/01\/IMG_1563.jpeg.webp 1080w\" \/><img loading=\"lazy\" decoding=\"async\" width=\"500\" height=\"500\" src=\"https:\/\/infotulcea.ro\/wp-content\/uploads\/2026\/01\/IMG_1563-500x500.jpeg\" class=\"image wp-image-37932  attachment-medium size-medium\" alt title=\"Centrale pe lemne\"><\/a><\/div>\n<div id=\"media_image-18\" class=\"container-wrapper widget widget_media_image\"><a href=\"https:\/\/www.licitatia.ro\/site\/index-guest\"><img loading=\"lazy\" decoding=\"async\" width=\"500\" height=\"262\" src=\"https:\/\/infotulcea.ro\/wp-content\/uploads\/2025\/09\/licitatia-500x262.png\" class=\"image wp-image-36670  attachment-medium size-medium lazyload\" alt><img loading=\"lazy\" decoding=\"async\" width=\"500\" height=\"262\" src=\"https:\/\/infotulcea.ro\/wp-content\/uploads\/2025\/09\/licitatia-500x262.png\" class=\"image wp-image-36670  attachment-medium size-medium\" alt><\/a><\/div>\n<div id=\"media_image-27\" class=\"container-wrapper widget widget_media_image\"><a href=\"https:\/\/www.centrale-lemne-liepsnele.ro\/\"><img loading=\"lazy\" decoding=\"async\" width=\"500\" height=\"500\" src=\"https:\/\/infotulcea.ro\/wp-content\/uploads\/2025\/09\/Centrale-pe-Lemne-Liepsnele-500x500.png\" class=\"image wp-image-36541  attachment-medium size-medium lazyload\" alt=\"Centrala pe lemne\"><img loading=\"lazy\" decoding=\"async\" width=\"500\" height=\"500\" src=\"https:\/\/infotulcea.ro\/wp-content\/uploads\/2025\/09\/Centrale-pe-Lemne-Liepsnele-500x500.png\" class=\"image wp-image-36541  attachment-medium size-medium\" alt=\"Centrala pe lemne\"><\/a><\/div>\n<div id=\"media_image-28\" class=\"container-wrapper widget widget_media_image\"><a href=\"https:\/\/infotulcea.ro\/angajeaza-te-ro-platforma-ta-online-de-angajari-si-forta-de-munca\/\"><source sizes=\"(max-width: 500px) 100vw, 500px\" type=\"image\/webp\" data-srcset=\"https:\/\/infotulcea.ro\/wp-content\/uploads\/2025\/04\/banner-angajazate-1-500x305.jpg.webp 500w, https:\/\/infotulcea.ro\/wp-content\/uploads\/2025\/04\/banner-angajazate-1-1024x625.jpg.webp 1024w, https:\/\/infotulcea.ro\/wp-content\/uploads\/2025\/04\/banner-angajazate-1-768x469.jpg.webp 768w, https:\/\/infotulcea.ro\/wp-content\/uploads\/2025\/04\/banner-angajazate-1.jpg.webp 1080w\" \/><img loading=\"lazy\" decoding=\"async\" width=\"500\" height=\"305\" src=\"https:\/\/infotulcea.ro\/wp-content\/uploads\/2025\/04\/banner-angajazate-1-500x305.jpg\" class=\"image wp-image-34317  attachment-medium size-medium\" alt><\/a><\/div>\n<\/div>\n<\/aside>\n<\/div>\n<\/div>\n<div class=\"entry-content entry clearfix\">\n<p><strong>Cre\u0219terea gradului de siguran\u021b\u0103 al cet\u0103\u021benilor prin asigurarea m\u0103surilor de ordine la manifest\u0103rile cu public numeros \u0219i participarea la misiuni de men\u0163inere \u00een sistem integrat au fost principalele obiective ale Jandarmeriei Tulcea \u00een primul semestru al anului 2026.<\/strong><br \/>\nEfectivele Inspectoratului de Jandarmi Jude\u021bean Tulcea au desf\u0103\u0219urat, \u00een primul semestru al anului 2026, 61 \ud835\udc26\ud835\udc22\ud835\udc2c\ud835\udc22\ud835\udc2e\ud835\udc27\ud835\udc22 \ud835\udc1d\ud835\udc1e \ud835\udc1a\ud835\udc2c\ud835\udc22\ud835\udc20\ud835\udc2e\ud835\udc2b\ud835\udc1a\ud835\udc2b\ud835\udc1e \ud835\udc1a \ud835\udc28\ud835\udc2b\ud835\udc1d\ud835\udc22\ud835\udc27\ud835\udc22\ud835\udc22 \ud835\udc29\ud835\udc2e\ud835\udc1b\ud835\udc25\ud835\udc22\ud835\udc1c\ud835\udc1e la manifest\u0103ri sportive, religioase, cultural artistice, activit\u0103\u021bi de protest, manifesta\u021bii comerciale sau vizite oficiale \u0219i 641 \ud835\udc1d\ud835\udc1e \ud835\udc26\ud835\udc22\ud835\udc2c\ud835\udc22\ud835\udc2e\ud835\udc27\ud835\udc22 \ud835\udc1d\ud835\udc1e \ud835\udc26\ud835\udc1e\ud835\udc27\ud835\udc2d\u0326\ud835\udc22\ud835\udc27\ud835\udc1e\ud835\udc2b\ud835\udc1e \ud835\udc1a \ud835\udc28\ud835\udc2b\ud835\udc1d\ud835\udc22\ud835\udc27\ud835\udc22\ud835\udc22 \ud835\udc2c\u0326\ud835\udc22 \ud835\udc2c\ud835\udc22\ud835\udc20\ud835\udc2e\ud835\udc2b\ud835\udc1a\ud835\udc27\ud835\udc2d\u0326\ud835\udc1e\ud835\udc22 \ud835\udc29\ud835\udc2e\ud835\udc1b\ud835\udc25\ud835\udc22\ud835\udc1c\ud835\udc1e, prioritatea fiind asigurarea unui climat de siguran\u021b\u0103 civic\u0103 \u0219i interven\u021bia prompt\u0103 pentru solu\u021bionarea problemelor sesizate de cet\u0103\u021beni.<br \/>\n\u00cen perioada evaluat\u0103, jandarmii tulceni au asigurat interven\u021bia la 286 evenimente semnalate prin sistemul unic de urgen\u021b\u0103 112. De asemenea au fost puse \u00een aplicare 458 de mandate de aducere a unor persoane \u00een fa\u021ba instan\u021belor de judecat\u0103.<br \/><source sizes=\"(max-width: 480px) 100vw, 480px\" type=\"image\/webp\" data-srcset=\"https:\/\/infotulcea.ro\/wp-content\/uploads\/2026\/07\/ijj-500x350.jpeg.webp 500w, https:\/\/infotulcea.ro\/wp-content\/uploads\/2026\/07\/ijj-1024x716.jpeg.webp 1024w, https:\/\/infotulcea.ro\/wp-content\/uploads\/2026\/07\/ijj-768x537.jpeg.webp 768w, https:\/\/infotulcea.ro\/wp-content\/uploads\/2026\/07\/ijj.jpeg.webp 1080w\" \/><\/p>\n<p><img loading=\"lazy\" decoding=\"async\" class=\" wp-image-40136 alignleft\" src=\"https:\/\/infotulcea.ro\/wp-content\/uploads\/2026\/07\/ijj-500x350.jpeg\" alt width=\"480\" height=\"336\">A fost asigurat\u0103 paza la un num\u0103r de 6 transporturi de produse cu caracter special pentru armament \u0219i muni\u021bie, la un num\u0103r de 33 de transporturi de valori \u0219i la 229 transporturi de coresponden\u021b\u0103 clasificat\u0103.<br \/>\n\u00cen urma misiunilor executate, jandarmii tulceni au constatat 61 de fapte care au perturbat ordinea \u0219i lini\u0219tea public\u0103. \u00cen perioada de referin\u021b\u0103, au fost aplicate 466 de sanc\u021biuni contraven\u021bionale, \u00een cuantum total 193.300 lei \u0219i au fost realizate 3250 de verific\u0103ri cu ajutorul aplica\u021biei e-Dac.<br \/>\nAu fost desf\u0103\u0219urate 28 de activit\u0103\u021bi preventiv-informative \u00een cadrul programelor: \u201e\u0218coala ta \u00een siguran\u021b\u0103\u201d, \u201eMAI mult\u0103 grij\u0103, MAI mult\u0103 siguran\u021b\u0103\u201d, dar \u0219i alte programe, la care au participat aproximativ 1052 de persoane, fiind distribuite un num\u0103r de 140 de materiale de informare.<br \/>\nReamintim cet\u0103\u021benilor faptul c\u0103 pot solicita, ori de c\u00e2te ori este nevoie, sprijinul jandarmilor afla\u021bi \u00een dispozitivele de ordine public\u0103 sau prin apelarea num\u0103rul unic pentru apeluri de urgen\u021b\u0103 112.\n<\/div>\n<div class=\"articleBody\" data-key=\"articleBody\">Cre\u0219terea gradului de siguran\u021b\u0103 al cet\u0103\u021benilor prin asigurarea m\u0103surilor de ordine la manifest\u0103rile cu public numeros \u0219i participarea la misiuni de men\u0163inere \u00een sistem integrat au fost principalele obiective ale Jandarmeriei Tulcea \u00een primul semestru al anului 2026.<br \/>\nEfectivele Inspectoratului de Jandarmi Jude\u021bean Tulcea au desf\u0103\u0219urat, \u00een primul semestru al anului 2026, 61 \ud835\udc26\ud835\udc22\ud835\udc2c\ud835\udc22\ud835\udc2e\ud835\udc27\ud835\udc22 \ud835\udc1d\ud835\udc1e \ud835\udc1a\ud835\udc2c\ud835\udc22\ud835\udc20\ud835\udc2e\ud835\udc2b\ud835\udc1a\ud835\udc2b\ud835\udc1e \ud835\udc1a \ud835\udc28\ud835\udc2b\ud835\udc1d\ud835\udc22\ud835\udc27\ud835\udc22\ud835\udc22 \ud835\udc29\ud835\udc2e\ud835\udc1b\ud835\udc25\ud835\udc22\ud835\udc1c\ud835\udc1e la manifest\u0103ri sportive, religioase, cultural artistice, activit\u0103\u021bi de protest, manifesta\u021bii comerciale sau vizite oficiale \u0219i 641 \ud835\udc1d\ud835\udc1e \ud835\udc26\ud835\udc22\ud835\udc2c\ud835\udc22\ud835\udc2e\ud835\udc27\ud835\udc22 \ud835\udc1d\ud835\udc1e \ud835\udc26\ud835\udc1e\ud835\udc27\ud835\udc2d\u0326\ud835\udc22\ud835\udc27\ud835\udc1e\ud835\udc2b\ud835\udc1e \ud835\udc1a \ud835\udc28\ud835\udc2b\ud835\udc1d\ud835\udc22\ud835\udc27\ud835\udc22\ud835\udc22 \ud835\udc2c\u0326\ud835\udc22 \ud835\udc2c\ud835\udc22\ud835\udc20\ud835\udc2e\ud835\udc2b\ud835\udc1a\ud835\udc27\ud835\udc2d\u0326\ud835\udc1e\ud835\udc22 \ud835\udc29\ud835\udc2e\ud835\udc1b\ud835\udc25\ud835\udc22\ud835\udc1c\ud835\udc1e, prioritatea fiind asigurarea unui climat de siguran\u021b\u0103 civic\u0103 \u0219i interven\u021bia prompt\u0103 pentru solu\u021bionarea problemelor sesizate de cet\u0103\u021beni.<br \/>\n\u00cen perioada evaluat\u0103, jandarmii tulceni au asigurat interven\u021bia la 286 evenimente semnalate prin sistemul unic de urgen\u021b\u0103 112. De asemenea au fost puse \u00een aplicare 458 de mandate de aducere a unor persoane \u00een fa\u021ba instan\u021belor de judecat\u0103.<br \/>\nA fost asigurat\u0103 paza la un num\u0103r de 6 transporturi de produse cu caracter special pentru armament \u0219i muni\u021bie, la un num\u0103r de 33 de transporturi de valori \u0219i la 229 transporturi de coresponden\u021b\u0103 clasificat\u0103.<br \/>\n\u00cen urma misiunilor executate, jandarmii tulceni au constatat 61 de fapte care au perturbat ordinea \u0219i lini\u0219tea public\u0103. \u00cen perioada de referin\u021b\u0103, au fost aplicate 466 de sanc\u021biuni contraven\u021bionale, \u00een cuantum total 193.300 lei \u0219i au fost realizate 3250 de verific\u0103ri cu ajutorul aplica\u021biei e-Dac.<br \/>\nAu fost desf\u0103\u0219urate 28 de activit\u0103\u021bi preventiv-informative \u00een cadrul programelor: \u201e\u0218coala ta \u00een siguran\u021b\u0103\u201d, \u201eMAI mult\u0103 grij\u0103, MAI mult\u0103 siguran\u021b\u0103\u201d, dar \u0219i alte programe, la care au participat aproximativ 1052 de persoane, fiind distribuite un num\u0103r de 140 de materiale de informare.<br \/>\nReamintim cet\u0103\u021benilor faptul c\u0103 pot solicita, ori de c\u00e2te ori este nevoie, sprijinul jandarmilor afla\u021bi \u00een dispozitivele de ordine public\u0103 sau prin apelarea num\u0103rul unic pentru apeluri de urgen\u021b\u0103 112.<\/div>\n<p>[analyse_source url=&#8221;https:\/\/infotulcea.ro\/rezultatele-jandarmilor-tulceni-in-primul-semestru-al-anului-2026\/&#8221;]<\/p>\n","protected":false},"excerpt":{"rendered":"<p>[analyse_image type=&#8221;featured&#8221; src=&#8221;https:\/\/infotulcea.ro\/wp-content\/uploads\/2026\/07\/ijj.jpeghttps:\/\/infotulcea.ro\/wp-content\/uploads\/2026\/07\/ijj.jpeg&#8221;] Home\/Comunicate\/Rezultatele jandarmilor tulceni \u00een primul semestru al anului 2026 Comunicate Rezultatele jandarmilor tulceni \u00een primul semestru al anului 2026 Redactia18 iulie 2026 0 438 1 minute read Cre\u0219terea gradului de siguran\u021b\u0103 al cet\u0103\u021benilor prin asigurarea m\u0103surilor de ordine la manifest\u0103rile cu public numeros \u0219i participarea la misiuni de men\u0163inere \u00een sistem integrat [&hellip;]<\/p>\n","protected":false},"author":1,"featured_media":0,"comment_status":"open","ping_status":"","sticky":false,"template":"","format":"standard","meta":{"footnotes":""},"categories":[89],"tags":[226,221],"class_list":["post-2064731","post","type-post","status-publish","format-standard","hentry","category-romania","tag-crawlmanager","tag-infotulcea-ro"],"_links":{"self":[{"href":"https:\/\/analyse.optim.biz\/index.php?rest_route=\/wp\/v2\/posts\/2064731","targetHints":{"allow":["GET"]}}],"collection":[{"href":"https:\/\/analyse.optim.biz\/index.php?rest_route=\/wp\/v2\/posts"}],"about":[{"href":"https:\/\/analyse.optim.biz\/index.php?rest_route=\/wp\/v2\/types\/post"}],"author":[{"embeddable":true,"href":"https:\/\/analyse.optim.biz\/index.php?rest_route=\/wp\/v2\/users\/1"}],"replies":[{"embeddable":true,"href":"https:\/\/analyse.optim.biz\/index.php?rest_route=%2Fwp%2Fv2%2Fcomments&post=2064731"}],"version-history":[{"count":0,"href":"https:\/\/analyse.optim.biz\/index.php?rest_route=\/wp\/v2\/posts\/2064731\/revisions"}],"wp:attachment":[{"href":"https:\/\/analyse.optim.biz\/index.php?rest_route=%2Fwp%2Fv2%2Fmedia&parent=2064731"}],"wp:term":[{"taxonomy":"category","embeddable":true,"href":"https:\/\/analyse.optim.biz\/index.php?rest_route=%2Fwp%2Fv2%2Fcategories&post=2064731"},{"taxonomy":"post_tag","embeddable":true,"href":"https:\/\/analyse.optim.biz\/index.php?rest_route=%2Fwp%2Fv2%2Ftags&post=2064731"}],"curies":[{"name":"wp","href":"https:\/\/api.w.org\/{rel}","templated":true}]}}