{"id":2064730,"date":"2026-07-18T13:45:55","date_gmt":"2026-07-18T10:45:55","guid":{"rendered":"https:\/\/analyse.optim.biz\/?p=2064730"},"modified":"2026-07-18T13:45:55","modified_gmt":"2026-07-18T10:45:55","slug":"actiuni-pentru-cresterea-gradului-de-siguranta-publica","status":"publish","type":"post","link":"https:\/\/analyse.optim.biz\/?p=2064730","title":{"rendered":"Ac\u021biuni pentru cre\u0219terea gradului de siguran\u021b\u0103 public\u0103"},"content":{"rendered":"<p>[analyse_image type=&#8221;featured&#8221; src=&#8221;https:\/\/infotulcea.ro\/wp-content\/uploads\/2026\/07\/ipj.jpeghttps:\/\/infotulcea.ro\/wp-content\/uploads\/2026\/07\/ipj.jpeg&#8221;]<\/p>\n<div id=\"content\" class=\"site-content container\">\n<div id=\"main-content-row\" class=\"tie-row main-content-row\">\n<div class=\"main-content tie-col-md-8 tie-col-xs-12\" role=\"main\">\n<article id=\"the-post\" class=\"container-wrapper post-content tie-standard\">\n<header class=\"entry-header-outer\">\n<nav id=\"breadcrumb\"><a href=\"https:\/\/infotulcea.ro\/\"> Home<\/a><em class=\"delimiter\">\/<\/em><a href=\"https:\/\/infotulcea.ro\/categorie\/comunicate\/\">Comunicate<\/a><em class=\"delimiter\">\/<\/em><span class=\"current\">Ac\u021biuni pentru cre\u0219terea gradului de siguran\u021b\u0103 public\u0103<\/span><\/nav>\n<div class=\"entry-header\"><span class=\"post-cat-wrap\"><a class=\"post-cat tie-cat-35\" href=\"https:\/\/infotulcea.ro\/categorie\/comunicate\/\">Comunicate<\/a><\/span><\/p>\n<h1 class=\"post-title entry-title\">\n\t\t\tAc\u021biuni pentru cre\u0219terea gradului de siguran\u021b\u0103 public\u0103\t\t<\/h1>\n<div class=\"single-post-meta post-meta clearfix\"><span class=\"author-meta single-author no-avatars\"><span class=\"meta-item meta-author-wrapper meta-author-9\"><span class=\"meta-author\"><a href=\"https:\/\/infotulcea.ro\/author\/redactia-2\/\" class=\"author-name tie-icon\" title=\"Redactia\">Redactia<\/a><\/span><\/span><\/span><span class=\"date meta-item tie-icon\">18 iulie 2026<\/span><\/p>\n<div class=\"tie-alignright\"><span class=\"meta-comment tie-icon meta-item fa-before\">0<\/span><span class=\"meta-views meta-item \"> 423 <\/span><span class=\"meta-reading-time meta-item\"> 1 minute read<\/span><\/div>\n<\/div>\n<\/div>\n<\/header>\n<div class=\"entry-content entry clearfix\">\n<p><strong>\u00cen perioada 15\u201316 iulie 2026, poli\u021bi\u0219tii din cadrul Biroului de Ordine Public\u0103 au desf\u0103\u0219urat ac\u021biuni pe raza municipiului Tulcea, av\u00e2nd ca obiectiv prevenirea \u0219i combaterea faptelor de tulburare a ordinii \u0219i lini\u0219tii publice, a faptelor antisociale \u0219i a infrac\u021biunilor contra persoanei \u0219i patrimoniului, precum \u0219i men\u021binerea unui climat optim de ordine \u0219i siguran\u021b\u0103 public\u0103.<\/strong><\/p>\n<p>Totodat\u0103, activit\u0103\u021bile au vizat depistarea persoanelor urm\u0103rite \u0219i a celor aflate \u00een eviden\u021bele operative, identificarea persoanelor care consum\u0103 sau comercializeaz\u0103 substan\u021be interzise cu efect psihotrop, precum \u0219i identificarea bunurilor abandonate pe domeniul public sau privat al unit\u0103\u021bii administrativ-teritoriale.<\/p>\n<p>\u00cen cadrul ac\u021biunilor, poli\u021bi\u0219tii au efectuat legitim\u0103ri, verific\u0103ri \u00een trafic \u0219i controale \u00een zonele cu risc, urm\u0103rind<source sizes=\"(max-width: 333px) 100vw, 333px\" type=\"image\/webp\" data-srcset=\"https:\/\/infotulcea.ro\/wp-content\/uploads\/2026\/07\/ipj-375x500.jpeg.webp 375w, https:\/\/infotulcea.ro\/wp-content\/uploads\/2026\/07\/ipj-768x1024.jpeg.webp 768w, https:\/\/infotulcea.ro\/wp-content\/uploads\/2026\/07\/ipj.jpeg.webp 1080w\" \/><\/p>\n<p><img loading=\"lazy\" decoding=\"async\" class=\" wp-image-40133 alignright\" src=\"https:\/\/infotulcea.ro\/wp-content\/uploads\/2026\/07\/ipj-375x500.jpeg\" alt width=\"333\" height=\"444\"> descurajarea comportamentelor antisociale \u0219i consolidarea climatului de ordine \u0219i siguran\u021b\u0103 public\u0103.<\/p>\n<p>Pentru abaterile constatate au fost aplicate sanc\u021biuni contraven\u021bionale, \u00een conformitate cu prevederile Legii nr. 61\/1991 (republicat\u0103), \u00een valoare total\u0103 de 7.000 lei, majoritatea viz\u00e2nd \u00eenc\u0103lcarea normelor de convie\u021buire social\u0103 \u0219i tulburarea ordinii \u0219i lini\u0219tii publice.<\/p>\n<p>Ac\u021biunile au avut un pronun\u021bat caracter preventiv \u0219i proactiv, prin asigurarea unei prezen\u021be active \u0219i vizibile a poli\u021bi\u0219tilor \u00een comunitate.<\/p>\n<p>Pe durata desf\u0103\u0219ur\u0103rii activit\u0103\u021bilor, echipajele de poli\u021bie au utilizat semnalele luminoase ale autospecialelor din dotare, m\u0103sur\u0103 menit\u0103 s\u0103 sporeasc\u0103 vizibilitatea for\u021belor de ordine, s\u0103 consolideze autoritatea institu\u021bional\u0103 \u0219i s\u0103 contribuie la cre\u0219terea sentimentului de siguran\u021b\u0103 \u00een r\u00e2ndul cet\u0103\u021benilor.<\/p>\n<p>Inspectoratul de Poli\u021bie Jude\u021bean Tulcea va continua organizarea unor astfel de ac\u021biuni, pentru prevenirea \u0219i combaterea faptelor antisociale, protejarea comunit\u0103\u021bii \u0219i men\u021binerea unui climat de ordine \u0219i siguran\u021b\u0103 public\u0103.<\/p>\n<\/div>\n<div id=\"post-extra-info\">\n<div class=\"theiaStickySidebar\">\n<div class=\"single-post-meta post-meta clearfix\"><span class=\"author-meta single-author no-avatars\"><span class=\"meta-item meta-author-wrapper meta-author-9\"><span class=\"meta-author\"><a href=\"https:\/\/infotulcea.ro\/author\/redactia-2\/\" class=\"author-name tie-icon\" title=\"Redactia\">Redactia<\/a><\/span><\/span><\/span><span class=\"date meta-item tie-icon\">18 iulie 2026<\/span><\/p>\n<div class=\"tie-alignright\"><span class=\"meta-comment tie-icon meta-item fa-before\">0<\/span><span class=\"meta-views meta-item \"> 423 <\/span><span class=\"meta-reading-time meta-item\"> 1 minute read<\/span><\/div>\n<\/div>\n<\/div>\n<\/div>\n<div id=\"share-buttons-bottom\" class=\"share-buttons share-buttons-bottom\">\n<div class=\"share-links  icons-only\">\n<div class=\"share-title\"><span> Share<\/span><\/div>\n<p><a href=\"https:\/\/www.facebook.com\/sharer.php?u=https:\/\/infotulcea.ro\/actiuni-pentru-cresterea-gradului-de-siguranta-publica\/\" rel=\"external noopener nofollow\" title=\"Facebook\" target=\"_blank\" class=\"facebook-share-btn \" data-raw=\"https:\/\/www.facebook.com\/sharer.php?u={post_link}\"><span class=\"screen-reader-text\">Facebook<\/span><\/a><a href=\"https:\/\/twitter.com\/intent\/tweet?text=Ac%C8%9Biuni%20pentru%20cre%C8%99terea%20gradului%20de%20siguran%C8%9B%C4%83%20public%C4%83&amp;url=https:\/\/infotulcea.ro\/actiuni-pentru-cresterea-gradului-de-siguranta-publica\/\" rel=\"external noopener nofollow\" title=\"X\" target=\"_blank\" class=\"twitter-share-btn \" data-raw=\"https:\/\/twitter.com\/intent\/tweet?text={post_title}&amp;url={post_link}\"><span class=\"screen-reader-text\">X<\/span><\/a><a href=\"https:\/\/api.whatsapp.com\/send?text=Ac%C8%9Biuni%20pentru%20cre%C8%99terea%20gradului%20de%20siguran%C8%9B%C4%83%20public%C4%83%20https:\/\/infotulcea.ro\/actiuni-pentru-cresterea-gradului-de-siguranta-publica\/\" rel=\"external noopener nofollow\" title=\"WhatsApp\" target=\"_blank\" class=\"whatsapp-share-btn \" data-raw=\"https:\/\/api.whatsapp.com\/send?text={post_title}%20{post_link}\"><span class=\"screen-reader-text\">WhatsApp<\/span><\/a><a href=\"https:\/\/telegram.me\/share\/url?url=https:\/\/infotulcea.ro\/actiuni-pentru-cresterea-gradului-de-siguranta-publica\/&amp;text=Ac%C8%9Biuni%20pentru%20cre%C8%99terea%20gradului%20de%20siguran%C8%9B%C4%83%20public%C4%83\" rel=\"external noopener nofollow\" title=\"Telegram\" target=\"_blank\" class=\"telegram-share-btn \" data-raw=\"https:\/\/telegram.me\/share\/url?url={post_link}&amp;text={post_title}\"><span class=\"screen-reader-text\">Telegram<\/span><\/a><a href=\"mailto:?subject=Ac%C8%9Biuni%20pentru%20cre%C8%99terea%20gradului%20de%20siguran%C8%9B%C4%83%20public%C4%83&amp;body=https:\/\/infotulcea.ro\/actiuni-pentru-cresterea-gradului-de-siguranta-publica\/\" rel=\"external noopener nofollow\" title=\"Share via Email\" target=\"_blank\" class=\"email-share-btn \" data-raw=\"mailto:?subject={post_title}&amp;body={post_link}\"><span class=\"screen-reader-text\">Share via Email<\/span><\/a><a href=\"https:\/\/infotulcea.ro\/actiuni-pentru-cresterea-gradului-de-siguranta-publica\/\" rel=\"external noopener nofollow\" title=\"Print\" target=\"_blank\" class=\"print-share-btn \" data-raw=\"#\"><span class=\"screen-reader-text\">Print<\/span><\/a><\/div>\n<\/div>\n<\/article>\n<div class=\"post-components\">\n<div id=\"related-posts\" class=\"container-wrapper has-extra-post\">\n<div class=\"mag-box-title the-global-title\">\n<h3>Related Articles<\/h3>\n<\/div>\n<div class=\"related-posts-list\">\n<div class=\"related-item tie-standard\"><a aria-label=\"Ferm\u0103 de oi \u0219i capre controlat\u0103 de Garda de Mediu!\" href=\"https:\/\/infotulcea.ro\/ferma-de-oi-si-capre-controlata-de-garda-de-mediu\/\" class=\"post-thumb\"><source type=\"image\/webp\" data-srcset=\"https:\/\/infotulcea.ro\/wp-content\/uploads\/2024\/03\/FB_IMG_1711027513476-390x220.jpg.webp\" \/><img loading=\"lazy\" decoding=\"async\" width=\"390\" height=\"220\" src=\"https:\/\/infotulcea.ro\/wp-content\/uploads\/2024\/03\/FB_IMG_1711027513476-390x220.jpg\" class=\"attachment-jannah-image-large size-jannah-image-large wp-post-image\" alt><\/a><\/p>\n<h3 class=\"post-title\"><a href=\"https:\/\/infotulcea.ro\/ferma-de-oi-si-capre-controlata-de-garda-de-mediu\/\">Ferm\u0103 de oi \u0219i capre controlat\u0103 de Garda de Mediu!<\/a><\/h3>\n<div class=\"post-meta clearfix\"><span class=\"date meta-item tie-icon\">21 martie 2024<\/span><\/div>\n<\/div>\n<div class=\"related-item tie-standard\"><a aria-label=\"8 aprilie \u2013 Ziua Interna\u021bional\u0103 a Rromilor\" href=\"https:\/\/infotulcea.ro\/8-aprilie-ziua-internationala-a-rromilor\/\" class=\"post-thumb\"><img loading=\"lazy\" decoding=\"async\" width=\"390\" height=\"220\" src=\"https:\/\/infotulcea.ro\/wp-content\/uploads\/2022\/04\/10-390x220.jpeg\" class=\"attachment-jannah-image-large size-jannah-image-large wp-post-image lazyload\" alt><img loading=\"lazy\" decoding=\"async\" width=\"390\" height=\"220\" src=\"https:\/\/infotulcea.ro\/wp-content\/uploads\/2022\/04\/10-390x220.jpeg\" class=\"attachment-jannah-image-large size-jannah-image-large wp-post-image\" alt><\/a><\/p>\n<h3 class=\"post-title\"><a href=\"https:\/\/infotulcea.ro\/8-aprilie-ziua-internationala-a-rromilor\/\">8 aprilie \u2013 Ziua Interna\u021bional\u0103 a Rromilor<\/a><\/h3>\n<div class=\"post-meta clearfix\"><span class=\"date meta-item tie-icon\">8 aprilie 2022<\/span><\/div>\n<\/div>\n<div class=\"related-item tie-standard\"><a aria-label=\"CONSILIUL CONCUREN\u021aEI MONITORIZEAZ\u0102 EVOLU\u021aIA PRE\u021aURILOR\u00a0 LA CARBURAN\u021aI\u00a0\u00a0\" href=\"https:\/\/infotulcea.ro\/consiliul-concurentei-monitorizeaza-evolutia-preturilor-la-carburanti\/\" class=\"post-thumb\"><source type=\"image\/webp\" data-srcset=\"https:\/\/infotulcea.ro\/wp-content\/uploads\/2026\/07\/Motorina-390x220.jpg.webp\" \/><img loading=\"lazy\" decoding=\"async\" width=\"390\" height=\"220\" src=\"https:\/\/infotulcea.ro\/wp-content\/uploads\/2026\/07\/Motorina-390x220.jpg\" class=\"attachment-jannah-image-large size-jannah-image-large wp-post-image\" alt><\/a><\/p>\n<h3 class=\"post-title\"><a href=\"https:\/\/infotulcea.ro\/consiliul-concurentei-monitorizeaza-evolutia-preturilor-la-carburanti\/\">CONSILIUL CONCUREN\u021aEI MONITORIZEAZ\u0102 EVOLU\u021aIA PRE\u021aURILOR\u00a0 LA CARBURAN\u021aI\u00a0\u00a0<\/a><\/h3>\n<div class=\"post-meta clearfix\"><span class=\"date meta-item tie-icon\">3 iulie 2026<\/span><\/div>\n<\/div>\n<div class=\"related-item tie-standard\"><a aria-label=\"EtnoFest celebreaz\u0103 diversitatea la Tulcea\" href=\"https:\/\/infotulcea.ro\/etnofest-celebreaza-diversitatea-la-tulcea\/\" class=\"post-thumb\"><source type=\"image\/webp\" data-srcset=\"https:\/\/infotulcea.ro\/wp-content\/uploads\/2026\/07\/etono-390x220.jpeg.webp\" \/><img loading=\"lazy\" decoding=\"async\" width=\"390\" height=\"220\" src=\"https:\/\/infotulcea.ro\/wp-content\/uploads\/2026\/07\/etono-390x220.jpeg\" class=\"attachment-jannah-image-large size-jannah-image-large wp-post-image\" alt><\/a><\/p>\n<h3 class=\"post-title\"><a href=\"https:\/\/infotulcea.ro\/etnofest-celebreaza-diversitatea-la-tulcea\/\">EtnoFest celebreaz\u0103 diversitatea la Tulcea<\/a><\/h3>\n<div class=\"post-meta clearfix\"><span class=\"date meta-item tie-icon\">16 iulie 2026<\/span><\/div>\n<\/div>\n<\/div>\n<\/div>\n<div id=\"comments\" class=\"comments-area\">\n<div id=\"add-comment-block\" class=\"container-wrapper\">\n<div id=\"respond\" class=\"comment-respond\">\n<h3 id=\"reply-title\" class=\"comment-reply-title the-global-title\">Las\u0103 un r\u0103spuns <small><a rel=\"nofollow\" id=\"cancel-comment-reply-link\" href=\"https:\/\/infotulcea.ro\/actiuni-pentru-cresterea-gradului-de-siguranta-publica\/#respond\">Anuleaz\u0103 r\u0103spunsul<\/a><\/small><\/h3>\n<p class=\"comment-notes\"><span id=\"email-notes\">Adresa ta de email nu va fi publicat\u0103.<\/span><span class=\"required-field-message\">C\u00e2mpurile obligatorii sunt marcate cu <span class=\"required\">*<\/span><\/span><\/p>\n<\/div>\n<\/div>\n<\/div>\n<\/div>\n<\/div>\n<div id=\"check-also-box\" class=\"container-wrapper check-also-right\">\n<div class=\"widget-title the-global-title\">\n<div class=\"the-subtitle\">Check Also<\/div>\n<p><a href=\"https:\/\/infotulcea.ro\/actiuni-pentru-cresterea-gradului-de-siguranta-publica\/\" id=\"check-also-close\" class=\"remove\"><span class=\"screen-reader-text\">Close<\/span><\/a><\/div>\n<div class=\"widget posts-list-big-first has-first-big-post\">\n<ul class=\"posts-list-items\">\n<li class=\"widget-single-post-item widget-post-list tie-standard\">\n<div class=\"post-widget-thumbnail\"><a aria-label=\"Controale ANR: \u0218ofer de ambarca\u021biune prins b\u0103ut\" href=\"https:\/\/infotulcea.ro\/controale-anr-sofer-de-ambarcatiune-prins-baut\/\" class=\"post-thumb\"><span class=\"post-cat-wrap\"><span class=\"post-cat tie-cat-35\">Comunicate<\/span><\/span><source type=\"image\/webp\" data-srcset=\"https:\/\/infotulcea.ro\/wp-content\/uploads\/2026\/07\/fortele-navale-390x220.jpg.webp\" \/><img loading=\"lazy\" decoding=\"async\" width=\"390\" height=\"220\" src=\"https:\/\/infotulcea.ro\/wp-content\/uploads\/2026\/07\/fortele-navale-390x220.jpg\" class=\"attachment-jannah-image-large size-jannah-image-large wp-post-image\" alt><\/a><\/div>\n<div class=\"post-widget-body \"><a class=\"post-title the-subtitle\" href=\"https:\/\/infotulcea.ro\/controale-anr-sofer-de-ambarcatiune-prins-baut\/\">Controale ANR: \u0218ofer de ambarca\u021biune prins b\u0103ut<\/a><\/p>\n<div class=\"post-meta\"><span class=\"date meta-item tie-icon\">13 iulie 2026<\/span><\/div>\n<\/div>\n<\/li>\n<\/ul>\n<\/div>\n<\/div>\n<aside class=\"sidebar tie-col-md-4 tie-col-xs-12 normal-side is-sticky\" aria-label=\"Primary Sidebar\">\n<div class=\"theiaStickySidebar\">\n<div id=\"media_image-19\" class=\"container-wrapper widget widget_media_image\"><a href=\"https:\/\/infotulcea.ro\/delta-dunarii-mai-accesibila-navrom-delta-creste-numarul-curselor-regulate-de-la-1-mai-2025\/\"><source sizes=\"(max-width: 500px) 100vw, 500px\" type=\"image\/webp\" data-srcset=\"https:\/\/infotulcea.ro\/wp-content\/uploads\/2025\/04\/navrom-delta-500x271.jpg.webp 500w, https:\/\/infotulcea.ro\/wp-content\/uploads\/2025\/04\/navrom-delta-1024x555.jpg.webp 1024w, https:\/\/infotulcea.ro\/wp-content\/uploads\/2025\/04\/navrom-delta-768x416.jpg.webp 768w, https:\/\/infotulcea.ro\/wp-content\/uploads\/2025\/04\/navrom-delta.jpg.webp 1080w\" \/><img loading=\"lazy\" decoding=\"async\" width=\"500\" height=\"271\" src=\"https:\/\/infotulcea.ro\/wp-content\/uploads\/2025\/04\/navrom-delta-500x271.jpg\" class=\"image wp-image-34487  attachment-medium size-medium\" alt><\/a><\/div>\n<div id=\"media_image-17\" class=\"container-wrapper widget widget_media_image\"><a href=\"https:\/\/www.facebook.com\/share\/p\/1DGAD1tLWN\/?mibextid=wwXIfr\" target=\"_blank\"><source sizes=\"(max-width: 500px) 100vw, 500px\" type=\"image\/webp\" data-srcset=\"https:\/\/infotulcea.ro\/wp-content\/uploads\/2026\/01\/IMG_1563-500x500.jpeg.webp 500w, https:\/\/infotulcea.ro\/wp-content\/uploads\/2026\/01\/IMG_1563-1024x1024.jpeg.webp 1024w, https:\/\/infotulcea.ro\/wp-content\/uploads\/2026\/01\/IMG_1563-250x250.jpeg.webp 250w, https:\/\/infotulcea.ro\/wp-content\/uploads\/2026\/01\/IMG_1563-768x768.jpeg.webp 768w, https:\/\/infotulcea.ro\/wp-content\/uploads\/2026\/01\/IMG_1563.jpeg.webp 1080w\" \/><img loading=\"lazy\" decoding=\"async\" width=\"500\" height=\"500\" src=\"https:\/\/infotulcea.ro\/wp-content\/uploads\/2026\/01\/IMG_1563-500x500.jpeg\" class=\"image wp-image-37932  attachment-medium size-medium\" alt title=\"Centrale pe lemne\"><\/a><\/div>\n<div id=\"media_image-18\" class=\"container-wrapper widget widget_media_image\"><a href=\"https:\/\/www.licitatia.ro\/site\/index-guest\"><img loading=\"lazy\" decoding=\"async\" width=\"500\" height=\"262\" src=\"https:\/\/infotulcea.ro\/wp-content\/uploads\/2025\/09\/licitatia-500x262.png\" class=\"image wp-image-36670  attachment-medium size-medium lazyload\" alt><img loading=\"lazy\" decoding=\"async\" width=\"500\" height=\"262\" src=\"https:\/\/infotulcea.ro\/wp-content\/uploads\/2025\/09\/licitatia-500x262.png\" class=\"image wp-image-36670  attachment-medium size-medium\" alt><\/a><\/div>\n<div id=\"media_image-27\" class=\"container-wrapper widget widget_media_image\"><a href=\"https:\/\/www.centrale-lemne-liepsnele.ro\/\"><img loading=\"lazy\" decoding=\"async\" width=\"500\" height=\"500\" src=\"https:\/\/infotulcea.ro\/wp-content\/uploads\/2025\/09\/Centrale-pe-Lemne-Liepsnele-500x500.png\" class=\"image wp-image-36541  attachment-medium size-medium lazyload\" alt=\"Centrala pe lemne\"><img loading=\"lazy\" decoding=\"async\" width=\"500\" height=\"500\" src=\"https:\/\/infotulcea.ro\/wp-content\/uploads\/2025\/09\/Centrale-pe-Lemne-Liepsnele-500x500.png\" class=\"image wp-image-36541  attachment-medium size-medium\" alt=\"Centrala pe lemne\"><\/a><\/div>\n<div id=\"media_image-28\" class=\"container-wrapper widget widget_media_image\"><a href=\"https:\/\/infotulcea.ro\/angajeaza-te-ro-platforma-ta-online-de-angajari-si-forta-de-munca\/\"><source sizes=\"(max-width: 500px) 100vw, 500px\" type=\"image\/webp\" data-srcset=\"https:\/\/infotulcea.ro\/wp-content\/uploads\/2025\/04\/banner-angajazate-1-500x305.jpg.webp 500w, https:\/\/infotulcea.ro\/wp-content\/uploads\/2025\/04\/banner-angajazate-1-1024x625.jpg.webp 1024w, https:\/\/infotulcea.ro\/wp-content\/uploads\/2025\/04\/banner-angajazate-1-768x469.jpg.webp 768w, https:\/\/infotulcea.ro\/wp-content\/uploads\/2025\/04\/banner-angajazate-1.jpg.webp 1080w\" \/><img loading=\"lazy\" decoding=\"async\" width=\"500\" height=\"305\" src=\"https:\/\/infotulcea.ro\/wp-content\/uploads\/2025\/04\/banner-angajazate-1-500x305.jpg\" class=\"image wp-image-34317  attachment-medium size-medium\" alt><\/a><\/div>\n<\/div>\n<\/aside>\n<\/div>\n<\/div>\n<div class=\"entry-content entry clearfix\">\n<p><strong>\u00cen perioada 15\u201316 iulie 2026, poli\u021bi\u0219tii din cadrul Biroului de Ordine Public\u0103 au desf\u0103\u0219urat ac\u021biuni pe raza municipiului Tulcea, av\u00e2nd ca obiectiv prevenirea \u0219i combaterea faptelor de tulburare a ordinii \u0219i lini\u0219tii publice, a faptelor antisociale \u0219i a infrac\u021biunilor contra persoanei \u0219i patrimoniului, precum \u0219i men\u021binerea unui climat optim de ordine \u0219i siguran\u021b\u0103 public\u0103.<\/strong><\/p>\n<p>Totodat\u0103, activit\u0103\u021bile au vizat depistarea persoanelor urm\u0103rite \u0219i a celor aflate \u00een eviden\u021bele operative, identificarea persoanelor care consum\u0103 sau comercializeaz\u0103 substan\u021be interzise cu efect psihotrop, precum \u0219i identificarea bunurilor abandonate pe domeniul public sau privat al unit\u0103\u021bii administrativ-teritoriale.<\/p>\n<p>\u00cen cadrul ac\u021biunilor, poli\u021bi\u0219tii au efectuat legitim\u0103ri, verific\u0103ri \u00een trafic \u0219i controale \u00een zonele cu risc, urm\u0103rind<source sizes=\"(max-width: 333px) 100vw, 333px\" type=\"image\/webp\" data-srcset=\"https:\/\/infotulcea.ro\/wp-content\/uploads\/2026\/07\/ipj-375x500.jpeg.webp 375w, https:\/\/infotulcea.ro\/wp-content\/uploads\/2026\/07\/ipj-768x1024.jpeg.webp 768w, https:\/\/infotulcea.ro\/wp-content\/uploads\/2026\/07\/ipj.jpeg.webp 1080w\" \/><\/p>\n<p><img loading=\"lazy\" decoding=\"async\" class=\" wp-image-40133 alignright\" src=\"https:\/\/infotulcea.ro\/wp-content\/uploads\/2026\/07\/ipj-375x500.jpeg\" alt width=\"333\" height=\"444\"> descurajarea comportamentelor antisociale \u0219i consolidarea climatului de ordine \u0219i siguran\u021b\u0103 public\u0103.<\/p>\n<p>Pentru abaterile constatate au fost aplicate sanc\u021biuni contraven\u021bionale, \u00een conformitate cu prevederile Legii nr. 61\/1991 (republicat\u0103), \u00een valoare total\u0103 de 7.000 lei, majoritatea viz\u00e2nd \u00eenc\u0103lcarea normelor de convie\u021buire social\u0103 \u0219i tulburarea ordinii \u0219i lini\u0219tii publice.<\/p>\n<p>Ac\u021biunile au avut un pronun\u021bat caracter preventiv \u0219i proactiv, prin asigurarea unei prezen\u021be active \u0219i vizibile a poli\u021bi\u0219tilor \u00een comunitate.<\/p>\n<p>Pe durata desf\u0103\u0219ur\u0103rii activit\u0103\u021bilor, echipajele de poli\u021bie au utilizat semnalele luminoase ale autospecialelor din dotare, m\u0103sur\u0103 menit\u0103 s\u0103 sporeasc\u0103 vizibilitatea for\u021belor de ordine, s\u0103 consolideze autoritatea institu\u021bional\u0103 \u0219i s\u0103 contribuie la cre\u0219terea sentimentului de siguran\u021b\u0103 \u00een r\u00e2ndul cet\u0103\u021benilor.<\/p>\n<p>Inspectoratul de Poli\u021bie Jude\u021bean Tulcea va continua organizarea unor astfel de ac\u021biuni, pentru prevenirea \u0219i combaterea faptelor antisociale, protejarea comunit\u0103\u021bii \u0219i men\u021binerea unui climat de ordine \u0219i siguran\u021b\u0103 public\u0103.<\/p>\n<\/div>\n<div class=\"articleBody\" data-key=\"articleBody\">\u00cen perioada 15\u201316 iulie 2026, poli\u021bi\u0219tii din cadrul Biroului de Ordine Public\u0103 au desf\u0103\u0219urat ac\u021biuni pe raza municipiului Tulcea, av\u00e2nd ca obiectiv prevenirea \u0219i combaterea faptelor de tulburare a ordinii \u0219i lini\u0219tii publice, a faptelor antisociale \u0219i a infrac\u021biunilor contra persoanei \u0219i patrimoniului, precum \u0219i men\u021binerea unui climat optim de ordine \u0219i siguran\u021b\u0103 public\u0103.<\/p>\n<p>Totodat\u0103, activit\u0103\u021bile au vizat depistarea persoanelor urm\u0103rite \u0219i a celor aflate \u00een eviden\u021bele operative, identificarea persoanelor care consum\u0103 sau comercializeaz\u0103 substan\u021be interzise cu efect psihotrop, precum \u0219i identificarea bunurilor abandonate pe domeniul public sau privat al unit\u0103\u021bii administrativ-teritoriale.<\/p>\n<p>\u00cen cadrul ac\u021biunilor, poli\u021bi\u0219tii au efectuat legitim\u0103ri, verific\u0103ri \u00een trafic \u0219i controale \u00een zonele cu risc, urm\u0103rind descurajarea comportamentelor antisociale \u0219i consolidarea climatului de ordine \u0219i siguran\u021b\u0103 public\u0103.<\/p>\n<p>Pentru abaterile constatate au fost aplicate sanc\u021biuni contraven\u021bionale, \u00een conformitate cu prevederile Legii nr. 61\/1991 (republicat\u0103), \u00een valoare total\u0103 de 7.000 lei, majoritatea viz\u00e2nd \u00eenc\u0103lcarea normelor de convie\u021buire social\u0103 \u0219i tulburarea ordinii \u0219i lini\u0219tii publice.<\/p>\n<p>Ac\u021biunile au avut un pronun\u021bat caracter preventiv \u0219i proactiv, prin asigurarea unei prezen\u021be active \u0219i vizibile a poli\u021bi\u0219tilor \u00een comunitate.<\/p>\n<p>Pe durata desf\u0103\u0219ur\u0103rii activit\u0103\u021bilor, echipajele de poli\u021bie au utilizat semnalele luminoase ale autospecialelor din dotare, m\u0103sur\u0103 menit\u0103 s\u0103 sporeasc\u0103 vizibilitatea for\u021belor de ordine, s\u0103 consolideze autoritatea institu\u021bional\u0103 \u0219i s\u0103 contribuie la cre\u0219terea sentimentului de siguran\u021b\u0103 \u00een r\u00e2ndul cet\u0103\u021benilor.<\/p>\n<p>Inspectoratul de Poli\u021bie Jude\u021bean Tulcea va continua organizarea unor astfel de ac\u021biuni, pentru prevenirea \u0219i combaterea faptelor antisociale, protejarea comunit\u0103\u021bii \u0219i men\u021binerea unui climat de ordine \u0219i siguran\u021b\u0103 public\u0103.<\/p><\/div>\n<p>[analyse_source url=&#8221;https:\/\/infotulcea.ro\/actiuni-pentru-cresterea-gradului-de-siguranta-publica\/&#8221;]<\/p>\n","protected":false},"excerpt":{"rendered":"<p>[analyse_image type=&#8221;featured&#8221; src=&#8221;https:\/\/infotulcea.ro\/wp-content\/uploads\/2026\/07\/ipj.jpeghttps:\/\/infotulcea.ro\/wp-content\/uploads\/2026\/07\/ipj.jpeg&#8221;] Home\/Comunicate\/Ac\u021biuni pentru cre\u0219terea gradului de siguran\u021b\u0103 public\u0103 Comunicate Ac\u021biuni pentru cre\u0219terea gradului de siguran\u021b\u0103 public\u0103 Redactia18 iulie 2026 0 423 1 minute read \u00cen perioada 15\u201316 iulie 2026, poli\u021bi\u0219tii din cadrul Biroului de Ordine Public\u0103 au desf\u0103\u0219urat ac\u021biuni pe raza municipiului Tulcea, av\u00e2nd ca obiectiv prevenirea \u0219i combaterea faptelor de tulburare a [&hellip;]<\/p>\n","protected":false},"author":1,"featured_media":0,"comment_status":"open","ping_status":"","sticky":false,"template":"","format":"standard","meta":{"footnotes":""},"categories":[89],"tags":[226,221],"class_list":["post-2064730","post","type-post","status-publish","format-standard","hentry","category-romania","tag-crawlmanager","tag-infotulcea-ro"],"_links":{"self":[{"href":"https:\/\/analyse.optim.biz\/index.php?rest_route=\/wp\/v2\/posts\/2064730","targetHints":{"allow":["GET"]}}],"collection":[{"href":"https:\/\/analyse.optim.biz\/index.php?rest_route=\/wp\/v2\/posts"}],"about":[{"href":"https:\/\/analyse.optim.biz\/index.php?rest_route=\/wp\/v2\/types\/post"}],"author":[{"embeddable":true,"href":"https:\/\/analyse.optim.biz\/index.php?rest_route=\/wp\/v2\/users\/1"}],"replies":[{"embeddable":true,"href":"https:\/\/analyse.optim.biz\/index.php?rest_route=%2Fwp%2Fv2%2Fcomments&post=2064730"}],"version-history":[{"count":0,"href":"https:\/\/analyse.optim.biz\/index.php?rest_route=\/wp\/v2\/posts\/2064730\/revisions"}],"wp:attachment":[{"href":"https:\/\/analyse.optim.biz\/index.php?rest_route=%2Fwp%2Fv2%2Fmedia&parent=2064730"}],"wp:term":[{"taxonomy":"category","embeddable":true,"href":"https:\/\/analyse.optim.biz\/index.php?rest_route=%2Fwp%2Fv2%2Fcategories&post=2064730"},{"taxonomy":"post_tag","embeddable":true,"href":"https:\/\/analyse.optim.biz\/index.php?rest_route=%2Fwp%2Fv2%2Ftags&post=2064730"}],"curies":[{"name":"wp","href":"https:\/\/api.w.org\/{rel}","templated":true}]}}