{"id":2064729,"date":"2026-07-18T13:51:41","date_gmt":"2026-07-18T10:51:41","guid":{"rendered":"https:\/\/analyse.optim.biz\/?p=2064729"},"modified":"2026-07-18T13:51:41","modified_gmt":"2026-07-18T10:51:41","slug":"anar-respinge-categoric-informatiile-false-aparute-recent-in-spatiul-public-privind-taxarea-fantanilor-si-presupusa-pedepsire-penala-a-oamenilor-care-isi-construiesc-fantani-si-folosesc-apa","status":"publish","type":"post","link":"https:\/\/analyse.optim.biz\/?p=2064729","title":{"rendered":"ANAR respinge categoric informa\u021biile false ap\u0103rute recent \u00een spa\u021biul public privind taxarea f\u00e2nt\u00e2nilor \u0219i presupusa pedepsire penal\u0103 a oamenilor care \u00ee\u0219i construiesc f\u00e2nt\u00e2ni \u0219i folosesc apa"},"content":{"rendered":"<p>[analyse_image type=&#8221;featured&#8221; src=&#8221;https:\/\/infotulcea.ro\/wp-content\/uploads\/2021\/11\/bulina.png&#8221;]<\/p>\n<div id=\"content\" class=\"site-content container\">\n<div id=\"main-content-row\" class=\"tie-row main-content-row\">\n<div class=\"main-content tie-col-md-8 tie-col-xs-12\" role=\"main\">\n<article id=\"the-post\" class=\"container-wrapper post-content tie-standard\">\n<header class=\"entry-header-outer\">\n<nav id=\"breadcrumb\"><a href=\"https:\/\/infotulcea.ro\/\"> Home<\/a><em class=\"delimiter\">\/<\/em><a href=\"https:\/\/infotulcea.ro\/categorie\/comunicate\/\">Comunicate<\/a><em class=\"delimiter\">\/<\/em><span class=\"current\">ANAR respinge categoric informa\u021biile false ap\u0103rute recent \u00een spa\u021biul public privind taxarea f\u00e2nt\u00e2nilor \u0219i presupusa pedepsire penal\u0103 a oamenilor care \u00ee\u0219i construiesc f\u00e2nt\u00e2ni \u0219i folosesc apa<\/span><\/nav>\n<div class=\"entry-header\"><span class=\"post-cat-wrap\"><a class=\"post-cat tie-cat-35\" href=\"https:\/\/infotulcea.ro\/categorie\/comunicate\/\">Comunicate<\/a><\/span><\/p>\n<h1 class=\"post-title entry-title\">\n\t\t\tANAR respinge categoric informa\u021biile false ap\u0103rute recent \u00een spa\u021biul public privind taxarea f\u00e2nt\u00e2nilor \u0219i presupusa pedepsire penal\u0103 a oamenilor care \u00ee\u0219i construiesc f\u00e2nt\u00e2ni \u0219i folosesc apa\t\t<\/h1>\n<div class=\"single-post-meta post-meta clearfix\"><span class=\"author-meta single-author no-avatars\"><span class=\"meta-item meta-author-wrapper meta-author-9\"><span class=\"meta-author\"><a href=\"https:\/\/infotulcea.ro\/author\/redactia-2\/\" class=\"author-name tie-icon\" title=\"Redactia\">Redactia<\/a><\/span><\/span><\/span><span class=\"date meta-item tie-icon\">18 iulie 2026<\/span><\/p>\n<div class=\"tie-alignright\"><span class=\"meta-comment tie-icon meta-item fa-before\">0<\/span><span class=\"meta-views meta-item \"> 211 <\/span><span class=\"meta-reading-time meta-item\"> 2 minutes read<\/span><\/div>\n<\/div>\n<\/div>\n<\/header>\n<div class=\"entry-content entry clearfix\">\n<p><strong>Administra\u021bia Na\u021bional\u0103 \u201eApele Rom\u00e2ne\u201d respinge categoric informa\u021biile false vehiculate \u00een spa\u021biul public potrivit c\u0103rora cet\u0103\u021benii ar urma s\u0103 fie taxa\u021bi sau pedepsi\u021bi penal pentru c\u0103 folosesc apa din f\u00e2nt\u00e2nile aflate \u00een propriile gospod\u0103rii.<\/strong><\/p>\n<p>Pornind de la proiectul de lege pus \u00een dezbatere public\u0103 de Ministerul Mediului, Apelor \u0219i P\u0103durilor privind transpunerea Directivei (UE) 2024\/1203, \u00een ultimele zile au fost distribuite \u00een spa\u021biul social-media informa\u021bii false \u0219i mesaje de tip fake news care induc \u00een eroare opinia public\u0103 \u00een leg\u0103tur\u0103 cu o posibil\u0103 taxare a oamenilor care \u00ee\u0219i construiesc f\u00e2nt\u00e2ni \u00een curtea proprie, iar aceast\u0103 activitate ar putea fi o infrac\u021biune.<\/p>\n<p>Asigur\u0103m publicul c\u0103 aceste informa\u021bii sunt complet eronate.<\/p>\n<p>Actualul proiect de lege nu introduce nicio tax\u0103 pentru apa utilizat\u0103 \u00een gospod\u0103riile popula\u021biei \u0219i nu modific\u0103 drepturile cet\u0103\u021benilor prev\u0103zute de Legea apelor nr. 107\/1996. Prin urmare, oamenii pot construi f\u00e2nt\u00e2ni \u0219i pot folosi \u00een continuare gratuit apa din f\u00e2nt\u00e2ni pentru nevoile gospod\u0103riei proprii, iar aceast\u0103 activitate nu reprezint\u0103 o infrac\u021biune.<\/p>\n<p>Conform art. 9 alin. (2) din Legea apelor, <strong>apele de suprafa\u021b\u0103 sau subterane pot fi folosite liber pentru b\u0103ut, ad\u0103patul animalelor, udat, sp\u0103lat, \u00eemb\u0103iat \u0219i alte trebuin\u021be gospod\u0103re\u0219ti, exclusiv pentru satisfacerea necesit\u0103\u021bilor gospod\u0103riei proprii, dac\u0103 debitul prelevat nu dep\u0103\u0219e\u0219te 0,2 litri pe secund\u0103. Acest debit \u00eenseamn\u0103 aproximativ 12 litri pe minut, 720 de litri pe or\u0103 sau p\u00e2n\u0103 la 17,28 metri cubi pe zi, \u00een ipoteza unei func\u021bion\u0103ri continue, un nivel considerabil peste consumul obi\u0219nuit al unei gospod\u0103rii<\/strong>. Totodat\u0103, potrivit art. 81 alin. (2) din Legea apelor, persoanelor fizice care folosesc apa \u00een aceste condi\u021bii nu li se aplic\u0103 sistemul de contribu\u021bii, pl\u0103\u021bi, tarife \u0219i penalit\u0103\u021bi specifice gospod\u0103ririi apelor.<\/p>\n<p>Proiectul publicat de Ministerul Mediului, Apelor \u0219i P\u0103durilor <strong>vizeaz\u0103 faptele grave \u00eempotriva mediului<\/strong>, <strong>precum poluarea sever\u0103, distrugerea ecosistemelor sau exploatarea ilegal\u0103 <\/strong>a resurselor naturale care produce ori este susceptibil\u0103 s\u0103 produc\u0103 daune semnificative asupra apei, solului, aerului, ecosistemelor sau s\u0103n\u0103t\u0103\u021bii oamenilor. De asemenea, sunt vizate <strong>capt\u0103rile ilegale<\/strong> de ape, ceea ce nu e cazul <strong>f\u00e2nt\u00e2nilor care sunt prev\u0103zute expres \u00een legea apelor ca fiind captare legal\u0103.<\/strong><\/p>\n<p><strong>A\u0219adar<\/strong>, <strong>nu poate fi pus semnul egal \u00eentre folosirea apei dintr-o f\u00e2nt\u00e2n\u0103 pentru b\u0103ut, udatul gr\u0103dinii sau ad\u0103patul animalelor \u0219i capt\u0103rile ilegale de ap\u0103 realizate la scar\u0103 mare, \u00een scop economic, cu \u00eenc\u0103lcarea legii \u0219i cu efecte semnificative asupra resurselor de ap\u0103 ori asupra celorlal\u021bi utilizatori. <\/strong><\/p>\n<p>Apa este o resurs\u0103 natural\u0103 limitat\u0103 \u0219i un bun de interes public. Rom\u00e2nia se confrunt\u0103 tot mai frecvent cu perioade de secet\u0103 hidrologic\u0103, iar efectele schimb\u0103rilor climatice sunt resim\u021bite inclusiv prin reducerea disponibilit\u0103\u021bii resurselor de ap\u0103 \u00een numeroase bazine hidrografice. Din acest motiv, administrarea responsabil\u0103 a resurselor de ap\u0103 \u0219i combaterea exploat\u0103rilor ilegale reprezint\u0103 obliga\u021bii esen\u021biale ale autorit\u0103\u021bilor statului pentru protejarea interesului public \u0219i a drepturilor cet\u0103\u021benilor.<\/p>\n<p>Administra\u021bia Na\u021bional\u0103 \u201eApele Rom\u00e2ne\u201d recomand\u0103 cet\u0103\u021benilor s\u0103 consulte informa\u021biile oficiale publicate de autorit\u0103\u021bile competente ale statului, inclusiv textele legislative, \u00eenainte de redistribuirea unor informa\u021bii neverificate.<\/p>\n<p>Institu\u021bia noastr\u0103 va continua s\u0103 informeze transparent opinia public\u0103 \u0219i s\u0103 combat\u0103 dezinformarea prin prezentarea corect\u0103 a realit\u0103\u021bii \u0219i a prevederilor legale care o reglementeaz\u0103.<\/p>\n<p>\u00a0<\/p>\n<\/div>\n<div id=\"post-extra-info\">\n<div class=\"theiaStickySidebar\">\n<div class=\"single-post-meta post-meta clearfix\"><span class=\"author-meta single-author no-avatars\"><span class=\"meta-item meta-author-wrapper meta-author-9\"><span class=\"meta-author\"><a href=\"https:\/\/infotulcea.ro\/author\/redactia-2\/\" class=\"author-name tie-icon\" title=\"Redactia\">Redactia<\/a><\/span><\/span><\/span><span class=\"date meta-item tie-icon\">18 iulie 2026<\/span><\/p>\n<div class=\"tie-alignright\"><span class=\"meta-comment tie-icon meta-item fa-before\">0<\/span><span class=\"meta-views meta-item \"> 211 <\/span><span class=\"meta-reading-time meta-item\"> 2 minutes read<\/span><\/div>\n<\/div>\n<\/div>\n<\/div>\n<div id=\"share-buttons-bottom\" class=\"share-buttons share-buttons-bottom\">\n<div class=\"share-links  icons-only\">\n<div class=\"share-title\"><span> Share<\/span><\/div>\n<p><a href=\"https:\/\/www.facebook.com\/sharer.php?u=https:\/\/infotulcea.ro\/anar-respinge-categoric-informatiile-false-aparute-recent-in-spatiul-public-privind-taxarea-fantanilor-si-presupusa-pedepsire-penala-a-oamenilor-care-isi-construiesc-fantani-si-folosesc-apa\/\" rel=\"external noopener nofollow\" title=\"Facebook\" target=\"_blank\" class=\"facebook-share-btn \" data-raw=\"https:\/\/www.facebook.com\/sharer.php?u={post_link}\"><span class=\"screen-reader-text\">Facebook<\/span><\/a><a href=\"https:\/\/twitter.com\/intent\/tweet?text=ANAR%20respinge%20categoric%20informa%C8%9Biile%20false%20ap%C4%83rute%20recent%20%C3%AEn%20spa%C8%9Biul%20public%20privind%20taxarea%20f%C3%A2nt%C3%A2nilor%20%C8%99i%20presupusa%20pedepsire%20penal%C4%83%20a%20oamenilor%20care%20%C3%AE%C8%99i%20construiesc%20f%C3%A2nt%C3%A2ni%20%C8%99i%20folosesc%20apa&amp;url=https:\/\/infotulcea.ro\/anar-respinge-categoric-informatiile-false-aparute-recent-in-spatiul-public-privind-taxarea-fantanilor-si-presupusa-pedepsire-penala-a-oamenilor-care-isi-construiesc-fantani-si-folosesc-apa\/\" rel=\"external noopener nofollow\" title=\"X\" target=\"_blank\" class=\"twitter-share-btn \" data-raw=\"https:\/\/twitter.com\/intent\/tweet?text={post_title}&amp;url={post_link}\"><span class=\"screen-reader-text\">X<\/span><\/a><a href=\"https:\/\/api.whatsapp.com\/send?text=ANAR%20respinge%20categoric%20informa%C8%9Biile%20false%20ap%C4%83rute%20recent%20%C3%AEn%20spa%C8%9Biul%20public%20privind%20taxarea%20f%C3%A2nt%C3%A2nilor%20%C8%99i%20presupusa%20pedepsire%20penal%C4%83%20a%20oamenilor%20care%20%C3%AE%C8%99i%20construiesc%20f%C3%A2nt%C3%A2ni%20%C8%99i%20folosesc%20apa%20https:\/\/infotulcea.ro\/anar-respinge-categoric-informatiile-false-aparute-recent-in-spatiul-public-privind-taxarea-fantanilor-si-presupusa-pedepsire-penala-a-oamenilor-care-isi-construiesc-fantani-si-folosesc-apa\/\" rel=\"external noopener nofollow\" title=\"WhatsApp\" target=\"_blank\" class=\"whatsapp-share-btn \" data-raw=\"https:\/\/api.whatsapp.com\/send?text={post_title}%20{post_link}\"><span class=\"screen-reader-text\">WhatsApp<\/span><\/a><a href=\"https:\/\/telegram.me\/share\/url?url=https:\/\/infotulcea.ro\/anar-respinge-categoric-informatiile-false-aparute-recent-in-spatiul-public-privind-taxarea-fantanilor-si-presupusa-pedepsire-penala-a-oamenilor-care-isi-construiesc-fantani-si-folosesc-apa\/&amp;text=ANAR%20respinge%20categoric%20informa%C8%9Biile%20false%20ap%C4%83rute%20recent%20%C3%AEn%20spa%C8%9Biul%20public%20privind%20taxarea%20f%C3%A2nt%C3%A2nilor%20%C8%99i%20presupusa%20pedepsire%20penal%C4%83%20a%20oamenilor%20care%20%C3%AE%C8%99i%20construiesc%20f%C3%A2nt%C3%A2ni%20%C8%99i%20folosesc%20apa\" rel=\"external noopener nofollow\" title=\"Telegram\" target=\"_blank\" class=\"telegram-share-btn \" data-raw=\"https:\/\/telegram.me\/share\/url?url={post_link}&amp;text={post_title}\"><span class=\"screen-reader-text\">Telegram<\/span><\/a><a href=\"mailto:?subject=ANAR%20respinge%20categoric%20informa%C8%9Biile%20false%20ap%C4%83rute%20recent%20%C3%AEn%20spa%C8%9Biul%20public%20privind%20taxarea%20f%C3%A2nt%C3%A2nilor%20%C8%99i%20presupusa%20pedepsire%20penal%C4%83%20a%20oamenilor%20care%20%C3%AE%C8%99i%20construiesc%20f%C3%A2nt%C3%A2ni%20%C8%99i%20folosesc%20apa&amp;body=https:\/\/infotulcea.ro\/anar-respinge-categoric-informatiile-false-aparute-recent-in-spatiul-public-privind-taxarea-fantanilor-si-presupusa-pedepsire-penala-a-oamenilor-care-isi-construiesc-fantani-si-folosesc-apa\/\" rel=\"external noopener nofollow\" title=\"Share via Email\" target=\"_blank\" class=\"email-share-btn \" data-raw=\"mailto:?subject={post_title}&amp;body={post_link}\"><span class=\"screen-reader-text\">Share via Email<\/span><\/a><a href=\"https:\/\/infotulcea.ro\/anar-respinge-categoric-informatiile-false-aparute-recent-in-spatiul-public-privind-taxarea-fantanilor-si-presupusa-pedepsire-penala-a-oamenilor-care-isi-construiesc-fantani-si-folosesc-apa\/\" rel=\"external noopener nofollow\" title=\"Print\" target=\"_blank\" class=\"print-share-btn \" data-raw=\"#\"><span class=\"screen-reader-text\">Print<\/span><\/a><\/div>\n<\/div>\n<\/article>\n<div class=\"post-components\">\n<div id=\"related-posts\" class=\"container-wrapper has-extra-post\">\n<div class=\"mag-box-title the-global-title\">\n<h3>Related Articles<\/h3>\n<\/div>\n<div class=\"related-posts-list\">\n<div class=\"related-item tie-standard\"><a aria-label=\"Controale ITM Tulcea: Munc\u0103 f\u0103r\u0103 forme legale la o asocia\u021bie de proprietari!\" href=\"https:\/\/infotulcea.ro\/controale-itm-tulcea-munca-fara-forme-legale-la-o-asociatie-de-proprietari\/\" class=\"post-thumb\"><img loading=\"lazy\" decoding=\"async\" width=\"390\" height=\"220\" src=\"https:\/\/infotulcea.ro\/wp-content\/uploads\/2021\/08\/inspectia-muncii-390x220.jpg\" class=\"attachment-jannah-image-large size-jannah-image-large wp-post-image lazyload\" alt><img loading=\"lazy\" decoding=\"async\" width=\"390\" height=\"220\" src=\"https:\/\/infotulcea.ro\/wp-content\/uploads\/2021\/08\/inspectia-muncii-390x220.jpg\" class=\"attachment-jannah-image-large size-jannah-image-large wp-post-image\" alt><\/a><\/p>\n<h3 class=\"post-title\"><a href=\"https:\/\/infotulcea.ro\/controale-itm-tulcea-munca-fara-forme-legale-la-o-asociatie-de-proprietari\/\">Controale ITM Tulcea: Munc\u0103 f\u0103r\u0103 forme legale la o asocia\u021bie de proprietari!<\/a><\/h3>\n<div class=\"post-meta clearfix\"><span class=\"date meta-item tie-icon\">14 august 2023<\/span><\/div>\n<\/div>\n<div class=\"related-item tie-standard\"><a aria-label=\"Patru firme din construc\u021bii tulcene sanc\u021bionate pentru angaja\u021bi f\u0103r\u0103 contracte!\" href=\"https:\/\/infotulcea.ro\/patru-firme-din-constructii-tulcene-sanctionate-pentru-angajati-fara-contracte\/\" class=\"post-thumb\"><img loading=\"lazy\" decoding=\"async\" width=\"390\" height=\"220\" src=\"https:\/\/infotulcea.ro\/wp-content\/uploads\/2022\/01\/itm-390x220.jpg\" class=\"attachment-jannah-image-large size-jannah-image-large wp-post-image lazyload\" alt><img loading=\"lazy\" decoding=\"async\" width=\"390\" height=\"220\" src=\"https:\/\/infotulcea.ro\/wp-content\/uploads\/2022\/01\/itm-390x220.jpg\" class=\"attachment-jannah-image-large size-jannah-image-large wp-post-image\" alt><\/a><\/p>\n<h3 class=\"post-title\"><a href=\"https:\/\/infotulcea.ro\/patru-firme-din-constructii-tulcene-sanctionate-pentru-angajati-fara-contracte\/\">Patru firme din construc\u021bii tulcene sanc\u021bionate pentru angaja\u021bi f\u0103r\u0103 contracte!<\/a><\/h3>\n<div class=\"post-meta clearfix\"><span class=\"date meta-item tie-icon\">12 august 2024<\/span><\/div>\n<\/div>\n<div class=\"related-item tie-standard\"><a aria-label=\"Ac\u021biuni pentru cre\u0219terea gradului de siguran\u021b\u0103 public\u0103\" href=\"https:\/\/infotulcea.ro\/actiuni-pentru-cresterea-gradului-de-siguranta-publica\/\" class=\"post-thumb\"><source type=\"image\/webp\" data-srcset=\"https:\/\/infotulcea.ro\/wp-content\/uploads\/2026\/07\/ipj-390x220.jpeg.webp\" \/><img loading=\"lazy\" decoding=\"async\" width=\"390\" height=\"220\" src=\"https:\/\/infotulcea.ro\/wp-content\/uploads\/2026\/07\/ipj-390x220.jpeg\" class=\"attachment-jannah-image-large size-jannah-image-large wp-post-image\" alt><\/a><\/p>\n<h3 class=\"post-title\"><a href=\"https:\/\/infotulcea.ro\/actiuni-pentru-cresterea-gradului-de-siguranta-publica\/\">Ac\u021biuni pentru cre\u0219terea gradului de siguran\u021b\u0103 public\u0103<\/a><\/h3>\n<div class=\"post-meta clearfix\"><span class=\"date meta-item tie-icon\">18 iulie 2026<\/span><\/div>\n<\/div>\n<div class=\"related-item tie-standard\"><a aria-label=\"Tragedie de Sf\u00e2nta M\u0103rie: S-a aruncat \u00een Dun\u0103re de pe bac\" href=\"https:\/\/infotulcea.ro\/tragedie-de-sfanta-marie-s-a-aruncat-in-dunare-de-pe-bac\/\" class=\"post-thumb\"><img loading=\"lazy\" decoding=\"async\" width=\"390\" height=\"220\" src=\"https:\/\/infotulcea.ro\/wp-content\/uploads\/2022\/02\/bac-gal-390x220.jpg\" class=\"attachment-jannah-image-large size-jannah-image-large wp-post-image lazyload\" alt><img loading=\"lazy\" decoding=\"async\" width=\"390\" height=\"220\" src=\"https:\/\/infotulcea.ro\/wp-content\/uploads\/2022\/02\/bac-gal-390x220.jpg\" class=\"attachment-jannah-image-large size-jannah-image-large wp-post-image\" alt><\/a><\/p>\n<h3 class=\"post-title\"><a href=\"https:\/\/infotulcea.ro\/tragedie-de-sfanta-marie-s-a-aruncat-in-dunare-de-pe-bac\/\">Tragedie de Sf\u00e2nta M\u0103rie: S-a aruncat \u00een Dun\u0103re de pe bac<\/a><\/h3>\n<div class=\"post-meta clearfix\"><span class=\"date meta-item tie-icon\">16 august 2022<\/span><\/div>\n<\/div>\n<\/div>\n<\/div>\n<div id=\"comments\" class=\"comments-area\">\n<div id=\"add-comment-block\" class=\"container-wrapper\">\n<div id=\"respond\" class=\"comment-respond\">\n<h3 id=\"reply-title\" class=\"comment-reply-title the-global-title\">Las\u0103 un r\u0103spuns <small><a rel=\"nofollow\" id=\"cancel-comment-reply-link\" href=\"https:\/\/infotulcea.ro\/anar-respinge-categoric-informatiile-false-aparute-recent-in-spatiul-public-privind-taxarea-fantanilor-si-presupusa-pedepsire-penala-a-oamenilor-care-isi-construiesc-fantani-si-folosesc-apa\/#respond\">Anuleaz\u0103 r\u0103spunsul<\/a><\/small><\/h3>\n<p class=\"comment-notes\"><span id=\"email-notes\">Adresa ta de email nu va fi publicat\u0103.<\/span><span class=\"required-field-message\">C\u00e2mpurile obligatorii sunt marcate cu <span class=\"required\">*<\/span><\/span><\/p>\n<\/div>\n<\/div>\n<\/div>\n<\/div>\n<\/div>\n<div id=\"check-also-box\" class=\"container-wrapper check-also-right\">\n<div class=\"widget-title the-global-title\">\n<div class=\"the-subtitle\">Check Also<\/div>\n<p><a href=\"https:\/\/infotulcea.ro\/anar-respinge-categoric-informatiile-false-aparute-recent-in-spatiul-public-privind-taxarea-fantanilor-si-presupusa-pedepsire-penala-a-oamenilor-care-isi-construiesc-fantani-si-folosesc-apa\/\" id=\"check-also-close\" class=\"remove\"><span class=\"screen-reader-text\">Close<\/span><\/a><\/div>\n<div class=\"widget posts-list-big-first has-first-big-post\">\n<ul class=\"posts-list-items\">\n<li class=\"widget-single-post-item widget-post-list tie-standard\">\n<div class=\"post-widget-thumbnail\"><a aria-label=\"AJPIS Tulcea a controlat luna trecut\u0103 toate serviciile sociale din jude\u021b!\" href=\"https:\/\/infotulcea.ro\/ajpis-tulcea-a-controlat-luna-trecuta-toate-serviciile-sociale-din-judet\/\" class=\"post-thumb\"><span class=\"post-cat-wrap\"><span class=\"post-cat tie-cat-35\">Comunicate<\/span><\/span><source type=\"image\/webp\" data-srcset=\"https:\/\/infotulcea.ro\/wp-content\/uploads\/2024\/09\/itm-cjp-ajpis-390x220.jpg.webp\" \/><img loading=\"lazy\" decoding=\"async\" width=\"390\" height=\"220\" src=\"https:\/\/infotulcea.ro\/wp-content\/uploads\/2024\/09\/itm-cjp-ajpis-390x220.jpg\" class=\"attachment-jannah-image-large size-jannah-image-large wp-post-image\" alt><\/a><\/div>\n<div class=\"post-widget-body \"><a class=\"post-title the-subtitle\" href=\"https:\/\/infotulcea.ro\/ajpis-tulcea-a-controlat-luna-trecuta-toate-serviciile-sociale-din-judet\/\">AJPIS Tulcea a controlat luna trecut\u0103 toate serviciile sociale din jude\u021b!<\/a><\/p>\n<div class=\"post-meta\"><span class=\"date meta-item tie-icon\">8 octombrie 2025<\/span><\/div>\n<\/div>\n<\/li>\n<\/ul>\n<\/div>\n<\/div>\n<aside class=\"sidebar tie-col-md-4 tie-col-xs-12 normal-side is-sticky\" aria-label=\"Primary Sidebar\">\n<div class=\"theiaStickySidebar\">\n<div id=\"media_image-19\" class=\"container-wrapper widget widget_media_image\"><a href=\"https:\/\/infotulcea.ro\/delta-dunarii-mai-accesibila-navrom-delta-creste-numarul-curselor-regulate-de-la-1-mai-2025\/\"><source sizes=\"(max-width: 500px) 100vw, 500px\" type=\"image\/webp\" data-srcset=\"https:\/\/infotulcea.ro\/wp-content\/uploads\/2025\/04\/navrom-delta-500x271.jpg.webp 500w, https:\/\/infotulcea.ro\/wp-content\/uploads\/2025\/04\/navrom-delta-1024x555.jpg.webp 1024w, https:\/\/infotulcea.ro\/wp-content\/uploads\/2025\/04\/navrom-delta-768x416.jpg.webp 768w, https:\/\/infotulcea.ro\/wp-content\/uploads\/2025\/04\/navrom-delta.jpg.webp 1080w\" \/><img loading=\"lazy\" decoding=\"async\" width=\"500\" height=\"271\" src=\"https:\/\/infotulcea.ro\/wp-content\/uploads\/2025\/04\/navrom-delta-500x271.jpg\" class=\"image wp-image-34487  attachment-medium size-medium\" alt><\/a><\/div>\n<div id=\"media_image-17\" class=\"container-wrapper widget widget_media_image\"><a href=\"https:\/\/www.facebook.com\/share\/p\/1DGAD1tLWN\/?mibextid=wwXIfr\" target=\"_blank\"><source sizes=\"(max-width: 500px) 100vw, 500px\" type=\"image\/webp\" data-srcset=\"https:\/\/infotulcea.ro\/wp-content\/uploads\/2026\/01\/IMG_1563-500x500.jpeg.webp 500w, https:\/\/infotulcea.ro\/wp-content\/uploads\/2026\/01\/IMG_1563-1024x1024.jpeg.webp 1024w, https:\/\/infotulcea.ro\/wp-content\/uploads\/2026\/01\/IMG_1563-250x250.jpeg.webp 250w, https:\/\/infotulcea.ro\/wp-content\/uploads\/2026\/01\/IMG_1563-768x768.jpeg.webp 768w, https:\/\/infotulcea.ro\/wp-content\/uploads\/2026\/01\/IMG_1563.jpeg.webp 1080w\" \/><img loading=\"lazy\" decoding=\"async\" width=\"500\" height=\"500\" src=\"https:\/\/infotulcea.ro\/wp-content\/uploads\/2026\/01\/IMG_1563-500x500.jpeg\" class=\"image wp-image-37932  attachment-medium size-medium\" alt title=\"Centrale pe lemne\"><\/a><\/div>\n<div id=\"media_image-18\" class=\"container-wrapper widget widget_media_image\"><a href=\"https:\/\/www.licitatia.ro\/site\/index-guest\"><img loading=\"lazy\" decoding=\"async\" width=\"500\" height=\"262\" src=\"https:\/\/infotulcea.ro\/wp-content\/uploads\/2025\/09\/licitatia-500x262.png\" class=\"image wp-image-36670  attachment-medium size-medium lazyload\" alt><img loading=\"lazy\" decoding=\"async\" width=\"500\" height=\"262\" src=\"https:\/\/infotulcea.ro\/wp-content\/uploads\/2025\/09\/licitatia-500x262.png\" class=\"image wp-image-36670  attachment-medium size-medium\" alt><\/a><\/div>\n<div id=\"media_image-27\" class=\"container-wrapper widget widget_media_image\"><a href=\"https:\/\/www.centrale-lemne-liepsnele.ro\/\"><img loading=\"lazy\" decoding=\"async\" width=\"500\" height=\"500\" src=\"https:\/\/infotulcea.ro\/wp-content\/uploads\/2025\/09\/Centrale-pe-Lemne-Liepsnele-500x500.png\" class=\"image wp-image-36541  attachment-medium size-medium lazyload\" alt=\"Centrala pe lemne\"><img loading=\"lazy\" decoding=\"async\" width=\"500\" height=\"500\" src=\"https:\/\/infotulcea.ro\/wp-content\/uploads\/2025\/09\/Centrale-pe-Lemne-Liepsnele-500x500.png\" class=\"image wp-image-36541  attachment-medium size-medium\" alt=\"Centrala pe lemne\"><\/a><\/div>\n<div id=\"media_image-28\" class=\"container-wrapper widget widget_media_image\"><a href=\"https:\/\/infotulcea.ro\/angajeaza-te-ro-platforma-ta-online-de-angajari-si-forta-de-munca\/\"><source sizes=\"(max-width: 500px) 100vw, 500px\" type=\"image\/webp\" data-srcset=\"https:\/\/infotulcea.ro\/wp-content\/uploads\/2025\/04\/banner-angajazate-1-500x305.jpg.webp 500w, https:\/\/infotulcea.ro\/wp-content\/uploads\/2025\/04\/banner-angajazate-1-1024x625.jpg.webp 1024w, https:\/\/infotulcea.ro\/wp-content\/uploads\/2025\/04\/banner-angajazate-1-768x469.jpg.webp 768w, https:\/\/infotulcea.ro\/wp-content\/uploads\/2025\/04\/banner-angajazate-1.jpg.webp 1080w\" \/><img loading=\"lazy\" decoding=\"async\" width=\"500\" height=\"305\" src=\"https:\/\/infotulcea.ro\/wp-content\/uploads\/2025\/04\/banner-angajazate-1-500x305.jpg\" class=\"image wp-image-34317  attachment-medium size-medium\" alt><\/a><\/div>\n<\/div>\n<\/aside>\n<\/div>\n<\/div>\n<div class=\"entry-content entry clearfix\">\n<p><strong>Administra\u021bia Na\u021bional\u0103 \u201eApele Rom\u00e2ne\u201d respinge categoric informa\u021biile false vehiculate \u00een spa\u021biul public potrivit c\u0103rora cet\u0103\u021benii ar urma s\u0103 fie taxa\u021bi sau pedepsi\u021bi penal pentru c\u0103 folosesc apa din f\u00e2nt\u00e2nile aflate \u00een propriile gospod\u0103rii.<\/strong><\/p>\n<p>Pornind de la proiectul de lege pus \u00een dezbatere public\u0103 de Ministerul Mediului, Apelor \u0219i P\u0103durilor privind transpunerea Directivei (UE) 2024\/1203, \u00een ultimele zile au fost distribuite \u00een spa\u021biul social-media informa\u021bii false \u0219i mesaje de tip fake news care induc \u00een eroare opinia public\u0103 \u00een leg\u0103tur\u0103 cu o posibil\u0103 taxare a oamenilor care \u00ee\u0219i construiesc f\u00e2nt\u00e2ni \u00een curtea proprie, iar aceast\u0103 activitate ar putea fi o infrac\u021biune.<\/p>\n<p>Asigur\u0103m publicul c\u0103 aceste informa\u021bii sunt complet eronate.<\/p>\n<p>Actualul proiect de lege nu introduce nicio tax\u0103 pentru apa utilizat\u0103 \u00een gospod\u0103riile popula\u021biei \u0219i nu modific\u0103 drepturile cet\u0103\u021benilor prev\u0103zute de Legea apelor nr. 107\/1996. Prin urmare, oamenii pot construi f\u00e2nt\u00e2ni \u0219i pot folosi \u00een continuare gratuit apa din f\u00e2nt\u00e2ni pentru nevoile gospod\u0103riei proprii, iar aceast\u0103 activitate nu reprezint\u0103 o infrac\u021biune.<\/p>\n<p>Conform art. 9 alin. (2) din Legea apelor, <strong>apele de suprafa\u021b\u0103 sau subterane pot fi folosite liber pentru b\u0103ut, ad\u0103patul animalelor, udat, sp\u0103lat, \u00eemb\u0103iat \u0219i alte trebuin\u021be gospod\u0103re\u0219ti, exclusiv pentru satisfacerea necesit\u0103\u021bilor gospod\u0103riei proprii, dac\u0103 debitul prelevat nu dep\u0103\u0219e\u0219te 0,2 litri pe secund\u0103. Acest debit \u00eenseamn\u0103 aproximativ 12 litri pe minut, 720 de litri pe or\u0103 sau p\u00e2n\u0103 la 17,28 metri cubi pe zi, \u00een ipoteza unei func\u021bion\u0103ri continue, un nivel considerabil peste consumul obi\u0219nuit al unei gospod\u0103rii<\/strong>. Totodat\u0103, potrivit art. 81 alin. (2) din Legea apelor, persoanelor fizice care folosesc apa \u00een aceste condi\u021bii nu li se aplic\u0103 sistemul de contribu\u021bii, pl\u0103\u021bi, tarife \u0219i penalit\u0103\u021bi specifice gospod\u0103ririi apelor.<\/p>\n<p>Proiectul publicat de Ministerul Mediului, Apelor \u0219i P\u0103durilor <strong>vizeaz\u0103 faptele grave \u00eempotriva mediului<\/strong>, <strong>precum poluarea sever\u0103, distrugerea ecosistemelor sau exploatarea ilegal\u0103 <\/strong>a resurselor naturale care produce ori este susceptibil\u0103 s\u0103 produc\u0103 daune semnificative asupra apei, solului, aerului, ecosistemelor sau s\u0103n\u0103t\u0103\u021bii oamenilor. De asemenea, sunt vizate <strong>capt\u0103rile ilegale<\/strong> de ape, ceea ce nu e cazul <strong>f\u00e2nt\u00e2nilor care sunt prev\u0103zute expres \u00een legea apelor ca fiind captare legal\u0103.<\/strong><\/p>\n<p><strong>A\u0219adar<\/strong>, <strong>nu poate fi pus semnul egal \u00eentre folosirea apei dintr-o f\u00e2nt\u00e2n\u0103 pentru b\u0103ut, udatul gr\u0103dinii sau ad\u0103patul animalelor \u0219i capt\u0103rile ilegale de ap\u0103 realizate la scar\u0103 mare, \u00een scop economic, cu \u00eenc\u0103lcarea legii \u0219i cu efecte semnificative asupra resurselor de ap\u0103 ori asupra celorlal\u021bi utilizatori. <\/strong><\/p>\n<p>Apa este o resurs\u0103 natural\u0103 limitat\u0103 \u0219i un bun de interes public. Rom\u00e2nia se confrunt\u0103 tot mai frecvent cu perioade de secet\u0103 hidrologic\u0103, iar efectele schimb\u0103rilor climatice sunt resim\u021bite inclusiv prin reducerea disponibilit\u0103\u021bii resurselor de ap\u0103 \u00een numeroase bazine hidrografice. Din acest motiv, administrarea responsabil\u0103 a resurselor de ap\u0103 \u0219i combaterea exploat\u0103rilor ilegale reprezint\u0103 obliga\u021bii esen\u021biale ale autorit\u0103\u021bilor statului pentru protejarea interesului public \u0219i a drepturilor cet\u0103\u021benilor.<\/p>\n<p>Administra\u021bia Na\u021bional\u0103 \u201eApele Rom\u00e2ne\u201d recomand\u0103 cet\u0103\u021benilor s\u0103 consulte informa\u021biile oficiale publicate de autorit\u0103\u021bile competente ale statului, inclusiv textele legislative, \u00eenainte de redistribuirea unor informa\u021bii neverificate.<\/p>\n<p>Institu\u021bia noastr\u0103 va continua s\u0103 informeze transparent opinia public\u0103 \u0219i s\u0103 combat\u0103 dezinformarea prin prezentarea corect\u0103 a realit\u0103\u021bii \u0219i a prevederilor legale care o reglementeaz\u0103.<\/p>\n<p>\u00a0<\/p>\n<\/div>\n<div class=\"articleBody\" data-key=\"articleBody\">Administra\u021bia Na\u021bional\u0103 \u201eApele Rom\u00e2ne\u201d respinge categoric informa\u021biile false vehiculate \u00een spa\u021biul public potrivit c\u0103rora cet\u0103\u021benii ar urma s\u0103 fie taxa\u021bi sau pedepsi\u021bi penal pentru c\u0103 folosesc apa din f\u00e2nt\u00e2nile aflate \u00een propriile gospod\u0103rii.<\/p>\n<p>Pornind de la proiectul de lege pus \u00een dezbatere public\u0103 de Ministerul Mediului, Apelor \u0219i P\u0103durilor privind transpunerea Directivei (UE) 2024\/1203, \u00een ultimele zile au fost distribuite \u00een spa\u021biul social-media informa\u021bii false \u0219i mesaje de tip fake news care induc \u00een eroare opinia public\u0103 \u00een leg\u0103tur\u0103 cu o posibil\u0103 taxare a oamenilor care \u00ee\u0219i construiesc f\u00e2nt\u00e2ni \u00een curtea proprie, iar aceast\u0103 activitate ar putea fi o infrac\u021biune.<\/p>\n<p>Asigur\u0103m publicul c\u0103 aceste informa\u021bii sunt complet eronate.<\/p>\n<p>Actualul proiect de lege nu introduce nicio tax\u0103 pentru apa utilizat\u0103 \u00een gospod\u0103riile popula\u021biei \u0219i nu modific\u0103 drepturile cet\u0103\u021benilor prev\u0103zute de Legea apelor nr. 107\/1996. Prin urmare, oamenii pot construi f\u00e2nt\u00e2ni \u0219i pot folosi \u00een continuare gratuit apa din f\u00e2nt\u00e2ni pentru nevoile gospod\u0103riei proprii, iar aceast\u0103 activitate nu reprezint\u0103 o infrac\u021biune.<\/p>\n<p>Conform art. 9 alin. (2) din Legea apelor, apele de suprafa\u021b\u0103 sau subterane pot fi folosite liber pentru b\u0103ut, ad\u0103patul animalelor, udat, sp\u0103lat, \u00eemb\u0103iat \u0219i alte trebuin\u021be gospod\u0103re\u0219ti, exclusiv pentru satisfacerea necesit\u0103\u021bilor gospod\u0103riei proprii, dac\u0103 debitul prelevat nu dep\u0103\u0219e\u0219te 0,2 litri pe secund\u0103. Acest debit \u00eenseamn\u0103 aproximativ 12 litri pe minut, 720 de litri pe or\u0103 sau p\u00e2n\u0103 la 17,28 metri cubi pe zi, \u00een ipoteza unei func\u021bion\u0103ri continue, un nivel considerabil peste consumul obi\u0219nuit al unei gospod\u0103rii. Totodat\u0103, potrivit art. 81 alin. (2) din Legea apelor, persoanelor fizice care folosesc apa \u00een aceste condi\u021bii nu li se aplic\u0103 sistemul de contribu\u021bii, pl\u0103\u021bi, tarife \u0219i penalit\u0103\u021bi specifice gospod\u0103ririi apelor.<\/p>\n<p>Proiectul publicat de Ministerul Mediului, Apelor \u0219i P\u0103durilor vizeaz\u0103 faptele grave \u00eempotriva mediului, precum poluarea sever\u0103, distrugerea ecosistemelor sau exploatarea ilegal\u0103 a resurselor naturale care produce ori este susceptibil\u0103 s\u0103 produc\u0103 daune semnificative asupra apei, solului, aerului, ecosistemelor sau s\u0103n\u0103t\u0103\u021bii oamenilor. De asemenea, sunt vizate capt\u0103rile ilegale de ape, ceea ce nu e cazul f\u00e2nt\u00e2nilor care sunt prev\u0103zute expres \u00een legea apelor ca fiind captare legal\u0103.<\/p>\n<p>A\u0219adar, nu poate fi pus semnul egal \u00eentre folosirea apei dintr-o f\u00e2nt\u00e2n\u0103 pentru b\u0103ut, udatul gr\u0103dinii sau ad\u0103patul animalelor \u0219i capt\u0103rile ilegale de ap\u0103 realizate la scar\u0103 mare, \u00een scop economic, cu \u00eenc\u0103lcarea legii \u0219i cu efecte semnificative asupra resurselor de ap\u0103 ori asupra celorlal\u021bi utilizatori. <\/p>\n<p>Apa este o resurs\u0103 natural\u0103 limitat\u0103 \u0219i un bun de interes public. Rom\u00e2nia se confrunt\u0103 tot mai frecvent cu perioade de secet\u0103 hidrologic\u0103, iar efectele schimb\u0103rilor climatice sunt resim\u021bite inclusiv prin reducerea disponibilit\u0103\u021bii resurselor de ap\u0103 \u00een numeroase bazine hidrografice. Din acest motiv, administrarea responsabil\u0103 a resurselor de ap\u0103 \u0219i combaterea exploat\u0103rilor ilegale reprezint\u0103 obliga\u021bii esen\u021biale ale autorit\u0103\u021bilor statului pentru protejarea interesului public \u0219i a drepturilor cet\u0103\u021benilor.<\/p>\n<p>Administra\u021bia Na\u021bional\u0103 \u201eApele Rom\u00e2ne\u201d recomand\u0103 cet\u0103\u021benilor s\u0103 consulte informa\u021biile oficiale publicate de autorit\u0103\u021bile competente ale statului, inclusiv textele legislative, \u00eenainte de redistribuirea unor informa\u021bii neverificate.<\/p>\n<p>Institu\u021bia noastr\u0103 va continua s\u0103 informeze transparent opinia public\u0103 \u0219i s\u0103 combat\u0103 dezinformarea prin prezentarea corect\u0103 a realit\u0103\u021bii \u0219i a prevederilor legale care o reglementeaz\u0103.<\/p>\n<p>\u00a0<\/p><\/div>\n<p>[analyse_source url=&#8221;https:\/\/infotulcea.ro\/anar-respinge-categoric-informatiile-false-aparute-recent-in-spatiul-public-privind-taxarea-fantanilor-si-presupusa-pedepsire-penala-a-oamenilor-care-isi-construiesc-fantani-si-folosesc-apa\/&#8221;]<\/p>\n","protected":false},"excerpt":{"rendered":"<p>[analyse_image type=&#8221;featured&#8221; src=&#8221;https:\/\/infotulcea.ro\/wp-content\/uploads\/2021\/11\/bulina.png&#8221;] Home\/Comunicate\/ANAR respinge categoric informa\u021biile false ap\u0103rute recent \u00een spa\u021biul public privind taxarea f\u00e2nt\u00e2nilor \u0219i presupusa pedepsire penal\u0103 a oamenilor care \u00ee\u0219i construiesc f\u00e2nt\u00e2ni \u0219i folosesc apa Comunicate ANAR respinge categoric informa\u021biile false ap\u0103rute recent \u00een spa\u021biul public privind taxarea f\u00e2nt\u00e2nilor \u0219i presupusa pedepsire penal\u0103 a oamenilor care \u00ee\u0219i construiesc f\u00e2nt\u00e2ni \u0219i folosesc [&hellip;]<\/p>\n","protected":false},"author":1,"featured_media":0,"comment_status":"open","ping_status":"","sticky":false,"template":"","format":"standard","meta":{"footnotes":""},"categories":[89],"tags":[226,221],"class_list":["post-2064729","post","type-post","status-publish","format-standard","hentry","category-romania","tag-crawlmanager","tag-infotulcea-ro"],"_links":{"self":[{"href":"https:\/\/analyse.optim.biz\/index.php?rest_route=\/wp\/v2\/posts\/2064729","targetHints":{"allow":["GET"]}}],"collection":[{"href":"https:\/\/analyse.optim.biz\/index.php?rest_route=\/wp\/v2\/posts"}],"about":[{"href":"https:\/\/analyse.optim.biz\/index.php?rest_route=\/wp\/v2\/types\/post"}],"author":[{"embeddable":true,"href":"https:\/\/analyse.optim.biz\/index.php?rest_route=\/wp\/v2\/users\/1"}],"replies":[{"embeddable":true,"href":"https:\/\/analyse.optim.biz\/index.php?rest_route=%2Fwp%2Fv2%2Fcomments&post=2064729"}],"version-history":[{"count":0,"href":"https:\/\/analyse.optim.biz\/index.php?rest_route=\/wp\/v2\/posts\/2064729\/revisions"}],"wp:attachment":[{"href":"https:\/\/analyse.optim.biz\/index.php?rest_route=%2Fwp%2Fv2%2Fmedia&parent=2064729"}],"wp:term":[{"taxonomy":"category","embeddable":true,"href":"https:\/\/analyse.optim.biz\/index.php?rest_route=%2Fwp%2Fv2%2Fcategories&post=2064729"},{"taxonomy":"post_tag","embeddable":true,"href":"https:\/\/analyse.optim.biz\/index.php?rest_route=%2Fwp%2Fv2%2Ftags&post=2064729"}],"curies":[{"name":"wp","href":"https:\/\/api.w.org\/{rel}","templated":true}]}}