{"id":2064727,"date":"2026-07-27T06:00:53","date_gmt":"2026-07-27T03:00:53","guid":{"rendered":"https:\/\/analyse.optim.biz\/?p=2064727"},"modified":"2026-07-27T06:00:53","modified_gmt":"2026-07-27T03:00:53","slug":"o-noua-parcare-pentru-biciclete-va-fi-amenajata-in-zona-bazinului-de-inot-din-tulcea-ziarul-delta-tulcea","status":"publish","type":"post","link":"https:\/\/analyse.optim.biz\/?p=2064727","title":{"rendered":"O nou\u0103 parcare pentru biciclete va fi amenajat\u0103 \u00een zona Bazinului de \u00cenot din Tulcea &#8211; Ziarul Delta Tulcea"},"content":{"rendered":"<p>[analyse_image type=&#8221;featured&#8221; src=&#8221;https:\/\/ziaruldelta.ro\/wp-content\/uploads\/2026\/07\/o-noua-parcare-1.jpg&#8221;]<\/p>\n<article id=\"post-37669\" class=\"module single-post-module post-37669 post type-post status-publish format-standard has-post-thumbnail hentry category-politica-administratie et-has-post-format-content et_post_format-et-post-format-standard\">\n<div class=\"post-header\">\n<h1 class=\"entry-title\">O nou\u0103 parcare pentru biciclete va fi amenajat\u0103 \u00een zona Bazinului de \u00cenot din Tulcea<\/h1>\n<div class=\"post-meta vcard\">\n<p>Posted by <a href=\"https:\/\/ziaruldelta.ro\/author\/nicoleta-urmuz\/\" class=\"url fn\" title=\"Posts by Nicoleta URMUZ\" rel=\"author\">Nicoleta URMUZ<\/a> | <span class=\"updated\">Jul 27, 2026<\/span> | <a href=\"https:\/\/ziaruldelta.ro\/category\/politica-administratie\/\" rel=\"tag\">Politica &#8211; Administratie<\/a> | <\/p>\n<\/div>\n<\/div>\n<div class=\"post-thumbnail header\"><img decoding=\"async\" src=\"https:\/\/ziaruldelta.ro\/wp-content\/uploads\/2026\/07\/o-noua-parcare-1.jpg\" alt=\"O nou\u0103 parcare pentru biciclete va fi amenajat\u0103 \u00een zona Bazinului de \u00cenot din Tulcea\"><\/div>\n<div class=\"post-wrap\">\n<div class=\"post-content entry-content\">\n<p><strong>Prim\u0103ria Municipiului Tulcea va inaugura o nou\u0103 parcare pentru biciclete \u00een zona Bazinului de \u00cenot, l\u00e2ng\u0103 Lacul Ciuperca, dup\u0103 ce primul amplasament, amenajat pe strada Meduzei, s-a dovedit un real succes, toate locurile fiind ocupate, iar lista de a\u015fteptare continu\u00e2nd s\u0103 creasc\u0103.<\/strong><\/p>\n<p><img loading=\"lazy\" decoding=\"async\" class=\"size-medium wp-image-35663 alignleft\" src=\"https:\/\/ziaruldelta.ro\/wp-content\/uploads\/2026\/03\/George-singhi-488x610.jpg\" alt width=\"488\" height=\"610\">\u00a0Interesul pentru noua parcare este deja ridicat, viceprimarul municipiului Tulcea, George \u015einghi, anun\u0163\u00e2nd c\u0103 au fost depuse 19 cereri \u00eenainte de deschiderea oficial\u0103.<\/p>\n<p><strong>\u00cenc\u0103 17 parc\u0103ri reziden\u0163iale pentru biciclete, \u00een preg\u0103tire pentru finan\u0163are prin ITI Delta Dun\u0103rii<\/strong><\/p>\n<p>Rezultatele \u00eenregistrate p\u00e2n\u0103 \u00een prezent \u00eencurajeaz\u0103 administra\u0163ia local\u0103 s\u0103 continue proiectul. Astfel, Prim\u0103ria Municipiului Tulcea analizeaz\u0103 posibilitatea depunerii unui proiect de finan\u0163are prin ITI Delta Dun\u0103rii, pe componenta de mobilitate urban\u0103, pentru realizarea a \u00eenc\u0103 17 parc\u0103ri reziden\u0163iale pentru biciclete \u00een cartierele de blocuri din municipiu.<\/p>\n<blockquote>\n<p>\u201eNe dorim ca aceste spa\u0163ii s\u0103 ofere siguran\u0163\u0103 bicicletelor \u015fi, \u00een acela\u015fi timp, s\u0103 \u00eencurajeze un mod de deplasare s\u0103n\u0103tos, economic \u015fi prietenos cu mediul\u201d, a transmis viceprimarul George \u015einghi.<\/p>\n<\/blockquote>\n<p>Viceprimarul \u00eei invit\u0103, totodat\u0103, pe tulceni s\u0103 \u00ee\u015fi exprime opinia cu privire la extinderea proiectului \u015fi s\u0103 indice cartierele sau str\u0103zile unde consider\u0103 c\u0103 ar fi necesare astfel de parc\u0103ri\u00a0 pentru biciclete.<\/p>\n<p><img loading=\"lazy\" decoding=\"async\" class=\"size-full wp-image-37671 aligncenter\" src=\"https:\/\/ziaruldelta.ro\/wp-content\/uploads\/2026\/07\/o-noua-parcare-2.jpg\" alt width=\"600\" height=\"338\"><\/p>\n<\/div>\n<\/div>\n<div class=\"post-footer\">\n<div class=\"social-icons ed-social-share-icons\">\n<p class=\"share-title\">Share:<\/p>\n<\/div>\n<div class=\"rating-stars\">\n<p id=\"rate-title\" class=\"rate-title\">Rate:<\/p>\n<\/div>\n<\/div>\n<\/article>\n<div class=\"post-content entry-content\">\n<p><strong>Prim\u0103ria Municipiului Tulcea va inaugura o nou\u0103 parcare pentru biciclete \u00een zona Bazinului de \u00cenot, l\u00e2ng\u0103 Lacul Ciuperca, dup\u0103 ce primul amplasament, amenajat pe strada Meduzei, s-a dovedit un real succes, toate locurile fiind ocupate, iar lista de a\u015fteptare continu\u00e2nd s\u0103 creasc\u0103.<\/strong><\/p>\n<p><img loading=\"lazy\" decoding=\"async\" class=\"size-medium wp-image-35663 alignleft\" src=\"https:\/\/ziaruldelta.ro\/wp-content\/uploads\/2026\/03\/George-singhi-488x610.jpg\" alt width=\"488\" height=\"610\">\u00a0Interesul pentru noua parcare este deja ridicat, viceprimarul municipiului Tulcea, George \u015einghi, anun\u0163\u00e2nd c\u0103 au fost depuse 19 cereri \u00eenainte de deschiderea oficial\u0103.<\/p>\n<p><strong>\u00cenc\u0103 17 parc\u0103ri reziden\u0163iale pentru biciclete, \u00een preg\u0103tire pentru finan\u0163are prin ITI Delta Dun\u0103rii<\/strong><\/p>\n<p>Rezultatele \u00eenregistrate p\u00e2n\u0103 \u00een prezent \u00eencurajeaz\u0103 administra\u0163ia local\u0103 s\u0103 continue proiectul. Astfel, Prim\u0103ria Municipiului Tulcea analizeaz\u0103 posibilitatea depunerii unui proiect de finan\u0163are prin ITI Delta Dun\u0103rii, pe componenta de mobilitate urban\u0103, pentru realizarea a \u00eenc\u0103 17 parc\u0103ri reziden\u0163iale pentru biciclete \u00een cartierele de blocuri din municipiu.<\/p>\n<blockquote>\n<p>\u201eNe dorim ca aceste spa\u0163ii s\u0103 ofere siguran\u0163\u0103 bicicletelor \u015fi, \u00een acela\u015fi timp, s\u0103 \u00eencurajeze un mod de deplasare s\u0103n\u0103tos, economic \u015fi prietenos cu mediul\u201d, a transmis viceprimarul George \u015einghi.<\/p>\n<\/blockquote>\n<p>Viceprimarul \u00eei invit\u0103, totodat\u0103, pe tulceni s\u0103 \u00ee\u015fi exprime opinia cu privire la extinderea proiectului \u015fi s\u0103 indice cartierele sau str\u0103zile unde consider\u0103 c\u0103 ar fi necesare astfel de parc\u0103ri\u00a0 pentru biciclete.<\/p>\n<p><img loading=\"lazy\" decoding=\"async\" class=\"size-full wp-image-37671 aligncenter\" src=\"https:\/\/ziaruldelta.ro\/wp-content\/uploads\/2026\/07\/o-noua-parcare-2.jpg\" alt width=\"600\" height=\"338\"><\/p>\n<\/div>\n<div class=\"post-content entry-content\">\n<p><strong>Prim\u0103ria Municipiului Tulcea va inaugura o nou\u0103 parcare pentru biciclete \u00een zona Bazinului de \u00cenot, l\u00e2ng\u0103 Lacul Ciuperca, dup\u0103 ce primul amplasament, amenajat pe strada Meduzei, s-a dovedit un real succes, toate locurile fiind ocupate, iar lista de a\u015fteptare continu\u00e2nd s\u0103 creasc\u0103.<\/strong><\/p>\n<p><img loading=\"lazy\" decoding=\"async\" class=\"size-medium wp-image-35663 alignleft\" src=\"https:\/\/ziaruldelta.ro\/wp-content\/uploads\/2026\/03\/George-singhi-488x610.jpg\" alt width=\"488\" height=\"610\">\u00a0Interesul pentru noua parcare este deja ridicat, viceprimarul municipiului Tulcea, George \u015einghi, anun\u0163\u00e2nd c\u0103 au fost depuse 19 cereri \u00eenainte de deschiderea oficial\u0103.<\/p>\n<p><strong>\u00cenc\u0103 17 parc\u0103ri reziden\u0163iale pentru biciclete, \u00een preg\u0103tire pentru finan\u0163are prin ITI Delta Dun\u0103rii<\/strong><\/p>\n<p>Rezultatele \u00eenregistrate p\u00e2n\u0103 \u00een prezent \u00eencurajeaz\u0103 administra\u0163ia local\u0103 s\u0103 continue proiectul. Astfel, Prim\u0103ria Municipiului Tulcea analizeaz\u0103 posibilitatea depunerii unui proiect de finan\u0163are prin ITI Delta Dun\u0103rii, pe componenta de mobilitate urban\u0103, pentru realizarea a \u00eenc\u0103 17 parc\u0103ri reziden\u0163iale pentru biciclete \u00een cartierele de blocuri din municipiu.<\/p>\n<blockquote>\n<p>\u201eNe dorim ca aceste spa\u0163ii s\u0103 ofere siguran\u0163\u0103 bicicletelor \u015fi, \u00een acela\u015fi timp, s\u0103 \u00eencurajeze un mod de deplasare s\u0103n\u0103tos, economic \u015fi prietenos cu mediul\u201d, a transmis viceprimarul George \u015einghi.<\/p>\n<\/blockquote>\n<p>Viceprimarul \u00eei invit\u0103, totodat\u0103, pe tulceni s\u0103 \u00ee\u015fi exprime opinia cu privire la extinderea proiectului \u015fi s\u0103 indice cartierele sau str\u0103zile unde consider\u0103 c\u0103 ar fi necesare astfel de parc\u0103ri\u00a0 pentru biciclete.<\/p>\n<p><img loading=\"lazy\" decoding=\"async\" class=\"size-full wp-image-37671 aligncenter\" src=\"https:\/\/ziaruldelta.ro\/wp-content\/uploads\/2026\/07\/o-noua-parcare-2.jpg\" alt width=\"600\" height=\"338\"><\/p>\n<\/div>\n<p>[analyse_source url=&#8221;https:\/\/ziaruldelta.ro\/2026\/07\/27\/o-noua-parcare-pentru-biciclete-va-fi-amenajata-in-zona-bazinului-de-inot-din-tulcea\/&#8221;]<\/p>\n","protected":false},"excerpt":{"rendered":"<p>[analyse_image type=&#8221;featured&#8221; src=&#8221;https:\/\/ziaruldelta.ro\/wp-content\/uploads\/2026\/07\/o-noua-parcare-1.jpg&#8221;] O nou\u0103 parcare pentru biciclete va fi amenajat\u0103 \u00een zona Bazinului de \u00cenot din Tulcea Posted by Nicoleta URMUZ | Jul 27, 2026 | Politica &#8211; Administratie | Prim\u0103ria Municipiului Tulcea va inaugura o nou\u0103 parcare pentru biciclete \u00een zona Bazinului de \u00cenot, l\u00e2ng\u0103 Lacul Ciuperca, dup\u0103 ce primul amplasament, amenajat pe [&hellip;]<\/p>\n","protected":false},"author":1,"featured_media":0,"comment_status":"open","ping_status":"","sticky":false,"template":"","format":"standard","meta":{"footnotes":""},"categories":[89],"tags":[226,206],"class_list":["post-2064727","post","type-post","status-publish","format-standard","hentry","category-romania","tag-crawlmanager","tag-ziaruldelta-ro"],"_links":{"self":[{"href":"https:\/\/analyse.optim.biz\/index.php?rest_route=\/wp\/v2\/posts\/2064727","targetHints":{"allow":["GET"]}}],"collection":[{"href":"https:\/\/analyse.optim.biz\/index.php?rest_route=\/wp\/v2\/posts"}],"about":[{"href":"https:\/\/analyse.optim.biz\/index.php?rest_route=\/wp\/v2\/types\/post"}],"author":[{"embeddable":true,"href":"https:\/\/analyse.optim.biz\/index.php?rest_route=\/wp\/v2\/users\/1"}],"replies":[{"embeddable":true,"href":"https:\/\/analyse.optim.biz\/index.php?rest_route=%2Fwp%2Fv2%2Fcomments&post=2064727"}],"version-history":[{"count":0,"href":"https:\/\/analyse.optim.biz\/index.php?rest_route=\/wp\/v2\/posts\/2064727\/revisions"}],"wp:attachment":[{"href":"https:\/\/analyse.optim.biz\/index.php?rest_route=%2Fwp%2Fv2%2Fmedia&parent=2064727"}],"wp:term":[{"taxonomy":"category","embeddable":true,"href":"https:\/\/analyse.optim.biz\/index.php?rest_route=%2Fwp%2Fv2%2Fcategories&post=2064727"},{"taxonomy":"post_tag","embeddable":true,"href":"https:\/\/analyse.optim.biz\/index.php?rest_route=%2Fwp%2Fv2%2Ftags&post=2064727"}],"curies":[{"name":"wp","href":"https:\/\/api.w.org\/{rel}","templated":true}]}}