{"id":2064712,"date":"2026-07-25T08:32:56","date_gmt":"2026-07-25T05:32:56","guid":{"rendered":"https:\/\/analyse.optim.biz\/?p=2064712"},"modified":"2026-07-25T08:32:56","modified_gmt":"2026-07-25T05:32:56","slug":"timisoara-restrictii-de-circulatie-pentru-realizarea-lucrarilor-la-infrastructura-rutiera-si-de-utilitati","status":"publish","type":"post","link":"https:\/\/analyse.optim.biz\/?p=2064712","title":{"rendered":"Timi\u0219oara: Restric\u021bii de circula\u021bie pentru realizarea lucr\u0103rilor la infrastructura rutier\u0103 \u0219i de utilit\u0103\u021bi"},"content":{"rendered":"<p>[analyse_image type=&#8221;featured&#8221; src=&#8221;http:\/\/www.banatulmeu.ro\/wp-content\/uploads\/2025\/10\/558921802_1418721253594737_1699358120225968018_n-e1759843754308.jpg&#8221;]<\/p>\n<div class=\"post-content-bd\">\n<p>\u0218oferii vor \u00eent\u00e2mpina noi restric\u021bii de circula\u021bie \u00een mai multe zone din Timi\u0219oara, \u00eencep\u00e2nd de luni, 27 iulie. Comisia de circula\u021bie din cadrul Prim\u0103riei Timi\u0219oara a avizat restric\u021bionarea sau, dup\u0103 caz, \u00eenchiderea traficului pentru realizarea unor lucr\u0103ri la infrastructura rutier\u0103 \u0219i de utilit\u0103\u021bi.<\/p>\n<p>Astfel, circula\u021bia rutier\u0103 va fi \u00eenchis\u0103 pe strada Ion Mincu, pe tronsonul cuprins \u00eentre Aleea Aurel Ciupe \u0219i Aleea Franz Liebhard, \u00een perioada <strong>27 \u2013 29 iulie<\/strong>. M\u0103sura este necesar\u0103 pentru executarea unor lucr\u0103ri de repara\u021bii la re\u021beaua termic\u0103 secundar\u0103, realizate de Colterm.<\/p>\n<p>Pe durata restric\u021biei, circula\u021bia pe Aleea Aurel Ciupe se va desf\u0103\u0219ura \u00een dublu sens, pentru a permite accesul riveranilor.<\/p>\n<p>Restric\u021bii vor fi instituite \u0219i pe Calea Aradului, \u00een perioada <strong>27 \u2013 31 iulie, \u00een intervalul orar 8:00 \u2013 16:30<\/strong>. Traficul va fi restric\u021bionat pe tronsonul strada \u0218tefan Procopiu \u2013 bulevardul Petre \u021au\u021bea \u2013 sensul giratoriu IKEA, pentru montarea unor parape\u021bi de beton, la solicitarea SDM.<\/p>\n<p>De la <strong>1 august<\/strong>, circula\u021bia rutier\u0103 va fi \u00eenchis\u0103 pe Aleea P\u0103durea Verde. Restric\u021bia va fi valabil\u0103 p\u00e2n\u0103 \u00een 31 august \u0219i este necesar\u0103 pentru executarea lucr\u0103rilor aferente proiectului \u201eModernizarea liniei feroviare Caransebe\u0219 \u2013 Timi\u0219oara \u2013 Arad, Lot 3 Timi\u0219oara Est \u2013 Ronat Triaj, Etapa I\u201d.<\/p>\n<p>Tot \u00eencep\u00e2nd cu<strong> 1 august<\/strong> vor fi instituite restric\u021bii de circula\u021bie pe Calea Torontalului, unde urmeaz\u0103 s\u0103 fie realizate un sens giratoriu \u0219i un acces rutier la o parcel\u0103 din zon\u0103. Lucr\u0103rile vor fi executate \u00een dou\u0103 etape succesive: prima \u00een perioada <strong>1 \u2013 30 august<\/strong>, iar cea de-a doua \u00eentre <strong>1 \u0219i 30 septembrie<\/strong>.<\/p>\n<p>Alte restric\u021bii vor fi instituite pe Splaiul Nicolae Titulescu, pe tronsonul cuprins \u00eentre bulevardul 16 Decembrie 1989 \u0219i strada Jiul, cu ocazia evenimentului City Celebration.<\/p>\n<p>Circula\u021bia rutier\u0103 va fi \u00eenchis\u0103 dup\u0103 urm\u0103torul program:<\/p>\n<ul>\n<li>31 iulie, \u00eentre orele 10:00 \u2013 22:00;<\/li>\n<li>1 august, \u00eentre orele 8:00 \u2013 15:30;<\/li>\n<li>2 august, \u00eentre orele 8:00 \u2013 15:30.<\/li>\n<\/ul>\n<p>\u00cen acelea\u0219i intervale vor fi rezervate \u0219i locurile de parcare de pe Splaiul Nicolae Titulescu, pe tronsonul cuprins \u00eentre strada Jiul \u0219i strada Anton Seiller, pentru desf\u0103\u0219urarea \u00een bune condi\u021bii a evenimentului sportiv.<\/p>\n<\/div>\n<p>[analyse_source url=&#8221;https:\/\/www.banatulmeu.ro\/timisoara-restrictii-de-circulatie-pentru-realizarea-lucrarilor-la-infrastructura-rutiera-si-de-utilitati\/&#8221;]<\/p>\n","protected":false},"excerpt":{"rendered":"<p>[analyse_image type=&#8221;featured&#8221; src=&#8221;http:\/\/www.banatulmeu.ro\/wp-content\/uploads\/2025\/10\/558921802_1418721253594737_1699358120225968018_n-e1759843754308.jpg&#8221;] \u0218oferii vor \u00eent\u00e2mpina noi restric\u021bii de circula\u021bie \u00een mai multe zone din Timi\u0219oara, \u00eencep\u00e2nd de luni, 27 iulie. Comisia de circula\u021bie din cadrul Prim\u0103riei Timi\u0219oara a avizat restric\u021bionarea sau, dup\u0103 caz, \u00eenchiderea traficului pentru realizarea unor lucr\u0103ri la infrastructura rutier\u0103 \u0219i de utilit\u0103\u021bi. Astfel, circula\u021bia rutier\u0103 va fi \u00eenchis\u0103 pe strada Ion [&hellip;]<\/p>\n","protected":false},"author":1,"featured_media":0,"comment_status":"open","ping_status":"","sticky":false,"template":"","format":"standard","meta":{"footnotes":""},"categories":[89],"tags":[204,226],"class_list":["post-2064712","post","type-post","status-publish","format-standard","hentry","category-romania","tag-banatulmeu-ro","tag-crawlmanager"],"_links":{"self":[{"href":"https:\/\/analyse.optim.biz\/index.php?rest_route=\/wp\/v2\/posts\/2064712","targetHints":{"allow":["GET"]}}],"collection":[{"href":"https:\/\/analyse.optim.biz\/index.php?rest_route=\/wp\/v2\/posts"}],"about":[{"href":"https:\/\/analyse.optim.biz\/index.php?rest_route=\/wp\/v2\/types\/post"}],"author":[{"embeddable":true,"href":"https:\/\/analyse.optim.biz\/index.php?rest_route=\/wp\/v2\/users\/1"}],"replies":[{"embeddable":true,"href":"https:\/\/analyse.optim.biz\/index.php?rest_route=%2Fwp%2Fv2%2Fcomments&post=2064712"}],"version-history":[{"count":0,"href":"https:\/\/analyse.optim.biz\/index.php?rest_route=\/wp\/v2\/posts\/2064712\/revisions"}],"wp:attachment":[{"href":"https:\/\/analyse.optim.biz\/index.php?rest_route=%2Fwp%2Fv2%2Fmedia&parent=2064712"}],"wp:term":[{"taxonomy":"category","embeddable":true,"href":"https:\/\/analyse.optim.biz\/index.php?rest_route=%2Fwp%2Fv2%2Fcategories&post=2064712"},{"taxonomy":"post_tag","embeddable":true,"href":"https:\/\/analyse.optim.biz\/index.php?rest_route=%2Fwp%2Fv2%2Ftags&post=2064712"}],"curies":[{"name":"wp","href":"https:\/\/api.w.org\/{rel}","templated":true}]}}