{"id":2064683,"date":"2026-07-27T06:14:49","date_gmt":"2026-07-27T03:14:49","guid":{"rendered":"https:\/\/analyse.optim.biz\/?p=2064683"},"modified":"2026-07-27T06:14:49","modified_gmt":"2026-07-27T03:14:49","slug":"ar-trebui-reintrodus-si-extins-programul-vinerea-verde-in-municipiul-suceava-consilierul-local-anghelea-este-absolut-necesar-am-discutat-deja","status":"publish","type":"post","link":"https:\/\/analyse.optim.biz\/?p=2064683","title":{"rendered":"Ar trebui reintrodus \u0219i extins programul \u201dVinerea verde\u201d \u00een municipiul Suceava? Consilierul local Anghelea: Este absolut necesar. Am discutat deja"},"content":{"rendered":"<p>[analyse_image type=&#8221;featured&#8221; src=&#8221;https:\/\/www.radiotop.ro\/img\/media\/2024\/09\/autobuze-electrice-marasesti.jpg&#8221;]<\/p>\n<div class=\"entry-content no-share\">\n<div class=\"content-inner \">\n<p>\u00cen contextul traficului aglomerat din municipiul Suceava \u0219i \u021bin\u00eend cont c\u0103 situa\u021bia financiar\u0103 a societ\u0103\u021bii de transport public local-TPL este bun\u0103, consilierul local USR Doru Mihai Anghelea \u00ee\u0219i dore\u0219te reintroducerea programului \u201dVinerea verde\u201d. \u00cens\u0103, nu doar \u00eentr-o singur\u0103 vineri din lun\u0103, ci \u00een fiecare vineri. Unicul ac\u021bionar al TPL este Consiliul Local Suceava.<\/p>\n<p>\u00centr-o interven\u021bie telefonic\u0103 la Radio Top, \u00eentrebat dac\u0103 ar trebui reintrodus \u0219i extins programul, domnul Anghelea a declarat: \u201dEste absolut necesar. Am discutat deja. Am doar promisiuni c\u0103 se va relua vinerea gratuit\u0103 pentru transportul local. Acum avem \u0219i transportul metropolitan. Ar fi extraordinar s\u0103 reu\u0219im, mai ales c\u0103 societatea de transport public local merge bine, nu se mai confrunt\u0103 cu acele dificult\u0103\u021bi din trecut. Cred c\u0103 este neap\u0103rat necesar s\u0103 reintroducem aceast\u0103 gratuitate pentru ziua de vineri. La \u00eenceput, c\u00eend situa\u021bia era pu\u021bin mai dificil\u0103, m-a\u0219 fi mul\u021bumit cu o singur\u0103 vineri, la sf\u00eer\u0219itul sau la \u00eenceputul lunii. Acum cred c\u0103 este necesar ca \u00een fiecare zi de vineri s\u0103 avem acest transport gratuit\u201d.<\/p>\n<p>Programul \u201dVinerea verde\u201d a func\u021bionat \u00een municipiul Suceava aproape doi ani, \u00eens\u0103 noua administra\u021bie, instalat\u0103 \u00een func\u021bie \u00een toamna lui 2024, l-a abandonat pe 1 ianuarie 2025. \u00cen ultima vineri din fiecare lun\u0103 to\u021bi sucevenii puteau circula gratuit cu autobuzele electrice ale TPL.<\/p>\n<\/div>\n<\/div>\n<div class=\"content-inner \">\n<p>\u00cen contextul traficului aglomerat din municipiul Suceava \u0219i \u021bin\u00eend cont c\u0103 situa\u021bia financiar\u0103 a societ\u0103\u021bii de transport public local-TPL este bun\u0103, consilierul local USR Doru Mihai Anghelea \u00ee\u0219i dore\u0219te reintroducerea programului \u201dVinerea verde\u201d. \u00cens\u0103, nu doar \u00eentr-o singur\u0103 vineri din lun\u0103, ci \u00een fiecare vineri. Unicul ac\u021bionar al TPL este Consiliul Local Suceava.<\/p>\n<p>\u00centr-o interven\u021bie telefonic\u0103 la Radio Top, \u00eentrebat dac\u0103 ar trebui reintrodus \u0219i extins programul, domnul Anghelea a declarat: \u201dEste absolut necesar. Am discutat deja. Am doar promisiuni c\u0103 se va relua vinerea gratuit\u0103 pentru transportul local. Acum avem \u0219i transportul metropolitan. Ar fi extraordinar s\u0103 reu\u0219im, mai ales c\u0103 societatea de transport public local merge bine, nu se mai confrunt\u0103 cu acele dificult\u0103\u021bi din trecut. Cred c\u0103 este neap\u0103rat necesar s\u0103 reintroducem aceast\u0103 gratuitate pentru ziua de vineri. La \u00eenceput, c\u00eend situa\u021bia era pu\u021bin mai dificil\u0103, m-a\u0219 fi mul\u021bumit cu o singur\u0103 vineri, la sf\u00eer\u0219itul sau la \u00eenceputul lunii. Acum cred c\u0103 este necesar ca \u00een fiecare zi de vineri s\u0103 avem acest transport gratuit\u201d.<\/p>\n<p>Programul \u201dVinerea verde\u201d a func\u021bionat \u00een municipiul Suceava aproape doi ani, \u00eens\u0103 noua administra\u021bie, instalat\u0103 \u00een func\u021bie \u00een toamna lui 2024, l-a abandonat pe 1 ianuarie 2025. \u00cen ultima vineri din fiecare lun\u0103 to\u021bi sucevenii puteau circula gratuit cu autobuzele electrice ale TPL.<\/p>\n<\/div>\n<p>[analyse_source url=&#8221;https:\/\/www.radiotop.ro\/actualitate\/ar-trebui-reintrodus-si-extins-programul-vinerea-verde-in-municipiul-suceava-consilierul-local-anghelea-este-absolut-necesar-am-discutat-deja.html&#8221;]<\/p>\n","protected":false},"excerpt":{"rendered":"<p>[analyse_image type=&#8221;featured&#8221; src=&#8221;https:\/\/www.radiotop.ro\/img\/media\/2024\/09\/autobuze-electrice-marasesti.jpg&#8221;] \u00cen contextul traficului aglomerat din municipiul Suceava \u0219i \u021bin\u00eend cont c\u0103 situa\u021bia financiar\u0103 a societ\u0103\u021bii de transport public local-TPL este bun\u0103, consilierul local USR Doru Mihai Anghelea \u00ee\u0219i dore\u0219te reintroducerea programului \u201dVinerea verde\u201d. \u00cens\u0103, nu doar \u00eentr-o singur\u0103 vineri din lun\u0103, ci \u00een fiecare vineri. Unicul ac\u021bionar al TPL este Consiliul Local [&hellip;]<\/p>\n","protected":false},"author":1,"featured_media":0,"comment_status":"open","ping_status":"","sticky":false,"template":"","format":"standard","meta":{"footnotes":""},"categories":[89],"tags":[226,163],"class_list":["post-2064683","post","type-post","status-publish","format-standard","hentry","category-romania","tag-crawlmanager","tag-radiotop-ro"],"_links":{"self":[{"href":"https:\/\/analyse.optim.biz\/index.php?rest_route=\/wp\/v2\/posts\/2064683","targetHints":{"allow":["GET"]}}],"collection":[{"href":"https:\/\/analyse.optim.biz\/index.php?rest_route=\/wp\/v2\/posts"}],"about":[{"href":"https:\/\/analyse.optim.biz\/index.php?rest_route=\/wp\/v2\/types\/post"}],"author":[{"embeddable":true,"href":"https:\/\/analyse.optim.biz\/index.php?rest_route=\/wp\/v2\/users\/1"}],"replies":[{"embeddable":true,"href":"https:\/\/analyse.optim.biz\/index.php?rest_route=%2Fwp%2Fv2%2Fcomments&post=2064683"}],"version-history":[{"count":0,"href":"https:\/\/analyse.optim.biz\/index.php?rest_route=\/wp\/v2\/posts\/2064683\/revisions"}],"wp:attachment":[{"href":"https:\/\/analyse.optim.biz\/index.php?rest_route=%2Fwp%2Fv2%2Fmedia&parent=2064683"}],"wp:term":[{"taxonomy":"category","embeddable":true,"href":"https:\/\/analyse.optim.biz\/index.php?rest_route=%2Fwp%2Fv2%2Fcategories&post=2064683"},{"taxonomy":"post_tag","embeddable":true,"href":"https:\/\/analyse.optim.biz\/index.php?rest_route=%2Fwp%2Fv2%2Ftags&post=2064683"}],"curies":[{"name":"wp","href":"https:\/\/api.w.org\/{rel}","templated":true}]}}