{"id":2064682,"date":"2026-07-26T12:50:11","date_gmt":"2026-07-26T09:50:11","guid":{"rendered":"https:\/\/analyse.optim.biz\/?p=2064682"},"modified":"2026-07-26T12:50:11","modified_gmt":"2026-07-26T09:50:11","slug":"inalt-preasfintia-sa-calinic-6-ani-de-cind-se-afla-in-fruntea-arhiepiscopiei-sucevei-si-radautilor-preasfinta-treime-sa-va-plineasca-rodnica-lucrare-sub-ocrotirea-maicii-domnului-si-a-tutu","status":"publish","type":"post","link":"https:\/\/analyse.optim.biz\/?p=2064682","title":{"rendered":"\u00cenalt PreaSfin\u021bia Sa Calinic, 6 ani de c\u00eend se afl\u0103 \u00een fruntea Arhiepiscopiei Sucevei \u0219i R\u0103d\u0103u\u021bilor. \u201dPreasf\u00eenta Treime s\u0103 v\u0103 plineasc\u0103 rodnica lucrare, sub ocrotirea Maicii Domnului \u0219i a tuturor sfin\u021bilor ce \u00eempodobesc cerul!\u201d"},"content":{"rendered":"<p>[analyse_image type=&#8221;featured&#8221; src=&#8221;https:\/\/www.radiotop.ro\/img\/media\/2020\/07\/calinic-teofan-cruce.jpg&#8221;]<\/p>\n<div class=\"entry-content no-share\">\n<div class=\"content-inner \">\n<div class=\"intro-text\">\n<p>Pe 26 iulie 2026 se \u00eemplinesc 6 ani de c\u00eend \u00cenalt PreaSfin\u021bia Sa Calinic se afl\u0103 la conducerea Arhiepiscopiei Sucevei \u0219i R\u0103d\u0103u\u021bilor. Cu aceste prilej, pe pagina de Facebook a Arhiepiscopiei a fost publicat un mesaj \u00een care se arat\u0103: \u201eChemat s\u0103 arunca\u021bi mreaja de cealalt\u0103 parte a corabiei \u0219i s\u0103 v\u00e2sli\u021bi \u00een marea \u00eenvolburat\u0103 a Ortodoxiei de pe aceste meleaguri, \u00eempleti\u021bi dinamismul cu \u00een\u021beleapta a\u0219ezare \u0219i cuv\u00e2ntul ziditor cu fapta bun\u0103, urm\u0103rind binele Bisericii \u0219i al comunit\u0103\u021bii. Preasf\u00e2nta Treime s\u0103 v\u0103 plineasc\u0103 rodnica lucrare, sub ocrotirea Maicii Domnului \u0219i a tuturor sfin\u021bilor ce \u00eempodobesc cerul!\u201d.<\/p>\n<p>Pe 26 iulie, atunci c\u00eend a avut loc evenimentul de \u00eentronizare a Sa, care a avut loc la re\u0219edin\u021ba arhiepiscopal\u0103 din incinta M\u0103n\u0103stirii \u201dSf. Ioan\u201d din Suceava, \u00cenaltul Calinic spunea: \u201eDoresc s\u0103-mi exprim bucuria de a fi de ast\u0103zi \u00een duh \u0219i rug\u0103ciune \u00eempreun\u0103 cu clerul monahal \u0219i cu to\u021bi credincio\u0219ii \u0219i credincioasele de orice v\u00eerst\u0103 din dulcea Bucovina. \u0218i \u00eei am \u00een vedere \u00eendeosebi pe tineri, pe care \u00eei pomenesc de fiecare dat\u0103 \u00een rug\u0103ciuni. Dincolo de temerile pe care le-a\u021bi avut \u0219i probabil le ave\u021bi, ve\u021bi g\u0103si \u00een persoana mea un episcop cu care ve\u021bi putea lucra, respect\u00eend \u00eentrutotul canoanele Sfin\u021bilor P\u0103rin\u021bi, legiuirile Bisericii. Aranjamentele nu merg. Totodat\u0103 v\u0103 asigur de seriozitate, promptitudine \u00een decizie, de respect, evlavie \u0219i bun\u0103 cuviin\u021b\u0103. \u0218i a\u0219tept de la lucr\u0103torii din ogorul Domnului r\u0103spuns la toate acestea prin oglinda sufletului. Faptele vor prima\u201d.<\/p>\n<p>\u00cenaltul Calinic ocup\u0103 scaunul arhiepiscopal de\u021binut din 1991 de \u00cenaltul Pimen, care a trecut la cele ve\u0219nice pe 20 mai 2020.<\/p>\n<\/div>\n<\/div>\n<\/div>\n<div class=\"content-inner \">\n<div class=\"intro-text\">\n<p>Pe 26 iulie 2026 se \u00eemplinesc 6 ani de c\u00eend \u00cenalt PreaSfin\u021bia Sa Calinic se afl\u0103 la conducerea Arhiepiscopiei Sucevei \u0219i R\u0103d\u0103u\u021bilor. Cu aceste prilej, pe pagina de Facebook a Arhiepiscopiei a fost publicat un mesaj \u00een care se arat\u0103: \u201eChemat s\u0103 arunca\u021bi mreaja de cealalt\u0103 parte a corabiei \u0219i s\u0103 v\u00e2sli\u021bi \u00een marea \u00eenvolburat\u0103 a Ortodoxiei de pe aceste meleaguri, \u00eempleti\u021bi dinamismul cu \u00een\u021beleapta a\u0219ezare \u0219i cuv\u00e2ntul ziditor cu fapta bun\u0103, urm\u0103rind binele Bisericii \u0219i al comunit\u0103\u021bii. Preasf\u00e2nta Treime s\u0103 v\u0103 plineasc\u0103 rodnica lucrare, sub ocrotirea Maicii Domnului \u0219i a tuturor sfin\u021bilor ce \u00eempodobesc cerul!\u201d.<\/p>\n<p>Pe 26 iulie, atunci c\u00eend a avut loc evenimentul de \u00eentronizare a Sa, care a avut loc la re\u0219edin\u021ba arhiepiscopal\u0103 din incinta M\u0103n\u0103stirii \u201dSf. Ioan\u201d din Suceava, \u00cenaltul Calinic spunea: \u201eDoresc s\u0103-mi exprim bucuria de a fi de ast\u0103zi \u00een duh \u0219i rug\u0103ciune \u00eempreun\u0103 cu clerul monahal \u0219i cu to\u021bi credincio\u0219ii \u0219i credincioasele de orice v\u00eerst\u0103 din dulcea Bucovina. \u0218i \u00eei am \u00een vedere \u00eendeosebi pe tineri, pe care \u00eei pomenesc de fiecare dat\u0103 \u00een rug\u0103ciuni. Dincolo de temerile pe care le-a\u021bi avut \u0219i probabil le ave\u021bi, ve\u021bi g\u0103si \u00een persoana mea un episcop cu care ve\u021bi putea lucra, respect\u00eend \u00eentrutotul canoanele Sfin\u021bilor P\u0103rin\u021bi, legiuirile Bisericii. Aranjamentele nu merg. Totodat\u0103 v\u0103 asigur de seriozitate, promptitudine \u00een decizie, de respect, evlavie \u0219i bun\u0103 cuviin\u021b\u0103. \u0218i a\u0219tept de la lucr\u0103torii din ogorul Domnului r\u0103spuns la toate acestea prin oglinda sufletului. Faptele vor prima\u201d.<\/p>\n<p>\u00cenaltul Calinic ocup\u0103 scaunul arhiepiscopal de\u021binut din 1991 de \u00cenaltul Pimen, care a trecut la cele ve\u0219nice pe 20 mai 2020.<\/p>\n<\/div>\n<\/div>\n<p>[analyse_source url=&#8221;https:\/\/www.radiotop.ro\/actualitate\/inalt-prea-sfintiasa-calinic-6-ani-de-cind-se-afla-in-fruntea-arhiepiscopiei-sucevei-si-radautilor-preasfinta-treime-sa-va-plineasca-rodnica-lucrare-sub-ocrotirea-maicii-domnului-si-a-tutu.html&#8221;]<\/p>\n","protected":false},"excerpt":{"rendered":"<p>[analyse_image type=&#8221;featured&#8221; src=&#8221;https:\/\/www.radiotop.ro\/img\/media\/2020\/07\/calinic-teofan-cruce.jpg&#8221;] Pe 26 iulie 2026 se \u00eemplinesc 6 ani de c\u00eend \u00cenalt PreaSfin\u021bia Sa Calinic se afl\u0103 la conducerea Arhiepiscopiei Sucevei \u0219i R\u0103d\u0103u\u021bilor. Cu aceste prilej, pe pagina de Facebook a Arhiepiscopiei a fost publicat un mesaj \u00een care se arat\u0103: \u201eChemat s\u0103 arunca\u021bi mreaja de cealalt\u0103 parte a corabiei \u0219i s\u0103 v\u00e2sli\u021bi [&hellip;]<\/p>\n","protected":false},"author":1,"featured_media":0,"comment_status":"open","ping_status":"","sticky":false,"template":"","format":"standard","meta":{"footnotes":""},"categories":[89],"tags":[226,163],"class_list":["post-2064682","post","type-post","status-publish","format-standard","hentry","category-romania","tag-crawlmanager","tag-radiotop-ro"],"_links":{"self":[{"href":"https:\/\/analyse.optim.biz\/index.php?rest_route=\/wp\/v2\/posts\/2064682","targetHints":{"allow":["GET"]}}],"collection":[{"href":"https:\/\/analyse.optim.biz\/index.php?rest_route=\/wp\/v2\/posts"}],"about":[{"href":"https:\/\/analyse.optim.biz\/index.php?rest_route=\/wp\/v2\/types\/post"}],"author":[{"embeddable":true,"href":"https:\/\/analyse.optim.biz\/index.php?rest_route=\/wp\/v2\/users\/1"}],"replies":[{"embeddable":true,"href":"https:\/\/analyse.optim.biz\/index.php?rest_route=%2Fwp%2Fv2%2Fcomments&post=2064682"}],"version-history":[{"count":0,"href":"https:\/\/analyse.optim.biz\/index.php?rest_route=\/wp\/v2\/posts\/2064682\/revisions"}],"wp:attachment":[{"href":"https:\/\/analyse.optim.biz\/index.php?rest_route=%2Fwp%2Fv2%2Fmedia&parent=2064682"}],"wp:term":[{"taxonomy":"category","embeddable":true,"href":"https:\/\/analyse.optim.biz\/index.php?rest_route=%2Fwp%2Fv2%2Fcategories&post=2064682"},{"taxonomy":"post_tag","embeddable":true,"href":"https:\/\/analyse.optim.biz\/index.php?rest_route=%2Fwp%2Fv2%2Ftags&post=2064682"}],"curies":[{"name":"wp","href":"https:\/\/api.w.org\/{rel}","templated":true}]}}