{"id":2064681,"date":"2026-07-27T07:16:44","date_gmt":"2026-07-27T04:16:44","guid":{"rendered":"https:\/\/analyse.optim.biz\/?p=2064681"},"modified":"2026-07-27T07:16:44","modified_gmt":"2026-07-27T04:16:44","slug":"consilierul-local-doru-mihai-anghelea-proiect-pentru-reglementarea-folosirii-trotinetelor-electrice-e-nevoie-de-o-ampla-dezbatere-publica-la-care-sa-participe-si-copiii-care-ne-pot-face-sa","status":"publish","type":"post","link":"https:\/\/analyse.optim.biz\/?p=2064681","title":{"rendered":"Consilierul local Doru Mihai Anghelea, proiect pentru reglementarea folosirii trotinetelor electrice: E nevoie de o ampl\u0103 dezbatere public\u0103 la care s\u0103 participe \u0219i copiii, \u201dcare ne pot face s\u0103 \u00een\u021belegem mai bine acest fenomen, nevoile pe care le au\u201d"},"content":{"rendered":"<p>[analyse_image type=&#8221;featured&#8221; src=&#8221;https:\/\/www.radiotop.ro\/img\/media\/2024\/11\/mihai-anghelea.jpg&#8221;]<\/p>\n<div class=\"entry-content no-share\">\n<div class=\"content-inner \">\n<p>Consilierul local USR Doru Mihai Anghelea dore\u0219te s\u0103 reintroduc\u0103 pe ordinea de zi a Consiliului Local Suceava proiectul s\u0103u viz\u00eend utilizarea trotinetelor electrice. Totodat\u0103, domnul Anghelea dore\u0219te o dezbatere public\u0103 \u00een leg\u0103tur\u0103 cu acest aspect. Pe 31 iulie este urm\u0103toarea \u0219edin\u021b\u0103 a deliberativului local. Domnul Anghelea a depus proiectul \u00een spetembrie 2025, dar acesta a fost ignorat. \u00cen ultima vreme, \u00een municipiul Suceava, dar \u0219i \u00een jude\u021b, au avut loc mai multe accidente \u00een care au fost implica\u021bi copii \u0219i adolescen\u021bi care circulau cu trotinetele electrice.<\/p>\n<p>\u00centr-o interven\u021bie telefonic\u0103 la Radio Top, \u00eentrebat ce prevede proiectul s\u0103u de hot\u0103r\u00eere, domnul Anghelea a declarat: \u201dEu propun o reglementare, deci \u00een prealabil vrem s\u0103 reglement\u0103m ca v\u00eerst\u0103 minim\u0103 a conduc\u0103torilor de trotinete s\u0103 fie acceptat\u0103 v\u00eersta de 16 ani, purtarea c\u0103\u0219tii de protec\u021bie obligatoriu pentru conduc\u0103torii cu v\u00eerst\u0103 sub 18 ani, interzicerea circula\u021biei pe trotuare, cu excep\u021bia zonelor marcate prin semnalizare specific\u0103 de c\u0103tre Prim\u0103rie\u201d.<\/p>\n<p>Doru Anghelea subliniaz\u0103 c\u0103 problema este una complex\u0103 \u0219i de aceea dore\u0219te consultarea c\u00eet mai multor cet\u0103\u021beni \u00een leg\u0103tur\u0103 cu reglement\u0103rile care ar trebui introduse. A spus consilierul: \u201dAm ridicat aceast\u0103 problem\u0103 mai mult la modul constructiv, cer\u00eend participarea tuturor, \u0219i aici m\u0103 refer mereu la o dezbatere public\u0103 la care s\u0103 participe reprezentan\u021bi ai societ\u0103\u021bii civile, ai asocia\u021biilor de p\u0103rin\u021bi, Inspectoratul de Poli\u021bie, Poli\u021bia Local\u0103, chiar \u0219i copiii, care ne pot face s\u0103 \u00een\u021belegem mai bine acest fenomen, nevoile pe care le au, pentru c\u0103 am primit multe mesaje \u00een urma interven\u021biei mele \u00een Consiliul Local de la p\u0103rin\u021bi. \u00cen aceste mesaje, v\u0103 spun drept, argumentele erau toate plauzibile. Am primit mesaj de la o mam\u0103 a doi copii care \u00eemi semnala: &lt;Nu v\u0103 sup\u0103ra\u021bi, domnule Anghelea, eu am doi copii care \u00een fiecare zi, disciplinat, se deplaseaz\u0103 la \u0219coli diferite cu trotineta electric\u0103. Dumneavoastr\u0103 vre\u021bi aproape s\u0103 interzice\u021bi trotinetele electrice, iar eu voi fi nevoit\u0103 s\u0103 pornesc ma\u0219ina \u00een fiecare diminea\u021b\u0103, s\u0103-mi duc copiii la dou\u0103 \u0219coli diferite cu ceea ce se \u0219tie \u2013 trafic, aglomera\u021bie, timp \u0219i tot ce necesit\u0103 o nou\u0103 deplasare&gt;\u201d.<\/p>\n<p>\u00a0<\/p>\n<\/div>\n<\/div>\n<div class=\"content-inner \">\n<p>Consilierul local USR Doru Mihai Anghelea dore\u0219te s\u0103 reintroduc\u0103 pe ordinea de zi a Consiliului Local Suceava proiectul s\u0103u viz\u00eend utilizarea trotinetelor electrice. Totodat\u0103, domnul Anghelea dore\u0219te o dezbatere public\u0103 \u00een leg\u0103tur\u0103 cu acest aspect. Pe 31 iulie este urm\u0103toarea \u0219edin\u021b\u0103 a deliberativului local. Domnul Anghelea a depus proiectul \u00een spetembrie 2025, dar acesta a fost ignorat. \u00cen ultima vreme, \u00een municipiul Suceava, dar \u0219i \u00een jude\u021b, au avut loc mai multe accidente \u00een care au fost implica\u021bi copii \u0219i adolescen\u021bi care circulau cu trotinetele electrice.<\/p>\n<p>\u00centr-o interven\u021bie telefonic\u0103 la Radio Top, \u00eentrebat ce prevede proiectul s\u0103u de hot\u0103r\u00eere, domnul Anghelea a declarat: \u201dEu propun o reglementare, deci \u00een prealabil vrem s\u0103 reglement\u0103m ca v\u00eerst\u0103 minim\u0103 a conduc\u0103torilor de trotinete s\u0103 fie acceptat\u0103 v\u00eersta de 16 ani, purtarea c\u0103\u0219tii de protec\u021bie obligatoriu pentru conduc\u0103torii cu v\u00eerst\u0103 sub 18 ani, interzicerea circula\u021biei pe trotuare, cu excep\u021bia zonelor marcate prin semnalizare specific\u0103 de c\u0103tre Prim\u0103rie\u201d.<\/p>\n<p>Doru Anghelea subliniaz\u0103 c\u0103 problema este una complex\u0103 \u0219i de aceea dore\u0219te consultarea c\u00eet mai multor cet\u0103\u021beni \u00een leg\u0103tur\u0103 cu reglement\u0103rile care ar trebui introduse. A spus consilierul: \u201dAm ridicat aceast\u0103 problem\u0103 mai mult la modul constructiv, cer\u00eend participarea tuturor, \u0219i aici m\u0103 refer mereu la o dezbatere public\u0103 la care s\u0103 participe reprezentan\u021bi ai societ\u0103\u021bii civile, ai asocia\u021biilor de p\u0103rin\u021bi, Inspectoratul de Poli\u021bie, Poli\u021bia Local\u0103, chiar \u0219i copiii, care ne pot face s\u0103 \u00een\u021belegem mai bine acest fenomen, nevoile pe care le au, pentru c\u0103 am primit multe mesaje \u00een urma interven\u021biei mele \u00een Consiliul Local de la p\u0103rin\u021bi. \u00cen aceste mesaje, v\u0103 spun drept, argumentele erau toate plauzibile. Am primit mesaj de la o mam\u0103 a doi copii care \u00eemi semnala: &lt;Nu v\u0103 sup\u0103ra\u021bi, domnule Anghelea, eu am doi copii care \u00een fiecare zi, disciplinat, se deplaseaz\u0103 la \u0219coli diferite cu trotineta electric\u0103. Dumneavoastr\u0103 vre\u021bi aproape s\u0103 interzice\u021bi trotinetele electrice, iar eu voi fi nevoit\u0103 s\u0103 pornesc ma\u0219ina \u00een fiecare diminea\u021b\u0103, s\u0103-mi duc copiii la dou\u0103 \u0219coli diferite cu ceea ce se \u0219tie \u2013 trafic, aglomera\u021bie, timp \u0219i tot ce necesit\u0103 o nou\u0103 deplasare&gt;\u201d.<\/p>\n<p>\u00a0<\/p>\n<\/div>\n<p>[analyse_source url=&#8221;https:\/\/www.radiotop.ro\/actualitate\/consilierul-local-doru-mihai-anghelea-proiect-pentru-reglementarea-folosirii-trotinetelor-electrice-e-nevoie-de-o-ampla-dezbatere-publica-la-care-sa-participe-si-copiii-care-ne-pot-face-sa.html&#8221;]<\/p>\n","protected":false},"excerpt":{"rendered":"<p>[analyse_image type=&#8221;featured&#8221; src=&#8221;https:\/\/www.radiotop.ro\/img\/media\/2024\/11\/mihai-anghelea.jpg&#8221;] Consilierul local USR Doru Mihai Anghelea dore\u0219te s\u0103 reintroduc\u0103 pe ordinea de zi a Consiliului Local Suceava proiectul s\u0103u viz\u00eend utilizarea trotinetelor electrice. Totodat\u0103, domnul Anghelea dore\u0219te o dezbatere public\u0103 \u00een leg\u0103tur\u0103 cu acest aspect. Pe 31 iulie este urm\u0103toarea \u0219edin\u021b\u0103 a deliberativului local. Domnul Anghelea a depus proiectul \u00een spetembrie 2025, [&hellip;]<\/p>\n","protected":false},"author":1,"featured_media":0,"comment_status":"open","ping_status":"","sticky":false,"template":"","format":"standard","meta":{"footnotes":""},"categories":[89],"tags":[226,163],"class_list":["post-2064681","post","type-post","status-publish","format-standard","hentry","category-romania","tag-crawlmanager","tag-radiotop-ro"],"_links":{"self":[{"href":"https:\/\/analyse.optim.biz\/index.php?rest_route=\/wp\/v2\/posts\/2064681","targetHints":{"allow":["GET"]}}],"collection":[{"href":"https:\/\/analyse.optim.biz\/index.php?rest_route=\/wp\/v2\/posts"}],"about":[{"href":"https:\/\/analyse.optim.biz\/index.php?rest_route=\/wp\/v2\/types\/post"}],"author":[{"embeddable":true,"href":"https:\/\/analyse.optim.biz\/index.php?rest_route=\/wp\/v2\/users\/1"}],"replies":[{"embeddable":true,"href":"https:\/\/analyse.optim.biz\/index.php?rest_route=%2Fwp%2Fv2%2Fcomments&post=2064681"}],"version-history":[{"count":0,"href":"https:\/\/analyse.optim.biz\/index.php?rest_route=\/wp\/v2\/posts\/2064681\/revisions"}],"wp:attachment":[{"href":"https:\/\/analyse.optim.biz\/index.php?rest_route=%2Fwp%2Fv2%2Fmedia&parent=2064681"}],"wp:term":[{"taxonomy":"category","embeddable":true,"href":"https:\/\/analyse.optim.biz\/index.php?rest_route=%2Fwp%2Fv2%2Fcategories&post=2064681"},{"taxonomy":"post_tag","embeddable":true,"href":"https:\/\/analyse.optim.biz\/index.php?rest_route=%2Fwp%2Fv2%2Ftags&post=2064681"}],"curies":[{"name":"wp","href":"https:\/\/api.w.org\/{rel}","templated":true}]}}