{"id":2064666,"date":"2026-07-27T17:51:05","date_gmt":"2026-07-27T14:51:05","guid":{"rendered":"https:\/\/analyse.optim.biz\/?p=2064666"},"modified":"2026-07-27T17:51:05","modified_gmt":"2026-07-27T14:51:05","slug":"spitalele-intra-in-greva-generala-consultatiile-si-internarile-programate-pot-fi-amanate","status":"publish","type":"post","link":"https:\/\/analyse.optim.biz\/?p=2064666","title":{"rendered":"Spitalele intr\u0103 \u00een grev\u0103 general\u0103. Consulta\u021biile \u0219i intern\u0103rile programate pot fi am\u00e2nate"},"content":{"rendered":"<p>[analyse_image type=&#8221;featured&#8221; src=&#8221;https:\/\/gazetabuzoiana.ro\/wp-content\/uploads\/2026\/07\/ID282109-INQUAM-PHOTOS-OCTAV-GANEA_1.webp&#8221;]<\/p>\n<div class=\"entry-content entry clearfix\">\n<p class=\"wp-block-paragraph\">Sistemul public de s\u0103n\u0103tate intr\u0103 \u00eentr-o nou\u0103 etap\u0103 a protestelor, dup\u0103 ce Federa\u021bia SANITAS a anun\u021bat declan\u0219area grevei generale \u00eencep\u00e2nd de mar\u021bi, \u00een aproximativ 400 de spitale \u0219i alte unit\u0103\u021bi sanitare din \u00eentreaga \u021bar\u0103. Decizia vine \u00een urma e\u0219ecului negocierilor cu Guvernul privind noua lege a salariz\u0103rii \u0219i problemele cronice din sistemul medical.<\/p>\n<p class=\"wp-block-paragraph\">Potrivit reprezentan\u021bilor sindicali, protestul va avea loc pe perioad\u0103 nedeterminat\u0103, iar principalele nemul\u021bumiri vizeaz\u0103 reducerea unor venituri, blocarea posturilor vacante, lipsa personalului \u0219i prevederile proiectului noii legi a salariz\u0103rii. Sindicali\u0219tii sus\u021bin c\u0103 solicit\u0103rile transmise autorit\u0103\u021bilor \u00een ultimele s\u0103pt\u0103m\u00e2ni au r\u0103mas f\u0103r\u0103 un r\u0103spuns concret.<\/p>\n<p class=\"wp-block-paragraph\">\u00cen timpul grevei vor fi asigurate serviciile medicale esen\u021biale, respectiv urgen\u021bele \u0219i cazurile care nu pot fi am\u00e2nate, conform obliga\u021biilor prev\u0103zute de lege. \u00cen schimb, consulta\u021biile, intern\u0103rile \u0219i interven\u021biile programate ar putea suferi \u00eent\u00e2rzieri sau reprogram\u0103ri, \u00een func\u021bie de gradul de participare la protest \u00een fiecare unitate sanitar\u0103.<\/p>\n<p class=\"wp-block-paragraph\">Greva general\u0103 este precedat\u0103 de greva de avertisment organizat\u0103 s\u0103pt\u0103m\u00e2na trecut\u0103, la care au participat angaja\u021bi din peste 400 de unit\u0103\u021bi sanitare. Atunci, activitatea medical\u0103 a fost redus\u0103 la aproximativ o treime timp de dou\u0103 ore, fiind asigurate doar urgen\u021bele.<\/p>\n<p class=\"wp-block-paragraph\">Reprezentan\u021bii SANITAS avertizeaz\u0103 c\u0103, \u00een lipsa unor m\u0103suri concrete din partea autorit\u0103\u021bilor, conflictul de munc\u0103 va continua, iar presiunea asupra sistemului sanitar va cre\u0219te \u00een perioada urm\u0103toare.<\/p>\n<div class=\"post-bottom-meta post-bottom-tags post-tags-modern\">\n<div class=\"post-bottom-meta-title\"> Etichete<\/div>\n<p><span class=\"tagcloud\"><a href=\"https:\/\/gazetabuzoiana.ro\/tag\/asistenti-medicali\/\" rel=\"tag\">asisten\u021bi medicali<\/a><a href=\"https:\/\/gazetabuzoiana.ro\/tag\/consultatii\/\" rel=\"tag\">consulta\u021bii<\/a><a href=\"https:\/\/gazetabuzoiana.ro\/tag\/greva-generala\/\" rel=\"tag\">grev\u0103 general\u0103<\/a><a href=\"https:\/\/gazetabuzoiana.ro\/tag\/guvernul-romaniei-2\/\" rel=\"tag\">Guvernul Rom\u00e2niei<\/a><a href=\"https:\/\/gazetabuzoiana.ro\/tag\/internari\/\" rel=\"tag\">intern\u0103ri<\/a><a href=\"https:\/\/gazetabuzoiana.ro\/tag\/legea-salarizarii-2\/\" rel=\"tag\">Legea salariz\u0103rii<\/a><a href=\"https:\/\/gazetabuzoiana.ro\/tag\/medici\/\" rel=\"tag\">medici<\/a><a href=\"https:\/\/gazetabuzoiana.ro\/tag\/personal-medical\/\" rel=\"tag\">personal medical<\/a><a href=\"https:\/\/gazetabuzoiana.ro\/tag\/protest\/\" rel=\"tag\">protest<\/a><a href=\"https:\/\/gazetabuzoiana.ro\/tag\/sanatate\/\" rel=\"tag\">s\u0103n\u0103tate<\/a><a href=\"https:\/\/gazetabuzoiana.ro\/tag\/sanitas\/\" rel=\"tag\">SANITAS<\/a><a href=\"https:\/\/gazetabuzoiana.ro\/tag\/sindicalisti\/\" rel=\"tag\">sindicali\u0219ti<\/a><a href=\"https:\/\/gazetabuzoiana.ro\/tag\/sistem-sanitar\/\" rel=\"tag\">sistem sanitar<\/a><a href=\"https:\/\/gazetabuzoiana.ro\/tag\/spitale\/\" rel=\"tag\">spitale<\/a><a href=\"https:\/\/gazetabuzoiana.ro\/tag\/unitati-sanitare\/\" rel=\"tag\">unit\u0103\u021bi sanitare<\/a><a href=\"https:\/\/gazetabuzoiana.ro\/tag\/urgente\/\" rel=\"tag\">urgen\u021be<\/a><\/span><\/div>\n<\/div>\n<p>[analyse_source url=&#8221;https:\/\/gazetabuzoiana.ro\/2026\/07\/27\/spitalele-intra-in-greva-generala-consultatiile-si-internarile-programate-pot-fi-amanate\/&#8221;]<\/p>\n","protected":false},"excerpt":{"rendered":"<p>[analyse_image type=&#8221;featured&#8221; src=&#8221;https:\/\/gazetabuzoiana.ro\/wp-content\/uploads\/2026\/07\/ID282109-INQUAM-PHOTOS-OCTAV-GANEA_1.webp&#8221;] Sistemul public de s\u0103n\u0103tate intr\u0103 \u00eentr-o nou\u0103 etap\u0103 a protestelor, dup\u0103 ce Federa\u021bia SANITAS a anun\u021bat declan\u0219area grevei generale \u00eencep\u00e2nd de mar\u021bi, \u00een aproximativ 400 de spitale \u0219i alte unit\u0103\u021bi sanitare din \u00eentreaga \u021bar\u0103. Decizia vine \u00een urma e\u0219ecului negocierilor cu Guvernul privind noua lege a salariz\u0103rii \u0219i problemele cronice din sistemul [&hellip;]<\/p>\n","protected":false},"author":1,"featured_media":0,"comment_status":"open","ping_status":"","sticky":false,"template":"","format":"standard","meta":{"footnotes":""},"categories":[2],"tags":[226,38],"class_list":["post-2064666","post","type-post","status-publish","format-standard","hentry","category-politics","tag-crawlmanager","tag-gazetabuzoiana-ro"],"_links":{"self":[{"href":"https:\/\/analyse.optim.biz\/index.php?rest_route=\/wp\/v2\/posts\/2064666","targetHints":{"allow":["GET"]}}],"collection":[{"href":"https:\/\/analyse.optim.biz\/index.php?rest_route=\/wp\/v2\/posts"}],"about":[{"href":"https:\/\/analyse.optim.biz\/index.php?rest_route=\/wp\/v2\/types\/post"}],"author":[{"embeddable":true,"href":"https:\/\/analyse.optim.biz\/index.php?rest_route=\/wp\/v2\/users\/1"}],"replies":[{"embeddable":true,"href":"https:\/\/analyse.optim.biz\/index.php?rest_route=%2Fwp%2Fv2%2Fcomments&post=2064666"}],"version-history":[{"count":0,"href":"https:\/\/analyse.optim.biz\/index.php?rest_route=\/wp\/v2\/posts\/2064666\/revisions"}],"wp:attachment":[{"href":"https:\/\/analyse.optim.biz\/index.php?rest_route=%2Fwp%2Fv2%2Fmedia&parent=2064666"}],"wp:term":[{"taxonomy":"category","embeddable":true,"href":"https:\/\/analyse.optim.biz\/index.php?rest_route=%2Fwp%2Fv2%2Fcategories&post=2064666"},{"taxonomy":"post_tag","embeddable":true,"href":"https:\/\/analyse.optim.biz\/index.php?rest_route=%2Fwp%2Fv2%2Ftags&post=2064666"}],"curies":[{"name":"wp","href":"https:\/\/api.w.org\/{rel}","templated":true}]}}