{"id":206459,"date":"2014-05-05T04:15:10","date_gmt":"2014-05-05T01:15:10","guid":{"rendered":"https:\/\/analyse.optim.biz\/?p=206459"},"modified":"2014-05-05T04:15:10","modified_gmt":"2014-05-05T01:15:10","slug":"adina-valean-si-theodor-stolojan-test-de-sinceritate-la-digi24","status":"publish","type":"post","link":"https:\/\/analyse.optim.biz\/?p=206459","title":{"rendered":"Adina V\u0103lean \u0219i Theodor Stolojan, test de sinceritate la Digi24"},"content":{"rendered":"<div class=\"entry data-app-meta data-app-meta-article\" data-embed-base-url-canonical=\"https:\/\/www.digi24.ro\/embed\/stiri\/actualitate\/politica\/adina-valean-si-theodor-stolojan-test-de-sinceritate-la-digi24-238237\">\n<p data-index=\"1\">Iat\u0103 ce au mai declarat cei doi politicieni \u00een cadrul rubricii <strong>\u201eTest de sinceritate\u201d<\/strong> a emisiunii <a href=\"https:\/\/www.digi24.ro\/Emisiuni\/Digi24\/Km0\/\" target=\"_blank\" data-skip-linkfix=\"1\" rel=\"noopener\"><strong>\u201eKilometrul 0\u201d<\/strong><\/a>:<\/p>\n<p data-index=\"2\"><strong>Elena Vijulie<\/strong>: Este util, dle Stolojan, ca Rom\u00e2nia s\u0103 reintroduc\u0103 serviciul militar obligatoriu?<\/p>\n<p data-index=\"3\"><strong>Theodor Stolojan:<\/strong> Nu cred, pentru c\u0103 ast\u0103zi nu e nevoie s\u0103 ai o armat\u0103 de 100.000 de oameni, po\u021bi s\u0103 ai armat\u0103 de 10.000 de oameni, dar \u00eenzestrat\u0103 cu capabilit\u0103\u021bile militare moderne \u2013 ast\u0103zi sunt drone, sunt rachete, nu-i nevoie s\u0103 te duci s\u0103 te ba\u021bi fa\u021b\u0103 \u00een fa\u021b\u0103 cu inamicul.<\/p>\n<p data-index=\"4\"><strong>E. Vijulie<\/strong>: Dn\u0103 V\u0103lean, \u00een ce m\u0103sur\u0103 statutul politic al so\u021bului dvs, dl Crin Antonescu, v-a influen\u021bat cariera politic\u0103?<\/p>\n<p data-index=\"5\"><strong>Adina V\u0103lean:<\/strong> M\u0103-ncurc\u0103 pu\u021bin, \u00een sensul \u00een care \u00eemi aduce o astfel de etichet\u0103 de \u201eso\u021bie\u201d, care d\u0103uneaz\u0103 \u00een Rom\u00e2nia carierei politice a unei doamne.<\/p>\n<p data-index=\"6\"><strong>E. Vijulie:<\/strong> Cum aprecia\u021bi, dle Stolojan, cele dou\u0103 mandate ale lui Traian B\u0103sescu ca pre\u0219edinte?<\/p>\n<p data-index=\"7\"><strong>Th. Stolojan<\/strong>: Cu foarte multe plusuri, s\u0103 nu uit\u0103m c\u0103 lupta \u00eempotriva corup\u021biei, lupta pentru un sistem de justi\u021bie independent, lupta ca serviciile de for\u021b\u0103 ale statului s\u0103 nu mai fie politizate reprezint\u0103 lucruri reale care s-au \u00eent\u00e2mplat datorit\u0103 mandatului d\u00e2nsului. Avem mecanism de cooperare \u0219i verificare pentru c\u0103 din c\u00e2nd \u00een c\u00e2nd lu\u0103m piatra \u0219i o d\u0103m \u00een geam \u0219i o spargem ca \u00een iunie 2012 sau ca \u00een decembrie 2013.<\/p>\n<p data-index=\"8\"><strong>E. Vijulie<\/strong>: Regreta\u021bi c\u0103 v-a\u021bi retras din cursa pentru preziden\u021biale \u00een toamna lui 2004?<\/p>\n<p data-index=\"9\"><strong>Stolojan<\/strong>: Nu. Nu.<\/p>\n<p data-index=\"10\"><strong>Adina V\u0103lean<\/strong>: Noi da, liberalii.<\/p>\n<p data-index=\"11\"><strong>E. Vijulie:<\/strong> Adic\u0103 a\u021bi fi preferat ca dl. Stolojan s\u0103 fi fost pre\u0219edintele Rom\u00e2niei?<\/p>\n<p data-index=\"12\"><strong>A. V\u0103lean:<\/strong> Normal, fire\u0219te. Era pre\u0219edintele PNL atunci \u0219i tot anul respectiv am luptat pentru domnia sa \u00een campanie, am mers \u00een toat\u0103 \u021bara, \u00eencercam s\u0103-l promov\u0103m ca viitor pre\u0219edinte \u0219i, \u00een fine, a ie\u0219it altcineva p\u00e2n\u0103 la urm\u0103. Noi am r\u0103mas cu acest regret.<\/p>\n<p data-index=\"13\"><strong>E. Vijulie:<\/strong> Dl. Stolojan poate redeveni colegul dvs \u00eentr-o alian\u021b\u0103<\/p>\n<p data-index=\"14\"><strong>Th. Stolojan:<\/strong> Atunci eu am avut dou\u0103 motive foarte clare: 1. m-am \u00eemboln\u0103vit, 2. pre\u0219edintele B\u0103sescu c\u00e2\u0219tigase Prim\u0103ria municipiului Bucure\u0219ti, era pe un val de \u00eencredere \u0219i simpatie, care a putut s\u0103 \u00eenving\u0103 un dezastru pentru Rom\u00e2nia, pe N\u0103stase.<\/p>\n<p data-index=\"15\"><strong>Adina V\u0103lean:<\/strong> Da, dar f\u0103r\u0103 noi nu reu\u0219ea.<\/p>\n<p data-index=\"16\"><strong>E. Vijulie<\/strong>: Dna V\u0103lean, caracteriza\u021bi \u00een dou\u0103-trei cuvinte pe Dinu Patriciu!<\/p>\n<p data-index=\"17\"><strong>A. V\u0103lean:<\/strong> Un liberal, liberal, liberal.<\/p>\n<p data-index=\"18\"><strong>E. Vijulie<\/strong>: Ion Iliescu&#8230;<\/p>\n<p data-index=\"19\"><strong>A. V\u0103lean:<\/strong> Un comunist, un comunist, un comunist.<\/p>\n<p data-index=\"20\"><strong>E. Vijulie<\/strong>: \u0218i Mugur Is\u0103rescu?<\/p>\n<p data-index=\"21\"><strong>A. V\u0103lean:<\/strong> Un finan\u021bist.<\/p>\n<p data-index=\"22\"><strong>E. Vijulie:<\/strong> L-a\u021bi vota pe Crin Antonescu la preziden\u021biale, dle Stolojan?<\/p>\n<p data-index=\"23\"><strong>Th. Stolojan<\/strong>: Din p\u0103cate, avem un candidat mai bun: C\u0103t\u0103lin Predoiu.<\/p>\n<p data-index=\"24\"><strong>E. Vijulie<\/strong>: Dar \u00een turul II, dac\u0103 C\u0103t\u0103lin Predoiu nu va fi \u00een turul II?<\/p>\n<p data-index=\"25\"><strong>Th. Stolojan:<\/strong> C\u0103t\u0103lin Predoiu va fi \u00een turul II.<\/p>\n<p data-index=\"26\"><strong>E. Vijulie:<\/strong> Crede\u021bi, dn\u0103 V\u0103lean, c\u0103 Prima Doamn\u0103 a unei \u021b\u0103ri trebuie s\u0103 se implice politic?<\/p>\n<p data-index=\"27\"><strong>A. V\u0103lean:<\/strong> Vede\u021bi ce p\u0103\u021besc? (&#8230;) Depinde a c\u0103rei \u021b\u0103ri. \u00cen Rom\u00e2nia nu exist\u0103 aceast\u0103 institu\u021bie a Primei Doamne. Exist\u0103 aceast\u0103 confuzie cum c\u0103 so\u021bia pre\u0219edintelui ar fi Prima Doamn\u0103. Asta vine din Statele Unite, unde Prima Doamn\u0103 este o institu\u021bie \u00een sine, care are program politic, chestii sociale, se implic\u0103, are buget, are angaja\u021bi. \u00cen Rom\u00e2nia nu exist\u0103 \u0219i ca s\u0103 fiu sincer\u0103, rom\u00e2nii oricum le detest\u0103 pe nevestele politicienilor.<\/p>\n<p data-index=\"28\"><strong>E. Vijulie:<\/strong> Dac\u0103 dl. Crin Antonescu devine pre\u0219edinte, ve\u021bi r\u0103m\u00e2ne implicat\u0103 \u00een politic\u0103?<\/p>\n<p data-index=\"29\"><strong>A. V\u0103lean:<\/strong> Da. Eu sunt un om politic \u0219i doresc s\u0103 r\u0103m\u00e2n implicat\u0103 \u00een politic\u0103 at\u00e2t timp c\u00e2t am un mandat din partea cet\u0103\u021benilor.<\/p>\n<p data-index=\"30\"><strong>E. Vijulie:<\/strong> Care ar trebui s\u0103 fie salariul rezonabil al unui medic \u00een Rom\u00e2nia?<\/p>\n<p data-index=\"31\"><strong>Th. Stolojan<\/strong>: De dou\u0103-trei ori salariul mediu din economie. Nu \u0219tiu de ce ne chinuim at\u00e2t \u00een Rom\u00e2nia. Exist\u0103 o propor\u021bie, \u00een statele dezvoltate. Nu e claritate pe problem\u0103 \u00een Rom\u00e2nia. Nu trebuie s\u0103 descoperim de fiecare dat\u0103 roata. Dac\u0103 avem un PIB mic, nu \u00eenseamn\u0103 c\u0103 nu pot s\u0103 introduc propor\u021biile normale \u00eentre diferite profesii \u00een materie.<\/p>\n<p data-index=\"32\"><strong>A. V\u0103lean:<\/strong> Eu cred c\u0103 7.000 de euro pe lun\u0103 (cam c\u00e2t are un europarlamentar \u2013 n.r.). Eu v\u0103 spun c\u00e2t trebuie s\u0103 fie, pentru c\u0103 \u00een Rom\u00e2nia nu exist\u0103 numai acele spitale de stat, dac\u0103 sistemul privat se dezvolt\u0103, medicii din Rom\u00e2nia ar trebui s\u0103 fie pl\u0103ti\u021bi foarte bine.<\/p>\n<\/div>\n<p> Source URL: https:\/\/www.digi24.ro\/stiri\/actualitate\/politica\/adina-valean-si-theodor-stolojan-test-de-sinceritate-la-digi24-238237<\/p>\n","protected":false},"excerpt":{"rendered":"<p>Iat\u0103 ce au mai declarat cei doi politicieni \u00een cadrul rubricii \u201eTest de sinceritate\u201d a emisiunii \u201eKilometrul 0\u201d: Elena Vijulie: Este util, dle Stolojan, ca Rom\u00e2nia s\u0103 reintroduc\u0103 serviciul militar obligatoriu? Theodor Stolojan: Nu cred, pentru c\u0103 ast\u0103zi nu e nevoie s\u0103 ai o armat\u0103 de 100.000 de oameni, po\u021bi s\u0103 ai armat\u0103 de 10.000 [&hellip;]<\/p>\n","protected":false},"author":1,"featured_media":206460,"comment_status":"open","ping_status":"","sticky":false,"template":"","format":"standard","meta":{"footnotes":""},"categories":[2],"tags":[11],"class_list":["post-206459","post","type-post","status-publish","format-standard","has-post-thumbnail","hentry","category-politics","tag-digi24"],"_links":{"self":[{"href":"https:\/\/analyse.optim.biz\/index.php?rest_route=\/wp\/v2\/posts\/206459","targetHints":{"allow":["GET"]}}],"collection":[{"href":"https:\/\/analyse.optim.biz\/index.php?rest_route=\/wp\/v2\/posts"}],"about":[{"href":"https:\/\/analyse.optim.biz\/index.php?rest_route=\/wp\/v2\/types\/post"}],"author":[{"embeddable":true,"href":"https:\/\/analyse.optim.biz\/index.php?rest_route=\/wp\/v2\/users\/1"}],"replies":[{"embeddable":true,"href":"https:\/\/analyse.optim.biz\/index.php?rest_route=%2Fwp%2Fv2%2Fcomments&post=206459"}],"version-history":[{"count":0,"href":"https:\/\/analyse.optim.biz\/index.php?rest_route=\/wp\/v2\/posts\/206459\/revisions"}],"wp:featuredmedia":[{"embeddable":true,"href":"https:\/\/analyse.optim.biz\/index.php?rest_route=\/wp\/v2\/media\/206460"}],"wp:attachment":[{"href":"https:\/\/analyse.optim.biz\/index.php?rest_route=%2Fwp%2Fv2%2Fmedia&parent=206459"}],"wp:term":[{"taxonomy":"category","embeddable":true,"href":"https:\/\/analyse.optim.biz\/index.php?rest_route=%2Fwp%2Fv2%2Fcategories&post=206459"},{"taxonomy":"post_tag","embeddable":true,"href":"https:\/\/analyse.optim.biz\/index.php?rest_route=%2Fwp%2Fv2%2Ftags&post=206459"}],"curies":[{"name":"wp","href":"https:\/\/api.w.org\/{rel}","templated":true}]}}