{"id":2064571,"date":"2026-07-26T14:24:01","date_gmt":"2026-07-26T11:24:01","guid":{"rendered":"https:\/\/analyse.optim.biz\/?p=2064571"},"modified":"2026-07-26T14:24:01","modified_gmt":"2026-07-26T11:24:01","slug":"alcoolul-si-vehiculele-pe-doua-roti-o-combinatie-care-poate-avea-consecinte-grave","status":"publish","type":"post","link":"https:\/\/analyse.optim.biz\/?p=2064571","title":{"rendered":"Alcoolul \u0219i vehiculele pe dou\u0103 ro\u021bi \u2013 o combina\u021bie care poate avea consecin\u021be grave"},"content":{"rendered":"<p>[analyse_image type=&#8221;featured&#8221; src=&#8221;https:\/\/infotulcea.ro\/wp-content\/uploads\/2026\/07\/ipj-2-1.jpeghttps:\/\/infotulcea.ro\/wp-content\/uploads\/2026\/07\/ipj-2-1.jpeg&#8221;]<\/p>\n<div id=\"content\" class=\"site-content container\">\n<div id=\"main-content-row\" class=\"tie-row main-content-row\">\n<div class=\"main-content tie-col-md-8 tie-col-xs-12\" role=\"main\">\n<article id=\"the-post\" class=\"container-wrapper post-content tie-standard\">\n<header class=\"entry-header-outer\">\n<nav id=\"breadcrumb\"><a href=\"https:\/\/infotulcea.ro\/\"> Home<\/a><em class=\"delimiter\">\/<\/em><a href=\"https:\/\/infotulcea.ro\/categorie\/comunicate\/\">Comunicate<\/a><em class=\"delimiter\">\/<\/em><span class=\"current\">Alcoolul \u0219i vehiculele pe dou\u0103 ro\u021bi \u2013 o combina\u021bie care poate avea consecin\u021be grave<\/span><\/nav>\n<div class=\"entry-header\"><span class=\"post-cat-wrap\"><a class=\"post-cat tie-cat-35\" href=\"https:\/\/infotulcea.ro\/categorie\/comunicate\/\">Comunicate<\/a><\/span><\/p>\n<h1 class=\"post-title entry-title\">\n\t\t\tAlcoolul \u0219i vehiculele pe dou\u0103 ro\u021bi \u2013 o combina\u021bie care poate avea consecin\u021be grave\t\t<\/h1>\n<div class=\"single-post-meta post-meta clearfix\"><span class=\"author-meta single-author no-avatars\"><span class=\"meta-item meta-author-wrapper meta-author-9\"><span class=\"meta-author\"><a href=\"https:\/\/infotulcea.ro\/author\/redactia-2\/\" class=\"author-name tie-icon\" title=\"Redactia\">Redactia<\/a><\/span><\/span><\/span><span class=\"date meta-item tie-icon\">26 iulie 2026<\/span><\/p>\n<div class=\"tie-alignright\"><span class=\"meta-comment tie-icon meta-item fa-before\">0<\/span><span class=\"meta-views meta-item \"> 484 <\/span><span class=\"meta-reading-time meta-item\"> 1 minute read<\/span><\/div>\n<\/div>\n<\/div>\n<\/header>\n<div class=\"entry-content entry clearfix\">\n<p><strong>Inspectoratul de Poli\u021bie Jude\u021bean Tulcea atrage aten\u021bia asupra riscurilor la care se expun conduc\u0103torii de biciclete, mopede \u0219i motociclete care aleg s\u0103 participe la trafic dup\u0103 ce au consumat b\u0103uturi alcoolice.<\/strong><\/p>\n<p>Consumul de alcool afecteaz\u0103 capacitatea de concentrare, timpul de reac\u021bie, aprecierea distan\u021belor \u0219i echilibrul, factori esen\u021biali pentru deplasarea \u00een siguran\u021b\u0103.<\/p>\n<p>\u00cen cadrul activit\u0103\u021bilor desf\u0103\u0219urate \u00een ultimele zile, poli\u021bi\u0219tii rutieri \u0219i au depistat mai mul\u021bi conduc\u0103tori de biciclete,<source sizes=\"(max-width: 297px) 100vw, 297px\" type=\"image\/webp\" data-srcset=\"https:\/\/infotulcea.ro\/wp-content\/uploads\/2026\/07\/ipj-2-1-500x500.jpeg.webp 500w, https:\/\/infotulcea.ro\/wp-content\/uploads\/2026\/07\/ipj-2-1-1024x1024.jpeg.webp 1024w, https:\/\/infotulcea.ro\/wp-content\/uploads\/2026\/07\/ipj-2-1-250x250.jpeg.webp 250w, https:\/\/infotulcea.ro\/wp-content\/uploads\/2026\/07\/ipj-2-1-768x768.jpeg.webp 768w, https:\/\/infotulcea.ro\/wp-content\/uploads\/2026\/07\/ipj-2-1.jpeg.webp 1080w\" \/><\/p>\n<p><img loading=\"lazy\" decoding=\"async\" class=\" wp-image-40231 alignright\" src=\"https:\/\/infotulcea.ro\/wp-content\/uploads\/2026\/07\/ipj-2-1-500x500.jpeg\" alt width=\"297\" height=\"297\"> mopede \u0219i motociclete care au ales s\u0103 circule dup\u0103 ce au consumat alcool.<br \/>\nAce\u0219tia au fost testa\u021bi cu aparatul etilotest, rezultatele indic\u00e2nd valori ce demonstreaz\u0103 c\u0103, \u0219i-au pus \u00een pericol at\u00e2t propria via\u021b\u0103, c\u00e2t \u0219i siguran\u021ba celorlal\u021bi participan\u021bi la trafic.<\/p>\n<p>Poli\u021bi\u0219tii reamintesc faptul c\u0103 alcoolul reduce capacitatea de a lua decizii rapide \u0219i corecte, iar \u00een cazul bicicli\u0219tilor \u0219i motocicli\u0219tilor, o simpl\u0103 pierdere a echilibrului sau o reac\u021bie \u00eent\u00e2rziat\u0103 poate avea consecin\u021be dramatice.<\/p>\n<p>Recomand\u0103rile poli\u021bi\u0219tilor sunt simple:<\/p>\n<p>* dac\u0103 a\u021bi consumat alcool, nu v\u0103 urca\u021bi pe biciclet\u0103, moped sau motociclet\u0103;<br \/>\n* purta\u021bi \u00eentotdeauna echipamentul de protec\u021bie, \u00een special casca;<br \/>\n* respecta\u021bi regulile de circula\u021bie \u0219i adapta\u021bi viteza la condi\u021biile de drum;<br \/>\n* manifesta\u021bi responsabilitate \u0219i grij\u0103 fa\u021b\u0103 de propria via\u021b\u0103 \u0219i fa\u021b\u0103 de ceilal\u021bi participan\u021bi la trafic.<\/p>\n<p>Un drum parcurs sub influen\u021ba alcoolului poate schimba o via\u021b\u0103 pentru totdeauna. Alege\u021bi responsabil! Nu conduce\u021bi niciun vehicul dup\u0103 ce a\u021bi consumat b\u0103uturi alcoolice!<\/p>\n<\/div>\n<div id=\"post-extra-info\">\n<div class=\"theiaStickySidebar\">\n<div class=\"single-post-meta post-meta clearfix\"><span class=\"author-meta single-author no-avatars\"><span class=\"meta-item meta-author-wrapper meta-author-9\"><span class=\"meta-author\"><a href=\"https:\/\/infotulcea.ro\/author\/redactia-2\/\" class=\"author-name tie-icon\" title=\"Redactia\">Redactia<\/a><\/span><\/span><\/span><span class=\"date meta-item tie-icon\">26 iulie 2026<\/span><\/p>\n<div class=\"tie-alignright\"><span class=\"meta-comment tie-icon meta-item fa-before\">0<\/span><span class=\"meta-views meta-item \"> 484 <\/span><span class=\"meta-reading-time meta-item\"> 1 minute read<\/span><\/div>\n<\/div>\n<\/div>\n<\/div>\n<div id=\"share-buttons-bottom\" class=\"share-buttons share-buttons-bottom\">\n<div class=\"share-links  icons-only\">\n<div class=\"share-title\"><span> Share<\/span><\/div>\n<p><a href=\"https:\/\/www.facebook.com\/sharer.php?u=https:\/\/infotulcea.ro\/alcoolul-si-vehiculele-pe-doua-roti-o-combinatie-care-poate-avea-consecinte-grave\/\" rel=\"external noopener nofollow\" title=\"Facebook\" target=\"_blank\" class=\"facebook-share-btn \" data-raw=\"https:\/\/www.facebook.com\/sharer.php?u={post_link}\"><span class=\"screen-reader-text\">Facebook<\/span><\/a><a href=\"https:\/\/twitter.com\/intent\/tweet?text=Alcoolul%20%C8%99i%20vehiculele%20pe%20dou%C4%83%20ro%C8%9Bi%20%E2%80%93%20o%20combina%C8%9Bie%20care%20poate%20avea%20consecin%C8%9Be%20grave&amp;url=https:\/\/infotulcea.ro\/alcoolul-si-vehiculele-pe-doua-roti-o-combinatie-care-poate-avea-consecinte-grave\/\" rel=\"external noopener nofollow\" title=\"X\" target=\"_blank\" class=\"twitter-share-btn \" data-raw=\"https:\/\/twitter.com\/intent\/tweet?text={post_title}&amp;url={post_link}\"><span class=\"screen-reader-text\">X<\/span><\/a><a href=\"https:\/\/api.whatsapp.com\/send?text=Alcoolul%20%C8%99i%20vehiculele%20pe%20dou%C4%83%20ro%C8%9Bi%20%E2%80%93%20o%20combina%C8%9Bie%20care%20poate%20avea%20consecin%C8%9Be%20grave%20https:\/\/infotulcea.ro\/alcoolul-si-vehiculele-pe-doua-roti-o-combinatie-care-poate-avea-consecinte-grave\/\" rel=\"external noopener nofollow\" title=\"WhatsApp\" target=\"_blank\" class=\"whatsapp-share-btn \" data-raw=\"https:\/\/api.whatsapp.com\/send?text={post_title}%20{post_link}\"><span class=\"screen-reader-text\">WhatsApp<\/span><\/a><a href=\"https:\/\/telegram.me\/share\/url?url=https:\/\/infotulcea.ro\/alcoolul-si-vehiculele-pe-doua-roti-o-combinatie-care-poate-avea-consecinte-grave\/&amp;text=Alcoolul%20%C8%99i%20vehiculele%20pe%20dou%C4%83%20ro%C8%9Bi%20%E2%80%93%20o%20combina%C8%9Bie%20care%20poate%20avea%20consecin%C8%9Be%20grave\" rel=\"external noopener nofollow\" title=\"Telegram\" target=\"_blank\" class=\"telegram-share-btn \" data-raw=\"https:\/\/telegram.me\/share\/url?url={post_link}&amp;text={post_title}\"><span class=\"screen-reader-text\">Telegram<\/span><\/a><a href=\"mailto:?subject=Alcoolul%20%C8%99i%20vehiculele%20pe%20dou%C4%83%20ro%C8%9Bi%20%E2%80%93%20o%20combina%C8%9Bie%20care%20poate%20avea%20consecin%C8%9Be%20grave&amp;body=https:\/\/infotulcea.ro\/alcoolul-si-vehiculele-pe-doua-roti-o-combinatie-care-poate-avea-consecinte-grave\/\" rel=\"external noopener nofollow\" title=\"Share via Email\" target=\"_blank\" class=\"email-share-btn \" data-raw=\"mailto:?subject={post_title}&amp;body={post_link}\"><span class=\"screen-reader-text\">Share via Email<\/span><\/a><a href=\"https:\/\/infotulcea.ro\/alcoolul-si-vehiculele-pe-doua-roti-o-combinatie-care-poate-avea-consecinte-grave\/\" rel=\"external noopener nofollow\" title=\"Print\" target=\"_blank\" class=\"print-share-btn \" data-raw=\"#\"><span class=\"screen-reader-text\">Print<\/span><\/a><\/div>\n<\/div>\n<\/article>\n<div class=\"post-components\">\n<div id=\"related-posts\" class=\"container-wrapper has-extra-post\">\n<div class=\"mag-box-title the-global-title\">\n<h3>Related Articles<\/h3>\n<\/div>\n<div class=\"related-posts-list\">\n<div class=\"related-item tie-standard\"><a aria-label=\"Carniprod vine \u00een sprijinul a sute de bebelu\u0219i tulceni!\" href=\"https:\/\/infotulcea.ro\/carniprod-vine-in-sprijinul-a-sute-de-bebelusi-tulceni\/\" class=\"post-thumb\"><source type=\"image\/webp\" data-srcset=\"https:\/\/infotulcea.ro\/wp-content\/uploads\/2023\/04\/IMG_20230428_191103-390x220.jpg.webp\" \/><img loading=\"lazy\" decoding=\"async\" width=\"390\" height=\"220\" src=\"https:\/\/infotulcea.ro\/wp-content\/uploads\/2023\/04\/IMG_20230428_191103-390x220.jpg\" class=\"attachment-jannah-image-large size-jannah-image-large wp-post-image\" alt><\/a><\/p>\n<h3 class=\"post-title\"><a href=\"https:\/\/infotulcea.ro\/carniprod-vine-in-sprijinul-a-sute-de-bebelusi-tulceni\/\">Carniprod vine \u00een sprijinul a sute de bebelu\u0219i tulceni!<\/a><\/h3>\n<div class=\"post-meta clearfix\"><span class=\"date meta-item tie-icon\">28 aprilie 2023<\/span><\/div>\n<\/div>\n<div class=\"related-item tie-standard\">\n<h3 class=\"post-title\"><a href=\"https:\/\/infotulcea.ro\/tulcea-48-de-candidati-la-proba-scrisa-a-definitivatului\/\">Tulcea: 48 de candida\u021bi la proba scris\u0103 a Definitivatului<\/a><\/h3>\n<div class=\"post-meta clearfix\"><span class=\"date meta-item tie-icon\">15 iulie 2026<\/span><\/div>\n<\/div>\n<div class=\"related-item tie-standard\"><a aria-label=\"Preciz\u0103ri ANAF: Impozitul pe profit, neschimbat fa\u021b\u0103 de anul trecut!\" href=\"https:\/\/infotulcea.ro\/precizari-anaf-impozitul-pe-profit-neschimbat-fata-de-anul-trecut\/\" class=\"post-thumb\"><img loading=\"lazy\" decoding=\"async\" width=\"390\" height=\"220\" src=\"https:\/\/infotulcea.ro\/wp-content\/uploads\/2022\/05\/anaf-1-800x451-1-390x220.webp\" class=\"attachment-jannah-image-large size-jannah-image-large wp-post-image lazyload\" alt><img loading=\"lazy\" decoding=\"async\" width=\"390\" height=\"220\" src=\"https:\/\/infotulcea.ro\/wp-content\/uploads\/2022\/05\/anaf-1-800x451-1-390x220.webp\" class=\"attachment-jannah-image-large size-jannah-image-large wp-post-image\" alt><\/a><\/p>\n<h3 class=\"post-title\"><a href=\"https:\/\/infotulcea.ro\/precizari-anaf-impozitul-pe-profit-neschimbat-fata-de-anul-trecut\/\">Preciz\u0103ri ANAF: Impozitul pe profit, neschimbat fa\u021b\u0103 de anul trecut!<\/a><\/h3>\n<div class=\"post-meta clearfix\"><span class=\"date meta-item tie-icon\">5 martie 2024<\/span><\/div>\n<\/div>\n<div class=\"related-item tie-standard\"><a aria-label=\"APIA a dat startul pl\u0103\u021bilor \u00een avans pentru Campania 2022\" href=\"https:\/\/infotulcea.ro\/apia-a-dat-startul-platilor-in-avans-pentru-campania-2022\/\" class=\"post-thumb\"><source sizes=\"(max-width: 390px) 100vw, 390px\" type=\"image\/webp\" data-srcset=\"https:\/\/infotulcea.ro\/wp-content\/uploads\/2020\/06\/Bani-fermier-apia-subventii-390x220.jpg.webp 390w, https:\/\/infotulcea.ro\/wp-content\/uploads\/2020\/06\/Bani-fermier-apia-subventii-300x169.jpg.webp 300w, https:\/\/infotulcea.ro\/wp-content\/uploads\/2020\/06\/Bani-fermier-apia-subventii.jpg.webp 678w\" \/><img loading=\"lazy\" decoding=\"async\" width=\"390\" height=\"220\" src=\"https:\/\/infotulcea.ro\/wp-content\/uploads\/2020\/06\/Bani-fermier-apia-subventii-390x220.jpg\" class=\"attachment-jannah-image-large size-jannah-image-large wp-post-image\" alt><\/a><\/p>\n<h3 class=\"post-title\"><a href=\"https:\/\/infotulcea.ro\/apia-a-dat-startul-platilor-in-avans-pentru-campania-2022\/\">APIA a dat startul pl\u0103\u021bilor \u00een avans pentru Campania 2022<\/a><\/h3>\n<div class=\"post-meta clearfix\"><span class=\"date meta-item tie-icon\">17 octombrie 2022<\/span><\/div>\n<\/div>\n<\/div>\n<\/div>\n<div id=\"comments\" class=\"comments-area\">\n<div id=\"add-comment-block\" class=\"container-wrapper\">\n<div id=\"respond\" class=\"comment-respond\">\n<h3 id=\"reply-title\" class=\"comment-reply-title the-global-title\">Las\u0103 un r\u0103spuns <small><a rel=\"nofollow\" id=\"cancel-comment-reply-link\" href=\"https:\/\/infotulcea.ro\/alcoolul-si-vehiculele-pe-doua-roti-o-combinatie-care-poate-avea-consecinte-grave\/#respond\">Anuleaz\u0103 r\u0103spunsul<\/a><\/small><\/h3>\n<p class=\"comment-notes\"><span id=\"email-notes\">Adresa ta de email nu va fi publicat\u0103.<\/span><span class=\"required-field-message\">C\u00e2mpurile obligatorii sunt marcate cu <span class=\"required\">*<\/span><\/span><\/p>\n<\/div>\n<\/div>\n<\/div>\n<\/div>\n<\/div>\n<div id=\"check-also-box\" class=\"container-wrapper check-also-right\">\n<div class=\"widget-title the-global-title\">\n<div class=\"the-subtitle\">Check Also<\/div>\n<p><a href=\"https:\/\/infotulcea.ro\/alcoolul-si-vehiculele-pe-doua-roti-o-combinatie-care-poate-avea-consecinte-grave\/\" id=\"check-also-close\" class=\"remove\"><span class=\"screen-reader-text\">Close<\/span><\/a><\/div>\n<div class=\"widget posts-list-big-first has-first-big-post\">\n<ul class=\"posts-list-items\">\n<li class=\"widget-single-post-item widget-post-list tie-standard\">\n<div class=\"post-widget-thumbnail\"><a aria-label=\"Patru firme din construc\u021bii tulcene sanc\u021bionate pentru angaja\u021bi f\u0103r\u0103 contracte!\" href=\"https:\/\/infotulcea.ro\/patru-firme-din-constructii-tulcene-sanctionate-pentru-angajati-fara-contracte\/\" class=\"post-thumb\"><span class=\"post-cat-wrap\"><span class=\"post-cat tie-cat-35\">Comunicate<\/span><\/span><img loading=\"lazy\" decoding=\"async\" width=\"390\" height=\"220\" src=\"https:\/\/infotulcea.ro\/wp-content\/uploads\/2022\/01\/itm-390x220.jpg\" class=\"attachment-jannah-image-large size-jannah-image-large wp-post-image lazyload\" alt><img loading=\"lazy\" decoding=\"async\" width=\"390\" height=\"220\" src=\"https:\/\/infotulcea.ro\/wp-content\/uploads\/2022\/01\/itm-390x220.jpg\" class=\"attachment-jannah-image-large size-jannah-image-large wp-post-image\" alt><\/a><\/div>\n<div class=\"post-widget-body \"><a class=\"post-title the-subtitle\" href=\"https:\/\/infotulcea.ro\/patru-firme-din-constructii-tulcene-sanctionate-pentru-angajati-fara-contracte\/\">Patru firme din construc\u021bii tulcene sanc\u021bionate pentru angaja\u021bi f\u0103r\u0103 contracte!<\/a><\/p>\n<div class=\"post-meta\"><span class=\"date meta-item tie-icon\">12 august 2024<\/span><\/div>\n<\/div>\n<\/li>\n<\/ul>\n<\/div>\n<\/div>\n<aside class=\"sidebar tie-col-md-4 tie-col-xs-12 normal-side is-sticky\" aria-label=\"Primary Sidebar\">\n<div class=\"theiaStickySidebar\">\n<div id=\"media_image-19\" class=\"container-wrapper widget widget_media_image\"><a href=\"https:\/\/infotulcea.ro\/delta-dunarii-mai-accesibila-navrom-delta-creste-numarul-curselor-regulate-de-la-1-mai-2025\/\"><source sizes=\"(max-width: 500px) 100vw, 500px\" type=\"image\/webp\" data-srcset=\"https:\/\/infotulcea.ro\/wp-content\/uploads\/2025\/04\/navrom-delta-500x271.jpg.webp 500w, https:\/\/infotulcea.ro\/wp-content\/uploads\/2025\/04\/navrom-delta-1024x555.jpg.webp 1024w, https:\/\/infotulcea.ro\/wp-content\/uploads\/2025\/04\/navrom-delta-768x416.jpg.webp 768w, https:\/\/infotulcea.ro\/wp-content\/uploads\/2025\/04\/navrom-delta.jpg.webp 1080w\" \/><img loading=\"lazy\" decoding=\"async\" width=\"500\" height=\"271\" src=\"https:\/\/infotulcea.ro\/wp-content\/uploads\/2025\/04\/navrom-delta-500x271.jpg\" class=\"image wp-image-34487  attachment-medium size-medium\" alt><\/a><\/div>\n<div id=\"media_image-17\" class=\"container-wrapper widget widget_media_image\"><a href=\"https:\/\/www.facebook.com\/share\/p\/1DGAD1tLWN\/?mibextid=wwXIfr\" target=\"_blank\"><source sizes=\"(max-width: 500px) 100vw, 500px\" type=\"image\/webp\" data-srcset=\"https:\/\/infotulcea.ro\/wp-content\/uploads\/2026\/01\/IMG_1563-500x500.jpeg.webp 500w, https:\/\/infotulcea.ro\/wp-content\/uploads\/2026\/01\/IMG_1563-1024x1024.jpeg.webp 1024w, https:\/\/infotulcea.ro\/wp-content\/uploads\/2026\/01\/IMG_1563-250x250.jpeg.webp 250w, https:\/\/infotulcea.ro\/wp-content\/uploads\/2026\/01\/IMG_1563-768x768.jpeg.webp 768w, https:\/\/infotulcea.ro\/wp-content\/uploads\/2026\/01\/IMG_1563.jpeg.webp 1080w\" \/><img loading=\"lazy\" decoding=\"async\" width=\"500\" height=\"500\" src=\"https:\/\/infotulcea.ro\/wp-content\/uploads\/2026\/01\/IMG_1563-500x500.jpeg\" class=\"image wp-image-37932  attachment-medium size-medium\" alt title=\"Centrale pe lemne\"><\/a><\/div>\n<div id=\"media_image-18\" class=\"container-wrapper widget widget_media_image\"><a href=\"https:\/\/www.licitatia.ro\/site\/index-guest\"><img loading=\"lazy\" decoding=\"async\" width=\"500\" height=\"262\" src=\"https:\/\/infotulcea.ro\/wp-content\/uploads\/2025\/09\/licitatia-500x262.png\" class=\"image wp-image-36670  attachment-medium size-medium lazyload\" alt><img loading=\"lazy\" decoding=\"async\" width=\"500\" height=\"262\" src=\"https:\/\/infotulcea.ro\/wp-content\/uploads\/2025\/09\/licitatia-500x262.png\" class=\"image wp-image-36670  attachment-medium size-medium\" alt><\/a><\/div>\n<div id=\"media_image-27\" class=\"container-wrapper widget widget_media_image\"><a href=\"https:\/\/www.centrale-lemne-liepsnele.ro\/\"><img loading=\"lazy\" decoding=\"async\" width=\"500\" height=\"500\" src=\"https:\/\/infotulcea.ro\/wp-content\/uploads\/2025\/09\/Centrale-pe-Lemne-Liepsnele-500x500.png\" class=\"image wp-image-36541  attachment-medium size-medium lazyload\" alt=\"Centrala pe lemne\"><img loading=\"lazy\" decoding=\"async\" width=\"500\" height=\"500\" src=\"https:\/\/infotulcea.ro\/wp-content\/uploads\/2025\/09\/Centrale-pe-Lemne-Liepsnele-500x500.png\" class=\"image wp-image-36541  attachment-medium size-medium\" alt=\"Centrala pe lemne\"><\/a><\/div>\n<div id=\"media_image-28\" class=\"container-wrapper widget widget_media_image\"><a href=\"https:\/\/infotulcea.ro\/angajeaza-te-ro-platforma-ta-online-de-angajari-si-forta-de-munca\/\"><source sizes=\"(max-width: 500px) 100vw, 500px\" type=\"image\/webp\" data-srcset=\"https:\/\/infotulcea.ro\/wp-content\/uploads\/2025\/04\/banner-angajazate-1-500x305.jpg.webp 500w, https:\/\/infotulcea.ro\/wp-content\/uploads\/2025\/04\/banner-angajazate-1-1024x625.jpg.webp 1024w, https:\/\/infotulcea.ro\/wp-content\/uploads\/2025\/04\/banner-angajazate-1-768x469.jpg.webp 768w, https:\/\/infotulcea.ro\/wp-content\/uploads\/2025\/04\/banner-angajazate-1.jpg.webp 1080w\" \/><img loading=\"lazy\" decoding=\"async\" width=\"500\" height=\"305\" src=\"https:\/\/infotulcea.ro\/wp-content\/uploads\/2025\/04\/banner-angajazate-1-500x305.jpg\" class=\"image wp-image-34317  attachment-medium size-medium\" alt><\/a><\/div>\n<\/div>\n<\/aside>\n<\/div>\n<\/div>\n<div class=\"entry-content entry clearfix\">\n<p><strong>Inspectoratul de Poli\u021bie Jude\u021bean Tulcea atrage aten\u021bia asupra riscurilor la care se expun conduc\u0103torii de biciclete, mopede \u0219i motociclete care aleg s\u0103 participe la trafic dup\u0103 ce au consumat b\u0103uturi alcoolice.<\/strong><\/p>\n<p>Consumul de alcool afecteaz\u0103 capacitatea de concentrare, timpul de reac\u021bie, aprecierea distan\u021belor \u0219i echilibrul, factori esen\u021biali pentru deplasarea \u00een siguran\u021b\u0103.<\/p>\n<p>\u00cen cadrul activit\u0103\u021bilor desf\u0103\u0219urate \u00een ultimele zile, poli\u021bi\u0219tii rutieri \u0219i au depistat mai mul\u021bi conduc\u0103tori de biciclete,<source sizes=\"(max-width: 297px) 100vw, 297px\" type=\"image\/webp\" data-srcset=\"https:\/\/infotulcea.ro\/wp-content\/uploads\/2026\/07\/ipj-2-1-500x500.jpeg.webp 500w, https:\/\/infotulcea.ro\/wp-content\/uploads\/2026\/07\/ipj-2-1-1024x1024.jpeg.webp 1024w, https:\/\/infotulcea.ro\/wp-content\/uploads\/2026\/07\/ipj-2-1-250x250.jpeg.webp 250w, https:\/\/infotulcea.ro\/wp-content\/uploads\/2026\/07\/ipj-2-1-768x768.jpeg.webp 768w, https:\/\/infotulcea.ro\/wp-content\/uploads\/2026\/07\/ipj-2-1.jpeg.webp 1080w\" \/><\/p>\n<p><img loading=\"lazy\" decoding=\"async\" class=\" wp-image-40231 alignright\" src=\"https:\/\/infotulcea.ro\/wp-content\/uploads\/2026\/07\/ipj-2-1-500x500.jpeg\" alt width=\"297\" height=\"297\"> mopede \u0219i motociclete care au ales s\u0103 circule dup\u0103 ce au consumat alcool.<br \/>\nAce\u0219tia au fost testa\u021bi cu aparatul etilotest, rezultatele indic\u00e2nd valori ce demonstreaz\u0103 c\u0103, \u0219i-au pus \u00een pericol at\u00e2t propria via\u021b\u0103, c\u00e2t \u0219i siguran\u021ba celorlal\u021bi participan\u021bi la trafic.<\/p>\n<p>Poli\u021bi\u0219tii reamintesc faptul c\u0103 alcoolul reduce capacitatea de a lua decizii rapide \u0219i corecte, iar \u00een cazul bicicli\u0219tilor \u0219i motocicli\u0219tilor, o simpl\u0103 pierdere a echilibrului sau o reac\u021bie \u00eent\u00e2rziat\u0103 poate avea consecin\u021be dramatice.<\/p>\n<p>Recomand\u0103rile poli\u021bi\u0219tilor sunt simple:<\/p>\n<p>* dac\u0103 a\u021bi consumat alcool, nu v\u0103 urca\u021bi pe biciclet\u0103, moped sau motociclet\u0103;<br \/>\n* purta\u021bi \u00eentotdeauna echipamentul de protec\u021bie, \u00een special casca;<br \/>\n* respecta\u021bi regulile de circula\u021bie \u0219i adapta\u021bi viteza la condi\u021biile de drum;<br \/>\n* manifesta\u021bi responsabilitate \u0219i grij\u0103 fa\u021b\u0103 de propria via\u021b\u0103 \u0219i fa\u021b\u0103 de ceilal\u021bi participan\u021bi la trafic.<\/p>\n<p>Un drum parcurs sub influen\u021ba alcoolului poate schimba o via\u021b\u0103 pentru totdeauna. Alege\u021bi responsabil! Nu conduce\u021bi niciun vehicul dup\u0103 ce a\u021bi consumat b\u0103uturi alcoolice!<\/p>\n<\/div>\n<div class=\"articleBody\" data-key=\"articleBody\">Inspectoratul de Poli\u021bie Jude\u021bean Tulcea atrage aten\u021bia asupra riscurilor la care se expun conduc\u0103torii de biciclete, mopede \u0219i motociclete care aleg s\u0103 participe la trafic dup\u0103 ce au consumat b\u0103uturi alcoolice.<\/p>\n<p>Consumul de alcool afecteaz\u0103 capacitatea de concentrare, timpul de reac\u021bie, aprecierea distan\u021belor \u0219i echilibrul, factori esen\u021biali pentru deplasarea \u00een siguran\u021b\u0103.<\/p>\n<p>\u00cen cadrul activit\u0103\u021bilor desf\u0103\u0219urate \u00een ultimele zile, poli\u021bi\u0219tii rutieri \u0219i au depistat mai mul\u021bi conduc\u0103tori de biciclete, mopede \u0219i motociclete care au ales s\u0103 circule dup\u0103 ce au consumat alcool.<br \/>\nAce\u0219tia au fost testa\u021bi cu aparatul etilotest, rezultatele indic\u00e2nd valori ce demonstreaz\u0103 c\u0103, \u0219i-au pus \u00een pericol at\u00e2t propria via\u021b\u0103, c\u00e2t \u0219i siguran\u021ba celorlal\u021bi participan\u021bi la trafic.<\/p>\n<p>Poli\u021bi\u0219tii reamintesc faptul c\u0103 alcoolul reduce capacitatea de a lua decizii rapide \u0219i corecte, iar \u00een cazul bicicli\u0219tilor \u0219i motocicli\u0219tilor, o simpl\u0103 pierdere a echilibrului sau o reac\u021bie \u00eent\u00e2rziat\u0103 poate avea consecin\u021be dramatice.<\/p>\n<p>Recomand\u0103rile poli\u021bi\u0219tilor sunt simple:<\/p>\n<p>* dac\u0103 a\u021bi consumat alcool, nu v\u0103 urca\u021bi pe biciclet\u0103, moped sau motociclet\u0103;<br \/>\n* purta\u021bi \u00eentotdeauna echipamentul de protec\u021bie, \u00een special casca;<br \/>\n* respecta\u021bi regulile de circula\u021bie \u0219i adapta\u021bi viteza la condi\u021biile de drum;<br \/>\n* manifesta\u021bi responsabilitate \u0219i grij\u0103 fa\u021b\u0103 de propria via\u021b\u0103 \u0219i fa\u021b\u0103 de ceilal\u021bi participan\u021bi la trafic.<\/p>\n<p>Un drum parcurs sub influen\u021ba alcoolului poate schimba o via\u021b\u0103 pentru totdeauna. Alege\u021bi responsabil! Nu conduce\u021bi niciun vehicul dup\u0103 ce a\u021bi consumat b\u0103uturi alcoolice!<\/p><\/div>\n<p>[analyse_source url=&#8221;https:\/\/infotulcea.ro\/alcoolul-si-vehiculele-pe-doua-roti-o-combinatie-care-poate-avea-consecinte-grave\/&#8221;]<\/p>\n","protected":false},"excerpt":{"rendered":"<p>[analyse_image type=&#8221;featured&#8221; src=&#8221;https:\/\/infotulcea.ro\/wp-content\/uploads\/2026\/07\/ipj-2-1.jpeghttps:\/\/infotulcea.ro\/wp-content\/uploads\/2026\/07\/ipj-2-1.jpeg&#8221;] Home\/Comunicate\/Alcoolul \u0219i vehiculele pe dou\u0103 ro\u021bi \u2013 o combina\u021bie care poate avea consecin\u021be grave Comunicate Alcoolul \u0219i vehiculele pe dou\u0103 ro\u021bi \u2013 o combina\u021bie care poate avea consecin\u021be grave Redactia26 iulie 2026 0 484 1 minute read Inspectoratul de Poli\u021bie Jude\u021bean Tulcea atrage aten\u021bia asupra riscurilor la care se expun conduc\u0103torii de [&hellip;]<\/p>\n","protected":false},"author":1,"featured_media":0,"comment_status":"open","ping_status":"","sticky":false,"template":"","format":"standard","meta":{"footnotes":""},"categories":[89],"tags":[226,221],"class_list":["post-2064571","post","type-post","status-publish","format-standard","hentry","category-romania","tag-crawlmanager","tag-infotulcea-ro"],"_links":{"self":[{"href":"https:\/\/analyse.optim.biz\/index.php?rest_route=\/wp\/v2\/posts\/2064571","targetHints":{"allow":["GET"]}}],"collection":[{"href":"https:\/\/analyse.optim.biz\/index.php?rest_route=\/wp\/v2\/posts"}],"about":[{"href":"https:\/\/analyse.optim.biz\/index.php?rest_route=\/wp\/v2\/types\/post"}],"author":[{"embeddable":true,"href":"https:\/\/analyse.optim.biz\/index.php?rest_route=\/wp\/v2\/users\/1"}],"replies":[{"embeddable":true,"href":"https:\/\/analyse.optim.biz\/index.php?rest_route=%2Fwp%2Fv2%2Fcomments&post=2064571"}],"version-history":[{"count":0,"href":"https:\/\/analyse.optim.biz\/index.php?rest_route=\/wp\/v2\/posts\/2064571\/revisions"}],"wp:attachment":[{"href":"https:\/\/analyse.optim.biz\/index.php?rest_route=%2Fwp%2Fv2%2Fmedia&parent=2064571"}],"wp:term":[{"taxonomy":"category","embeddable":true,"href":"https:\/\/analyse.optim.biz\/index.php?rest_route=%2Fwp%2Fv2%2Fcategories&post=2064571"},{"taxonomy":"post_tag","embeddable":true,"href":"https:\/\/analyse.optim.biz\/index.php?rest_route=%2Fwp%2Fv2%2Ftags&post=2064571"}],"curies":[{"name":"wp","href":"https:\/\/api.w.org\/{rel}","templated":true}]}}