{"id":2064570,"date":"2026-07-25T07:45:01","date_gmt":"2026-07-25T04:45:01","guid":{"rendered":"https:\/\/analyse.optim.biz\/?p=2064570"},"modified":"2026-07-25T07:45:01","modified_gmt":"2026-07-25T04:45:01","slug":"actiune-pentru-prevenirea-si-combaterea-evaziunii-fiscale-si-a-incalcarii-drepturilor-de-autor","status":"publish","type":"post","link":"https:\/\/analyse.optim.biz\/?p=2064570","title":{"rendered":"Ac\u021biune pentru prevenirea \u0219i combaterea evaziunii fiscale \u0219i a \u00eenc\u0103lc\u0103rii drepturilor de autor"},"content":{"rendered":"<p>[analyse_image type=&#8221;featured&#8221; src=&#8221;https:\/\/infotulcea.ro\/wp-content\/uploads\/2026\/07\/ipj-3.jpeghttps:\/\/infotulcea.ro\/wp-content\/uploads\/2026\/07\/ipj-3.jpeg&#8221;]<\/p>\n<div id=\"content\" class=\"site-content container\">\n<div id=\"main-content-row\" class=\"tie-row main-content-row\">\n<div class=\"main-content tie-col-md-8 tie-col-xs-12\" role=\"main\">\n<article id=\"the-post\" class=\"container-wrapper post-content tie-standard\">\n<header class=\"entry-header-outer\">\n<nav id=\"breadcrumb\"><a href=\"https:\/\/infotulcea.ro\/\"> Home<\/a><em class=\"delimiter\">\/<\/em><a href=\"https:\/\/infotulcea.ro\/categorie\/comunicate\/\">Comunicate<\/a><em class=\"delimiter\">\/<\/em><span class=\"current\">Ac\u021biune pentru prevenirea \u0219i combaterea evaziunii fiscale \u0219i a \u00eenc\u0103lc\u0103rii drepturilor de autor<\/span><\/nav>\n<div class=\"entry-header\"><span class=\"post-cat-wrap\"><a class=\"post-cat tie-cat-35\" href=\"https:\/\/infotulcea.ro\/categorie\/comunicate\/\">Comunicate<\/a><\/span><\/p>\n<h1 class=\"post-title entry-title\">\n\t\t\tAc\u021biune pentru prevenirea \u0219i combaterea evaziunii fiscale \u0219i a \u00eenc\u0103lc\u0103rii drepturilor de autor\t\t<\/h1>\n<div class=\"single-post-meta post-meta clearfix\"><span class=\"author-meta single-author no-avatars\"><span class=\"meta-item meta-author-wrapper meta-author-9\"><span class=\"meta-author\"><a href=\"https:\/\/infotulcea.ro\/author\/redactia-2\/\" class=\"author-name tie-icon\" title=\"Redactia\">Redactia<\/a><\/span><\/span><\/span><span class=\"date meta-item tie-icon\">25 iulie 2026<\/span><\/p>\n<div class=\"tie-alignright\"><span class=\"meta-comment tie-icon meta-item fa-before\">0<\/span><span class=\"meta-views meta-item \"> 144 <\/span><span class=\"meta-reading-time meta-item\"> 1 minute read<\/span><\/div>\n<\/div>\n<\/div>\n<\/header>\n<div class=\"entry-content entry clearfix\">\n<p><strong>La data de 24 iulie 2026, poli\u021bi\u0219tii Serviciului de Investigare a Criminalit\u0103\u021bii Economice din cadrul Inspectoratului de Poli\u021bie Jude\u021bean Tulcea au desf\u0103\u0219urat o ac\u021biune pentru prevenirea \u0219i combaterea evaziunii fiscale, precum \u0219i pentru verificarea respect\u0103rii legisla\u021biei privind drepturile de autor \u0219i drepturile conexe.<\/strong><\/p>\n<p>Activit\u0103\u021bile s-au desf\u0103\u0219urat \u00een baza unui plan de ac\u021biune pentru cre\u0219terea gradului de siguran\u021b\u0103 a cet\u0103\u021benilor \u0219i men\u021binerea climatului de ordine \u0219i siguran\u021b\u0103 public\u0103 pe timpul sezonului estival 2026.<source sizes=\"(max-width: 458px) 100vw, 458px\" type=\"image\/webp\" data-srcset=\"https:\/\/infotulcea.ro\/wp-content\/uploads\/2026\/07\/ipj-3-500x333.jpeg.webp 500w, https:\/\/infotulcea.ro\/wp-content\/uploads\/2026\/07\/ipj-3-1024x683.jpeg.webp 1024w, https:\/\/infotulcea.ro\/wp-content\/uploads\/2026\/07\/ipj-3-768x512.jpeg.webp 768w, https:\/\/infotulcea.ro\/wp-content\/uploads\/2026\/07\/ipj-3.jpeg.webp 1080w\" \/><\/p>\n<p><img loading=\"lazy\" decoding=\"async\" class=\" wp-image-40212 alignright\" src=\"https:\/\/infotulcea.ro\/wp-content\/uploads\/2026\/07\/ipj-3-500x333.jpeg\" alt width=\"458\" height=\"305\"><\/p>\n<p>\u00cen cadrul ac\u021biunii, poli\u021bi\u0219tii au verificat 8 operatori economici, urm\u0103rind prevenirea \u0219i combaterea evaziunii fiscale \u0219i a producerii \u0219i comercializ\u0103rii de produse alimentare \u0219i b\u0103uturi contraf\u0103cute.<\/p>\n<p>Ca urmare a neregulilor constatate, au fost aplicate dou\u0103 sanc\u021biuni contraven\u021bionale, \u00een valoare total\u0103 de 60.000 de lei, pentru nerespectarea prevederilor privind dreptul de autor \u0219i drepturile conexe.<\/p>\n<p>Inspectoratul de Poli\u021bie Jude\u021bean Tulcea va continua ac\u021biunile de verificare \u0219i control pe parcursul sezonului estival, pentru prevenirea \u0219i combaterea faptelor care aduc atingere mediului de afaceri \u0219i pentru asigurarea respect\u0103rii legisla\u021biei \u00een vigoare.<\/p>\n<\/div>\n<div id=\"post-extra-info\">\n<div class=\"theiaStickySidebar\">\n<div class=\"single-post-meta post-meta clearfix\"><span class=\"author-meta single-author no-avatars\"><span class=\"meta-item meta-author-wrapper meta-author-9\"><span class=\"meta-author\"><a href=\"https:\/\/infotulcea.ro\/author\/redactia-2\/\" class=\"author-name tie-icon\" title=\"Redactia\">Redactia<\/a><\/span><\/span><\/span><span class=\"date meta-item tie-icon\">25 iulie 2026<\/span><\/p>\n<div class=\"tie-alignright\"><span class=\"meta-comment tie-icon meta-item fa-before\">0<\/span><span class=\"meta-views meta-item \"> 144 <\/span><span class=\"meta-reading-time meta-item\"> 1 minute read<\/span><\/div>\n<\/div>\n<\/div>\n<\/div>\n<div id=\"share-buttons-bottom\" class=\"share-buttons share-buttons-bottom\">\n<div class=\"share-links  icons-only\">\n<div class=\"share-title\"><span> Share<\/span><\/div>\n<p><a href=\"https:\/\/www.facebook.com\/sharer.php?u=https:\/\/infotulcea.ro\/actiune-pentru-prevenirea-si-combaterea-evaziunii-fiscale-si-a-incalcarii-drepturilor-de-autor\/\" rel=\"external noopener nofollow\" title=\"Facebook\" target=\"_blank\" class=\"facebook-share-btn \" data-raw=\"https:\/\/www.facebook.com\/sharer.php?u={post_link}\"><span class=\"screen-reader-text\">Facebook<\/span><\/a><a href=\"https:\/\/twitter.com\/intent\/tweet?text=Ac%C8%9Biune%20pentru%20prevenirea%20%C8%99i%20combaterea%20evaziunii%20fiscale%20%C8%99i%20a%20%C3%AEnc%C4%83lc%C4%83rii%20drepturilor%20de%20autor&amp;url=https:\/\/infotulcea.ro\/actiune-pentru-prevenirea-si-combaterea-evaziunii-fiscale-si-a-incalcarii-drepturilor-de-autor\/\" rel=\"external noopener nofollow\" title=\"X\" target=\"_blank\" class=\"twitter-share-btn \" data-raw=\"https:\/\/twitter.com\/intent\/tweet?text={post_title}&amp;url={post_link}\"><span class=\"screen-reader-text\">X<\/span><\/a><a href=\"https:\/\/api.whatsapp.com\/send?text=Ac%C8%9Biune%20pentru%20prevenirea%20%C8%99i%20combaterea%20evaziunii%20fiscale%20%C8%99i%20a%20%C3%AEnc%C4%83lc%C4%83rii%20drepturilor%20de%20autor%20https:\/\/infotulcea.ro\/actiune-pentru-prevenirea-si-combaterea-evaziunii-fiscale-si-a-incalcarii-drepturilor-de-autor\/\" rel=\"external noopener nofollow\" title=\"WhatsApp\" target=\"_blank\" class=\"whatsapp-share-btn \" data-raw=\"https:\/\/api.whatsapp.com\/send?text={post_title}%20{post_link}\"><span class=\"screen-reader-text\">WhatsApp<\/span><\/a><a href=\"https:\/\/telegram.me\/share\/url?url=https:\/\/infotulcea.ro\/actiune-pentru-prevenirea-si-combaterea-evaziunii-fiscale-si-a-incalcarii-drepturilor-de-autor\/&amp;text=Ac%C8%9Biune%20pentru%20prevenirea%20%C8%99i%20combaterea%20evaziunii%20fiscale%20%C8%99i%20a%20%C3%AEnc%C4%83lc%C4%83rii%20drepturilor%20de%20autor\" rel=\"external noopener nofollow\" title=\"Telegram\" target=\"_blank\" class=\"telegram-share-btn \" data-raw=\"https:\/\/telegram.me\/share\/url?url={post_link}&amp;text={post_title}\"><span class=\"screen-reader-text\">Telegram<\/span><\/a><a href=\"mailto:?subject=Ac%C8%9Biune%20pentru%20prevenirea%20%C8%99i%20combaterea%20evaziunii%20fiscale%20%C8%99i%20a%20%C3%AEnc%C4%83lc%C4%83rii%20drepturilor%20de%20autor&amp;body=https:\/\/infotulcea.ro\/actiune-pentru-prevenirea-si-combaterea-evaziunii-fiscale-si-a-incalcarii-drepturilor-de-autor\/\" rel=\"external noopener nofollow\" title=\"Share via Email\" target=\"_blank\" class=\"email-share-btn \" data-raw=\"mailto:?subject={post_title}&amp;body={post_link}\"><span class=\"screen-reader-text\">Share via Email<\/span><\/a><a href=\"https:\/\/infotulcea.ro\/actiune-pentru-prevenirea-si-combaterea-evaziunii-fiscale-si-a-incalcarii-drepturilor-de-autor\/\" rel=\"external noopener nofollow\" title=\"Print\" target=\"_blank\" class=\"print-share-btn \" data-raw=\"#\"><span class=\"screen-reader-text\">Print<\/span><\/a><\/div>\n<\/div>\n<\/article>\n<div class=\"post-components\">\n<div id=\"related-posts\" class=\"container-wrapper has-extra-post\">\n<div class=\"mag-box-title the-global-title\">\n<h3>Related Articles<\/h3>\n<\/div>\n<div class=\"related-posts-list\">\n<div class=\"related-item tie-standard\"><a aria-label=\"Ac\u021biune antidrog la M\u0103cin cu elevi din sistemul de protec\u021bie social\u0103!\" href=\"https:\/\/infotulcea.ro\/actiune-antidrog-la-macin-cu-elevi-din-sistemul-de-protectie-sociala\/\" class=\"post-thumb\"><source type=\"image\/webp\" data-srcset=\"https:\/\/infotulcea.ro\/wp-content\/uploads\/2023\/10\/antidrog-macin-390x220.jpg.webp\" \/><img loading=\"lazy\" decoding=\"async\" width=\"390\" height=\"220\" src=\"https:\/\/infotulcea.ro\/wp-content\/uploads\/2023\/10\/antidrog-macin-390x220.jpg\" class=\"attachment-jannah-image-large size-jannah-image-large wp-post-image\" alt><\/a><\/p>\n<h3 class=\"post-title\"><a href=\"https:\/\/infotulcea.ro\/actiune-antidrog-la-macin-cu-elevi-din-sistemul-de-protectie-sociala\/\">Ac\u021biune antidrog la M\u0103cin cu elevi din sistemul de protec\u021bie social\u0103!<\/a><\/h3>\n<div class=\"post-meta clearfix\"><span class=\"date meta-item tie-icon\">17 octombrie 2023<\/span><\/div>\n<\/div>\n<div class=\"related-item tie-standard\">\n<h3 class=\"post-title\"><a href=\"https:\/\/infotulcea.ro\/consiliul-concurentei-castiga-procesul-cu-fosta-companie-hp-romania\/\">CONSILIUL CONCUREN\u021aEI C\u00c2\u0218TIG\u0102 PROCESUL CU FOSTA COMPANIE  HP ROM\u00c2NIA<\/a><\/h3>\n<div class=\"post-meta clearfix\"><span class=\"date meta-item tie-icon\">15 iulie 2026<\/span><\/div>\n<\/div>\n<div class=\"related-item tie-standard\"><a aria-label=\"Sf\u00e2ntu Gheorghe: Sturioni vii prin\u0219i \u00een plasele unui braconier reda\u021bi mediului natural\" href=\"https:\/\/infotulcea.ro\/sfantu-gheorghe-sturioni-vii-prinsi-in-plasele-unui-braconier-redati-mediului-natural\/\" class=\"post-thumb\"><source type=\"image\/webp\" data-srcset=\"https:\/\/infotulcea.ro\/wp-content\/uploads\/2023\/05\/sturion-pf-390x220.jpg.webp\" \/><img loading=\"lazy\" decoding=\"async\" width=\"390\" height=\"220\" src=\"https:\/\/infotulcea.ro\/wp-content\/uploads\/2023\/05\/sturion-pf-390x220.jpg\" class=\"attachment-jannah-image-large size-jannah-image-large wp-post-image\" alt><\/a><\/p>\n<h3 class=\"post-title\"><a href=\"https:\/\/infotulcea.ro\/sfantu-gheorghe-sturioni-vii-prinsi-in-plasele-unui-braconier-redati-mediului-natural\/\">Sf\u00e2ntu Gheorghe: Sturioni vii prin\u0219i \u00een plasele unui braconier reda\u021bi mediului natural<\/a><\/h3>\n<div class=\"post-meta clearfix\"><span class=\"date meta-item tie-icon\">3 mai 2023<\/span><\/div>\n<\/div>\n<div class=\"related-item tie-standard\"><a aria-label=\"Burs\u0103 de locuri de munc\u0103 pentru peste o sut\u0103 de tineri din ora\u0219ul M\u0103cin!\" href=\"https:\/\/infotulcea.ro\/bursa-de-locuri-de-munca-pentru-peste-o-suta-de-tineri-din-orasul-macin\/\" class=\"post-thumb\"><source type=\"image\/webp\" data-srcset=\"https:\/\/infotulcea.ro\/wp-content\/uploads\/2023\/10\/macin-bursa-locuri-munca-390x220.jpg.webp\" \/><img loading=\"lazy\" decoding=\"async\" width=\"390\" height=\"220\" src=\"https:\/\/infotulcea.ro\/wp-content\/uploads\/2023\/10\/macin-bursa-locuri-munca-390x220.jpg\" class=\"attachment-jannah-image-large size-jannah-image-large wp-post-image\" alt><\/a><\/p>\n<h3 class=\"post-title\"><a href=\"https:\/\/infotulcea.ro\/bursa-de-locuri-de-munca-pentru-peste-o-suta-de-tineri-din-orasul-macin\/\">Burs\u0103 de locuri de munc\u0103 pentru peste o sut\u0103 de tineri din ora\u0219ul M\u0103cin!<\/a><\/h3>\n<div class=\"post-meta clearfix\"><span class=\"date meta-item tie-icon\">12 octombrie 2023<\/span><\/div>\n<\/div>\n<\/div>\n<\/div>\n<div id=\"comments\" class=\"comments-area\">\n<div id=\"add-comment-block\" class=\"container-wrapper\">\n<div id=\"respond\" class=\"comment-respond\">\n<h3 id=\"reply-title\" class=\"comment-reply-title the-global-title\">Las\u0103 un r\u0103spuns <small><a rel=\"nofollow\" id=\"cancel-comment-reply-link\" href=\"https:\/\/infotulcea.ro\/actiune-pentru-prevenirea-si-combaterea-evaziunii-fiscale-si-a-incalcarii-drepturilor-de-autor\/#respond\">Anuleaz\u0103 r\u0103spunsul<\/a><\/small><\/h3>\n<p class=\"comment-notes\"><span id=\"email-notes\">Adresa ta de email nu va fi publicat\u0103.<\/span><span class=\"required-field-message\">C\u00e2mpurile obligatorii sunt marcate cu <span class=\"required\">*<\/span><\/span><\/p>\n<\/div>\n<\/div>\n<\/div>\n<\/div>\n<\/div>\n<div id=\"check-also-box\" class=\"container-wrapper check-also-right\">\n<div class=\"widget-title the-global-title\">\n<div class=\"the-subtitle\">Check Also<\/div>\n<p><a href=\"https:\/\/infotulcea.ro\/actiune-pentru-prevenirea-si-combaterea-evaziunii-fiscale-si-a-incalcarii-drepturilor-de-autor\/\" id=\"check-also-close\" class=\"remove\"><span class=\"screen-reader-text\">Close<\/span><\/a><\/div>\n<div class=\"widget posts-list-big-first has-first-big-post\">\n<ul class=\"posts-list-items\">\n<li class=\"widget-single-post-item widget-post-list tie-standard\">\n<div class=\"post-widget-thumbnail\"><a aria-label=\"\u0218oferi f\u0103r\u0103 permis prin Vama Isaccea!\" href=\"https:\/\/infotulcea.ro\/soferi-fara-permis-prin-vama-isaccea\/\" class=\"post-thumb\"><span class=\"post-cat-wrap\"><span class=\"post-cat tie-cat-35\">Comunicate<\/span><\/span><source sizes=\"(max-width: 293px) 100vw, 293px\" type=\"image\/webp\" data-srcset=\"https:\/\/infotulcea.ro\/wp-content\/uploads\/2020\/02\/bac-isaccea.jpg.webp 1080w, https:\/\/infotulcea.ro\/wp-content\/uploads\/2020\/02\/bac-isaccea-300x225.jpg.webp 300w, https:\/\/infotulcea.ro\/wp-content\/uploads\/2020\/02\/bac-isaccea-1024x768.jpg.webp 1024w, https:\/\/infotulcea.ro\/wp-content\/uploads\/2020\/02\/bac-isaccea-768x576.jpg.webp 768w, https:\/\/infotulcea.ro\/wp-content\/uploads\/2020\/02\/bac-isaccea-1536x1152.jpg.webp 1536w, https:\/\/infotulcea.ro\/wp-content\/uploads\/2020\/02\/bac-isaccea-696x522.jpg.webp 696w, https:\/\/infotulcea.ro\/wp-content\/uploads\/2020\/02\/bac-isaccea-1068x801.jpg.webp 1068w, https:\/\/infotulcea.ro\/wp-content\/uploads\/2020\/02\/bac-isaccea-560x420.jpg.webp 560w, https:\/\/infotulcea.ro\/wp-content\/uploads\/2020\/02\/bac-isaccea-80x60.jpg.webp 80w, https:\/\/infotulcea.ro\/wp-content\/uploads\/2020\/02\/bac-isaccea-265x198.jpg.webp 265w\" \/><img loading=\"lazy\" decoding=\"async\" width=\"293\" height=\"220\" src=\"https:\/\/infotulcea.ro\/wp-content\/uploads\/2020\/02\/bac-isaccea.jpg\" class=\"attachment-jannah-image-large size-jannah-image-large wp-post-image\" alt><\/a><\/div>\n<div class=\"post-widget-body \"><a class=\"post-title the-subtitle\" href=\"https:\/\/infotulcea.ro\/soferi-fara-permis-prin-vama-isaccea\/\">\u0218oferi f\u0103r\u0103 permis prin Vama Isaccea!<\/a><\/p>\n<div class=\"post-meta\"><span class=\"date meta-item tie-icon\">12 mai 2023<\/span><\/div>\n<\/div>\n<\/li>\n<\/ul>\n<\/div>\n<\/div>\n<aside class=\"sidebar tie-col-md-4 tie-col-xs-12 normal-side is-sticky\" aria-label=\"Primary Sidebar\">\n<div class=\"theiaStickySidebar\">\n<div id=\"media_image-19\" class=\"container-wrapper widget widget_media_image\"><a href=\"https:\/\/infotulcea.ro\/delta-dunarii-mai-accesibila-navrom-delta-creste-numarul-curselor-regulate-de-la-1-mai-2025\/\"><source sizes=\"(max-width: 500px) 100vw, 500px\" type=\"image\/webp\" data-srcset=\"https:\/\/infotulcea.ro\/wp-content\/uploads\/2025\/04\/navrom-delta-500x271.jpg.webp 500w, https:\/\/infotulcea.ro\/wp-content\/uploads\/2025\/04\/navrom-delta-1024x555.jpg.webp 1024w, https:\/\/infotulcea.ro\/wp-content\/uploads\/2025\/04\/navrom-delta-768x416.jpg.webp 768w, https:\/\/infotulcea.ro\/wp-content\/uploads\/2025\/04\/navrom-delta.jpg.webp 1080w\" \/><img loading=\"lazy\" decoding=\"async\" width=\"500\" height=\"271\" src=\"https:\/\/infotulcea.ro\/wp-content\/uploads\/2025\/04\/navrom-delta-500x271.jpg\" class=\"image wp-image-34487  attachment-medium size-medium\" alt><\/a><\/div>\n<div id=\"media_image-17\" class=\"container-wrapper widget widget_media_image\"><a href=\"https:\/\/www.facebook.com\/share\/p\/1DGAD1tLWN\/?mibextid=wwXIfr\" target=\"_blank\"><source sizes=\"(max-width: 500px) 100vw, 500px\" type=\"image\/webp\" data-srcset=\"https:\/\/infotulcea.ro\/wp-content\/uploads\/2026\/01\/IMG_1563-500x500.jpeg.webp 500w, https:\/\/infotulcea.ro\/wp-content\/uploads\/2026\/01\/IMG_1563-1024x1024.jpeg.webp 1024w, https:\/\/infotulcea.ro\/wp-content\/uploads\/2026\/01\/IMG_1563-250x250.jpeg.webp 250w, https:\/\/infotulcea.ro\/wp-content\/uploads\/2026\/01\/IMG_1563-768x768.jpeg.webp 768w, https:\/\/infotulcea.ro\/wp-content\/uploads\/2026\/01\/IMG_1563.jpeg.webp 1080w\" \/><img loading=\"lazy\" decoding=\"async\" width=\"500\" height=\"500\" src=\"https:\/\/infotulcea.ro\/wp-content\/uploads\/2026\/01\/IMG_1563-500x500.jpeg\" class=\"image wp-image-37932  attachment-medium size-medium\" alt title=\"Centrale pe lemne\"><\/a><\/div>\n<div id=\"media_image-18\" class=\"container-wrapper widget widget_media_image\"><a href=\"https:\/\/www.licitatia.ro\/site\/index-guest\"><img loading=\"lazy\" decoding=\"async\" width=\"500\" height=\"262\" src=\"https:\/\/infotulcea.ro\/wp-content\/uploads\/2025\/09\/licitatia-500x262.png\" class=\"image wp-image-36670  attachment-medium size-medium lazyload\" alt><img loading=\"lazy\" decoding=\"async\" width=\"500\" height=\"262\" src=\"https:\/\/infotulcea.ro\/wp-content\/uploads\/2025\/09\/licitatia-500x262.png\" class=\"image wp-image-36670  attachment-medium size-medium\" alt><\/a><\/div>\n<div id=\"media_image-27\" class=\"container-wrapper widget widget_media_image\"><a href=\"https:\/\/www.centrale-lemne-liepsnele.ro\/\"><img loading=\"lazy\" decoding=\"async\" width=\"500\" height=\"500\" src=\"https:\/\/infotulcea.ro\/wp-content\/uploads\/2025\/09\/Centrale-pe-Lemne-Liepsnele-500x500.png\" class=\"image wp-image-36541  attachment-medium size-medium lazyload\" alt=\"Centrala pe lemne\"><img loading=\"lazy\" decoding=\"async\" width=\"500\" height=\"500\" src=\"https:\/\/infotulcea.ro\/wp-content\/uploads\/2025\/09\/Centrale-pe-Lemne-Liepsnele-500x500.png\" class=\"image wp-image-36541  attachment-medium size-medium\" alt=\"Centrala pe lemne\"><\/a><\/div>\n<div id=\"media_image-28\" class=\"container-wrapper widget widget_media_image\"><a href=\"https:\/\/infotulcea.ro\/angajeaza-te-ro-platforma-ta-online-de-angajari-si-forta-de-munca\/\"><source sizes=\"(max-width: 500px) 100vw, 500px\" type=\"image\/webp\" data-srcset=\"https:\/\/infotulcea.ro\/wp-content\/uploads\/2025\/04\/banner-angajazate-1-500x305.jpg.webp 500w, https:\/\/infotulcea.ro\/wp-content\/uploads\/2025\/04\/banner-angajazate-1-1024x625.jpg.webp 1024w, https:\/\/infotulcea.ro\/wp-content\/uploads\/2025\/04\/banner-angajazate-1-768x469.jpg.webp 768w, https:\/\/infotulcea.ro\/wp-content\/uploads\/2025\/04\/banner-angajazate-1.jpg.webp 1080w\" \/><img loading=\"lazy\" decoding=\"async\" width=\"500\" height=\"305\" src=\"https:\/\/infotulcea.ro\/wp-content\/uploads\/2025\/04\/banner-angajazate-1-500x305.jpg\" class=\"image wp-image-34317  attachment-medium size-medium\" alt><\/a><\/div>\n<\/div>\n<\/aside>\n<\/div>\n<\/div>\n<div class=\"entry-content entry clearfix\">\n<p><strong>La data de 24 iulie 2026, poli\u021bi\u0219tii Serviciului de Investigare a Criminalit\u0103\u021bii Economice din cadrul Inspectoratului de Poli\u021bie Jude\u021bean Tulcea au desf\u0103\u0219urat o ac\u021biune pentru prevenirea \u0219i combaterea evaziunii fiscale, precum \u0219i pentru verificarea respect\u0103rii legisla\u021biei privind drepturile de autor \u0219i drepturile conexe.<\/strong><\/p>\n<p>Activit\u0103\u021bile s-au desf\u0103\u0219urat \u00een baza unui plan de ac\u021biune pentru cre\u0219terea gradului de siguran\u021b\u0103 a cet\u0103\u021benilor \u0219i men\u021binerea climatului de ordine \u0219i siguran\u021b\u0103 public\u0103 pe timpul sezonului estival 2026.<source sizes=\"(max-width: 458px) 100vw, 458px\" type=\"image\/webp\" data-srcset=\"https:\/\/infotulcea.ro\/wp-content\/uploads\/2026\/07\/ipj-3-500x333.jpeg.webp 500w, https:\/\/infotulcea.ro\/wp-content\/uploads\/2026\/07\/ipj-3-1024x683.jpeg.webp 1024w, https:\/\/infotulcea.ro\/wp-content\/uploads\/2026\/07\/ipj-3-768x512.jpeg.webp 768w, https:\/\/infotulcea.ro\/wp-content\/uploads\/2026\/07\/ipj-3.jpeg.webp 1080w\" \/><\/p>\n<p><img loading=\"lazy\" decoding=\"async\" class=\" wp-image-40212 alignright\" src=\"https:\/\/infotulcea.ro\/wp-content\/uploads\/2026\/07\/ipj-3-500x333.jpeg\" alt width=\"458\" height=\"305\"><\/p>\n<p>\u00cen cadrul ac\u021biunii, poli\u021bi\u0219tii au verificat 8 operatori economici, urm\u0103rind prevenirea \u0219i combaterea evaziunii fiscale \u0219i a producerii \u0219i comercializ\u0103rii de produse alimentare \u0219i b\u0103uturi contraf\u0103cute.<\/p>\n<p>Ca urmare a neregulilor constatate, au fost aplicate dou\u0103 sanc\u021biuni contraven\u021bionale, \u00een valoare total\u0103 de 60.000 de lei, pentru nerespectarea prevederilor privind dreptul de autor \u0219i drepturile conexe.<\/p>\n<p>Inspectoratul de Poli\u021bie Jude\u021bean Tulcea va continua ac\u021biunile de verificare \u0219i control pe parcursul sezonului estival, pentru prevenirea \u0219i combaterea faptelor care aduc atingere mediului de afaceri \u0219i pentru asigurarea respect\u0103rii legisla\u021biei \u00een vigoare.<\/p>\n<\/div>\n<div class=\"articleBody\" data-key=\"articleBody\">La data de 24 iulie 2026, poli\u021bi\u0219tii Serviciului de Investigare a Criminalit\u0103\u021bii Economice din cadrul Inspectoratului de Poli\u021bie Jude\u021bean Tulcea au desf\u0103\u0219urat o ac\u021biune pentru prevenirea \u0219i combaterea evaziunii fiscale, precum \u0219i pentru verificarea respect\u0103rii legisla\u021biei privind drepturile de autor \u0219i drepturile conexe.<\/p>\n<p>Activit\u0103\u021bile s-au desf\u0103\u0219urat \u00een baza unui plan de ac\u021biune pentru cre\u0219terea gradului de siguran\u021b\u0103 a cet\u0103\u021benilor \u0219i men\u021binerea climatului de ordine \u0219i siguran\u021b\u0103 public\u0103 pe timpul sezonului estival 2026.<\/p>\n<p>\u00cen cadrul ac\u021biunii, poli\u021bi\u0219tii au verificat 8 operatori economici, urm\u0103rind prevenirea \u0219i combaterea evaziunii fiscale \u0219i a producerii \u0219i comercializ\u0103rii de produse alimentare \u0219i b\u0103uturi contraf\u0103cute.<\/p>\n<p>Ca urmare a neregulilor constatate, au fost aplicate dou\u0103 sanc\u021biuni contraven\u021bionale, \u00een valoare total\u0103 de 60.000 de lei, pentru nerespectarea prevederilor privind dreptul de autor \u0219i drepturile conexe.<\/p>\n<p>Inspectoratul de Poli\u021bie Jude\u021bean Tulcea va continua ac\u021biunile de verificare \u0219i control pe parcursul sezonului estival, pentru prevenirea \u0219i combaterea faptelor care aduc atingere mediului de afaceri \u0219i pentru asigurarea respect\u0103rii legisla\u021biei \u00een vigoare.<\/p><\/div>\n<p>[analyse_source url=&#8221;https:\/\/infotulcea.ro\/actiune-pentru-prevenirea-si-combaterea-evaziunii-fiscale-si-a-incalcarii-drepturilor-de-autor\/&#8221;]<\/p>\n","protected":false},"excerpt":{"rendered":"<p>[analyse_image type=&#8221;featured&#8221; src=&#8221;https:\/\/infotulcea.ro\/wp-content\/uploads\/2026\/07\/ipj-3.jpeghttps:\/\/infotulcea.ro\/wp-content\/uploads\/2026\/07\/ipj-3.jpeg&#8221;] Home\/Comunicate\/Ac\u021biune pentru prevenirea \u0219i combaterea evaziunii fiscale \u0219i a \u00eenc\u0103lc\u0103rii drepturilor de autor Comunicate Ac\u021biune pentru prevenirea \u0219i combaterea evaziunii fiscale \u0219i a \u00eenc\u0103lc\u0103rii drepturilor de autor Redactia25 iulie 2026 0 144 1 minute read La data de 24 iulie 2026, poli\u021bi\u0219tii Serviciului de Investigare a Criminalit\u0103\u021bii Economice din cadrul Inspectoratului de [&hellip;]<\/p>\n","protected":false},"author":1,"featured_media":0,"comment_status":"open","ping_status":"","sticky":false,"template":"","format":"standard","meta":{"footnotes":""},"categories":[89],"tags":[226,221],"class_list":["post-2064570","post","type-post","status-publish","format-standard","hentry","category-romania","tag-crawlmanager","tag-infotulcea-ro"],"_links":{"self":[{"href":"https:\/\/analyse.optim.biz\/index.php?rest_route=\/wp\/v2\/posts\/2064570","targetHints":{"allow":["GET"]}}],"collection":[{"href":"https:\/\/analyse.optim.biz\/index.php?rest_route=\/wp\/v2\/posts"}],"about":[{"href":"https:\/\/analyse.optim.biz\/index.php?rest_route=\/wp\/v2\/types\/post"}],"author":[{"embeddable":true,"href":"https:\/\/analyse.optim.biz\/index.php?rest_route=\/wp\/v2\/users\/1"}],"replies":[{"embeddable":true,"href":"https:\/\/analyse.optim.biz\/index.php?rest_route=%2Fwp%2Fv2%2Fcomments&post=2064570"}],"version-history":[{"count":0,"href":"https:\/\/analyse.optim.biz\/index.php?rest_route=\/wp\/v2\/posts\/2064570\/revisions"}],"wp:attachment":[{"href":"https:\/\/analyse.optim.biz\/index.php?rest_route=%2Fwp%2Fv2%2Fmedia&parent=2064570"}],"wp:term":[{"taxonomy":"category","embeddable":true,"href":"https:\/\/analyse.optim.biz\/index.php?rest_route=%2Fwp%2Fv2%2Fcategories&post=2064570"},{"taxonomy":"post_tag","embeddable":true,"href":"https:\/\/analyse.optim.biz\/index.php?rest_route=%2Fwp%2Fv2%2Ftags&post=2064570"}],"curies":[{"name":"wp","href":"https:\/\/api.w.org\/{rel}","templated":true}]}}