{"id":2064567,"date":"2026-07-22T07:22:12","date_gmt":"2026-07-22T04:22:12","guid":{"rendered":"https:\/\/analyse.optim.biz\/?p=2064567"},"modified":"2026-07-22T07:22:12","modified_gmt":"2026-07-22T04:22:12","slug":"tanar-din-vaslui-disparut-dupa-ce-a-plecat-la-munca-in-babadag-familia-cere-ajutorul-populatiei","status":"publish","type":"post","link":"https:\/\/analyse.optim.biz\/?p=2064567","title":{"rendered":"T\u00e2n\u0103r din Vaslui, disp\u0103rut dup\u0103 ce a plecat la munc\u0103 \u00een Babadag. Familia cere ajutorul popula\u021biei"},"content":{"rendered":"<p>[analyse_image type=&#8221;featured&#8221; src=&#8221;https:\/\/infotulcea.ro\/wp-content\/uploads\/2026\/07\/babadag.jpeghttps:\/\/infotulcea.ro\/wp-content\/uploads\/2026\/07\/babadag.jpeg&#8221;]<\/p>\n<div id=\"content\" class=\"site-content container\">\n<div id=\"main-content-row\" class=\"tie-row main-content-row\">\n<div class=\"main-content tie-col-md-8 tie-col-xs-12\" role=\"main\">\n<article id=\"the-post\" class=\"container-wrapper post-content tie-standard\">\n<header class=\"entry-header-outer\">\n<nav id=\"breadcrumb\"><a href=\"https:\/\/infotulcea.ro\/\"> Home<\/a><em class=\"delimiter\">\/<\/em><a href=\"https:\/\/infotulcea.ro\/categorie\/comunicate\/\">Comunicate<\/a><em class=\"delimiter\">\/<\/em><span class=\"current\">T\u00e2n\u0103r din Vaslui, disp\u0103rut dup\u0103 ce a plecat la munc\u0103 \u00een Babadag. Familia cere ajutorul popula\u021biei<\/span><\/nav>\n<div class=\"entry-header\"><span class=\"post-cat-wrap\"><a class=\"post-cat tie-cat-35\" href=\"https:\/\/infotulcea.ro\/categorie\/comunicate\/\">Comunicate<\/a><\/span><\/p>\n<h1 class=\"post-title entry-title\">\n\t\t\tT\u00e2n\u0103r din Vaslui, disp\u0103rut dup\u0103 ce a plecat la munc\u0103 \u00een Babadag. Familia cere ajutorul popula\u021biei\t\t<\/h1>\n<div class=\"single-post-meta post-meta clearfix\"><span class=\"author-meta single-author no-avatars\"><span class=\"meta-item meta-author-wrapper meta-author-9\"><span class=\"meta-author\"><a href=\"https:\/\/infotulcea.ro\/author\/redactia-2\/\" class=\"author-name tie-icon\" title=\"Redactia\">Redactia<\/a><\/span><\/span><\/span><span class=\"date meta-item tie-icon\">22 iulie 2026<\/span><\/p>\n<div class=\"tie-alignright\"><span class=\"meta-comment tie-icon meta-item fa-before\">0<\/span><span class=\"meta-views meta-item warm\"> 1.626 <\/span><span class=\"meta-reading-time meta-item\"> 1 minute read<\/span><\/div>\n<\/div>\n<\/div>\n<\/header>\n<div class=\"entry-content entry clearfix\">\n<p data-start=\"101\" data-end=\"364\"><strong>Un t\u00e2n\u0103r din jude\u021bul Vaslui, venit la munc\u0103 \u00een ora\u0219ul Babadag, jude\u021bul Tulcea, este c\u0103utat de familie \u0219i autorit\u0103\u021bi dup\u0103 ce a disp\u0103rut f\u0103r\u0103 urm\u0103. Dispari\u021bia a fost raportat\u0103 la Poli\u021bie, iar apropia\u021bii fac un apel c\u0103tre cet\u0103\u021beni pentru sprijin \u00een g\u0103sirea acestuia.<\/strong><\/p>\n<p data-start=\"366\" data-end=\"536\">Este vorba despre <strong data-start=\"384\" data-end=\"403\">T\u0103rt\u0103cu\u021b\u0103 Bengi<\/strong>, care a fost v\u0103zut ultima dat\u0103 <strong data-start=\"435\" data-end=\"476\">vineri, 17 iulie, \u00een jurul orei 12:00<\/strong>, \u00een <strong data-start=\"481\" data-end=\"508\">Babadag, jude\u021bul Tulcea<\/strong>, localitatea \u00een care lucra.<source sizes=\"(max-width: 277px) 100vw, 277px\" type=\"image\/webp\" data-srcset=\"https:\/\/infotulcea.ro\/wp-content\/uploads\/2026\/07\/babadag-289x500.jpeg.webp 289w, https:\/\/infotulcea.ro\/wp-content\/uploads\/2026\/07\/babadag-592x1024.jpeg.webp 592w, https:\/\/infotulcea.ro\/wp-content\/uploads\/2026\/07\/babadag-768x1328.jpeg.webp 768w, https:\/\/infotulcea.ro\/wp-content\/uploads\/2026\/07\/babadag-888x1536.jpeg.webp 888w, https:\/\/infotulcea.ro\/wp-content\/uploads\/2026\/07\/babadag.jpeg.webp 925w\" \/><\/p>\n<p><img loading=\"lazy\" decoding=\"async\" class=\" wp-image-40195 alignright\" src=\"https:\/\/infotulcea.ro\/wp-content\/uploads\/2026\/07\/babadag-289x500.jpeg\" alt width=\"277\" height=\"479\"><\/p>\n<h3 data-section-id=\"1801n7\" data-start=\"538\" data-end=\"554\">Semnalmente:<\/h3>\n<ul data-start=\"555\" data-end=\"667\">\n<li data-section-id=\"5s0c5x\" data-start=\"555\" data-end=\"567\">p\u0103r \u0219aten;<\/li>\n<li data-section-id=\"z15tuo\" data-start=\"568\" data-end=\"582\">ochi c\u0103prui;<\/li>\n<li data-section-id=\"4mxnd\" data-start=\"583\" data-end=\"622\">\u00een\u0103l\u021bime: aproximativ <strong data-start=\"607\" data-end=\"621\">1,72 metri<\/strong>;<\/li>\n<li data-section-id=\"v8cffc\" data-start=\"623\" data-end=\"667\">greutate: aproximativ <strong data-start=\"647\" data-end=\"666\">65 de kilograme<\/strong>.<\/li>\n<\/ul>\n<p data-start=\"669\" data-end=\"931\">Potrivit informa\u021biilor transmise de familie, dispari\u021bia a fost sesizat\u0103 Poli\u021biei. Oricine l-a v\u0103zut pe t\u00e2n\u0103r sau de\u021bine informa\u021bii care ar putea ajuta la g\u0103sirea lui este rugat s\u0103 sune de urgen\u021b\u0103 la <strong data-start=\"868\" data-end=\"875\">112<\/strong> sau s\u0103 contacteze cea mai apropiat\u0103 unitate de poli\u021bie.<\/p>\n<p data-start=\"933\" data-end=\"1007\">De asemenea, familia poate fi contactat\u0103 la urm\u0103toarele numere de telefon:<\/p>\n<ul data-start=\"1008\" data-end=\"1061\">\n<li data-section-id=\"1372o7a\" data-start=\"1008\" data-end=\"1034\"><strong data-start=\"1010\" data-end=\"1021\">Giulia:<\/strong> 0757 165 408<\/li>\n<li data-section-id=\"1p31gco\" data-start=\"1035\" data-end=\"1061\"><strong data-start=\"1037\" data-end=\"1048\">Cosmin:<\/strong> 0767 154 485<\/li>\n<\/ul>\n<p data-start=\"1063\" data-end=\"1231\">Familia face un apel c\u0103tre comunitate s\u0103 distribuie anun\u021bul, \u00een speran\u021ba c\u0103 informa\u021biile vor ajunge la persoane care l-au v\u0103zut sau \u00eei cunosc traseul din ultimele zile.<\/p>\n<p data-start=\"1233\" data-end=\"1334\" data-is-last-node data-is-only-node><strong data-start=\"1233\" data-end=\"1334\" data-is-last-node>Orice informa\u021bie, chiar dac\u0103 pare ne\u00eensemnat\u0103, poate contribui la g\u0103sirea t\u00e2n\u0103rului \u00een siguran\u021b\u0103.<\/strong><\/p>\n<\/div>\n<div id=\"post-extra-info\">\n<div class=\"theiaStickySidebar\">\n<div class=\"single-post-meta post-meta clearfix\"><span class=\"author-meta single-author no-avatars\"><span class=\"meta-item meta-author-wrapper meta-author-9\"><span class=\"meta-author\"><a href=\"https:\/\/infotulcea.ro\/author\/redactia-2\/\" class=\"author-name tie-icon\" title=\"Redactia\">Redactia<\/a><\/span><\/span><\/span><span class=\"date meta-item tie-icon\">22 iulie 2026<\/span><\/p>\n<div class=\"tie-alignright\"><span class=\"meta-comment tie-icon meta-item fa-before\">0<\/span><span class=\"meta-views meta-item warm\"> 1.626 <\/span><span class=\"meta-reading-time meta-item\"> 1 minute read<\/span><\/div>\n<\/div>\n<\/div>\n<\/div>\n<div id=\"share-buttons-bottom\" class=\"share-buttons share-buttons-bottom\">\n<div class=\"share-links  icons-only\">\n<div class=\"share-title\"><span> Share<\/span><\/div>\n<p><a href=\"https:\/\/www.facebook.com\/sharer.php?u=https:\/\/infotulcea.ro\/tanar-din-babadag-cautat-dupa-ce-a-disparut-fara-urma-familia-cere-ajutorul-populatiei\/\" rel=\"external noopener nofollow\" title=\"Facebook\" target=\"_blank\" class=\"facebook-share-btn \" data-raw=\"https:\/\/www.facebook.com\/sharer.php?u={post_link}\"><span class=\"screen-reader-text\">Facebook<\/span><\/a><a href=\"https:\/\/twitter.com\/intent\/tweet?text=T%C3%A2n%C4%83r%20din%20Vaslui%2C%20disp%C4%83rut%20dup%C4%83%20ce%20a%20plecat%20la%20munc%C4%83%20%C3%AEn%20Babadag.%20Familia%20cere%20ajutorul%20popula%C8%9Biei&amp;url=https:\/\/infotulcea.ro\/tanar-din-babadag-cautat-dupa-ce-a-disparut-fara-urma-familia-cere-ajutorul-populatiei\/\" rel=\"external noopener nofollow\" title=\"X\" target=\"_blank\" class=\"twitter-share-btn \" data-raw=\"https:\/\/twitter.com\/intent\/tweet?text={post_title}&amp;url={post_link}\"><span class=\"screen-reader-text\">X<\/span><\/a><a href=\"https:\/\/api.whatsapp.com\/send?text=T%C3%A2n%C4%83r%20din%20Vaslui%2C%20disp%C4%83rut%20dup%C4%83%20ce%20a%20plecat%20la%20munc%C4%83%20%C3%AEn%20Babadag.%20Familia%20cere%20ajutorul%20popula%C8%9Biei%20https:\/\/infotulcea.ro\/tanar-din-babadag-cautat-dupa-ce-a-disparut-fara-urma-familia-cere-ajutorul-populatiei\/\" rel=\"external noopener nofollow\" title=\"WhatsApp\" target=\"_blank\" class=\"whatsapp-share-btn \" data-raw=\"https:\/\/api.whatsapp.com\/send?text={post_title}%20{post_link}\"><span class=\"screen-reader-text\">WhatsApp<\/span><\/a><a href=\"https:\/\/telegram.me\/share\/url?url=https:\/\/infotulcea.ro\/tanar-din-babadag-cautat-dupa-ce-a-disparut-fara-urma-familia-cere-ajutorul-populatiei\/&amp;text=T%C3%A2n%C4%83r%20din%20Vaslui%2C%20disp%C4%83rut%20dup%C4%83%20ce%20a%20plecat%20la%20munc%C4%83%20%C3%AEn%20Babadag.%20Familia%20cere%20ajutorul%20popula%C8%9Biei\" rel=\"external noopener nofollow\" title=\"Telegram\" target=\"_blank\" class=\"telegram-share-btn \" data-raw=\"https:\/\/telegram.me\/share\/url?url={post_link}&amp;text={post_title}\"><span class=\"screen-reader-text\">Telegram<\/span><\/a><a href=\"mailto:?subject=T%C3%A2n%C4%83r%20din%20Vaslui%2C%20disp%C4%83rut%20dup%C4%83%20ce%20a%20plecat%20la%20munc%C4%83%20%C3%AEn%20Babadag.%20Familia%20cere%20ajutorul%20popula%C8%9Biei&amp;body=https:\/\/infotulcea.ro\/tanar-din-babadag-cautat-dupa-ce-a-disparut-fara-urma-familia-cere-ajutorul-populatiei\/\" rel=\"external noopener nofollow\" title=\"Share via Email\" target=\"_blank\" class=\"email-share-btn \" data-raw=\"mailto:?subject={post_title}&amp;body={post_link}\"><span class=\"screen-reader-text\">Share via Email<\/span><\/a><a href=\"https:\/\/infotulcea.ro\/tanar-din-babadag-cautat-dupa-ce-a-disparut-fara-urma-familia-cere-ajutorul-populatiei\/\" rel=\"external noopener nofollow\" title=\"Print\" target=\"_blank\" class=\"print-share-btn \" data-raw=\"#\"><span class=\"screen-reader-text\">Print<\/span><\/a><\/div>\n<\/div>\n<\/article>\n<div class=\"post-components\">\n<div id=\"related-posts\" class=\"container-wrapper has-extra-post\">\n<div class=\"mag-box-title the-global-title\">\n<h3>Related Articles<\/h3>\n<\/div>\n<div class=\"related-posts-list\">\n<div class=\"related-item tie-standard\"><a aria-label=\"Ac\u021biune a Poli\u021biei Rutiere: 45 de permise re\u021binute!\" href=\"https:\/\/infotulcea.ro\/actiune-a-politiei-rutiere-45-de-permise-retinute\/\" class=\"post-thumb\"><source type=\"image\/webp\" data-srcset=\"https:\/\/infotulcea.ro\/wp-content\/uploads\/2023\/05\/IMG-20230508-WA0018-390x220.jpg.webp\" \/><img loading=\"lazy\" decoding=\"async\" width=\"390\" height=\"220\" src=\"https:\/\/infotulcea.ro\/wp-content\/uploads\/2023\/05\/IMG-20230508-WA0018-390x220.jpg\" class=\"attachment-jannah-image-large size-jannah-image-large wp-post-image\" alt><\/a><\/p>\n<h3 class=\"post-title\"><a href=\"https:\/\/infotulcea.ro\/actiune-a-politiei-rutiere-45-de-permise-retinute\/\">Ac\u021biune a Poli\u021biei Rutiere: 45 de permise re\u021binute!<\/a><\/h3>\n<div class=\"post-meta clearfix\"><span class=\"date meta-item tie-icon\">8 mai 2023<\/span><\/div>\n<\/div>\n<div class=\"related-item tie-standard\"><a aria-label=\"Dosar penal pentru t\u0103inuirea unei ma\u0219ini disp\u0103rute din Danemarca!\" href=\"https:\/\/infotulcea.ro\/dosar-penal-pentru-tainuirea-unei-masini-disparute-din-danemarca\/\" class=\"post-thumb\"><source type=\"image\/webp\" data-srcset=\"https:\/\/infotulcea.ro\/wp-content\/uploads\/2025\/12\/masina-danemarca-390x220.jpg.webp\" \/><img loading=\"lazy\" decoding=\"async\" width=\"390\" height=\"220\" src=\"https:\/\/infotulcea.ro\/wp-content\/uploads\/2025\/12\/masina-danemarca-390x220.jpg\" class=\"attachment-jannah-image-large size-jannah-image-large wp-post-image\" alt><\/a><\/p>\n<h3 class=\"post-title\"><a href=\"https:\/\/infotulcea.ro\/dosar-penal-pentru-tainuirea-unei-masini-disparute-din-danemarca\/\">Dosar penal pentru t\u0103inuirea unei ma\u0219ini disp\u0103rute din Danemarca!<\/a><\/h3>\n<div class=\"post-meta clearfix\"><span class=\"date meta-item tie-icon\">15 decembrie 2025<\/span><\/div>\n<\/div>\n<div class=\"related-item tie-standard\"><a aria-label=\"Aten\u021bie! Email fals \u00een numele ANAF!\" href=\"https:\/\/infotulcea.ro\/atentie-email-fals-in-numele-anaf\/\" class=\"post-thumb\"><source type=\"image\/webp\" data-srcset=\"https:\/\/infotulcea.ro\/wp-content\/uploads\/2025\/10\/fals-390x220.jpg.webp\" \/><img loading=\"lazy\" decoding=\"async\" width=\"390\" height=\"220\" src=\"https:\/\/infotulcea.ro\/wp-content\/uploads\/2025\/10\/fals-390x220.jpg\" class=\"attachment-jannah-image-large size-jannah-image-large wp-post-image\" alt><\/a><\/p>\n<h3 class=\"post-title\"><a href=\"https:\/\/infotulcea.ro\/atentie-email-fals-in-numele-anaf\/\">Aten\u021bie! Email fals \u00een numele ANAF!<\/a><\/h3>\n<div class=\"post-meta clearfix\"><span class=\"date meta-item tie-icon\">14 octombrie 2025<\/span><\/div>\n<\/div>\n<div class=\"related-item tie-standard\"><a aria-label=\"Dosar penal pentru conducere sub influen\u021ba alcoolului, la Murighiol!\" href=\"https:\/\/infotulcea.ro\/dosar-penal-pentru-conducere-sub-influenta-alcoolului-la-murighiol\/\" class=\"post-thumb\"><source type=\"image\/webp\" data-srcset=\"https:\/\/infotulcea.ro\/wp-content\/uploads\/2023\/03\/alcooltest-390x220.jpg.webp\" \/><img loading=\"lazy\" decoding=\"async\" width=\"390\" height=\"220\" src=\"https:\/\/infotulcea.ro\/wp-content\/uploads\/2023\/03\/alcooltest-390x220.jpg\" class=\"attachment-jannah-image-large size-jannah-image-large wp-post-image\" alt><\/a><\/p>\n<h3 class=\"post-title\"><a href=\"https:\/\/infotulcea.ro\/dosar-penal-pentru-conducere-sub-influenta-alcoolului-la-murighiol\/\">Dosar penal pentru conducere sub influen\u021ba alcoolului, la Murighiol!<\/a><\/h3>\n<div class=\"post-meta clearfix\"><span class=\"date meta-item tie-icon\">3 iunie 2023<\/span><\/div>\n<\/div>\n<\/div>\n<\/div>\n<div id=\"comments\" class=\"comments-area\">\n<div id=\"add-comment-block\" class=\"container-wrapper\">\n<div id=\"respond\" class=\"comment-respond\">\n<h3 id=\"reply-title\" class=\"comment-reply-title the-global-title\">Las\u0103 un r\u0103spuns <small><a rel=\"nofollow\" id=\"cancel-comment-reply-link\" href=\"https:\/\/infotulcea.ro\/tanar-din-babadag-cautat-dupa-ce-a-disparut-fara-urma-familia-cere-ajutorul-populatiei\/#respond\">Anuleaz\u0103 r\u0103spunsul<\/a><\/small><\/h3>\n<p class=\"comment-notes\"><span id=\"email-notes\">Adresa ta de email nu va fi publicat\u0103.<\/span><span class=\"required-field-message\">C\u00e2mpurile obligatorii sunt marcate cu <span class=\"required\">*<\/span><\/span><\/p>\n<\/div>\n<\/div>\n<\/div>\n<\/div>\n<\/div>\n<div id=\"check-also-box\" class=\"container-wrapper check-also-right\">\n<div class=\"widget-title the-global-title\">\n<div class=\"the-subtitle\">Check Also<\/div>\n<p><a href=\"https:\/\/infotulcea.ro\/tanar-din-babadag-cautat-dupa-ce-a-disparut-fara-urma-familia-cere-ajutorul-populatiei\/\" id=\"check-also-close\" class=\"remove\"><span class=\"screen-reader-text\">Close<\/span><\/a><\/div>\n<div class=\"widget posts-list-big-first has-first-big-post\">\n<ul class=\"posts-list-items\">\n<li class=\"widget-single-post-item widget-post-list tie-standard\">\n<div class=\"post-widget-thumbnail\"><a aria-label=\"Delta Dun\u0103rii e \u00een finala \u201eDestina\u021bia Anului 2025\u201d, printr-un demers al OMD Municipiul Tulcea\" href=\"https:\/\/infotulcea.ro\/delta-dunarii-e-in-finala-destinatia-anului-2025-printr-un-demers-al-omd-municipiul-tulcea\/\" class=\"post-thumb\"><span class=\"post-cat-wrap\"><span class=\"post-cat tie-cat-35\">Comunicate<\/span><\/span><source type=\"image\/webp\" data-srcset=\"https:\/\/infotulcea.ro\/wp-content\/uploads\/2025\/03\/Tulcea-Delta-Dunarii-4-390x220.jpg.webp\" \/><img loading=\"lazy\" decoding=\"async\" width=\"390\" height=\"220\" src=\"https:\/\/infotulcea.ro\/wp-content\/uploads\/2025\/03\/Tulcea-Delta-Dunarii-4-390x220.jpg\" class=\"attachment-jannah-image-large size-jannah-image-large wp-post-image\" alt><\/a><\/div>\n<div class=\"post-widget-body \"><a class=\"post-title the-subtitle\" href=\"https:\/\/infotulcea.ro\/delta-dunarii-e-in-finala-destinatia-anului-2025-printr-un-demers-al-omd-municipiul-tulcea\/\">Delta Dun\u0103rii e \u00een finala \u201eDestina\u021bia Anului 2025\u201d, printr-un demers al OMD Municipiul Tulcea<\/a><\/p>\n<div class=\"post-meta\"><span class=\"date meta-item tie-icon\">5 martie 2025<\/span><\/div>\n<\/div>\n<\/li>\n<\/ul>\n<\/div>\n<\/div>\n<aside class=\"sidebar tie-col-md-4 tie-col-xs-12 normal-side is-sticky\" aria-label=\"Primary Sidebar\">\n<div class=\"theiaStickySidebar\">\n<div id=\"media_image-19\" class=\"container-wrapper widget widget_media_image\"><a href=\"https:\/\/infotulcea.ro\/delta-dunarii-mai-accesibila-navrom-delta-creste-numarul-curselor-regulate-de-la-1-mai-2025\/\"><source sizes=\"(max-width: 500px) 100vw, 500px\" type=\"image\/webp\" data-srcset=\"https:\/\/infotulcea.ro\/wp-content\/uploads\/2025\/04\/navrom-delta-500x271.jpg.webp 500w, https:\/\/infotulcea.ro\/wp-content\/uploads\/2025\/04\/navrom-delta-1024x555.jpg.webp 1024w, https:\/\/infotulcea.ro\/wp-content\/uploads\/2025\/04\/navrom-delta-768x416.jpg.webp 768w, https:\/\/infotulcea.ro\/wp-content\/uploads\/2025\/04\/navrom-delta.jpg.webp 1080w\" \/><img loading=\"lazy\" decoding=\"async\" width=\"500\" height=\"271\" src=\"https:\/\/infotulcea.ro\/wp-content\/uploads\/2025\/04\/navrom-delta-500x271.jpg\" class=\"image wp-image-34487  attachment-medium size-medium\" alt><\/a><\/div>\n<div id=\"media_image-17\" class=\"container-wrapper widget widget_media_image\"><a href=\"https:\/\/www.facebook.com\/share\/p\/1DGAD1tLWN\/?mibextid=wwXIfr\" target=\"_blank\"><source sizes=\"(max-width: 500px) 100vw, 500px\" type=\"image\/webp\" data-srcset=\"https:\/\/infotulcea.ro\/wp-content\/uploads\/2026\/01\/IMG_1563-500x500.jpeg.webp 500w, https:\/\/infotulcea.ro\/wp-content\/uploads\/2026\/01\/IMG_1563-1024x1024.jpeg.webp 1024w, https:\/\/infotulcea.ro\/wp-content\/uploads\/2026\/01\/IMG_1563-250x250.jpeg.webp 250w, https:\/\/infotulcea.ro\/wp-content\/uploads\/2026\/01\/IMG_1563-768x768.jpeg.webp 768w, https:\/\/infotulcea.ro\/wp-content\/uploads\/2026\/01\/IMG_1563.jpeg.webp 1080w\" \/><img loading=\"lazy\" decoding=\"async\" width=\"500\" height=\"500\" src=\"https:\/\/infotulcea.ro\/wp-content\/uploads\/2026\/01\/IMG_1563-500x500.jpeg\" class=\"image wp-image-37932  attachment-medium size-medium\" alt title=\"Centrale pe lemne\"><\/a><\/div>\n<div id=\"media_image-18\" class=\"container-wrapper widget widget_media_image\"><a href=\"https:\/\/www.licitatia.ro\/site\/index-guest\"><img loading=\"lazy\" decoding=\"async\" width=\"500\" height=\"262\" src=\"https:\/\/infotulcea.ro\/wp-content\/uploads\/2025\/09\/licitatia-500x262.png\" class=\"image wp-image-36670  attachment-medium size-medium lazyload\" alt><img loading=\"lazy\" decoding=\"async\" width=\"500\" height=\"262\" src=\"https:\/\/infotulcea.ro\/wp-content\/uploads\/2025\/09\/licitatia-500x262.png\" class=\"image wp-image-36670  attachment-medium size-medium\" alt><\/a><\/div>\n<div id=\"media_image-27\" class=\"container-wrapper widget widget_media_image\"><a href=\"https:\/\/www.centrale-lemne-liepsnele.ro\/\"><img loading=\"lazy\" decoding=\"async\" width=\"500\" height=\"500\" src=\"https:\/\/infotulcea.ro\/wp-content\/uploads\/2025\/09\/Centrale-pe-Lemne-Liepsnele-500x500.png\" class=\"image wp-image-36541  attachment-medium size-medium lazyload\" alt=\"Centrala pe lemne\"><img loading=\"lazy\" decoding=\"async\" width=\"500\" height=\"500\" src=\"https:\/\/infotulcea.ro\/wp-content\/uploads\/2025\/09\/Centrale-pe-Lemne-Liepsnele-500x500.png\" class=\"image wp-image-36541  attachment-medium size-medium\" alt=\"Centrala pe lemne\"><\/a><\/div>\n<div id=\"media_image-28\" class=\"container-wrapper widget widget_media_image\"><a href=\"https:\/\/infotulcea.ro\/angajeaza-te-ro-platforma-ta-online-de-angajari-si-forta-de-munca\/\"><source sizes=\"(max-width: 500px) 100vw, 500px\" type=\"image\/webp\" data-srcset=\"https:\/\/infotulcea.ro\/wp-content\/uploads\/2025\/04\/banner-angajazate-1-500x305.jpg.webp 500w, https:\/\/infotulcea.ro\/wp-content\/uploads\/2025\/04\/banner-angajazate-1-1024x625.jpg.webp 1024w, https:\/\/infotulcea.ro\/wp-content\/uploads\/2025\/04\/banner-angajazate-1-768x469.jpg.webp 768w, https:\/\/infotulcea.ro\/wp-content\/uploads\/2025\/04\/banner-angajazate-1.jpg.webp 1080w\" \/><img loading=\"lazy\" decoding=\"async\" width=\"500\" height=\"305\" src=\"https:\/\/infotulcea.ro\/wp-content\/uploads\/2025\/04\/banner-angajazate-1-500x305.jpg\" class=\"image wp-image-34317  attachment-medium size-medium\" alt><\/a><\/div>\n<\/div>\n<\/aside>\n<\/div>\n<\/div>\n<div class=\"entry-content entry clearfix\">\n<p data-start=\"101\" data-end=\"364\"><strong>Un t\u00e2n\u0103r din jude\u021bul Vaslui, venit la munc\u0103 \u00een ora\u0219ul Babadag, jude\u021bul Tulcea, este c\u0103utat de familie \u0219i autorit\u0103\u021bi dup\u0103 ce a disp\u0103rut f\u0103r\u0103 urm\u0103. Dispari\u021bia a fost raportat\u0103 la Poli\u021bie, iar apropia\u021bii fac un apel c\u0103tre cet\u0103\u021beni pentru sprijin \u00een g\u0103sirea acestuia.<\/strong><\/p>\n<p data-start=\"366\" data-end=\"536\">Este vorba despre <strong data-start=\"384\" data-end=\"403\">T\u0103rt\u0103cu\u021b\u0103 Bengi<\/strong>, care a fost v\u0103zut ultima dat\u0103 <strong data-start=\"435\" data-end=\"476\">vineri, 17 iulie, \u00een jurul orei 12:00<\/strong>, \u00een <strong data-start=\"481\" data-end=\"508\">Babadag, jude\u021bul Tulcea<\/strong>, localitatea \u00een care lucra.<source sizes=\"(max-width: 277px) 100vw, 277px\" type=\"image\/webp\" data-srcset=\"https:\/\/infotulcea.ro\/wp-content\/uploads\/2026\/07\/babadag-289x500.jpeg.webp 289w, https:\/\/infotulcea.ro\/wp-content\/uploads\/2026\/07\/babadag-592x1024.jpeg.webp 592w, https:\/\/infotulcea.ro\/wp-content\/uploads\/2026\/07\/babadag-768x1328.jpeg.webp 768w, https:\/\/infotulcea.ro\/wp-content\/uploads\/2026\/07\/babadag-888x1536.jpeg.webp 888w, https:\/\/infotulcea.ro\/wp-content\/uploads\/2026\/07\/babadag.jpeg.webp 925w\" \/><\/p>\n<p><img loading=\"lazy\" decoding=\"async\" class=\" wp-image-40195 alignright\" src=\"https:\/\/infotulcea.ro\/wp-content\/uploads\/2026\/07\/babadag-289x500.jpeg\" alt width=\"277\" height=\"479\"><\/p>\n<h3 data-section-id=\"1801n7\" data-start=\"538\" data-end=\"554\">Semnalmente:<\/h3>\n<ul data-start=\"555\" data-end=\"667\">\n<li data-section-id=\"5s0c5x\" data-start=\"555\" data-end=\"567\">p\u0103r \u0219aten;<\/li>\n<li data-section-id=\"z15tuo\" data-start=\"568\" data-end=\"582\">ochi c\u0103prui;<\/li>\n<li data-section-id=\"4mxnd\" data-start=\"583\" data-end=\"622\">\u00een\u0103l\u021bime: aproximativ <strong data-start=\"607\" data-end=\"621\">1,72 metri<\/strong>;<\/li>\n<li data-section-id=\"v8cffc\" data-start=\"623\" data-end=\"667\">greutate: aproximativ <strong data-start=\"647\" data-end=\"666\">65 de kilograme<\/strong>.<\/li>\n<\/ul>\n<p data-start=\"669\" data-end=\"931\">Potrivit informa\u021biilor transmise de familie, dispari\u021bia a fost sesizat\u0103 Poli\u021biei. Oricine l-a v\u0103zut pe t\u00e2n\u0103r sau de\u021bine informa\u021bii care ar putea ajuta la g\u0103sirea lui este rugat s\u0103 sune de urgen\u021b\u0103 la <strong data-start=\"868\" data-end=\"875\">112<\/strong> sau s\u0103 contacteze cea mai apropiat\u0103 unitate de poli\u021bie.<\/p>\n<p data-start=\"933\" data-end=\"1007\">De asemenea, familia poate fi contactat\u0103 la urm\u0103toarele numere de telefon:<\/p>\n<ul data-start=\"1008\" data-end=\"1061\">\n<li data-section-id=\"1372o7a\" data-start=\"1008\" data-end=\"1034\"><strong data-start=\"1010\" data-end=\"1021\">Giulia:<\/strong> 0757 165 408<\/li>\n<li data-section-id=\"1p31gco\" data-start=\"1035\" data-end=\"1061\"><strong data-start=\"1037\" data-end=\"1048\">Cosmin:<\/strong> 0767 154 485<\/li>\n<\/ul>\n<p data-start=\"1063\" data-end=\"1231\">Familia face un apel c\u0103tre comunitate s\u0103 distribuie anun\u021bul, \u00een speran\u021ba c\u0103 informa\u021biile vor ajunge la persoane care l-au v\u0103zut sau \u00eei cunosc traseul din ultimele zile.<\/p>\n<p data-start=\"1233\" data-end=\"1334\" data-is-last-node data-is-only-node><strong data-start=\"1233\" data-end=\"1334\" data-is-last-node>Orice informa\u021bie, chiar dac\u0103 pare ne\u00eensemnat\u0103, poate contribui la g\u0103sirea t\u00e2n\u0103rului \u00een siguran\u021b\u0103.<\/strong><\/p>\n<\/div>\n<div class=\"articleBody\" data-key=\"articleBody\">Un t\u00e2n\u0103r din jude\u021bul Vaslui, venit la munc\u0103 \u00een ora\u0219ul Babadag, jude\u021bul Tulcea, este c\u0103utat de familie \u0219i autorit\u0103\u021bi dup\u0103 ce a disp\u0103rut f\u0103r\u0103 urm\u0103. Dispari\u021bia a fost raportat\u0103 la Poli\u021bie, iar apropia\u021bii fac un apel c\u0103tre cet\u0103\u021beni pentru sprijin \u00een g\u0103sirea acestuia.<br \/>\nEste vorba despre T\u0103rt\u0103cu\u021b\u0103 Bengi, care a fost v\u0103zut ultima dat\u0103 vineri, 17 iulie, \u00een jurul orei 12:00, \u00een Babadag, jude\u021bul Tulcea, localitatea \u00een care lucra.<\/p>\n<p>Semnalmente:<\/p>\n<p> \tp\u0103r \u0219aten;<br \/>\n \tochi c\u0103prui;<br \/>\n \t\u00een\u0103l\u021bime: aproximativ 1,72 metri;<br \/>\n \tgreutate: aproximativ 65 de kilograme.<\/p>\n<p>Potrivit informa\u021biilor transmise de familie, dispari\u021bia a fost sesizat\u0103 Poli\u021biei. Oricine l-a v\u0103zut pe t\u00e2n\u0103r sau de\u021bine informa\u021bii care ar putea ajuta la g\u0103sirea lui este rugat s\u0103 sune de urgen\u021b\u0103 la 112 sau s\u0103 contacteze cea mai apropiat\u0103 unitate de poli\u021bie.<br \/>\nDe asemenea, familia poate fi contactat\u0103 la urm\u0103toarele numere de telefon:<\/p>\n<p> \tGiulia: 0757 165 408<br \/>\n \tCosmin: 0767 154 485<\/p>\n<p>Familia face un apel c\u0103tre comunitate s\u0103 distribuie anun\u021bul, \u00een speran\u021ba c\u0103 informa\u021biile vor ajunge la persoane care l-au v\u0103zut sau \u00eei cunosc traseul din ultimele zile.<br \/>\nOrice informa\u021bie, chiar dac\u0103 pare ne\u00eensemnat\u0103, poate contribui la g\u0103sirea t\u00e2n\u0103rului \u00een siguran\u021b\u0103.<\/p><\/div>\n<p>[analyse_source url=&#8221;https:\/\/infotulcea.ro\/tanar-din-babadag-cautat-dupa-ce-a-disparut-fara-urma-familia-cere-ajutorul-populatiei\/&#8221;]<\/p>\n","protected":false},"excerpt":{"rendered":"<p>[analyse_image type=&#8221;featured&#8221; src=&#8221;https:\/\/infotulcea.ro\/wp-content\/uploads\/2026\/07\/babadag.jpeghttps:\/\/infotulcea.ro\/wp-content\/uploads\/2026\/07\/babadag.jpeg&#8221;] Home\/Comunicate\/T\u00e2n\u0103r din Vaslui, disp\u0103rut dup\u0103 ce a plecat la munc\u0103 \u00een Babadag. Familia cere ajutorul popula\u021biei Comunicate T\u00e2n\u0103r din Vaslui, disp\u0103rut dup\u0103 ce a plecat la munc\u0103 \u00een Babadag. Familia cere ajutorul popula\u021biei Redactia22 iulie 2026 0 1.626 1 minute read Un t\u00e2n\u0103r din jude\u021bul Vaslui, venit la munc\u0103 \u00een ora\u0219ul Babadag, [&hellip;]<\/p>\n","protected":false},"author":1,"featured_media":0,"comment_status":"open","ping_status":"","sticky":false,"template":"","format":"standard","meta":{"footnotes":""},"categories":[89],"tags":[226,221],"class_list":["post-2064567","post","type-post","status-publish","format-standard","hentry","category-romania","tag-crawlmanager","tag-infotulcea-ro"],"_links":{"self":[{"href":"https:\/\/analyse.optim.biz\/index.php?rest_route=\/wp\/v2\/posts\/2064567","targetHints":{"allow":["GET"]}}],"collection":[{"href":"https:\/\/analyse.optim.biz\/index.php?rest_route=\/wp\/v2\/posts"}],"about":[{"href":"https:\/\/analyse.optim.biz\/index.php?rest_route=\/wp\/v2\/types\/post"}],"author":[{"embeddable":true,"href":"https:\/\/analyse.optim.biz\/index.php?rest_route=\/wp\/v2\/users\/1"}],"replies":[{"embeddable":true,"href":"https:\/\/analyse.optim.biz\/index.php?rest_route=%2Fwp%2Fv2%2Fcomments&post=2064567"}],"version-history":[{"count":0,"href":"https:\/\/analyse.optim.biz\/index.php?rest_route=\/wp\/v2\/posts\/2064567\/revisions"}],"wp:attachment":[{"href":"https:\/\/analyse.optim.biz\/index.php?rest_route=%2Fwp%2Fv2%2Fmedia&parent=2064567"}],"wp:term":[{"taxonomy":"category","embeddable":true,"href":"https:\/\/analyse.optim.biz\/index.php?rest_route=%2Fwp%2Fv2%2Fcategories&post=2064567"},{"taxonomy":"post_tag","embeddable":true,"href":"https:\/\/analyse.optim.biz\/index.php?rest_route=%2Fwp%2Fv2%2Ftags&post=2064567"}],"curies":[{"name":"wp","href":"https:\/\/api.w.org\/{rel}","templated":true}]}}