{"id":2064565,"date":"2026-07-20T12:34:51","date_gmt":"2026-07-20T09:34:51","guid":{"rendered":"https:\/\/analyse.optim.biz\/?p=2064565"},"modified":"2026-07-20T12:34:51","modified_gmt":"2026-07-20T09:34:51","slug":"actiuni-preventive-in-sezonul-estival","status":"publish","type":"post","link":"https:\/\/analyse.optim.biz\/?p=2064565","title":{"rendered":"AC\u021aIUNI PREVENTIVE \u00ceN SEZONUL ESTIVAL"},"content":{"rendered":"<p>[analyse_image type=&#8221;featured&#8221; src=&#8221;https:\/\/infotulcea.ro\/wp-content\/uploads\/2026\/07\/ippj.jpeghttps:\/\/infotulcea.ro\/wp-content\/uploads\/2026\/07\/ippj.jpeg&#8221;]<\/p>\n<div id=\"content\" class=\"site-content container\">\n<div id=\"main-content-row\" class=\"tie-row main-content-row\">\n<div class=\"main-content tie-col-md-8 tie-col-xs-12\" role=\"main\">\n<article id=\"the-post\" class=\"container-wrapper post-content tie-standard\">\n<header class=\"entry-header-outer\">\n<nav id=\"breadcrumb\"><a href=\"https:\/\/infotulcea.ro\/\"> Home<\/a><em class=\"delimiter\">\/<\/em><a href=\"https:\/\/infotulcea.ro\/categorie\/comunicate\/\">Comunicate<\/a><em class=\"delimiter\">\/<\/em><span class=\"current\">AC\u021aIUNI PREVENTIVE \u00ceN SEZONUL ESTIVAL<\/span><\/nav>\n<div class=\"entry-header\"><span class=\"post-cat-wrap\"><a class=\"post-cat tie-cat-35\" href=\"https:\/\/infotulcea.ro\/categorie\/comunicate\/\">Comunicate<\/a><\/span><\/p>\n<h1 class=\"post-title entry-title\">\n\t\t\tAC\u021aIUNI PREVENTIVE \u00ceN SEZONUL ESTIVAL\t\t<\/h1>\n<div class=\"single-post-meta post-meta clearfix\"><span class=\"author-meta single-author no-avatars\"><span class=\"meta-item meta-author-wrapper meta-author-9\"><span class=\"meta-author\"><a href=\"https:\/\/infotulcea.ro\/author\/redactia-2\/\" class=\"author-name tie-icon\" title=\"Redactia\">Redactia<\/a><\/span><\/span><\/span><span class=\"date meta-item tie-icon\">20 iulie 2026<\/span><\/p>\n<div class=\"tie-alignright\"><span class=\"meta-comment tie-icon meta-item fa-before\">0<\/span><span class=\"meta-views meta-item \"> 250 <\/span><span class=\"meta-reading-time meta-item\"> 1 minute read<\/span><\/div>\n<\/div>\n<\/div>\n<\/header>\n<div class=\"entry-content entry clearfix\">\n<p><strong>\u00cen contextul sezonului estival, poli\u021bi\u0219tii din cadrul Inspectoratului de Poli\u021bie Jude\u021bean Tulcea desf\u0103\u0219oar\u0103 ac\u021biuni pentru men\u021binerea ordinii publice \u0219i cre\u0219terea siguran\u021bei rutiere pe \u00eentreg teritoriul jude\u021bului.<\/strong><\/p>\n<source sizes=\"(max-width: 253px) 100vw, 253px\" type=\"image\/webp\" data-srcset=\"https:\/\/infotulcea.ro\/wp-content\/uploads\/2026\/07\/ippj-347x500.jpeg.webp 347w, https:\/\/infotulcea.ro\/wp-content\/uploads\/2026\/07\/ippj-712x1024.jpeg.webp 712w, https:\/\/infotulcea.ro\/wp-content\/uploads\/2026\/07\/ippj-768x1105.jpeg.webp 768w, https:\/\/infotulcea.ro\/wp-content\/uploads\/2026\/07\/ippj.jpeg.webp 895w\" \/>\n<p><img loading=\"lazy\" decoding=\"async\" class=\" wp-image-40162 alignleft\" src=\"https:\/\/infotulcea.ro\/wp-content\/uploads\/2026\/07\/ippj-347x500.jpeg\" alt width=\"253\" height=\"364\">Pe l\u00e2ng\u0103 activit\u0103\u021bile de monitorizare \u0219i control al traficului, poli\u021bi\u0219tii le recomand\u0103 participan\u021bilor la trafic s\u0103 adopte un comportament responsabil \u0219i s\u0103 aleag\u0103 \u00eentotdeauna variante sigure de deplasare, refuz\u00e2nd s\u0103 urce \u00een autoturisme conduse de persoane aflate sub influen\u021ba alcoolului sau a altor substan\u021be interzise.<\/p>\n<p>Siguran\u021ba rutier\u0103 depinde de fiecare dintre noi. Deciziile responsabile luate la timp pot preveni producerea unor accidente cu urm\u0103ri grave \u0219i pot contribui la protejarea vie\u021bii.<\/p>\n<p>Ac\u021biunile poli\u021bi\u0219tilor tulceni vor continua pe \u00eentreaga durat\u0103 a sezonului estival, av\u00e2nd ca obiectiv principal prevenirea incidentelor \u0219i asigurarea unui climat de siguran\u021b\u0103 pentru to\u021bi cei care aleg s\u0103 \u00ee\u0219i petreac\u0103 vacan\u021ba \u00een jude\u021bul Tulcea.<\/p>\n<\/div>\n<div id=\"post-extra-info\">\n<div class=\"theiaStickySidebar\">\n<div class=\"single-post-meta post-meta clearfix\"><span class=\"author-meta single-author no-avatars\"><span class=\"meta-item meta-author-wrapper meta-author-9\"><span class=\"meta-author\"><a href=\"https:\/\/infotulcea.ro\/author\/redactia-2\/\" class=\"author-name tie-icon\" title=\"Redactia\">Redactia<\/a><\/span><\/span><\/span><span class=\"date meta-item tie-icon\">20 iulie 2026<\/span><\/p>\n<div class=\"tie-alignright\"><span class=\"meta-comment tie-icon meta-item fa-before\">0<\/span><span class=\"meta-views meta-item \"> 250 <\/span><span class=\"meta-reading-time meta-item\"> 1 minute read<\/span><\/div>\n<\/div>\n<\/div>\n<\/div>\n<div id=\"share-buttons-bottom\" class=\"share-buttons share-buttons-bottom\">\n<div class=\"share-links  icons-only\">\n<div class=\"share-title\"><span> Share<\/span><\/div>\n<p><a href=\"https:\/\/www.facebook.com\/sharer.php?u=https:\/\/infotulcea.ro\/actiuni-preventive-in-sezonul-estival\/\" rel=\"external noopener nofollow\" title=\"Facebook\" target=\"_blank\" class=\"facebook-share-btn \" data-raw=\"https:\/\/www.facebook.com\/sharer.php?u={post_link}\"><span class=\"screen-reader-text\">Facebook<\/span><\/a><a href=\"https:\/\/twitter.com\/intent\/tweet?text=AC%C8%9AIUNI%20PREVENTIVE%20%C3%8EN%20SEZONUL%20ESTIVAL&amp;url=https:\/\/infotulcea.ro\/actiuni-preventive-in-sezonul-estival\/\" rel=\"external noopener nofollow\" title=\"X\" target=\"_blank\" class=\"twitter-share-btn \" data-raw=\"https:\/\/twitter.com\/intent\/tweet?text={post_title}&amp;url={post_link}\"><span class=\"screen-reader-text\">X<\/span><\/a><a href=\"https:\/\/api.whatsapp.com\/send?text=AC%C8%9AIUNI%20PREVENTIVE%20%C3%8EN%20SEZONUL%20ESTIVAL%20https:\/\/infotulcea.ro\/actiuni-preventive-in-sezonul-estival\/\" rel=\"external noopener nofollow\" title=\"WhatsApp\" target=\"_blank\" class=\"whatsapp-share-btn \" data-raw=\"https:\/\/api.whatsapp.com\/send?text={post_title}%20{post_link}\"><span class=\"screen-reader-text\">WhatsApp<\/span><\/a><a href=\"https:\/\/telegram.me\/share\/url?url=https:\/\/infotulcea.ro\/actiuni-preventive-in-sezonul-estival\/&amp;text=AC%C8%9AIUNI%20PREVENTIVE%20%C3%8EN%20SEZONUL%20ESTIVAL\" rel=\"external noopener nofollow\" title=\"Telegram\" target=\"_blank\" class=\"telegram-share-btn \" data-raw=\"https:\/\/telegram.me\/share\/url?url={post_link}&amp;text={post_title}\"><span class=\"screen-reader-text\">Telegram<\/span><\/a><a href=\"mailto:?subject=AC%C8%9AIUNI%20PREVENTIVE%20%C3%8EN%20SEZONUL%20ESTIVAL&amp;body=https:\/\/infotulcea.ro\/actiuni-preventive-in-sezonul-estival\/\" rel=\"external noopener nofollow\" title=\"Share via Email\" target=\"_blank\" class=\"email-share-btn \" data-raw=\"mailto:?subject={post_title}&amp;body={post_link}\"><span class=\"screen-reader-text\">Share via Email<\/span><\/a><a href=\"https:\/\/infotulcea.ro\/actiuni-preventive-in-sezonul-estival\/\" rel=\"external noopener nofollow\" title=\"Print\" target=\"_blank\" class=\"print-share-btn \" data-raw=\"#\"><span class=\"screen-reader-text\">Print<\/span><\/a><\/div>\n<\/div>\n<\/article>\n<div class=\"post-components\">\n<div id=\"related-posts\" class=\"container-wrapper has-extra-post\">\n<div class=\"mag-box-title the-global-title\">\n<h3>Related Articles<\/h3>\n<\/div>\n<div class=\"related-posts-list\">\n<div class=\"related-item tie-standard\"><a aria-label=\"Re\u021bele Electrice investe\u0219te 387 milioane lei \u00een re\u021beaua de \u00eenalt\u0103 tensiune\" href=\"https:\/\/infotulcea.ro\/retele-electrice-investeste-387-milioane-lei-in-reteaua-de-inalta-tensiune\/\" class=\"post-thumb\"><source sizes=\"(max-width: 390px) 100vw, 390px\" type=\"image\/webp\" data-srcset=\"https:\/\/infotulcea.ro\/wp-content\/uploads\/2026\/07\/Retele-Electrice-Romania-1-390x220.jpg.webp 390w, https:\/\/infotulcea.ro\/wp-content\/uploads\/2026\/07\/Retele-Electrice-Romania-1-500x281.jpg.webp 500w, https:\/\/infotulcea.ro\/wp-content\/uploads\/2026\/07\/Retele-Electrice-Romania-1-1024x576.jpg.webp 1024w, https:\/\/infotulcea.ro\/wp-content\/uploads\/2026\/07\/Retele-Electrice-Romania-1-768x432.jpg.webp 768w, https:\/\/infotulcea.ro\/wp-content\/uploads\/2026\/07\/Retele-Electrice-Romania-1.jpg.webp 1080w\" \/><img loading=\"lazy\" decoding=\"async\" width=\"390\" height=\"220\" src=\"https:\/\/infotulcea.ro\/wp-content\/uploads\/2026\/07\/Retele-Electrice-Romania-1-390x220.jpg\" class=\"attachment-jannah-image-large size-jannah-image-large wp-post-image\" alt><\/a><\/p>\n<h3 class=\"post-title\"><a href=\"https:\/\/infotulcea.ro\/retele-electrice-investeste-387-milioane-lei-in-reteaua-de-inalta-tensiune\/\">Re\u021bele Electrice investe\u0219te 387 milioane lei \u00een re\u021beaua de \u00eenalt\u0103 tensiune<\/a><\/h3>\n<div class=\"post-meta clearfix\"><span class=\"date meta-item tie-icon\">9 iulie 2026<\/span><\/div>\n<\/div>\n<div class=\"related-item tie-standard\"><a aria-label=\"282 de locuri de munc\u0103 vacante \u00een 12 \u0163\u0103ri din Spa\u0163iul Economic European\" href=\"https:\/\/infotulcea.ro\/282-de-locuri-de-munca-vacante-in-12-tari-din-spatiul-economic-european\/\" class=\"post-thumb\"><source sizes=\"(max-width: 390px) 100vw, 390px\" type=\"image\/webp\" data-srcset=\"https:\/\/infotulcea.ro\/wp-content\/uploads\/2020\/03\/AJOFM-1.jpg.webp 1080w, https:\/\/infotulcea.ro\/wp-content\/uploads\/2020\/03\/AJOFM-1-300x169.jpg.webp 300w, https:\/\/infotulcea.ro\/wp-content\/uploads\/2020\/03\/AJOFM-1-1024x576.jpg.webp 1024w, https:\/\/infotulcea.ro\/wp-content\/uploads\/2020\/03\/AJOFM-1-768x432.jpg.webp 768w, https:\/\/infotulcea.ro\/wp-content\/uploads\/2020\/03\/AJOFM-1-696x392.jpg.webp 696w, https:\/\/infotulcea.ro\/wp-content\/uploads\/2020\/03\/AJOFM-1-1068x601.jpg.webp 1068w, https:\/\/infotulcea.ro\/wp-content\/uploads\/2020\/03\/AJOFM-1-747x420.jpg.webp 747w\" \/><img loading=\"lazy\" decoding=\"async\" width=\"390\" height=\"220\" src=\"https:\/\/infotulcea.ro\/wp-content\/uploads\/2020\/03\/AJOFM-1.jpg\" class=\"attachment-jannah-image-large size-jannah-image-large wp-post-image\" alt><\/a><\/p>\n<h3 class=\"post-title\"><a href=\"https:\/\/infotulcea.ro\/282-de-locuri-de-munca-vacante-in-12-tari-din-spatiul-economic-european\/\">282 de locuri de munc\u0103 vacante \u00een 12 \u0163\u0103ri din Spa\u0163iul Economic European<\/a><\/h3>\n<div class=\"post-meta clearfix\"><span class=\"date meta-item tie-icon\">27 martie 2025<\/span><\/div>\n<\/div>\n<div class=\"related-item tie-standard\"><a aria-label=\"Poli\u021bia avertizeaz\u0103: Aten\u021bie la ho\u021bii de buzunare!\" href=\"https:\/\/infotulcea.ro\/politia-avertizeaza-atentie-la-hotii-de-buzunare\/\" class=\"post-thumb\"><source type=\"image\/webp\" data-srcset=\"https:\/\/infotulcea.ro\/wp-content\/uploads\/2023\/04\/scoala-hoti-buzunare-mahalaua-vitan-390x220.jpg.webp\" \/><img loading=\"lazy\" decoding=\"async\" width=\"390\" height=\"220\" src=\"https:\/\/infotulcea.ro\/wp-content\/uploads\/2023\/04\/scoala-hoti-buzunare-mahalaua-vitan-390x220.jpg\" class=\"attachment-jannah-image-large size-jannah-image-large wp-post-image\" alt><\/a><\/p>\n<h3 class=\"post-title\"><a href=\"https:\/\/infotulcea.ro\/politia-avertizeaza-atentie-la-hotii-de-buzunare\/\">Poli\u021bia avertizeaz\u0103: Aten\u021bie la ho\u021bii de buzunare!<\/a><\/h3>\n<div class=\"post-meta clearfix\"><span class=\"date meta-item tie-icon\">13 aprilie 2023<\/span><\/div>\n<\/div>\n<div class=\"related-item tie-standard\"><a aria-label=\"AJOFM Tulcea: 409 de persoane \u015fi-au g\u0103sit un loc de munc\u0103 de la \u00eenceputul anului\" href=\"https:\/\/infotulcea.ro\/ajofm-tulcea-409-de-persoane-si-au-gasit-un-loc-de-munca-de-la-inceputul-anului\/\" class=\"post-thumb\"><source sizes=\"(max-width: 293px) 100vw, 293px\" type=\"image\/webp\" data-srcset=\"https:\/\/infotulcea.ro\/wp-content\/uploads\/2020\/05\/locuri-de-munca-somaj.jpg.webp 580w, https:\/\/infotulcea.ro\/wp-content\/uploads\/2020\/05\/locuri-de-munca-somaj-300x225.jpg.webp 300w, https:\/\/infotulcea.ro\/wp-content\/uploads\/2020\/05\/locuri-de-munca-somaj-560x420.jpg.webp 560w, https:\/\/infotulcea.ro\/wp-content\/uploads\/2020\/05\/locuri-de-munca-somaj-80x60.jpg.webp 80w, https:\/\/infotulcea.ro\/wp-content\/uploads\/2020\/05\/locuri-de-munca-somaj-265x198.jpg.webp 265w\" \/><img loading=\"lazy\" decoding=\"async\" width=\"293\" height=\"220\" src=\"https:\/\/infotulcea.ro\/wp-content\/uploads\/2020\/05\/locuri-de-munca-somaj.jpg\" class=\"attachment-jannah-image-large size-jannah-image-large wp-post-image\" alt><\/a><\/p>\n<h3 class=\"post-title\"><a href=\"https:\/\/infotulcea.ro\/ajofm-tulcea-409-de-persoane-si-au-gasit-un-loc-de-munca-de-la-inceputul-anului\/\">AJOFM Tulcea: 409 de persoane \u015fi-au g\u0103sit un loc de munc\u0103 de la \u00eenceputul anului<\/a><\/h3>\n<div class=\"post-meta clearfix\"><span class=\"date meta-item tie-icon\">28 martie 2023<\/span><\/div>\n<\/div>\n<\/div>\n<\/div>\n<div id=\"comments\" class=\"comments-area\">\n<div id=\"add-comment-block\" class=\"container-wrapper\">\n<div id=\"respond\" class=\"comment-respond\">\n<h3 id=\"reply-title\" class=\"comment-reply-title the-global-title\">Las\u0103 un r\u0103spuns <small><a rel=\"nofollow\" id=\"cancel-comment-reply-link\" href=\"https:\/\/infotulcea.ro\/actiuni-preventive-in-sezonul-estival\/#respond\">Anuleaz\u0103 r\u0103spunsul<\/a><\/small><\/h3>\n<p class=\"comment-notes\"><span id=\"email-notes\">Adresa ta de email nu va fi publicat\u0103.<\/span><span class=\"required-field-message\">C\u00e2mpurile obligatorii sunt marcate cu <span class=\"required\">*<\/span><\/span><\/p>\n<\/div>\n<\/div>\n<\/div>\n<\/div>\n<\/div>\n<div id=\"check-also-box\" class=\"container-wrapper check-also-right\">\n<div class=\"widget-title the-global-title\">\n<div class=\"the-subtitle\">Check Also<\/div>\n<p><a href=\"https:\/\/infotulcea.ro\/actiuni-preventive-in-sezonul-estival\/\" id=\"check-also-close\" class=\"remove\"><span class=\"screen-reader-text\">Close<\/span><\/a><\/div>\n<div class=\"widget posts-list-big-first has-first-big-post\">\n<ul class=\"posts-list-items\">\n<li class=\"widget-single-post-item widget-post-list tie-standard\">\n<div class=\"post-widget-thumbnail\"><a aria-label=\"O bra\u0219oveanc\u0103 a c\u00e2\u0219tigat Concursul Na\u021bional de Proz\u0103 \u201cValentin \u0218erbu\u201d\" href=\"https:\/\/infotulcea.ro\/o-brasoveanca-a-castigat-concursul-national-de-proza-valentin-serbu\/\" class=\"post-thumb\"><span class=\"post-cat-wrap\"><span class=\"post-cat tie-cat-35\">Comunicate<\/span><\/span><source type=\"image\/webp\" data-srcset=\"https:\/\/infotulcea.ro\/wp-content\/uploads\/2023\/08\/IMG-20230829-WA0039-390x220.jpg.webp\" \/><img loading=\"lazy\" decoding=\"async\" width=\"390\" height=\"220\" src=\"https:\/\/infotulcea.ro\/wp-content\/uploads\/2023\/08\/IMG-20230829-WA0039-390x220.jpg\" class=\"attachment-jannah-image-large size-jannah-image-large wp-post-image\" alt><\/a><\/div>\n<div class=\"post-widget-body \"><a class=\"post-title the-subtitle\" href=\"https:\/\/infotulcea.ro\/o-brasoveanca-a-castigat-concursul-national-de-proza-valentin-serbu\/\">O bra\u0219oveanc\u0103 a c\u00e2\u0219tigat Concursul Na\u021bional de Proz\u0103 \u201cValentin \u0218erbu\u201d<\/a><\/p>\n<div class=\"post-meta\"><span class=\"date meta-item tie-icon\">2 august 2023<\/span><\/div>\n<\/div>\n<\/li>\n<\/ul>\n<\/div>\n<\/div>\n<aside class=\"sidebar tie-col-md-4 tie-col-xs-12 normal-side is-sticky\" aria-label=\"Primary Sidebar\">\n<div class=\"theiaStickySidebar\">\n<div id=\"media_image-19\" class=\"container-wrapper widget widget_media_image\"><a href=\"https:\/\/infotulcea.ro\/delta-dunarii-mai-accesibila-navrom-delta-creste-numarul-curselor-regulate-de-la-1-mai-2025\/\"><source sizes=\"(max-width: 500px) 100vw, 500px\" type=\"image\/webp\" data-srcset=\"https:\/\/infotulcea.ro\/wp-content\/uploads\/2025\/04\/navrom-delta-500x271.jpg.webp 500w, https:\/\/infotulcea.ro\/wp-content\/uploads\/2025\/04\/navrom-delta-1024x555.jpg.webp 1024w, https:\/\/infotulcea.ro\/wp-content\/uploads\/2025\/04\/navrom-delta-768x416.jpg.webp 768w, https:\/\/infotulcea.ro\/wp-content\/uploads\/2025\/04\/navrom-delta.jpg.webp 1080w\" \/><img loading=\"lazy\" decoding=\"async\" width=\"500\" height=\"271\" src=\"https:\/\/infotulcea.ro\/wp-content\/uploads\/2025\/04\/navrom-delta-500x271.jpg\" class=\"image wp-image-34487  attachment-medium size-medium\" alt><\/a><\/div>\n<div id=\"media_image-17\" class=\"container-wrapper widget widget_media_image\"><a href=\"https:\/\/www.facebook.com\/share\/p\/1DGAD1tLWN\/?mibextid=wwXIfr\" target=\"_blank\"><source sizes=\"(max-width: 500px) 100vw, 500px\" type=\"image\/webp\" data-srcset=\"https:\/\/infotulcea.ro\/wp-content\/uploads\/2026\/01\/IMG_1563-500x500.jpeg.webp 500w, https:\/\/infotulcea.ro\/wp-content\/uploads\/2026\/01\/IMG_1563-1024x1024.jpeg.webp 1024w, https:\/\/infotulcea.ro\/wp-content\/uploads\/2026\/01\/IMG_1563-250x250.jpeg.webp 250w, https:\/\/infotulcea.ro\/wp-content\/uploads\/2026\/01\/IMG_1563-768x768.jpeg.webp 768w, https:\/\/infotulcea.ro\/wp-content\/uploads\/2026\/01\/IMG_1563.jpeg.webp 1080w\" \/><img loading=\"lazy\" decoding=\"async\" width=\"500\" height=\"500\" src=\"https:\/\/infotulcea.ro\/wp-content\/uploads\/2026\/01\/IMG_1563-500x500.jpeg\" class=\"image wp-image-37932  attachment-medium size-medium\" alt title=\"Centrale pe lemne\"><\/a><\/div>\n<div id=\"media_image-18\" class=\"container-wrapper widget widget_media_image\"><a href=\"https:\/\/www.licitatia.ro\/site\/index-guest\"><img loading=\"lazy\" decoding=\"async\" width=\"500\" height=\"262\" src=\"https:\/\/infotulcea.ro\/wp-content\/uploads\/2025\/09\/licitatia-500x262.png\" class=\"image wp-image-36670  attachment-medium size-medium lazyload\" alt><img loading=\"lazy\" decoding=\"async\" width=\"500\" height=\"262\" src=\"https:\/\/infotulcea.ro\/wp-content\/uploads\/2025\/09\/licitatia-500x262.png\" class=\"image wp-image-36670  attachment-medium size-medium\" alt><\/a><\/div>\n<div id=\"media_image-27\" class=\"container-wrapper widget widget_media_image\"><a href=\"https:\/\/www.centrale-lemne-liepsnele.ro\/\"><img loading=\"lazy\" decoding=\"async\" width=\"500\" height=\"500\" src=\"https:\/\/infotulcea.ro\/wp-content\/uploads\/2025\/09\/Centrale-pe-Lemne-Liepsnele-500x500.png\" class=\"image wp-image-36541  attachment-medium size-medium lazyload\" alt=\"Centrala pe lemne\"><img loading=\"lazy\" decoding=\"async\" width=\"500\" height=\"500\" src=\"https:\/\/infotulcea.ro\/wp-content\/uploads\/2025\/09\/Centrale-pe-Lemne-Liepsnele-500x500.png\" class=\"image wp-image-36541  attachment-medium size-medium\" alt=\"Centrala pe lemne\"><\/a><\/div>\n<div id=\"media_image-28\" class=\"container-wrapper widget widget_media_image\"><a href=\"https:\/\/infotulcea.ro\/angajeaza-te-ro-platforma-ta-online-de-angajari-si-forta-de-munca\/\"><source sizes=\"(max-width: 500px) 100vw, 500px\" type=\"image\/webp\" data-srcset=\"https:\/\/infotulcea.ro\/wp-content\/uploads\/2025\/04\/banner-angajazate-1-500x305.jpg.webp 500w, https:\/\/infotulcea.ro\/wp-content\/uploads\/2025\/04\/banner-angajazate-1-1024x625.jpg.webp 1024w, https:\/\/infotulcea.ro\/wp-content\/uploads\/2025\/04\/banner-angajazate-1-768x469.jpg.webp 768w, https:\/\/infotulcea.ro\/wp-content\/uploads\/2025\/04\/banner-angajazate-1.jpg.webp 1080w\" \/><img loading=\"lazy\" decoding=\"async\" width=\"500\" height=\"305\" src=\"https:\/\/infotulcea.ro\/wp-content\/uploads\/2025\/04\/banner-angajazate-1-500x305.jpg\" class=\"image wp-image-34317  attachment-medium size-medium\" alt><\/a><\/div>\n<\/div>\n<\/aside>\n<\/div>\n<\/div>\n<div class=\"entry-content entry clearfix\">\n<p><strong>\u00cen contextul sezonului estival, poli\u021bi\u0219tii din cadrul Inspectoratului de Poli\u021bie Jude\u021bean Tulcea desf\u0103\u0219oar\u0103 ac\u021biuni pentru men\u021binerea ordinii publice \u0219i cre\u0219terea siguran\u021bei rutiere pe \u00eentreg teritoriul jude\u021bului.<\/strong><\/p>\n<source sizes=\"(max-width: 253px) 100vw, 253px\" type=\"image\/webp\" data-srcset=\"https:\/\/infotulcea.ro\/wp-content\/uploads\/2026\/07\/ippj-347x500.jpeg.webp 347w, https:\/\/infotulcea.ro\/wp-content\/uploads\/2026\/07\/ippj-712x1024.jpeg.webp 712w, https:\/\/infotulcea.ro\/wp-content\/uploads\/2026\/07\/ippj-768x1105.jpeg.webp 768w, https:\/\/infotulcea.ro\/wp-content\/uploads\/2026\/07\/ippj.jpeg.webp 895w\" \/>\n<p><img loading=\"lazy\" decoding=\"async\" class=\" wp-image-40162 alignleft\" src=\"https:\/\/infotulcea.ro\/wp-content\/uploads\/2026\/07\/ippj-347x500.jpeg\" alt width=\"253\" height=\"364\">Pe l\u00e2ng\u0103 activit\u0103\u021bile de monitorizare \u0219i control al traficului, poli\u021bi\u0219tii le recomand\u0103 participan\u021bilor la trafic s\u0103 adopte un comportament responsabil \u0219i s\u0103 aleag\u0103 \u00eentotdeauna variante sigure de deplasare, refuz\u00e2nd s\u0103 urce \u00een autoturisme conduse de persoane aflate sub influen\u021ba alcoolului sau a altor substan\u021be interzise.<\/p>\n<p>Siguran\u021ba rutier\u0103 depinde de fiecare dintre noi. Deciziile responsabile luate la timp pot preveni producerea unor accidente cu urm\u0103ri grave \u0219i pot contribui la protejarea vie\u021bii.<\/p>\n<p>Ac\u021biunile poli\u021bi\u0219tilor tulceni vor continua pe \u00eentreaga durat\u0103 a sezonului estival, av\u00e2nd ca obiectiv principal prevenirea incidentelor \u0219i asigurarea unui climat de siguran\u021b\u0103 pentru to\u021bi cei care aleg s\u0103 \u00ee\u0219i petreac\u0103 vacan\u021ba \u00een jude\u021bul Tulcea.<\/p>\n<\/div>\n<div class=\"articleBody\" data-key=\"articleBody\">\u00cen contextul sezonului estival, poli\u021bi\u0219tii din cadrul Inspectoratului de Poli\u021bie Jude\u021bean Tulcea desf\u0103\u0219oar\u0103 ac\u021biuni pentru men\u021binerea ordinii publice \u0219i cre\u0219terea siguran\u021bei rutiere pe \u00eentreg teritoriul jude\u021bului.<\/p>\n<p>Pe l\u00e2ng\u0103 activit\u0103\u021bile de monitorizare \u0219i control al traficului, poli\u021bi\u0219tii le recomand\u0103 participan\u021bilor la trafic s\u0103 adopte un comportament responsabil \u0219i s\u0103 aleag\u0103 \u00eentotdeauna variante sigure de deplasare, refuz\u00e2nd s\u0103 urce \u00een autoturisme conduse de persoane aflate sub influen\u021ba alcoolului sau a altor substan\u021be interzise.<\/p>\n<p>Siguran\u021ba rutier\u0103 depinde de fiecare dintre noi. Deciziile responsabile luate la timp pot preveni producerea unor accidente cu urm\u0103ri grave \u0219i pot contribui la protejarea vie\u021bii.<\/p>\n<p>Ac\u021biunile poli\u021bi\u0219tilor tulceni vor continua pe \u00eentreaga durat\u0103 a sezonului estival, av\u00e2nd ca obiectiv principal prevenirea incidentelor \u0219i asigurarea unui climat de siguran\u021b\u0103 pentru to\u021bi cei care aleg s\u0103 \u00ee\u0219i petreac\u0103 vacan\u021ba \u00een jude\u021bul Tulcea.<\/p><\/div>\n<p>[analyse_source url=&#8221;https:\/\/infotulcea.ro\/actiuni-preventive-in-sezonul-estival\/&#8221;]<\/p>\n","protected":false},"excerpt":{"rendered":"<p>[analyse_image type=&#8221;featured&#8221; src=&#8221;https:\/\/infotulcea.ro\/wp-content\/uploads\/2026\/07\/ippj.jpeghttps:\/\/infotulcea.ro\/wp-content\/uploads\/2026\/07\/ippj.jpeg&#8221;] Home\/Comunicate\/AC\u021aIUNI PREVENTIVE \u00ceN SEZONUL ESTIVAL Comunicate AC\u021aIUNI PREVENTIVE \u00ceN SEZONUL ESTIVAL Redactia20 iulie 2026 0 250 1 minute read \u00cen contextul sezonului estival, poli\u021bi\u0219tii din cadrul Inspectoratului de Poli\u021bie Jude\u021bean Tulcea desf\u0103\u0219oar\u0103 ac\u021biuni pentru men\u021binerea ordinii publice \u0219i cre\u0219terea siguran\u021bei rutiere pe \u00eentreg teritoriul jude\u021bului. Pe l\u00e2ng\u0103 activit\u0103\u021bile de monitorizare \u0219i control [&hellip;]<\/p>\n","protected":false},"author":1,"featured_media":0,"comment_status":"open","ping_status":"","sticky":false,"template":"","format":"standard","meta":{"footnotes":""},"categories":[89],"tags":[226,221],"class_list":["post-2064565","post","type-post","status-publish","format-standard","hentry","category-romania","tag-crawlmanager","tag-infotulcea-ro"],"_links":{"self":[{"href":"https:\/\/analyse.optim.biz\/index.php?rest_route=\/wp\/v2\/posts\/2064565","targetHints":{"allow":["GET"]}}],"collection":[{"href":"https:\/\/analyse.optim.biz\/index.php?rest_route=\/wp\/v2\/posts"}],"about":[{"href":"https:\/\/analyse.optim.biz\/index.php?rest_route=\/wp\/v2\/types\/post"}],"author":[{"embeddable":true,"href":"https:\/\/analyse.optim.biz\/index.php?rest_route=\/wp\/v2\/users\/1"}],"replies":[{"embeddable":true,"href":"https:\/\/analyse.optim.biz\/index.php?rest_route=%2Fwp%2Fv2%2Fcomments&post=2064565"}],"version-history":[{"count":0,"href":"https:\/\/analyse.optim.biz\/index.php?rest_route=\/wp\/v2\/posts\/2064565\/revisions"}],"wp:attachment":[{"href":"https:\/\/analyse.optim.biz\/index.php?rest_route=%2Fwp%2Fv2%2Fmedia&parent=2064565"}],"wp:term":[{"taxonomy":"category","embeddable":true,"href":"https:\/\/analyse.optim.biz\/index.php?rest_route=%2Fwp%2Fv2%2Fcategories&post=2064565"},{"taxonomy":"post_tag","embeddable":true,"href":"https:\/\/analyse.optim.biz\/index.php?rest_route=%2Fwp%2Fv2%2Ftags&post=2064565"}],"curies":[{"name":"wp","href":"https:\/\/api.w.org\/{rel}","templated":true}]}}