{"id":2064563,"date":"2026-07-25T18:43:15","date_gmt":"2026-07-25T15:43:15","guid":{"rendered":"https:\/\/analyse.optim.biz\/?p=2064563"},"modified":"2026-07-25T18:43:15","modified_gmt":"2026-07-25T15:43:15","slug":"trupul-tanarului-disparut-din-babadag-gasit-in-padure","status":"publish","type":"post","link":"https:\/\/analyse.optim.biz\/?p=2064563","title":{"rendered":"Trupul t\u00e2n\u0103rului disp\u0103rut din Babadag, g\u0103sit \u00een p\u0103dure"},"content":{"rendered":"<p>[analyse_image type=&#8221;featured&#8221; src=&#8221;https:\/\/infotulcea.ro\/wp-content\/uploads\/2021\/11\/bulina.png&#8221;]<\/p>\n<div id=\"content\" class=\"site-content container\">\n<div id=\"main-content-row\" class=\"tie-row main-content-row\">\n<div class=\"main-content tie-col-md-8 tie-col-xs-12\" role=\"main\">\n<article id=\"the-post\" class=\"container-wrapper post-content tie-standard\">\n<header class=\"entry-header-outer\">\n<nav id=\"breadcrumb\"><a href=\"https:\/\/infotulcea.ro\/\"> Home<\/a><em class=\"delimiter\">\/<\/em><a href=\"https:\/\/infotulcea.ro\/categorie\/comunicate\/\">Comunicate<\/a><em class=\"delimiter\">\/<\/em><span class=\"current\">Trupul t\u00e2n\u0103rului disp\u0103rut din Babadag, g\u0103sit \u00een p\u0103dure<\/span><\/nav>\n<div class=\"entry-header\"><span class=\"post-cat-wrap\"><a class=\"post-cat tie-cat-35\" href=\"https:\/\/infotulcea.ro\/categorie\/comunicate\/\">Comunicate<\/a><\/span><\/p>\n<h1 class=\"post-title entry-title\">\n\t\t\tTrupul t\u00e2n\u0103rului disp\u0103rut din Babadag, g\u0103sit \u00een p\u0103dure\t\t<\/h1>\n<div class=\"single-post-meta post-meta clearfix\"><span class=\"author-meta single-author no-avatars\"><span class=\"meta-item meta-author-wrapper meta-author-9\"><span class=\"meta-author\"><a href=\"https:\/\/infotulcea.ro\/author\/redactia-2\/\" class=\"author-name tie-icon\" title=\"Redactia\">Redactia<\/a><\/span><\/span><\/span><span class=\"date meta-item tie-icon\">25 iulie 2026<\/span><\/p>\n<div class=\"tie-alignright\"><span class=\"meta-comment tie-icon meta-item fa-before\">0<\/span><span class=\"meta-views meta-item \"> 367 <\/span><span class=\"meta-reading-time meta-item\"> 1 minute read<\/span><\/div>\n<\/div>\n<\/div>\n<\/header>\n<div class=\"entry-content entry clearfix\">\n<p class=\"isSelectedEnd\"><strong>T\u00e2n\u0103rul \u00een v\u00e2rst\u0103 de 26 de ani, dat disp\u0103rut \u00een urm\u0103 cu c\u00e2teva zile, a fost g\u0103sit decedat \u00eentr-o zon\u0103 \u00eemp\u0103durit\u0103 din apropierea ora\u0219ului Babadag.<\/strong><\/p>\n<p class=\"isSelectedEnd\">Potrivit Inspectoratului de Poli\u021bie Jude\u021bean Tulcea, vineri, 24 iulie 2026, poli\u021bi\u0219tii au continuat activit\u0103\u021bile de c\u0103utare demarate dup\u0103 ce, \u00een data de 21 iulie 2026, a fost sesizat\u0103 dispari\u021bia b\u0103rbatului.<\/p>\n<p class=\"isSelectedEnd\">\u00cen urma verific\u0103rilor efectuate \u00eentr-o zon\u0103 greu accesibil\u0103, acoperit\u0103 de vegeta\u021bie abundent\u0103, oamenii legii au identificat trupul ne\u00eensufle\u021bit al acestuia.<\/p>\n<p class=\"isSelectedEnd\">Cadavrul a fost transportat la Serviciul de Medicin\u0103 Legal\u0103 Tulcea, unde va fi efectuat\u0103 necropsia pentru stabilirea cu exactitate a cauzei decesului.<\/p>\n<p>Poli\u021bi\u0219tii au \u00eentocmit un dosar penal pentru ucidere din culp\u0103, iar cercet\u0103rile continu\u0103 sub supravegherea procurorului de caz, \u00een vederea stabilirii tuturor \u00eemprejur\u0103rilor \u00een care s-a produs decesul.<\/p>\n<\/div>\n<div id=\"post-extra-info\">\n<div class=\"theiaStickySidebar\">\n<div class=\"single-post-meta post-meta clearfix\"><span class=\"author-meta single-author no-avatars\"><span class=\"meta-item meta-author-wrapper meta-author-9\"><span class=\"meta-author\"><a href=\"https:\/\/infotulcea.ro\/author\/redactia-2\/\" class=\"author-name tie-icon\" title=\"Redactia\">Redactia<\/a><\/span><\/span><\/span><span class=\"date meta-item tie-icon\">25 iulie 2026<\/span><\/p>\n<div class=\"tie-alignright\"><span class=\"meta-comment tie-icon meta-item fa-before\">0<\/span><span class=\"meta-views meta-item \"> 367 <\/span><span class=\"meta-reading-time meta-item\"> 1 minute read<\/span><\/div>\n<\/div>\n<\/div>\n<\/div>\n<div id=\"share-buttons-bottom\" class=\"share-buttons share-buttons-bottom\">\n<div class=\"share-links  icons-only\">\n<div class=\"share-title\"><span> Share<\/span><\/div>\n<p><a href=\"https:\/\/www.facebook.com\/sharer.php?u=https:\/\/infotulcea.ro\/trupul-tanarului-disparut-din-babadag-gasit-in-padure\/\" rel=\"external noopener nofollow\" title=\"Facebook\" target=\"_blank\" class=\"facebook-share-btn \" data-raw=\"https:\/\/www.facebook.com\/sharer.php?u={post_link}\"><span class=\"screen-reader-text\">Facebook<\/span><\/a><a href=\"https:\/\/twitter.com\/intent\/tweet?text=Trupul%20t%C3%A2n%C4%83rului%20disp%C4%83rut%20din%20Babadag%2C%20g%C4%83sit%20%C3%AEn%20p%C4%83dure&amp;url=https:\/\/infotulcea.ro\/trupul-tanarului-disparut-din-babadag-gasit-in-padure\/\" rel=\"external noopener nofollow\" title=\"X\" target=\"_blank\" class=\"twitter-share-btn \" data-raw=\"https:\/\/twitter.com\/intent\/tweet?text={post_title}&amp;url={post_link}\"><span class=\"screen-reader-text\">X<\/span><\/a><a href=\"https:\/\/api.whatsapp.com\/send?text=Trupul%20t%C3%A2n%C4%83rului%20disp%C4%83rut%20din%20Babadag%2C%20g%C4%83sit%20%C3%AEn%20p%C4%83dure%20https:\/\/infotulcea.ro\/trupul-tanarului-disparut-din-babadag-gasit-in-padure\/\" rel=\"external noopener nofollow\" title=\"WhatsApp\" target=\"_blank\" class=\"whatsapp-share-btn \" data-raw=\"https:\/\/api.whatsapp.com\/send?text={post_title}%20{post_link}\"><span class=\"screen-reader-text\">WhatsApp<\/span><\/a><a href=\"https:\/\/telegram.me\/share\/url?url=https:\/\/infotulcea.ro\/trupul-tanarului-disparut-din-babadag-gasit-in-padure\/&amp;text=Trupul%20t%C3%A2n%C4%83rului%20disp%C4%83rut%20din%20Babadag%2C%20g%C4%83sit%20%C3%AEn%20p%C4%83dure\" rel=\"external noopener nofollow\" title=\"Telegram\" target=\"_blank\" class=\"telegram-share-btn \" data-raw=\"https:\/\/telegram.me\/share\/url?url={post_link}&amp;text={post_title}\"><span class=\"screen-reader-text\">Telegram<\/span><\/a><a href=\"mailto:?subject=Trupul%20t%C3%A2n%C4%83rului%20disp%C4%83rut%20din%20Babadag%2C%20g%C4%83sit%20%C3%AEn%20p%C4%83dure&amp;body=https:\/\/infotulcea.ro\/trupul-tanarului-disparut-din-babadag-gasit-in-padure\/\" rel=\"external noopener nofollow\" title=\"Share via Email\" target=\"_blank\" class=\"email-share-btn \" data-raw=\"mailto:?subject={post_title}&amp;body={post_link}\"><span class=\"screen-reader-text\">Share via Email<\/span><\/a><a href=\"https:\/\/infotulcea.ro\/trupul-tanarului-disparut-din-babadag-gasit-in-padure\/\" rel=\"external noopener nofollow\" title=\"Print\" target=\"_blank\" class=\"print-share-btn \" data-raw=\"#\"><span class=\"screen-reader-text\">Print<\/span><\/a><\/div>\n<\/div>\n<\/article>\n<div class=\"post-components\">\n<div id=\"related-posts\" class=\"container-wrapper has-extra-post\">\n<div class=\"mag-box-title the-global-title\">\n<h3>Related Articles<\/h3>\n<\/div>\n<div class=\"related-posts-list\">\n<div class=\"related-item tie-standard\"><a aria-label=\"S-au decontat concediile medicale p\u00e2n\u0103 la 28 ianuarie 2025!\" href=\"https:\/\/infotulcea.ro\/s-au-decontat-concediile-medicale-pana-la-28-ianuarie-2025\/\" class=\"post-thumb\"><source type=\"image\/webp\" data-srcset=\"https:\/\/infotulcea.ro\/wp-content\/uploads\/2025\/10\/decont-concedii-medicale-390x220.jpg.webp\" \/><\/a><\/p>\n<h3 class=\"post-title\"><a href=\"https:\/\/infotulcea.ro\/s-au-decontat-concediile-medicale-pana-la-28-ianuarie-2025\/\">S-au decontat concediile medicale p\u00e2n\u0103 la 28 ianuarie 2025!<\/a><\/h3>\n<div class=\"post-meta clearfix\"><span class=\"date meta-item tie-icon\">31 octombrie 2025<\/span><\/div>\n<\/div>\n<div class=\"related-item tie-standard\"><a aria-label=\"Criteriile pentru declararea inactivit\u0103\u021bii fiscale au r\u0103mas neschimbate \u00een privin\u021ba mandatului administratorilor\" href=\"https:\/\/infotulcea.ro\/criteriile-pentru-declararea-inactivitatii-fiscale-au-ramas-neschimbate-in-privinta-mandatului-administratorilor\/\" class=\"post-thumb\"><source type=\"image\/webp\" data-srcset=\"https:\/\/infotulcea.ro\/wp-content\/uploads\/2023\/03\/anafu-390x220.jpg.webp\" \/><img loading=\"lazy\" decoding=\"async\" width=\"390\" height=\"220\" src=\"https:\/\/infotulcea.ro\/wp-content\/uploads\/2023\/03\/anafu-390x220.jpg\" class=\"attachment-jannah-image-large size-jannah-image-large wp-post-image\" alt><\/a><\/p>\n<h3 class=\"post-title\"><a href=\"https:\/\/infotulcea.ro\/criteriile-pentru-declararea-inactivitatii-fiscale-au-ramas-neschimbate-in-privinta-mandatului-administratorilor\/\">Criteriile pentru declararea inactivit\u0103\u021bii fiscale au r\u0103mas neschimbate \u00een privin\u021ba mandatului administratorilor<\/a><\/h3>\n<div class=\"post-meta clearfix\"><span class=\"date meta-item tie-icon\">12 februarie 2026<\/span><\/div>\n<\/div>\n<div class=\"related-item tie-standard\"><a aria-label=\"L-a\u021bi v\u0103zut ?\" href=\"https:\/\/infotulcea.ro\/l-ati-vazut-2\/\" class=\"post-thumb\"><source type=\"image\/webp\" data-srcset=\"https:\/\/infotulcea.ro\/wp-content\/uploads\/2026\/07\/ipj-1-2-390x220.jpeg.webp\" \/><img loading=\"lazy\" decoding=\"async\" width=\"390\" height=\"220\" src=\"https:\/\/infotulcea.ro\/wp-content\/uploads\/2026\/07\/ipj-1-2-390x220.jpeg\" class=\"attachment-jannah-image-large size-jannah-image-large wp-post-image\" alt><\/a><\/p>\n<h3 class=\"post-title\"><a href=\"https:\/\/infotulcea.ro\/l-ati-vazut-2\/\">L-a\u021bi v\u0103zut ?<\/a><\/h3>\n<div class=\"post-meta clearfix\"><span class=\"date meta-item tie-icon\">19 iulie 2026<\/span><\/div>\n<\/div>\n<div class=\"related-item tie-standard\"><a aria-label=\"Poli\u021bia avertizeaz\u0103: Aten\u021bie la ho\u021bii de buzunare!\" href=\"https:\/\/infotulcea.ro\/politia-avertizeaza-atentie-la-hotii-de-buzunare\/\" class=\"post-thumb\"><source type=\"image\/webp\" data-srcset=\"https:\/\/infotulcea.ro\/wp-content\/uploads\/2023\/04\/scoala-hoti-buzunare-mahalaua-vitan-390x220.jpg.webp\" \/><img loading=\"lazy\" decoding=\"async\" width=\"390\" height=\"220\" src=\"https:\/\/infotulcea.ro\/wp-content\/uploads\/2023\/04\/scoala-hoti-buzunare-mahalaua-vitan-390x220.jpg\" class=\"attachment-jannah-image-large size-jannah-image-large wp-post-image\" alt><\/a><\/p>\n<h3 class=\"post-title\"><a href=\"https:\/\/infotulcea.ro\/politia-avertizeaza-atentie-la-hotii-de-buzunare\/\">Poli\u021bia avertizeaz\u0103: Aten\u021bie la ho\u021bii de buzunare!<\/a><\/h3>\n<div class=\"post-meta clearfix\"><span class=\"date meta-item tie-icon\">13 aprilie 2023<\/span><\/div>\n<\/div>\n<\/div>\n<\/div>\n<div id=\"comments\" class=\"comments-area\">\n<div id=\"add-comment-block\" class=\"container-wrapper\">\n<div id=\"respond\" class=\"comment-respond\">\n<h3 id=\"reply-title\" class=\"comment-reply-title the-global-title\">Las\u0103 un r\u0103spuns <small><a rel=\"nofollow\" id=\"cancel-comment-reply-link\" href=\"https:\/\/infotulcea.ro\/trupul-tanarului-disparut-din-babadag-gasit-in-padure\/#respond\">Anuleaz\u0103 r\u0103spunsul<\/a><\/small><\/h3>\n<p class=\"comment-notes\"><span id=\"email-notes\">Adresa ta de email nu va fi publicat\u0103.<\/span><span class=\"required-field-message\">C\u00e2mpurile obligatorii sunt marcate cu <span class=\"required\">*<\/span><\/span><\/p>\n<\/div>\n<\/div>\n<\/div>\n<\/div>\n<\/div>\n<div id=\"check-also-box\" class=\"container-wrapper check-also-right\">\n<div class=\"widget-title the-global-title\">\n<div class=\"the-subtitle\">Check Also<\/div>\n<p><a href=\"https:\/\/infotulcea.ro\/trupul-tanarului-disparut-din-babadag-gasit-in-padure\/\" id=\"check-also-close\" class=\"remove\"><span class=\"screen-reader-text\">Close<\/span><\/a><\/div>\n<div class=\"widget posts-list-big-first has-first-big-post\">\n<ul class=\"posts-list-items\">\n<li class=\"widget-single-post-item widget-post-list tie-standard\">\n<div class=\"post-widget-thumbnail\"><a aria-label=\"Incendiu de vegeta\u021bie uscat\u0103 l\u00e2ng\u0103 o caban\u0103 v\u00e2n\u0103toreasc\u0103!\" href=\"https:\/\/infotulcea.ro\/incendiu-de-vegetatie-uscata-langa-o-cabana-vanatoreasca\/\" class=\"post-thumb\"><span class=\"post-cat-wrap\"><span class=\"post-cat tie-cat-35\">Comunicate<\/span><\/span><source type=\"image\/webp\" data-srcset=\"https:\/\/infotulcea.ro\/wp-content\/uploads\/2023\/11\/IMG-20231113-WA0014-390x220.jpg.webp\" \/><img loading=\"lazy\" decoding=\"async\" width=\"390\" height=\"220\" src=\"https:\/\/infotulcea.ro\/wp-content\/uploads\/2023\/11\/IMG-20231113-WA0014-390x220.jpg\" class=\"attachment-jannah-image-large size-jannah-image-large wp-post-image\" alt><\/a><\/div>\n<div class=\"post-widget-body \"><a class=\"post-title the-subtitle\" href=\"https:\/\/infotulcea.ro\/incendiu-de-vegetatie-uscata-langa-o-cabana-vanatoreasca\/\">Incendiu de vegeta\u021bie uscat\u0103 l\u00e2ng\u0103 o caban\u0103 v\u00e2n\u0103toreasc\u0103!<\/a><\/p>\n<div class=\"post-meta\"><span class=\"date meta-item tie-icon\">13 noiembrie 2023<\/span><\/div>\n<\/div>\n<\/li>\n<\/ul>\n<\/div>\n<\/div>\n<aside class=\"sidebar tie-col-md-4 tie-col-xs-12 normal-side is-sticky\" aria-label=\"Primary Sidebar\">\n<div class=\"theiaStickySidebar\">\n<div id=\"media_image-19\" class=\"container-wrapper widget widget_media_image\"><a href=\"https:\/\/infotulcea.ro\/delta-dunarii-mai-accesibila-navrom-delta-creste-numarul-curselor-regulate-de-la-1-mai-2025\/\"><source sizes=\"(max-width: 500px) 100vw, 500px\" type=\"image\/webp\" data-srcset=\"https:\/\/infotulcea.ro\/wp-content\/uploads\/2025\/04\/navrom-delta-500x271.jpg.webp 500w, https:\/\/infotulcea.ro\/wp-content\/uploads\/2025\/04\/navrom-delta-1024x555.jpg.webp 1024w, https:\/\/infotulcea.ro\/wp-content\/uploads\/2025\/04\/navrom-delta-768x416.jpg.webp 768w, https:\/\/infotulcea.ro\/wp-content\/uploads\/2025\/04\/navrom-delta.jpg.webp 1080w\" \/><img loading=\"lazy\" decoding=\"async\" width=\"500\" height=\"271\" src=\"https:\/\/infotulcea.ro\/wp-content\/uploads\/2025\/04\/navrom-delta-500x271.jpg\" class=\"image wp-image-34487  attachment-medium size-medium\" alt><\/a><\/div>\n<div id=\"media_image-17\" class=\"container-wrapper widget widget_media_image\"><a href=\"https:\/\/www.facebook.com\/share\/p\/1DGAD1tLWN\/?mibextid=wwXIfr\" target=\"_blank\"><source sizes=\"(max-width: 500px) 100vw, 500px\" type=\"image\/webp\" data-srcset=\"https:\/\/infotulcea.ro\/wp-content\/uploads\/2026\/01\/IMG_1563-500x500.jpeg.webp 500w, https:\/\/infotulcea.ro\/wp-content\/uploads\/2026\/01\/IMG_1563-1024x1024.jpeg.webp 1024w, https:\/\/infotulcea.ro\/wp-content\/uploads\/2026\/01\/IMG_1563-250x250.jpeg.webp 250w, https:\/\/infotulcea.ro\/wp-content\/uploads\/2026\/01\/IMG_1563-768x768.jpeg.webp 768w, https:\/\/infotulcea.ro\/wp-content\/uploads\/2026\/01\/IMG_1563.jpeg.webp 1080w\" \/><img loading=\"lazy\" decoding=\"async\" width=\"500\" height=\"500\" src=\"https:\/\/infotulcea.ro\/wp-content\/uploads\/2026\/01\/IMG_1563-500x500.jpeg\" class=\"image wp-image-37932  attachment-medium size-medium\" alt title=\"Centrale pe lemne\"><\/a><\/div>\n<div id=\"media_image-18\" class=\"container-wrapper widget widget_media_image\"><a href=\"https:\/\/www.licitatia.ro\/site\/index-guest\"><img loading=\"lazy\" decoding=\"async\" width=\"500\" height=\"262\" src=\"https:\/\/infotulcea.ro\/wp-content\/uploads\/2025\/09\/licitatia-500x262.png\" class=\"image wp-image-36670  attachment-medium size-medium lazyload\" alt><img loading=\"lazy\" decoding=\"async\" width=\"500\" height=\"262\" src=\"https:\/\/infotulcea.ro\/wp-content\/uploads\/2025\/09\/licitatia-500x262.png\" class=\"image wp-image-36670  attachment-medium size-medium\" alt><\/a><\/div>\n<div id=\"media_image-27\" class=\"container-wrapper widget widget_media_image\"><a href=\"https:\/\/www.centrale-lemne-liepsnele.ro\/\"><img loading=\"lazy\" decoding=\"async\" width=\"500\" height=\"500\" src=\"https:\/\/infotulcea.ro\/wp-content\/uploads\/2025\/09\/Centrale-pe-Lemne-Liepsnele-500x500.png\" class=\"image wp-image-36541  attachment-medium size-medium lazyload\" alt=\"Centrala pe lemne\"><img loading=\"lazy\" decoding=\"async\" width=\"500\" height=\"500\" src=\"https:\/\/infotulcea.ro\/wp-content\/uploads\/2025\/09\/Centrale-pe-Lemne-Liepsnele-500x500.png\" class=\"image wp-image-36541  attachment-medium size-medium\" alt=\"Centrala pe lemne\"><\/a><\/div>\n<div id=\"media_image-28\" class=\"container-wrapper widget widget_media_image\"><a href=\"https:\/\/infotulcea.ro\/angajeaza-te-ro-platforma-ta-online-de-angajari-si-forta-de-munca\/\"><source sizes=\"(max-width: 500px) 100vw, 500px\" type=\"image\/webp\" data-srcset=\"https:\/\/infotulcea.ro\/wp-content\/uploads\/2025\/04\/banner-angajazate-1-500x305.jpg.webp 500w, https:\/\/infotulcea.ro\/wp-content\/uploads\/2025\/04\/banner-angajazate-1-1024x625.jpg.webp 1024w, https:\/\/infotulcea.ro\/wp-content\/uploads\/2025\/04\/banner-angajazate-1-768x469.jpg.webp 768w, https:\/\/infotulcea.ro\/wp-content\/uploads\/2025\/04\/banner-angajazate-1.jpg.webp 1080w\" \/><img loading=\"lazy\" decoding=\"async\" width=\"500\" height=\"305\" src=\"https:\/\/infotulcea.ro\/wp-content\/uploads\/2025\/04\/banner-angajazate-1-500x305.jpg\" class=\"image wp-image-34317  attachment-medium size-medium\" alt><\/a><\/div>\n<\/div>\n<\/aside>\n<\/div>\n<\/div>\n<div class=\"entry-content entry clearfix\">\n<p class=\"isSelectedEnd\"><strong>T\u00e2n\u0103rul \u00een v\u00e2rst\u0103 de 26 de ani, dat disp\u0103rut \u00een urm\u0103 cu c\u00e2teva zile, a fost g\u0103sit decedat \u00eentr-o zon\u0103 \u00eemp\u0103durit\u0103 din apropierea ora\u0219ului Babadag.<\/strong><\/p>\n<p class=\"isSelectedEnd\">Potrivit Inspectoratului de Poli\u021bie Jude\u021bean Tulcea, vineri, 24 iulie 2026, poli\u021bi\u0219tii au continuat activit\u0103\u021bile de c\u0103utare demarate dup\u0103 ce, \u00een data de 21 iulie 2026, a fost sesizat\u0103 dispari\u021bia b\u0103rbatului.<\/p>\n<p class=\"isSelectedEnd\">\u00cen urma verific\u0103rilor efectuate \u00eentr-o zon\u0103 greu accesibil\u0103, acoperit\u0103 de vegeta\u021bie abundent\u0103, oamenii legii au identificat trupul ne\u00eensufle\u021bit al acestuia.<\/p>\n<p class=\"isSelectedEnd\">Cadavrul a fost transportat la Serviciul de Medicin\u0103 Legal\u0103 Tulcea, unde va fi efectuat\u0103 necropsia pentru stabilirea cu exactitate a cauzei decesului.<\/p>\n<p>Poli\u021bi\u0219tii au \u00eentocmit un dosar penal pentru ucidere din culp\u0103, iar cercet\u0103rile continu\u0103 sub supravegherea procurorului de caz, \u00een vederea stabilirii tuturor \u00eemprejur\u0103rilor \u00een care s-a produs decesul.<\/p>\n<\/div>\n<div class=\"articleBody\" data-key=\"articleBody\">T\u00e2n\u0103rul \u00een v\u00e2rst\u0103 de 26 de ani, dat disp\u0103rut \u00een urm\u0103 cu c\u00e2teva zile, a fost g\u0103sit decedat \u00eentr-o zon\u0103 \u00eemp\u0103durit\u0103 din apropierea ora\u0219ului Babadag.<br \/>\nPotrivit Inspectoratului de Poli\u021bie Jude\u021bean Tulcea, vineri, 24 iulie 2026, poli\u021bi\u0219tii au continuat activit\u0103\u021bile de c\u0103utare demarate dup\u0103 ce, \u00een data de 21 iulie 2026, a fost sesizat\u0103 dispari\u021bia b\u0103rbatului.<br \/>\n\u00cen urma verific\u0103rilor efectuate \u00eentr-o zon\u0103 greu accesibil\u0103, acoperit\u0103 de vegeta\u021bie abundent\u0103, oamenii legii au identificat trupul ne\u00eensufle\u021bit al acestuia.<br \/>\nCadavrul a fost transportat la Serviciul de Medicin\u0103 Legal\u0103 Tulcea, unde va fi efectuat\u0103 necropsia pentru stabilirea cu exactitate a cauzei decesului.<br \/>\nPoli\u021bi\u0219tii au \u00eentocmit un dosar penal pentru ucidere din culp\u0103, iar cercet\u0103rile continu\u0103 sub supravegherea procurorului de caz, \u00een vederea stabilirii tuturor \u00eemprejur\u0103rilor \u00een care s-a produs decesul.<\/div>\n<p>[analyse_source url=&#8221;https:\/\/infotulcea.ro\/trupul-tanarului-disparut-din-babadag-gasit-in-padure\/&#8221;]<\/p>\n","protected":false},"excerpt":{"rendered":"<p>[analyse_image type=&#8221;featured&#8221; src=&#8221;https:\/\/infotulcea.ro\/wp-content\/uploads\/2021\/11\/bulina.png&#8221;] Home\/Comunicate\/Trupul t\u00e2n\u0103rului disp\u0103rut din Babadag, g\u0103sit \u00een p\u0103dure Comunicate Trupul t\u00e2n\u0103rului disp\u0103rut din Babadag, g\u0103sit \u00een p\u0103dure Redactia25 iulie 2026 0 367 1 minute read T\u00e2n\u0103rul \u00een v\u00e2rst\u0103 de 26 de ani, dat disp\u0103rut \u00een urm\u0103 cu c\u00e2teva zile, a fost g\u0103sit decedat \u00eentr-o zon\u0103 \u00eemp\u0103durit\u0103 din apropierea ora\u0219ului Babadag. Potrivit Inspectoratului [&hellip;]<\/p>\n","protected":false},"author":1,"featured_media":0,"comment_status":"open","ping_status":"","sticky":false,"template":"","format":"standard","meta":{"footnotes":""},"categories":[89],"tags":[226,221],"class_list":["post-2064563","post","type-post","status-publish","format-standard","hentry","category-romania","tag-crawlmanager","tag-infotulcea-ro"],"_links":{"self":[{"href":"https:\/\/analyse.optim.biz\/index.php?rest_route=\/wp\/v2\/posts\/2064563","targetHints":{"allow":["GET"]}}],"collection":[{"href":"https:\/\/analyse.optim.biz\/index.php?rest_route=\/wp\/v2\/posts"}],"about":[{"href":"https:\/\/analyse.optim.biz\/index.php?rest_route=\/wp\/v2\/types\/post"}],"author":[{"embeddable":true,"href":"https:\/\/analyse.optim.biz\/index.php?rest_route=\/wp\/v2\/users\/1"}],"replies":[{"embeddable":true,"href":"https:\/\/analyse.optim.biz\/index.php?rest_route=%2Fwp%2Fv2%2Fcomments&post=2064563"}],"version-history":[{"count":0,"href":"https:\/\/analyse.optim.biz\/index.php?rest_route=\/wp\/v2\/posts\/2064563\/revisions"}],"wp:attachment":[{"href":"https:\/\/analyse.optim.biz\/index.php?rest_route=%2Fwp%2Fv2%2Fmedia&parent=2064563"}],"wp:term":[{"taxonomy":"category","embeddable":true,"href":"https:\/\/analyse.optim.biz\/index.php?rest_route=%2Fwp%2Fv2%2Fcategories&post=2064563"},{"taxonomy":"post_tag","embeddable":true,"href":"https:\/\/analyse.optim.biz\/index.php?rest_route=%2Fwp%2Fv2%2Ftags&post=2064563"}],"curies":[{"name":"wp","href":"https:\/\/api.w.org\/{rel}","templated":true}]}}