{"id":2064554,"date":"2026-07-27T13:36:54","date_gmt":"2026-07-27T10:36:54","guid":{"rendered":"https:\/\/analyse.optim.biz\/?p=2064554"},"modified":"2026-07-27T13:36:54","modified_gmt":"2026-07-27T10:36:54","slug":"greva-din-sanatate-amina-evenimentul-dedicat-zilei-mondiale-de-lupta-impotriva-hepatitelor-virale-care-trebuia-sa-aiba-loc-la-spitalul-vechi","status":"publish","type":"post","link":"https:\/\/analyse.optim.biz\/?p=2064554","title":{"rendered":"Greva din s\u0103n\u0103tate am\u00een\u0103 evenimentul dedicat Zilei Mondiale de Lupt\u0103 \u00eempotriva Hepatitelor Virale, care trebuia s\u0103 aib\u0103 loc la Spitalul Vechi"},"content":{"rendered":"<p>[analyse_image type=&#8221;featured&#8221; src=&#8221;https:\/\/www.radiotop.ro\/img\/media\/2023\/05\/spital-vechi-steaguri.jpg&#8221;]<\/p>\n<div class=\"entry-content no-share\">\n<div class=\"content-inner \">\n<p>Ca urmare a grevei generale anun\u021bate pentru data de 28 iulie 2026 \u00een sistemul sanitar, evenimentul dedicat Zilei Mondiale de Lupt\u0103 \u00eempotriva Hepatitelor Virale, programat \u00een accea\u0219i zi, a fost am\u00eenat. Evenimentul ar fi trebuit s\u0103 aib\u0103 loc cu \u00eencepere de la ora 11.00 \u00een curtea Spitalului Vechi, la Pavilionul de Boli Infec\u021bioase.<\/p>\n<p>Purt\u0103torul de cuv\u00eent al Spitalului Clinic Jude\u021bean Suceava, dr. Tiberiu Br\u0103d\u0103\u021ban, a mai spus c\u0103 manifestarea a fost reprogramat\u0103 pentru 4 august 2026, \u00eencep\u00eend cu ora 11.00, \u00een acela\u0219i loc.<\/p>\n<p>Pentru a marca Ziua Mondial\u0103 de Lupt\u0103 \u00eempotriva Hepatitelor Virale va fi prezentat\u0103 o expozi\u021bie de fotografii realizate de Ilker Sam Da\u011fli \u0219i Casandra Burz-P\u00eenzaru-Da\u011fli, \u0219i de lucr\u0103ri de grafic\u0103 semnate de Mihai P\u00eenzaru-PIM. Lucr\u0103rile vor fi oferite spitalului.<\/p>\n<\/div>\n<\/div>\n<div class=\"content-inner \">\n<p>Ca urmare a grevei generale anun\u021bate pentru data de 28 iulie 2026 \u00een sistemul sanitar, evenimentul dedicat Zilei Mondiale de Lupt\u0103 \u00eempotriva Hepatitelor Virale, programat \u00een accea\u0219i zi, a fost am\u00eenat. Evenimentul ar fi trebuit s\u0103 aib\u0103 loc cu \u00eencepere de la ora 11.00 \u00een curtea Spitalului Vechi, la Pavilionul de Boli Infec\u021bioase.<\/p>\n<p>Purt\u0103torul de cuv\u00eent al Spitalului Clinic Jude\u021bean Suceava, dr. Tiberiu Br\u0103d\u0103\u021ban, a mai spus c\u0103 manifestarea a fost reprogramat\u0103 pentru 4 august 2026, \u00eencep\u00eend cu ora 11.00, \u00een acela\u0219i loc.<\/p>\n<p>Pentru a marca Ziua Mondial\u0103 de Lupt\u0103 \u00eempotriva Hepatitelor Virale va fi prezentat\u0103 o expozi\u021bie de fotografii realizate de Ilker Sam Da\u011fli \u0219i Casandra Burz-P\u00eenzaru-Da\u011fli, \u0219i de lucr\u0103ri de grafic\u0103 semnate de Mihai P\u00eenzaru-PIM. Lucr\u0103rile vor fi oferite spitalului.<\/p>\n<\/div>\n<p>[analyse_source url=&#8221;https:\/\/www.radiotop.ro\/actualitate\/greva-din-sanatate-amina-evenimentul-dedicat-zilei-mondiale-de-lupta-impotriva-hepatitelor-virale-care-trebuia-sa-aiba-loc-la-spitalul-vechi.html&#8221;]<\/p>\n","protected":false},"excerpt":{"rendered":"<p>[analyse_image type=&#8221;featured&#8221; src=&#8221;https:\/\/www.radiotop.ro\/img\/media\/2023\/05\/spital-vechi-steaguri.jpg&#8221;] Ca urmare a grevei generale anun\u021bate pentru data de 28 iulie 2026 \u00een sistemul sanitar, evenimentul dedicat Zilei Mondiale de Lupt\u0103 \u00eempotriva Hepatitelor Virale, programat \u00een accea\u0219i zi, a fost am\u00eenat. Evenimentul ar fi trebuit s\u0103 aib\u0103 loc cu \u00eencepere de la ora 11.00 \u00een curtea Spitalului Vechi, la Pavilionul de Boli [&hellip;]<\/p>\n","protected":false},"author":1,"featured_media":0,"comment_status":"open","ping_status":"","sticky":false,"template":"","format":"standard","meta":{"footnotes":""},"categories":[89],"tags":[226,163],"class_list":["post-2064554","post","type-post","status-publish","format-standard","hentry","category-romania","tag-crawlmanager","tag-radiotop-ro"],"_links":{"self":[{"href":"https:\/\/analyse.optim.biz\/index.php?rest_route=\/wp\/v2\/posts\/2064554","targetHints":{"allow":["GET"]}}],"collection":[{"href":"https:\/\/analyse.optim.biz\/index.php?rest_route=\/wp\/v2\/posts"}],"about":[{"href":"https:\/\/analyse.optim.biz\/index.php?rest_route=\/wp\/v2\/types\/post"}],"author":[{"embeddable":true,"href":"https:\/\/analyse.optim.biz\/index.php?rest_route=\/wp\/v2\/users\/1"}],"replies":[{"embeddable":true,"href":"https:\/\/analyse.optim.biz\/index.php?rest_route=%2Fwp%2Fv2%2Fcomments&post=2064554"}],"version-history":[{"count":0,"href":"https:\/\/analyse.optim.biz\/index.php?rest_route=\/wp\/v2\/posts\/2064554\/revisions"}],"wp:attachment":[{"href":"https:\/\/analyse.optim.biz\/index.php?rest_route=%2Fwp%2Fv2%2Fmedia&parent=2064554"}],"wp:term":[{"taxonomy":"category","embeddable":true,"href":"https:\/\/analyse.optim.biz\/index.php?rest_route=%2Fwp%2Fv2%2Fcategories&post=2064554"},{"taxonomy":"post_tag","embeddable":true,"href":"https:\/\/analyse.optim.biz\/index.php?rest_route=%2Fwp%2Fv2%2Ftags&post=2064554"}],"curies":[{"name":"wp","href":"https:\/\/api.w.org\/{rel}","templated":true}]}}