{"id":2064551,"date":"2026-07-27T09:10:05","date_gmt":"2026-07-27T06:10:05","guid":{"rendered":"https:\/\/analyse.optim.biz\/?p=2064551"},"modified":"2026-07-27T09:10:05","modified_gmt":"2026-07-27T06:10:05","slug":"psihologul-marius-saramet-traficul-este-unul-dintre-mediile-cu-cea-mai-mare-incarcatura-emotionala-presati-de-timp-expusi-permanent-la-stimuli-nu-mai-sint-luate-decizii-echilibrate-ci","status":"publish","type":"post","link":"https:\/\/analyse.optim.biz\/?p=2064551","title":{"rendered":"Psihologul Marius \u0218aramet: Traficul este unul dintre mediile cu cea mai mare \u00eenc\u0103rc\u0103tur\u0103 emo\u021bional\u0103. Presa\u021bi de timp, expu\u0219i permanent la stimuli (\u2026), nu mai s\u00eent luate decizii echilibrate, ci reac\u021bion\u0103m pur \u0219i simplu sub influen\u021ba furiei"},"content":{"rendered":"<p>[analyse_image type=&#8221;featured&#8221; src=&#8221;https:\/\/www.radiotop.ro\/img\/media\/2024\/04\/trafic-aglomerat-marasesti.jpg&#8221;]<\/p>\n<div class=\"entry-content no-share\">\n<div class=\"content-inner \">\n<p>Comportamentele agresive \u00een trafic s\u00eent tot mai frecvente, iar conflictele pornite de la situa\u021bii aparent minore pot escalada rapid. Cel mai recent caz grav de acest fel este cel al \u0219oferului care, pe 21 iulie, \u00een municipiul Suceava, a urm\u0103rit cu ma\u0219ina un copil de 14 ani aflat pe trotinet\u0103, l-a lovit inten\u021bionat \u0219i apoi l-a agresat. \u0218oferul \u00een v\u00eerst\u0103 de 51 de ani este arestat preventiv pentru 30 de zile, fiind cercetat pentru tentativ\u0103 de omor.<\/p>\n<p>\u00centr-o interven\u021bie telefonic\u0103 la Radio Top, psihologul Marius \u0218aramet, pre\u0219edintele Colegiului Psihologilor Suceava, a explicat c\u0103 astfel de reac\u021bii violente apar, de cele mai multe ori, pe fondul acumul\u0103rii mai multor factori.<\/p>\n<p>A declarat psihologul: \u201dDe cele mai multe ori, putem vorbi despre acumularea mai multor factori: oboseal\u0103, impulsivitate, dificult\u0103\u021bi \u00een reglarea emo\u021biilor, tendin\u021ba de a interpreta comportamentul celuilalt ca pe un atac personal. \u0218i, \u00een final, convingerea c\u0103 &lt;trebuie s\u0103 primeasc\u0103 o lec\u021bie&gt;\u201d.<\/p>\n<p>Potrivit acestuia, traficul este un mediu cu o \u00eenc\u0103rc\u0103tur\u0103 emo\u021bional\u0103 ridicat\u0103, \u00een care oamenii pot reac\u021biona impulsiv. A spus Marius \u0218aramet: \u201dTraficul este unul dintre mediile cu cea mai mare \u00eenc\u0103rc\u0103tur\u0103 emo\u021bional\u0103. Presa\u021bi de timp, expu\u0219i permanent la stimuli, creierul poate trece foarte rapid din zona ra\u021bional\u0103 \u00een zona de reac\u021bie instinctiv\u0103. Iar \u00een acel moment nu mai s\u00eent luate decizii echilibrate, ci reac\u021bion\u0103m pur \u0219i simplu sub influen\u021ba furiei\u201d.<\/p>\n<p>Referindu-se la cazul \u0219oferului arestat preventiv dup\u0103 ce a lovit inten\u021bionat \u0219i apoi a b\u0103tut un copil, psihologul a spus c\u0103, odat\u0103 declan\u0219at\u0103 furia, controlul reac\u021biei poate fi dificil pentru persoanele care nu au abilitatea de a-\u0219i regla emo\u021biile. A declarat domnul \u0218aramet: \u201dDincolo de ancheta penal\u0103 care apar\u021bine exclusiv autorit\u0103\u021bilor, repet, cred c\u0103 este foarte important s\u0103 vorbim despre ceea ce se petrece \u00een mintea oamenilor atunci c\u00eend ajung s\u0103 recurg\u0103 la astfel de situa\u021bii\u201d.<\/p>\n<\/div>\n<\/div>\n<div class=\"content-inner \">\n<p>Comportamentele agresive \u00een trafic s\u00eent tot mai frecvente, iar conflictele pornite de la situa\u021bii aparent minore pot escalada rapid. Cel mai recent caz grav de acest fel este cel al \u0219oferului care, pe 21 iulie, \u00een municipiul Suceava, a urm\u0103rit cu ma\u0219ina un copil de 14 ani aflat pe trotinet\u0103, l-a lovit inten\u021bionat \u0219i apoi l-a agresat. \u0218oferul \u00een v\u00eerst\u0103 de 51 de ani este arestat preventiv pentru 30 de zile, fiind cercetat pentru tentativ\u0103 de omor.<\/p>\n<p>\u00centr-o interven\u021bie telefonic\u0103 la Radio Top, psihologul Marius \u0218aramet, pre\u0219edintele Colegiului Psihologilor Suceava, a explicat c\u0103 astfel de reac\u021bii violente apar, de cele mai multe ori, pe fondul acumul\u0103rii mai multor factori.<\/p>\n<p>A declarat psihologul: \u201dDe cele mai multe ori, putem vorbi despre acumularea mai multor factori: oboseal\u0103, impulsivitate, dificult\u0103\u021bi \u00een reglarea emo\u021biilor, tendin\u021ba de a interpreta comportamentul celuilalt ca pe un atac personal. \u0218i, \u00een final, convingerea c\u0103 &lt;trebuie s\u0103 primeasc\u0103 o lec\u021bie&gt;\u201d.<\/p>\n<p>Potrivit acestuia, traficul este un mediu cu o \u00eenc\u0103rc\u0103tur\u0103 emo\u021bional\u0103 ridicat\u0103, \u00een care oamenii pot reac\u021biona impulsiv. A spus Marius \u0218aramet: \u201dTraficul este unul dintre mediile cu cea mai mare \u00eenc\u0103rc\u0103tur\u0103 emo\u021bional\u0103. Presa\u021bi de timp, expu\u0219i permanent la stimuli, creierul poate trece foarte rapid din zona ra\u021bional\u0103 \u00een zona de reac\u021bie instinctiv\u0103. Iar \u00een acel moment nu mai s\u00eent luate decizii echilibrate, ci reac\u021bion\u0103m pur \u0219i simplu sub influen\u021ba furiei\u201d.<\/p>\n<p>Referindu-se la cazul \u0219oferului arestat preventiv dup\u0103 ce a lovit inten\u021bionat \u0219i apoi a b\u0103tut un copil, psihologul a spus c\u0103, odat\u0103 declan\u0219at\u0103 furia, controlul reac\u021biei poate fi dificil pentru persoanele care nu au abilitatea de a-\u0219i regla emo\u021biile. A declarat domnul \u0218aramet: \u201dDincolo de ancheta penal\u0103 care apar\u021bine exclusiv autorit\u0103\u021bilor, repet, cred c\u0103 este foarte important s\u0103 vorbim despre ceea ce se petrece \u00een mintea oamenilor atunci c\u00eend ajung s\u0103 recurg\u0103 la astfel de situa\u021bii\u201d.<\/p>\n<\/div>\n<p>[analyse_source url=&#8221;https:\/\/www.radiotop.ro\/actualitate\/psihologul-marius-saramet-traficul-este-unul-dintre-mediile-cu-cea-mai-mare-incarcatura-emotionala-presati-de-timp-expusi-permanent-la-stimuli-nu-mai-sint-luate-decizii-echilibrate-ci.html&#8221;]<\/p>\n","protected":false},"excerpt":{"rendered":"<p>[analyse_image type=&#8221;featured&#8221; src=&#8221;https:\/\/www.radiotop.ro\/img\/media\/2024\/04\/trafic-aglomerat-marasesti.jpg&#8221;] Comportamentele agresive \u00een trafic s\u00eent tot mai frecvente, iar conflictele pornite de la situa\u021bii aparent minore pot escalada rapid. Cel mai recent caz grav de acest fel este cel al \u0219oferului care, pe 21 iulie, \u00een municipiul Suceava, a urm\u0103rit cu ma\u0219ina un copil de 14 ani aflat pe trotinet\u0103, l-a lovit [&hellip;]<\/p>\n","protected":false},"author":1,"featured_media":0,"comment_status":"open","ping_status":"","sticky":false,"template":"","format":"standard","meta":{"footnotes":""},"categories":[89],"tags":[226,163],"class_list":["post-2064551","post","type-post","status-publish","format-standard","hentry","category-romania","tag-crawlmanager","tag-radiotop-ro"],"_links":{"self":[{"href":"https:\/\/analyse.optim.biz\/index.php?rest_route=\/wp\/v2\/posts\/2064551","targetHints":{"allow":["GET"]}}],"collection":[{"href":"https:\/\/analyse.optim.biz\/index.php?rest_route=\/wp\/v2\/posts"}],"about":[{"href":"https:\/\/analyse.optim.biz\/index.php?rest_route=\/wp\/v2\/types\/post"}],"author":[{"embeddable":true,"href":"https:\/\/analyse.optim.biz\/index.php?rest_route=\/wp\/v2\/users\/1"}],"replies":[{"embeddable":true,"href":"https:\/\/analyse.optim.biz\/index.php?rest_route=%2Fwp%2Fv2%2Fcomments&post=2064551"}],"version-history":[{"count":0,"href":"https:\/\/analyse.optim.biz\/index.php?rest_route=\/wp\/v2\/posts\/2064551\/revisions"}],"wp:attachment":[{"href":"https:\/\/analyse.optim.biz\/index.php?rest_route=%2Fwp%2Fv2%2Fmedia&parent=2064551"}],"wp:term":[{"taxonomy":"category","embeddable":true,"href":"https:\/\/analyse.optim.biz\/index.php?rest_route=%2Fwp%2Fv2%2Fcategories&post=2064551"},{"taxonomy":"post_tag","embeddable":true,"href":"https:\/\/analyse.optim.biz\/index.php?rest_route=%2Fwp%2Fv2%2Ftags&post=2064551"}],"curies":[{"name":"wp","href":"https:\/\/api.w.org\/{rel}","templated":true}]}}